{"id":21972,"date":"2023-01-06T20:20:41","date_gmt":"2023-01-06T19:20:41","guid":{"rendered":"https:\/\/www.other-news.info\/noticias\/?p=21972"},"modified":"2023-01-06T20:38:10","modified_gmt":"2023-01-06T19:38:10","slug":"se-intensifica-la-lucha-por-la-liberacion-del-sahara-occidental","status":"publish","type":"post","link":"https:\/\/www.other-news.info\/noticias\/se-intensifica-la-lucha-por-la-liberacion-del-sahara-occidental\/","title":{"rendered":"<strong>Se intensifica la lucha por la liberaci\u00f3n del S\u00e1hara Occidental<\/strong>"},"content":{"rendered":"\n<p class=\"wp-block-paragraph\"><strong><em>Por Pavan Kulkarni* &#8211; Peoples Dispatch<\/em><\/strong><\/p>\n\n\n\n<p class=\"wp-block-paragraph\">Los combates entre el Ej\u00e9rcito de Liberaci\u00f3n del Pueblo Saharaui y las fuerzas de ocupaci\u00f3n marroqu\u00edes se han intensificado en los \u00faltimos d\u00edas.<\/p>\n\n\n\n<p class=\"wp-block-paragraph\">Las fuerzas marroqu\u00edes que ocupan ilegalmente la Rep\u00fablica \u00c1rabe Saharaui Democr\u00e1tica (RASD), han sido objeto de repetidos bombardeos por parte del Ej\u00e9rcito de Liberaci\u00f3n Popular Saharaui (ELPS). Las fuerzas marroqu\u00edes ocupan actualmente m\u00e1s del 80% de la RASD, tambi\u00e9n conocida como S\u00e1hara Occidental, que sigue clasificada por la ONU entre los \u00faltimos pa\u00edses pendientes de descolonizaci\u00f3n.<\/p>\n\n\n\n<p class=\"wp-block-paragraph\">El viernes 30 de diciembre, seg\u00fan un comunicado del Ministerio de Defensa de la RASD, el SPLA \u201catac\u00f3 las trincheras de los soldados de ocupaci\u00f3n en varias zonas del sector de Mahbas\u201d. El SPLA bombarde\u00f3 el viernes, por tercer d\u00eda consecutivo, las posiciones de las fuerzas de ocupaci\u00f3n en esta regi\u00f3n, en el noroeste del territorio ocupado. Tambi\u00e9n se inform\u00f3 de ataques los d\u00edas 28 y 29 de diciembre, que infligieron \u201cgrandes p\u00e9rdidas en vidas y equipos a lo largo del muro de la humillaci\u00f3n y la verg\u00fcenza\u201d.<\/p>\n\n\n\n<p class=\"wp-block-paragraph\">Este muro, denominado \u201cberma\u201d, se extiende del noroeste al sureste, a lo largo del territorio de la RASD. Separa las zonas ocupadas por Marruecos en la costa del territorio interior que est\u00e1 bajo el control del Frente Polisario (FP), reconocido por la Asamblea General de la ONU como representante internacional del pueblo saharaui.<\/p>\n\n\n\n<p class=\"wp-block-paragraph\">Marruecos construy\u00f3 la berma en la d\u00e9cada de 1980, con la ayuda de las empresas estadounidenses Northrop y Westinghouse. Con 2.700 kil\u00f3metros de longitud, es una de las mayores infraestructuras militares del mundo, y el segundo muro m\u00e1s largo del planeta. Est\u00e1 reforzado con el campo de minas m\u00e1s largo del mundo, compuesto por siete millones de minas terrestres.<\/p>\n\n\n\n<p class=\"wp-block-paragraph\">El SPLA se ha enfrentado a las tropas de ocupaci\u00f3n a lo largo de la berma desde que la guerra por la liberaci\u00f3n de la RASD se reanud\u00f3 el 13 de noviembre de 2020, tras 29 a\u00f1os de alto el fuego. El alto el fuego se rompi\u00f3 despu\u00e9s de que las tropas marroqu\u00edes cruzaran la berma para desalojar por la fuerza a manifestantes saharauis desarmados y pac\u00edficos que bloqueaban una carretera ilegal marroqu\u00ed a Mauritania a trav\u00e9s de su territorio. Las tropas marroqu\u00edes cruzaron la zona tamp\u00f3n de Guergarat, patrullada por la ONU, a trav\u00e9s del extremo sudoriental de la RASD ocupada.<\/p>\n\n\n\n<p class=\"wp-block-paragraph\">El alto el fuego se hab\u00eda asegurado en agosto de 1991, despu\u00e9s de que el Consejo de Seguridad de la ONU estableciera la Misi\u00f3n de la ONU para el Refer\u00e9ndum del S\u00e1hara Occidental (MINURSO) con la promesa de hacer realidad el derecho del pueblo saharaui a la autodeterminaci\u00f3n. Sin embargo, con el respaldo de Estados Unidos, Reino Unido y la UE, Marruecos logr\u00f3 sabotear el refer\u00e9ndum prometido por la ONU, y la MINURSO qued\u00f3 reducida a una fuerza de mantenimiento de la paz.<\/p>\n\n\n\n<p class=\"wp-block-paragraph\">Para los saharauis bajo ocupaci\u00f3n, las casi tres d\u00e9cadas de alto el fuego suelen ser consideradas como a\u00f1os perdidos. Las fuerzas marroqu\u00edes continuaron \u201ccon su salvajismo y violencia\u201d, mientras que los saharauis \u201cse vieron obligados por la comunidad internacional a no esperar nada\u201d. No hab\u00eda guerra, ni paz, ni esperanza\u201d, declar\u00f3 Hamza Lakhal, poeta disidente de El Aai\u00fan, la ciudad m\u00e1s grande del territorio ocupado, a Peoples Dispatch.<\/p>\n\n\n\n<p class=\"wp-block-paragraph\">\u201cCuando empez\u00f3 la guerra, renov\u00f3 la esperanza de liberaci\u00f3n en el pueblo porque nuestros hermanos del otro lado de la berma hab\u00edan vuelto a tomar las armas para liberarnos de la ocupaci\u00f3n\u201d, afirm\u00f3. Con esta esperanza, el pueblo ha podido soportar las crecientes atrocidades a manos de las fuerzas de ocupaci\u00f3n desde la reanudaci\u00f3n de la guerra, explic\u00f3 Lakhal.<\/p>\n\n\n\n<p class=\"wp-block-paragraph\">Sin embargo, los intereses en juego en la guerra van mucho m\u00e1s all\u00e1 de las fronteras de Marruecos. Desde la reanudaci\u00f3n de los combates, la potencia ocupante ha recibido importantes muestras de apoyo de las potencias occidentales, lo que, seg\u00fan muchos, la ha envalentonado a\u00fan m\u00e1s.<\/p>\n\n\n\n<p class=\"wp-block-paragraph\">El 10 de diciembre de 2020, la administraci\u00f3n estadounidense de Donald Trump anunci\u00f3 que \u201cEstados Unidos reconoce la soberan\u00eda marroqu\u00ed sobre todo el territorio del S\u00e1hara Occidental.\u201d Argumentando que \u201cun Estado saharaui independiente no es una opci\u00f3n realista para resolver el conflicto,\u201d los EE.UU. declar\u00f3 que la autonom\u00eda bajo soberan\u00eda marroqu\u00ed es \u201cla \u00fanica base para una soluci\u00f3n justa y duradera a la disputa.\u201d<\/p>\n\n\n\n<p class=\"wp-block-paragraph\">La aprobaci\u00f3n que dio el gobierno estadounidense de la ocupaci\u00f3n marroqu\u00ed del S\u00e1hara Occidental se produjo a cambio de la normalizaci\u00f3n de sus relaciones diplom\u00e1ticas con Israel el mismo d\u00eda. Desde que Joe Biden asumi\u00f3 el cargo en enero de 2021, se ha reiterado el respaldo a la ocupaci\u00f3n marroqu\u00ed del S\u00e1hara Occidental.<\/p>\n\n\n\n<p class=\"wp-block-paragraph\">El antiguo colonizador del territorio, Espa\u00f1a, que hab\u00eda entregado el territorio del S\u00e1hara Occidental a las fuerzas invasoras marroqu\u00edes en 1975, en marzo de 2022 de nuevo desconoci\u00f3 la RASD y acept\u00f3 la reivindicaci\u00f3n marroqu\u00ed de soberan\u00eda sobre el territorio.<\/p>\n\n\n\n<p class=\"wp-block-paragraph\"><strong>El inter\u00e9s de la UE en la ocupaci\u00f3n<\/strong><\/p>\n\n\n\n<p class=\"wp-block-paragraph\">La Uni\u00f3n Europea (UE) expres\u00f3 su satisfacci\u00f3n inmediata por el anuncio de Espa\u00f1a. Las s\u00f3lidas relaciones bilaterales entre sus Estados miembros y Marruecos \u201cpueden ser bastante beneficiosas para la aplicaci\u00f3n de la asociaci\u00f3n euromarroqu\u00ed\u201d, explic\u00f3 el portavoz del jefe de la Pol\u00edtica Exterior de la UE, Josep Borrell, tras el anuncio.<\/p>\n\n\n\n<p class=\"wp-block-paragraph\">Esta asociaci\u00f3n, que se instaur\u00f3 con el establecimiento de una zona de libre comercio en 1996, garantiza que la UE siga siendo el principal socio comercial de Marruecos, con el 56% del comercio de mercanc\u00edas en 2019 y el 51% de las importaciones de Marruecos. La \u201casociaci\u00f3n de pesca sostenible\u201d, que permite a las empresas europeas pescar en aguas fuera de la UE, es una piedra angular de la asociaci\u00f3n. Curiosamente, m\u00e1s del 90% del pescado capturado por las flotas europeas en el marco de esta \u201casociaci\u00f3n euromarroqu\u00ed\u201d se extrae de las aguas de la RASD. Esto contin\u00faa a pesar de haber sido declarado ilegal en m\u00faltiples ocasiones desde 2018 por el Tribunal de Justicia de la Uni\u00f3n Europea (TJUE) que, reiterando la opini\u00f3n consultiva de 1975 de la Corte Internacional de Justicia (CIJ), concluy\u00f3 que Marruecos no ten\u00eda soberan\u00eda sobre el territorio de la RASD.<\/p>\n\n\n\n<p class=\"wp-block-paragraph\">El 40% de todas las importaciones europeas de fosfato proceden tambi\u00e9n de Marruecos, y se prev\u00e9 que esta cifra aumente a medida que Europa busque alternativas a los fertilizantes rusos en el contexto de la guerra en Ucrania. Al menos el 10% de los beneficios generados por OCP SA, minera estatal marroqu\u00ed de roca fosf\u00f3rica, fabricante de \u00e1cido fosf\u00f3rico y productor de fertilizantes, proceden del fosfato extra\u00eddo de la mina de Bau Craa, en territorio saharaui ocupado.<\/p>\n\n\n\n<p class=\"wp-block-paragraph\">\u201cNos dicen que este supuesto \u2018comercio\u2019 de nuestros recursos entre la UE y Marruecos tambi\u00e9n beneficia a nuestra econom\u00eda local. Es una gran mentira\u201d, afirm\u00f3 Lakhal. \u201cTodas esas decenas de millones que la UE ha estado pagando a cambio cada a\u00f1o van a parar a Marruecos. El dinero se utiliza para reforzar sus fuerzas de ocupaci\u00f3n\u201d, afirm\u00f3.<\/p>\n\n\n\n<p class=\"wp-block-paragraph\">\u201cLos polic\u00edas marroqu\u00edes superan en n\u00famero a todos los civiles saharauis bajo ocupaci\u00f3n. Incluyendo a todos los soldados y a los colonos que el r\u00e9gimen ha tra\u00eddo de Marruecos, nos superan en n\u00famero uno a tres.\u201d<\/p>\n\n\n\n<p class=\"wp-block-paragraph\">\u201cResistiremos a la ocupaci\u00f3n hasta la muerte; no tenemos nada que perder, ni siquiera nuestra patria\u201d.<\/p>\n\n\n\n<p class=\"wp-block-paragraph\">Lakhal afirm\u00f3 que la mayor\u00eda de los empleos de ingenier\u00eda o direcci\u00f3n en estas industrias extractivas van a parar a los colonos marroqu\u00edes, mientras que en general, los saharauis s\u00f3lo consiguen trabajos que implican trabajo f\u00edsico. \u201cIncluso estos empleos se quitan a los trabajadores saharauis si alguno de ellos es identificado como activista. No pueden encontrar ning\u00fan otro trabajo una vez que se les se\u00f1ala. Se ven obligados a depender de otros para sobrevivir o a pasar hambre\u201d, denunci\u00f3.<\/p>\n\n\n\n<p class=\"wp-block-paragraph\">\u201cA los estudiantes se les saca de las escuelas y universidades y se les niega la oportunidad de terminar sus estudios cuando se les identifica como activistas\u201d, a\u00f1adi\u00f3 Lakhal, que fue v\u00edctima de la expulsi\u00f3n de la universidad en 2002 por liderar una campa\u00f1a que exig\u00eda una universidad en los territorios ocupados. \u201cMe prohibieron seguir estudiando o tener un trabajo. S\u00f3lo con la ayuda de activistas pro-saharauis en el extranjero pude sobrevivir\u201d.<\/p>\n\n\n\n<p class=\"wp-block-paragraph\">Fue m\u00e1s de una d\u00e9cada despu\u00e9s, en 2015, despu\u00e9s de que su caso atrajera la atenci\u00f3n internacional tras la publicaci\u00f3n de su poes\u00eda, cuando por fin se le permiti\u00f3 viajar a Marruecos para completar su graduaci\u00f3n. \u201cTodav\u00eda no tenemos universidad en [nuestra tierra]. Los estudiantes tienen que ir a Marruecos para terminar su graduaci\u00f3n. A cualquiera que se considere activista se le niega esta oportunidad\u201d, afirm\u00f3, explicando c\u00f3mo se utiliza la educaci\u00f3n como palanca contra la causa de la liberaci\u00f3n saharaui.<\/p>\n\n\n\n<p class=\"wp-block-paragraph\">Quienes se niegan a ceder ante estos sistemas de control e intimidaci\u00f3n y consiguen organizar la resistencia son objeto de agresiones f\u00edsicas, agresiones sexuales y tortura. Sin embargo, \u201cno hay arma de represi\u00f3n en el arsenal del r\u00e9gimen que no se haya desplegado contra nosotros. Y aun as\u00ed, resistimos; resistiremos a la ocupaci\u00f3n hasta la muerte porque no tenemos nada que perder, ni siquiera nuestra patria\u201d, insiste Lakhal.<\/p>\n\n\n\n<p class=\"wp-block-paragraph\">\u201cEl r\u00e9gimen no puede hacer nada al respecto. Nada m\u00e1s, miren a Sultana Khayya. \u00bfQu\u00e9 m\u00e1s pueden hacerle?\u201d, pregunta. Khayya intenta actualmente conseguir un salvoconducto para regresar al territorio ocupado y continuar su lucha por la liberaci\u00f3n saharaui en zona cero.<\/p>\n\n\n\n<p class=\"wp-block-paragraph\">\u201cNo importa lo que haga la llamada \u2018comunidad internacional\u2019. Conocemos nuestros derechos y lucharemos por ellos en cualquier circunstancia, con o sin su apoyo\u201d, afirm\u00f3 Lakhal, pidiendo al Consejo de Seguridad de la ONU que \u201cdeje de fingir sobre derechos humanos y democracia\u201d. Tambi\u00e9n pidi\u00f3 a la \u201ccomunidad internacional\u201d que \u201cponga fin a su hipocres\u00eda\u201d.<\/p>\n\n\n\n<p class=\"wp-block-paragraph\">\u201cMover\u00e1n a la OTAN por Ucrania porque odian a Rusia, pero la ocupaci\u00f3n de saharauis en contra de todas las leyes y resoluciones internacionales est\u00e1 bien porque la potencia ocupante aqu\u00ed es un amigo\u201d, remarc\u00f3.<\/p>\n\n\n\n<p class=\"wp-block-paragraph\">\u2026\u2026\u2026\u2026\u2026\u2026\u2026..<\/p>\n\n\n\n<p class=\"wp-block-paragraph\"><em>*Periodista indio de Peoples Dispatch que cubre las luchas obreras y los movimientos sociales progresistas, principalmente en el continente africano, pero tambi\u00e9n en la India. Tambi\u00e9n ha escrito art\u00edculos sobre comercio internacional y geopol\u00edtica, algunos de los cuales se han vuelto a publicar en Monthly Review. Es autor de una serie de art\u00edculos en profundidad sobre la historia de la extrema derecha hind\u00fa de la India y su ideolog\u00eda.<\/em><\/p>\n","protected":false},"excerpt":{"rendered":"<p>Por Pavan Kulkarni* &#8211; Peoples Dispatch Los combates entre el Ej\u00e9rcito de Liberaci\u00f3n del Pueblo Saharaui y las fuerzas de ocupaci\u00f3n marroqu\u00edes se han intensificado en los \u00faltimos d\u00edas. Las fuerzas marroqu\u00edes que ocupan ilegalmente la Rep\u00fablica \u00c1rabe Saharaui Democr\u00e1tica (RASD)\u2026<\/p>\n","protected":false},"author":2,"featured_media":0,"comment_status":"closed","ping_status":"open","sticky":false,"template":"","format":"standard","meta":{"footnotes":""},"categories":[1],"tags":[],"class_list":["post-21972","post","type-post","status-publish","format-standard","hentry","category-other-news"],"yoast_head":"<!-- This site is optimized with the Yoast SEO plugin v16.7 - https:\/\/yoast.com\/wordpress\/plugins\/seo\/ -->\n<title>Se intensifica la lucha por la liberaci\u00f3n del S\u00e1hara Occidental - Other News - Voz en contra de la corriente<\/title>\n<meta name=\"robots\" content=\"index, follow, max-snippet:-1, max-image-preview:large, max-video-preview:-1\" \/>\n<link rel=\"canonical\" href=\"https:\/\/www.other-news.info\/noticias\/se-intensifica-la-lucha-por-la-liberacion-del-sahara-occidental\/\" \/>\n<meta property=\"og:locale\" content=\"es_ES\" \/>\n<meta property=\"og:type\" content=\"article\" \/>\n<meta property=\"og:title\" content=\"Se intensifica la lucha por la liberaci\u00f3n del S\u00e1hara Occidental - Other News - Voz en contra de la corriente\" \/>\n<meta property=\"og:description\" content=\"Por Pavan Kulkarni* - Peoples Dispatch Los combates entre el Ej\u00e9rcito de Liberaci\u00f3n del Pueblo Saharaui y las fuerzas de ocupaci\u00f3n marroqu\u00edes se han intensificado en los \u00faltimos d\u00edas. Las fuerzas marroqu\u00edes que ocupan ilegalmente la Rep\u00fablica \u00c1rabe Saharaui Democr\u00e1tica (RASD)\u2026\" \/>\n<meta property=\"og:url\" content=\"https:\/\/www.other-news.info\/noticias\/se-intensifica-la-lucha-por-la-liberacion-del-sahara-occidental\/\" \/>\n<meta property=\"og:site_name\" content=\"Other News - Voz en contra de la corriente\" \/>\n<meta property=\"article:published_time\" content=\"2023-01-06T19:20:41+00:00\" \/>\n<meta property=\"article:modified_time\" content=\"2023-01-06T19:38:10+00:00\" \/>\n<meta name=\"twitter:card\" content=\"summary_large_image\" \/>\n<meta name=\"twitter:label1\" content=\"Escrito por\" \/>\n\t<meta name=\"twitter:data1\" content=\"admin\" \/>\n\t<meta name=\"twitter:label2\" content=\"Tiempo de lectura\" \/>\n\t<meta name=\"twitter:data2\" content=\"8 minutos\" \/>\n<script type=\"application\/ld+json\" class=\"yoast-schema-graph\">{\"@context\":\"https:\/\/schema.org\",\"@graph\":[{\"@type\":\"WebSite\",\"@id\":\"https:\/\/www.other-news.info\/noticias\/#website\",\"url\":\"https:\/\/www.other-news.info\/noticias\/\",\"name\":\"Other News - Voz en contra de la corriente\",\"description\":\"Voz en contra de la corriente\",\"potentialAction\":[{\"@type\":\"SearchAction\",\"target\":{\"@type\":\"EntryPoint\",\"urlTemplate\":\"https:\/\/www.other-news.info\/noticias\/?s={search_term_string}\"},\"query-input\":\"required name=search_term_string\"}],\"inLanguage\":\"es\"},{\"@type\":\"WebPage\",\"@id\":\"https:\/\/www.other-news.info\/noticias\/se-intensifica-la-lucha-por-la-liberacion-del-sahara-occidental\/#webpage\",\"url\":\"https:\/\/www.other-news.info\/noticias\/se-intensifica-la-lucha-por-la-liberacion-del-sahara-occidental\/\",\"name\":\"Se intensifica la lucha por la liberaci\\u00f3n del S\\u00e1hara Occidental - Other News - Voz en contra de la corriente\",\"isPartOf\":{\"@id\":\"https:\/\/www.other-news.info\/noticias\/#website\"},\"datePublished\":\"2023-01-06T19:20:41+00:00\",\"dateModified\":\"2023-01-06T19:38:10+00:00\",\"author\":{\"@id\":\"https:\/\/www.other-news.info\/noticias\/#\/schema\/person\/dd0ead9df8654b02034c4da003b9991b\"},\"breadcrumb\":{\"@id\":\"https:\/\/www.other-news.info\/noticias\/se-intensifica-la-lucha-por-la-liberacion-del-sahara-occidental\/#breadcrumb\"},\"inLanguage\":\"es\",\"potentialAction\":[{\"@type\":\"ReadAction\",\"target\":[\"https:\/\/www.other-news.info\/noticias\/se-intensifica-la-lucha-por-la-liberacion-del-sahara-occidental\/\"]}]},{\"@type\":\"BreadcrumbList\",\"@id\":\"https:\/\/www.other-news.info\/noticias\/se-intensifica-la-lucha-por-la-liberacion-del-sahara-occidental\/#breadcrumb\",\"itemListElement\":[{\"@type\":\"ListItem\",\"position\":1,\"name\":\"Home\",\"item\":\"https:\/\/www.other-news.info\/noticias\/\"},{\"@type\":\"ListItem\",\"position\":2,\"name\":\"Se intensifica la lucha por la liberaci\\u00f3n del S\\u00e1hara Occidental\"}]},{\"@type\":\"Person\",\"@id\":\"https:\/\/www.other-news.info\/noticias\/#\/schema\/person\/dd0ead9df8654b02034c4da003b9991b\",\"name\":\"admin\",\"image\":{\"@type\":\"ImageObject\",\"@id\":\"https:\/\/www.other-news.info\/noticias\/#personlogo\",\"inLanguage\":\"es\",\"url\":\"https:\/\/secure.gravatar.com\/avatar\/e67344401a27ff9f91b2b48296aaa8fb9186ac51a3404ed4bdfbe790b6a9ee11?s=96&d=mm&r=g\",\"contentUrl\":\"https:\/\/secure.gravatar.com\/avatar\/e67344401a27ff9f91b2b48296aaa8fb9186ac51a3404ed4bdfbe790b6a9ee11?s=96&d=mm&r=g\",\"caption\":\"admin\"},\"url\":\"https:\/\/www.other-news.info\/noticias\/author\/admin\/\"}]}<\/script>\n<!-- \/ Yoast SEO plugin. -->","yoast_head_json":{"title":"Se intensifica la lucha por la liberaci\u00f3n del S\u00e1hara Occidental - Other News - Voz en contra de la corriente","robots":{"index":"index","follow":"follow","max-snippet":"max-snippet:-1","max-image-preview":"max-image-preview:large","max-video-preview":"max-video-preview:-1"},"canonical":"https:\/\/www.other-news.info\/noticias\/se-intensifica-la-lucha-por-la-liberacion-del-sahara-occidental\/","og_locale":"es_ES","og_type":"article","og_title":"Se intensifica la lucha por la liberaci\u00f3n del S\u00e1hara Occidental - Other News - Voz en contra de la corriente","og_description":"Por Pavan Kulkarni* - Peoples Dispatch Los combates entre el Ej\u00e9rcito de Liberaci\u00f3n del Pueblo Saharaui y las fuerzas de ocupaci\u00f3n marroqu\u00edes se han intensificado en los \u00faltimos d\u00edas. Las fuerzas marroqu\u00edes que ocupan ilegalmente la Rep\u00fablica \u00c1rabe Saharaui Democr\u00e1tica (RASD)\u2026","og_url":"https:\/\/www.other-news.info\/noticias\/se-intensifica-la-lucha-por-la-liberacion-del-sahara-occidental\/","og_site_name":"Other News - Voz en contra de la corriente","article_published_time":"2023-01-06T19:20:41+00:00","article_modified_time":"2023-01-06T19:38:10+00:00","twitter_card":"summary_large_image","twitter_misc":{"Escrito por":"admin","Tiempo de lectura":"8 minutos"},"schema":{"@context":"https:\/\/schema.org","@graph":[{"@type":"WebSite","@id":"https:\/\/www.other-news.info\/noticias\/#website","url":"https:\/\/www.other-news.info\/noticias\/","name":"Other News - Voz en contra de la corriente","description":"Voz en contra de la corriente","potentialAction":[{"@type":"SearchAction","target":{"@type":"EntryPoint","urlTemplate":"https:\/\/www.other-news.info\/noticias\/?s={search_term_string}"},"query-input":"required name=search_term_string"}],"inLanguage":"es"},{"@type":"WebPage","@id":"https:\/\/www.other-news.info\/noticias\/se-intensifica-la-lucha-por-la-liberacion-del-sahara-occidental\/#webpage","url":"https:\/\/www.other-news.info\/noticias\/se-intensifica-la-lucha-por-la-liberacion-del-sahara-occidental\/","name":"Se intensifica la lucha por la liberaci\u00f3n del S\u00e1hara Occidental - Other News - Voz en contra de la corriente","isPartOf":{"@id":"https:\/\/www.other-news.info\/noticias\/#website"},"datePublished":"2023-01-06T19:20:41+00:00","dateModified":"2023-01-06T19:38:10+00:00","author":{"@id":"https:\/\/www.other-news.info\/noticias\/#\/schema\/person\/dd0ead9df8654b02034c4da003b9991b"},"breadcrumb":{"@id":"https:\/\/www.other-news.info\/noticias\/se-intensifica-la-lucha-por-la-liberacion-del-sahara-occidental\/#breadcrumb"},"inLanguage":"es","potentialAction":[{"@type":"ReadAction","target":["https:\/\/www.other-news.info\/noticias\/se-intensifica-la-lucha-por-la-liberacion-del-sahara-occidental\/"]}]},{"@type":"BreadcrumbList","@id":"https:\/\/www.other-news.info\/noticias\/se-intensifica-la-lucha-por-la-liberacion-del-sahara-occidental\/#breadcrumb","itemListElement":[{"@type":"ListItem","position":1,"name":"Home","item":"https:\/\/www.other-news.info\/noticias\/"},{"@type":"ListItem","position":2,"name":"Se intensifica la lucha por la liberaci\u00f3n del S\u00e1hara Occidental"}]},{"@type":"Person","@id":"https:\/\/www.other-news.info\/noticias\/#\/schema\/person\/dd0ead9df8654b02034c4da003b9991b","name":"admin","image":{"@type":"ImageObject","@id":"https:\/\/www.other-news.info\/noticias\/#personlogo","inLanguage":"es","url":"https:\/\/secure.gravatar.com\/avatar\/e67344401a27ff9f91b2b48296aaa8fb9186ac51a3404ed4bdfbe790b6a9ee11?s=96&d=mm&r=g","contentUrl":"https:\/\/secure.gravatar.com\/avatar\/e67344401a27ff9f91b2b48296aaa8fb9186ac51a3404ed4bdfbe790b6a9ee11?s=96&d=mm&r=g","caption":"admin"},"url":"https:\/\/www.other-news.info\/noticias\/author\/admin\/"}]}},"_links":{"self":[{"href":"https:\/\/www.other-news.info\/noticias\/wp-json\/wp\/v2\/posts\/21972","targetHints":{"allow":["GET"]}}],"collection":[{"href":"https:\/\/www.other-news.info\/noticias\/wp-json\/wp\/v2\/posts"}],"about":[{"href":"https:\/\/www.other-news.info\/noticias\/wp-json\/wp\/v2\/types\/post"}],"author":[{"embeddable":true,"href":"https:\/\/www.other-news.info\/noticias\/wp-json\/wp\/v2\/users\/2"}],"replies":[{"embeddable":true,"href":"https:\/\/www.other-news.info\/noticias\/wp-json\/wp\/v2\/comments?post=21972"}],"version-history":[{"count":2,"href":"https:\/\/www.other-news.info\/noticias\/wp-json\/wp\/v2\/posts\/21972\/revisions"}],"predecessor-version":[{"id":21974,"href":"https:\/\/www.other-news.info\/noticias\/wp-json\/wp\/v2\/posts\/21972\/revisions\/21974"}],"wp:attachment":[{"href":"https:\/\/www.other-news.info\/noticias\/wp-json\/wp\/v2\/media?parent=21972"}],"wp:term":[{"taxonomy":"category","embeddable":true,"href":"https:\/\/www.other-news.info\/noticias\/wp-json\/wp\/v2\/categories?post=21972"},{"taxonomy":"post_tag","embeddable":true,"href":"https:\/\/www.other-news.info\/noticias\/wp-json\/wp\/v2\/tags?post=21972"}],"curies":[{"name":"wp","href":"https:\/\/api.w.org\/{rel}","templated":true}]}}