{"id":21977,"date":"2023-01-09T13:26:19","date_gmt":"2023-01-09T12:26:19","guid":{"rendered":"https:\/\/www.other-news.info\/noticias\/?p=21977"},"modified":"2023-01-09T13:26:19","modified_gmt":"2023-01-09T12:26:19","slug":"ataque-a-la-democracia-en-brasil","status":"publish","type":"post","link":"https:\/\/www.other-news.info\/noticias\/ataque-a-la-democracia-en-brasil\/","title":{"rendered":"<strong>Ataque a la democracia en Brasil<\/strong>"},"content":{"rendered":"\n<p class=\"wp-block-paragraph\"><strong><em>Editorial &#8211; El Pa\u00eds<\/em><\/strong><\/p>\n\n\n\n<p class=\"wp-block-paragraph\"><em>Lula habr\u00e1 de imponer la ley y castigar sin paliativos a los culpables del asalto, pero tambi\u00e9n apelar a los valores que le permitieron ganar para recuperar la normalidad democr\u00e1tica<\/em><\/p>\n\n\n\n<p class=\"wp-block-paragraph\">Miles de seguidores del expresidente de Brasil Jair Bolsonaro sumieron el domingo al pa\u00eds en la crisis m\u00e1s grave desde el fin de la dictadura militar hace 38 a\u00f1os. Una multitud de radicales asalt\u00f3 las sedes del Congreso, del Tribunal Supremo y de la Presidencia en Brasilia con un prop\u00f3sito meridianamente golpista: reclamar una intervenci\u00f3n del Ej\u00e9rcito para echar del poder a Luiz In\u00e1cio Lula da Silva, quien asumi\u00f3 el cargo hace una semana. La polic\u00eda logr\u00f3 retomar el control de los tres poderes despu\u00e9s de horas de caos, de las que no solo queda el rastro de los destrozos y los actos vand\u00e1licos, sino una herida profunda en el coraz\u00f3n de la democracia.<\/p>\n\n\n\n<p class=\"wp-block-paragraph\">Lula, quien tuvo que decretar la intervenci\u00f3n federal de Brasilia para detener el ataque, responsabiliz\u00f3 a los \u201cfascistas\u201d y se\u00f1al\u00f3, sin nombrarle, a Bolsonaro por instigar el rechazo del resultado electoral y alentar un clima de intolerancia ante la toma de posesi\u00f3n del nuevo Gobierno. La direcci\u00f3n del partido del expresidente se desvincul\u00f3 enseguida de los hechos, pero este aguard\u00f3 varias horas antes de pronunciarse desde Florida, donde hab\u00eda acudido para evitar asistir al traspaso de poderes. Solo despu\u00e9s de que el asalto hubiese fracasado, afirm\u00f3 que \u201clas invasiones de edificios p\u00fablicos escapan a la regla\u201d y repudi\u00f3 las acusaciones que le implican en la intentona. Fueron unas palabras tard\u00edas, mezquinas ante la gravedad de los hechos y que muestran, una vez m\u00e1s, el peligro que siempre ha representado Bolsonaro para la democracia.<\/p>\n\n\n\n<p class=\"wp-block-paragraph\">Ese apoyo a sus simpatizantes m\u00e1s radicales, a menudo expresado con una ret\u00f3rica ambigua, ha marcado su discurso desde hace al menos dos meses, cuando Lula le gan\u00f3 en segunda vuelta. Las concentraciones y movilizaciones de militantes ultraderechistas solo eran un aviso y, aunque la ceremonia de investidura transcurri\u00f3 el domingo 1 de enero sin mayores incidentes, la situaci\u00f3n se precipit\u00f3 este domingo en una jornada aciaga para todos los dem\u00f3cratas, que se sald\u00f3 con unos 150 detenidos. Detr\u00e1s de lo sucedido est\u00e1, en \u00faltima instancia, no solo la incapacidad de Bolsonaro de aceptar la derrota, sino el veneno de una vociferante ultraderecha que, tanto en Estados Unidos como en Brasil y otros pa\u00edses, no es capaz de aceptar las reglas del juego democr\u00e1tico y busca por todos los medios, incluida la fuerza bruta, hacerse con el poder. El cap\u00edtulo vivido este domingo en Brasilia, como lo fue hace dos a\u00f1os el asalto al Capitolio, debe servir de recordatorio del enorme peligro que representan estos movimientos radicales y de la necesidad que tienen las fuerzas democr\u00e1ticas de mantenerse unidas y evitar darles ox\u00edgeno.<\/p>\n\n\n\n<p class=\"wp-block-paragraph\">En el caso de Brasil, es evidente que, pese al triunfo de Lula, el bolsonarismo a\u00fan tiene un profundo arraigo en ciertos sectores sociales. Ocurri\u00f3 algo parecido en 2020 en Estados Unidos, despu\u00e9s de que Donald Trump perdiera frente a Joe Biden. Y si en las aterradoras im\u00e1genes de Brasilia resuenan los ecos del 6 de enero de 2021, el paralelismo entre los dos ataques muestra tambi\u00e9n que no valen las medias tintas en la condena de los hechos. La comunidad internacional repudi\u00f3 sin matices el asalto. Ese es un importante apoyo que Lula, sabedor de que solo recibir\u00e1 pu\u00f1aladas de Bolsonaro y sus partidarios, debe aprovechar al m\u00e1ximo. No es una traves\u00eda f\u00e1cil la que le queda. Su antecesor dej\u00f3 un pa\u00eds roto y la grav\u00edsima crisis de este domingo no ha hecho m\u00e1s que ahondar esa fractura. Para superarla, Lula habr\u00e1 de imponer la ley y castigar sin paliativos a los culpables, pero tambi\u00e9n apelar a los valores que le permitieron ganar en las urnas y avanzar en el camino que permita a los brasile\u00f1os recuperar la normalidad democr\u00e1tica.<\/p>\n\n\n\n<p class=\"wp-block-paragraph\">\u2026\u2026\u2026\u2026\u2026\u2026\u2026<\/p>\n\n\n\n<p class=\"wp-block-paragraph\">Relacionados:<\/p>\n\n\n\n<p class=\"wp-block-paragraph\"><strong>&#8211;Brasil: la ultraderecha escenifica el odio a la democracia<\/strong><\/p>\n\n\n\n<p class=\"wp-block-paragraph\"><em>Desde la Marcha sobre Roma, el movimiento fundamental y fundacional del fascismo que, a fines de octubre de 2022 cumpli\u00f3 su cent\u00e9simo aniversario, la extrema derecha comprendi\u00f3 que el cuestionamiento a la democracia deb\u00eda ser p\u00fablico, a la vista de todos, directamente en las calles y en abierto desaf\u00edo al Parlamento, como s\u00edmbolo de todos los valores republicanos en un sistema democr\u00e1tico y representativo. A partir de entonces, cualquier movimiento de extrema derecha asumi\u00f3 su identidad en la confrontaci\u00f3n dura y directa contra la izquierda, pero tambi\u00e9n en su rechazo a la democracia liberal y a sus entidades m\u00e1s representativas:<\/em><\/p>\n\n\n\n<p class=\"wp-block-paragraph\"><a href=\"https:\/\/www.pagina12.com.ar\/514193-brasil-la-ultraderecha-escenifica-el-odio-a-la-democracia\">https:\/\/www.pagina12.com.ar\/514193-brasil-la-ultraderecha-escenifica-el-odio-a-la-democracia<\/a><\/p>\n\n\n\n<p class=\"wp-block-paragraph\"><em>&#8212;&#8212;&#8212;&#8212;&#8212;&#8212;&#8212;&#8211;<\/em><\/p>\n\n\n\n<p class=\"wp-block-paragraph\"><strong>&#8211;Un acto de terrorismo anunciado<\/strong><\/p>\n\n\n\n<p class=\"wp-block-paragraph\"><em>Lo que&nbsp;<a href=\"https:\/\/www.lanacion.com.ar\/el-mundo\/en-foto-manifestaciones-golpistas-en-brasilia-nid08012023\/\">sucedi\u00f3 el domingo 8 de enero en Brasil<\/a>&nbsp;podr\u00eda definirse como&nbsp;la cr\u00f3nica anunciada de un acto terrorista in\u00e9dito en la Historia del pa\u00eds.&nbsp;Quien se haya sorprendido con lo que ocurri\u00f3 no ven\u00eda siguiendo los acontecimientos pol\u00edticos de los \u00faltimos meses con atenci\u00f3n. <\/em><em>Basta recordar que el expresidente Jair Bolsonaro -que se sigue presentando como presidente de Brasil en redes sociales-&nbsp;<a href=\"https:\/\/www.lanacion.com.ar\/el-mundo\/expectativa-en-brasil-en-medio-de-un-clima-de-tension-jair-bolsonaro-habla-por-primera-vez-tras-la-nid01112022\/\">se rehus\u00f3 a participar de la ceremonia de asunci\u00f3n de quien lo derrot\u00f3 en las urnas<\/a><\/em><em>, viaj\u00f3 a los Estados Unidos, y&nbsp;en todo momento areng\u00f3 a sus seguidores acampados frente a cuarteles militares para pedir un golpe:<\/em><\/p>\n\n\n\n<p class=\"wp-block-paragraph\"><a href=\"https:\/\/www.lanacion.com.ar\/el-mundo\/un-acto-de-terrorismo-anunciado-nid08012023\/\">https:\/\/www.lanacion.com.ar\/el-mundo\/un-acto-de-terrorismo-anunciado-nid08012023\/<\/a><\/p>\n","protected":false},"excerpt":{"rendered":"<p>Editorial &#8211; El Pa\u00eds Lula habr\u00e1 de imponer la ley y castigar sin paliativos a los culpables del asalto, pero tambi\u00e9n apelar a los valores que le permitieron ganar para recuperar la normalidad democr\u00e1tica Miles de seguidores del expresidente de Brasil Jair Bolsonaro sumieron el\u2026<\/p>\n","protected":false},"author":2,"featured_media":0,"comment_status":"closed","ping_status":"open","sticky":false,"template":"","format":"standard","meta":{"footnotes":""},"categories":[1],"tags":[],"class_list":["post-21977","post","type-post","status-publish","format-standard","hentry","category-other-news"],"yoast_head":"<!-- This site is optimized with the Yoast SEO plugin v16.7 - https:\/\/yoast.com\/wordpress\/plugins\/seo\/ -->\n<title>Ataque a la democracia en Brasil - Other News - Voz en contra de la corriente<\/title>\n<meta name=\"robots\" content=\"index, follow, max-snippet:-1, max-image-preview:large, max-video-preview:-1\" \/>\n<link rel=\"canonical\" href=\"https:\/\/www.other-news.info\/noticias\/ataque-a-la-democracia-en-brasil\/\" \/>\n<meta property=\"og:locale\" content=\"es_ES\" \/>\n<meta property=\"og:type\" content=\"article\" \/>\n<meta property=\"og:title\" content=\"Ataque a la democracia en Brasil - Other News - Voz en contra de la corriente\" \/>\n<meta property=\"og:description\" content=\"Editorial - El Pa\u00eds Lula habr\u00e1 de imponer la ley y castigar sin paliativos a los culpables del asalto, pero tambi\u00e9n apelar a los valores que le permitieron ganar para recuperar la normalidad democr\u00e1tica Miles de seguidores del expresidente de Brasil Jair Bolsonaro sumieron el\u2026\" \/>\n<meta property=\"og:url\" content=\"https:\/\/www.other-news.info\/noticias\/ataque-a-la-democracia-en-brasil\/\" \/>\n<meta property=\"og:site_name\" content=\"Other News - Voz en contra de la corriente\" \/>\n<meta property=\"article:published_time\" content=\"2023-01-09T12:26:19+00:00\" \/>\n<meta name=\"twitter:card\" content=\"summary_large_image\" \/>\n<meta name=\"twitter:label1\" content=\"Escrito por\" \/>\n\t<meta name=\"twitter:data1\" content=\"admin\" \/>\n\t<meta name=\"twitter:label2\" content=\"Tiempo de lectura\" \/>\n\t<meta name=\"twitter:data2\" content=\"4 minutos\" \/>\n<script type=\"application\/ld+json\" class=\"yoast-schema-graph\">{\"@context\":\"https:\/\/schema.org\",\"@graph\":[{\"@type\":\"WebSite\",\"@id\":\"https:\/\/www.other-news.info\/noticias\/#website\",\"url\":\"https:\/\/www.other-news.info\/noticias\/\",\"name\":\"Other News - Voz en contra de la corriente\",\"description\":\"Voz en contra de la corriente\",\"potentialAction\":[{\"@type\":\"SearchAction\",\"target\":{\"@type\":\"EntryPoint\",\"urlTemplate\":\"https:\/\/www.other-news.info\/noticias\/?s={search_term_string}\"},\"query-input\":\"required name=search_term_string\"}],\"inLanguage\":\"es\"},{\"@type\":\"WebPage\",\"@id\":\"https:\/\/www.other-news.info\/noticias\/ataque-a-la-democracia-en-brasil\/#webpage\",\"url\":\"https:\/\/www.other-news.info\/noticias\/ataque-a-la-democracia-en-brasil\/\",\"name\":\"Ataque a la democracia en Brasil - Other News - Voz en contra de la corriente\",\"isPartOf\":{\"@id\":\"https:\/\/www.other-news.info\/noticias\/#website\"},\"datePublished\":\"2023-01-09T12:26:19+00:00\",\"dateModified\":\"2023-01-09T12:26:19+00:00\",\"author\":{\"@id\":\"https:\/\/www.other-news.info\/noticias\/#\/schema\/person\/dd0ead9df8654b02034c4da003b9991b\"},\"breadcrumb\":{\"@id\":\"https:\/\/www.other-news.info\/noticias\/ataque-a-la-democracia-en-brasil\/#breadcrumb\"},\"inLanguage\":\"es\",\"potentialAction\":[{\"@type\":\"ReadAction\",\"target\":[\"https:\/\/www.other-news.info\/noticias\/ataque-a-la-democracia-en-brasil\/\"]}]},{\"@type\":\"BreadcrumbList\",\"@id\":\"https:\/\/www.other-news.info\/noticias\/ataque-a-la-democracia-en-brasil\/#breadcrumb\",\"itemListElement\":[{\"@type\":\"ListItem\",\"position\":1,\"name\":\"Home\",\"item\":\"https:\/\/www.other-news.info\/noticias\/\"},{\"@type\":\"ListItem\",\"position\":2,\"name\":\"Ataque a la democracia en Brasil\"}]},{\"@type\":\"Person\",\"@id\":\"https:\/\/www.other-news.info\/noticias\/#\/schema\/person\/dd0ead9df8654b02034c4da003b9991b\",\"name\":\"admin\",\"image\":{\"@type\":\"ImageObject\",\"@id\":\"https:\/\/www.other-news.info\/noticias\/#personlogo\",\"inLanguage\":\"es\",\"url\":\"https:\/\/secure.gravatar.com\/avatar\/e67344401a27ff9f91b2b48296aaa8fb9186ac51a3404ed4bdfbe790b6a9ee11?s=96&d=mm&r=g\",\"contentUrl\":\"https:\/\/secure.gravatar.com\/avatar\/e67344401a27ff9f91b2b48296aaa8fb9186ac51a3404ed4bdfbe790b6a9ee11?s=96&d=mm&r=g\",\"caption\":\"admin\"},\"url\":\"https:\/\/www.other-news.info\/noticias\/author\/admin\/\"}]}<\/script>\n<!-- \/ Yoast SEO plugin. -->","yoast_head_json":{"title":"Ataque a la democracia en Brasil - Other News - Voz en contra de la corriente","robots":{"index":"index","follow":"follow","max-snippet":"max-snippet:-1","max-image-preview":"max-image-preview:large","max-video-preview":"max-video-preview:-1"},"canonical":"https:\/\/www.other-news.info\/noticias\/ataque-a-la-democracia-en-brasil\/","og_locale":"es_ES","og_type":"article","og_title":"Ataque a la democracia en Brasil - Other News - Voz en contra de la corriente","og_description":"Editorial - El Pa\u00eds Lula habr\u00e1 de imponer la ley y castigar sin paliativos a los culpables del asalto, pero tambi\u00e9n apelar a los valores que le permitieron ganar para recuperar la normalidad democr\u00e1tica Miles de seguidores del expresidente de Brasil Jair Bolsonaro sumieron el\u2026","og_url":"https:\/\/www.other-news.info\/noticias\/ataque-a-la-democracia-en-brasil\/","og_site_name":"Other News - Voz en contra de la corriente","article_published_time":"2023-01-09T12:26:19+00:00","twitter_card":"summary_large_image","twitter_misc":{"Escrito por":"admin","Tiempo de lectura":"4 minutos"},"schema":{"@context":"https:\/\/schema.org","@graph":[{"@type":"WebSite","@id":"https:\/\/www.other-news.info\/noticias\/#website","url":"https:\/\/www.other-news.info\/noticias\/","name":"Other News - Voz en contra de la corriente","description":"Voz en contra de la corriente","potentialAction":[{"@type":"SearchAction","target":{"@type":"EntryPoint","urlTemplate":"https:\/\/www.other-news.info\/noticias\/?s={search_term_string}"},"query-input":"required name=search_term_string"}],"inLanguage":"es"},{"@type":"WebPage","@id":"https:\/\/www.other-news.info\/noticias\/ataque-a-la-democracia-en-brasil\/#webpage","url":"https:\/\/www.other-news.info\/noticias\/ataque-a-la-democracia-en-brasil\/","name":"Ataque a la democracia en Brasil - Other News - Voz en contra de la corriente","isPartOf":{"@id":"https:\/\/www.other-news.info\/noticias\/#website"},"datePublished":"2023-01-09T12:26:19+00:00","dateModified":"2023-01-09T12:26:19+00:00","author":{"@id":"https:\/\/www.other-news.info\/noticias\/#\/schema\/person\/dd0ead9df8654b02034c4da003b9991b"},"breadcrumb":{"@id":"https:\/\/www.other-news.info\/noticias\/ataque-a-la-democracia-en-brasil\/#breadcrumb"},"inLanguage":"es","potentialAction":[{"@type":"ReadAction","target":["https:\/\/www.other-news.info\/noticias\/ataque-a-la-democracia-en-brasil\/"]}]},{"@type":"BreadcrumbList","@id":"https:\/\/www.other-news.info\/noticias\/ataque-a-la-democracia-en-brasil\/#breadcrumb","itemListElement":[{"@type":"ListItem","position":1,"name":"Home","item":"https:\/\/www.other-news.info\/noticias\/"},{"@type":"ListItem","position":2,"name":"Ataque a la democracia en Brasil"}]},{"@type":"Person","@id":"https:\/\/www.other-news.info\/noticias\/#\/schema\/person\/dd0ead9df8654b02034c4da003b9991b","name":"admin","image":{"@type":"ImageObject","@id":"https:\/\/www.other-news.info\/noticias\/#personlogo","inLanguage":"es","url":"https:\/\/secure.gravatar.com\/avatar\/e67344401a27ff9f91b2b48296aaa8fb9186ac51a3404ed4bdfbe790b6a9ee11?s=96&d=mm&r=g","contentUrl":"https:\/\/secure.gravatar.com\/avatar\/e67344401a27ff9f91b2b48296aaa8fb9186ac51a3404ed4bdfbe790b6a9ee11?s=96&d=mm&r=g","caption":"admin"},"url":"https:\/\/www.other-news.info\/noticias\/author\/admin\/"}]}},"_links":{"self":[{"href":"https:\/\/www.other-news.info\/noticias\/wp-json\/wp\/v2\/posts\/21977","targetHints":{"allow":["GET"]}}],"collection":[{"href":"https:\/\/www.other-news.info\/noticias\/wp-json\/wp\/v2\/posts"}],"about":[{"href":"https:\/\/www.other-news.info\/noticias\/wp-json\/wp\/v2\/types\/post"}],"author":[{"embeddable":true,"href":"https:\/\/www.other-news.info\/noticias\/wp-json\/wp\/v2\/users\/2"}],"replies":[{"embeddable":true,"href":"https:\/\/www.other-news.info\/noticias\/wp-json\/wp\/v2\/comments?post=21977"}],"version-history":[{"count":1,"href":"https:\/\/www.other-news.info\/noticias\/wp-json\/wp\/v2\/posts\/21977\/revisions"}],"predecessor-version":[{"id":21978,"href":"https:\/\/www.other-news.info\/noticias\/wp-json\/wp\/v2\/posts\/21977\/revisions\/21978"}],"wp:attachment":[{"href":"https:\/\/www.other-news.info\/noticias\/wp-json\/wp\/v2\/media?parent=21977"}],"wp:term":[{"taxonomy":"category","embeddable":true,"href":"https:\/\/www.other-news.info\/noticias\/wp-json\/wp\/v2\/categories?post=21977"},{"taxonomy":"post_tag","embeddable":true,"href":"https:\/\/www.other-news.info\/noticias\/wp-json\/wp\/v2\/tags?post=21977"}],"curies":[{"name":"wp","href":"https:\/\/api.w.org\/{rel}","templated":true}]}}