{"id":21981,"date":"2023-01-09T22:49:31","date_gmt":"2023-01-09T21:49:31","guid":{"rendered":"https:\/\/www.other-news.info\/noticias\/?p=21981"},"modified":"2023-01-09T22:49:32","modified_gmt":"2023-01-09T21:49:32","slug":"brasil-un-dia-de-terror-golpista","status":"publish","type":"post","link":"https:\/\/www.other-news.info\/noticias\/brasil-un-dia-de-terror-golpista\/","title":{"rendered":"<strong>Brasil: un d\u00eda de terror golpista<\/strong>"},"content":{"rendered":"\n<p class=\"wp-block-paragraph\"><strong><em>Por Eric Nepomuceno*<\/em><\/strong><\/p>\n\n\n\n<p class=\"wp-block-paragraph\">El ultraderechista Jair Bolsonaro logr\u00f3 lo que su \u00eddolo y mentor, Donald Trump, no hab\u00eda logrado: un claro intento de un golpe.<\/p>\n\n\n\n<p class=\"wp-block-paragraph\">Si Trump logr\u00f3 invadir el Congreso, los seguidores de su disc\u00edpulo invadieron y destrozaron mucho m\u00e1s.<\/p>\n\n\n\n<p class=\"wp-block-paragraph\">Adem\u00e1s del Congreso, los seguidores m\u00e1s radicales del ultraderechista brasile\u00f1o invadieron el Palacio del Planalto, sede de la presidencia, y el Supremo Tribunal Federal, donde todo fue revirado, con papeles esparcidos por el suelo y obras destrozadas, de cuadros y esculturas a piezas de cer\u00e1mica y de m\u00e1rmol.<\/p>\n\n\n\n<p class=\"wp-block-paragraph\">Hubo destrucci\u00f3n en el Palacio del Planalto, en el Congreso, pero principalmente en el Supremo Tribunal Federal.<\/p>\n\n\n\n<p class=\"wp-block-paragraph\">Hasta la puerta del despacho del juez Alexandre de Moraes, el m\u00e1s odiado integrante de la Corte Suprema por los seguidores de Bolsonaro, ha sido derrumbada. Toda esa violencia fue algo in\u00e9dito en la historia brasile\u00f1a.<\/p>\n\n\n\n<p class=\"wp-block-paragraph\">En el Palacio del Planalto, obras de arte fueron destrozadas, adem\u00e1s de muebles, entre otros desastres provocados por los ultraderechistas seguidores de Bolsonaro y por \u00e9l incentivados.<\/p>\n\n\n\n<p class=\"wp-block-paragraph\">Brasil jam\u00e1s hab\u00eda vivido semejante jornada de destrucci\u00f3n y terror, frente a la inercia de las fuerzas de seguridad de la capital, cuyo gobernador, Ibaneis Rocha, es plenamente identificado con el ultraderechista expresidente Bolsonaro.<\/p>\n\n\n\n<p class=\"wp-block-paragraph\">En los \u00faltimos tres d\u00edas innumerables \u00f3mnibus llegaron a Brasilia trasladando centenares de manifestantes que luego se revelaron terroristas.<\/p>\n\n\n\n<p class=\"wp-block-paragraph\">No hubo ninguna iniciativa tanto de las fuerzas de seguridad de la capital como del gobierno reci\u00e9n asumido de Lula para identificar y vigilar a los viajeros. Tal vigilancia, a prop\u00f3sito, ser\u00eda responsabilidad del gobierno de Brasilia.<\/p>\n\n\n\n<p class=\"wp-block-paragraph\">Fue un movimiento que reuni\u00f3 entre seis y diez mil manifestantes, trasladados de varios estados brasile\u00f1os con todos los gastos cubiertos por empresarios que, cuando sean identificados, ser\u00e1n castigados, acorde a lo que anunci\u00f3 Lula da Silva, y que actuaron frente a la inmovilidad de las fuerzas de seguridad del gobierno de Brasilia, la capital.<\/p>\n\n\n\n<p class=\"wp-block-paragraph\">El pronunciamiento de Lula, a eso de las seis y media de la tarde, cuando los movilizados empezaban a recluirse, ha sido especialmente duro. Anunci\u00f3 una intervenci\u00f3n en las fuerzas de seguridad de Brasilia, e insinu\u00f3 con fuerza que tal intervenci\u00f3n podr\u00eda expandirse hasta el mismo gobierno de la capital brasile\u00f1a.<\/p>\n\n\n\n<p class=\"wp-block-paragraph\">No dej\u00f3 de culpar directamente, ni siquiera por un segundo, a Jair Bolsonaro por los actos de terrorismo de este domingo.<\/p>\n\n\n\n<p class=\"wp-block-paragraph\">La Polic\u00eda Militar de la capital fue sorprendida sacando fotos unos a otros, entre sonrisas, mientras a su lado pasaban multitudes dirigi\u00e9ndose a la Esplanada de los Ministerios, donde ser\u00edan transformados en invasores.<\/p>\n\n\n\n<p class=\"wp-block-paragraph\">Terminados los actos terroristas, hubo detenciones. Alrededor de las siete y cuarto de la noche se inform\u00f3 que al menos 150 manifestantes violentos hab\u00edan sido detenidos. Una cantidad m\u00ednima, comparada al total de los que participaron de los actos de violencia expl\u00edcita.<\/p>\n\n\n\n<p class=\"wp-block-paragraph\">La movilizaci\u00f3n de los terroristas empez\u00f3 alrededor de las dos de la tarde y se extendi\u00f3 hasta casi las ocho de la noche, cuando los manifestantes empezaron a ser disueltos por la polic\u00eda pero segu\u00edan marchando por las anchas avenidas de la capital.<\/p>\n\n\n\n<p class=\"wp-block-paragraph\">El controvertido ministro de Defensa de Lula, Jos\u00e9 Mucio Monteiro, hab\u00eda definido a los manifestantes como dem\u00f3cratas en pleno derecho de manifestaci\u00f3n. Ya su colega de Justicia, Flavio Dino, advirti\u00f3 que eran puros terroristas reunidos.<\/p>\n\n\n\n<p class=\"wp-block-paragraph\">Luego de la violenta movilizaci\u00f3n, qued\u00f3 clara la divisi\u00f3n entre ministros del nuevo gobierno, resaltando otro de los problemas del gobierno de Lula.<\/p>\n\n\n\n<p class=\"wp-block-paragraph\">Vale reiterar: no hay antecedentes de manifestaciones de semejante violencia en la historia de la Rep\u00fablica brasile\u00f1a.<\/p>\n\n\n\n<p class=\"wp-block-paragraph\">Otro obst\u00e1culo que Lula da Silva tendr\u00e1 de superar. Bolsonaro est\u00e1 ausente, fugitivo en Orlando, Florida, pero sigue activo. Y muy activo.<\/p>\n\n\n\n<p class=\"wp-block-paragraph\">\u2026\u2026\u2026\u2026\u2026\u2026\u2026\u2026\u2026\u2026\u2026\u2026\u2026&nbsp;&nbsp;<\/p>\n\n\n\n<p class=\"wp-block-paragraph\"><em>*Escritor, periodista y traductor brasile\u00f1o. Tradujo al portugu\u00e9s importantes autores latinoamericanos como Jorge Luis Borges, Julio Cort\u00e1zar y Gabriel Garc\u00eda M\u00e1rquez, entre otros.&nbsp; Sus traducciones le rindieron tres Premios Jabuti, adem\u00e1s de otro recibido por su trabajo investigativo sobre la masacre de Eldorado dos Caraj\u00e1s.&nbsp;Publica sus art\u00edculos con regularidad en Pagina\/12, La Jornada, la agencia latinoamericana de noticias ALASEI y El Clar\u00edn de Chile, entre otros medios. En P\u00e1gina\/12 de Argentina, el &nbsp;09.01.2023<\/em><\/p>\n\n\n\n<p class=\"wp-block-paragraph\"><em>\u2026\u2026\u2026\u2026\u2026\u2026\u2026\u2026\u2026\u2026\u2026..<\/em><\/p>\n\n\n\n<p class=\"wp-block-paragraph\">Relacionado:<\/p>\n\n\n\n<p class=\"wp-block-paragraph\"><strong>La democracia brasile\u00f1a saldr\u00e1 fortalecida de este d\u00eda de la infamia<\/strong><\/p>\n\n\n\n<p class=\"wp-block-paragraph\"><em>Los hechos ocurridos en Brasilia este domingo exigen al nuevo gobierno de Lula mano dura contra los golpistas bolsonaristas, sus apoyadores y sus financiadores. El asalto vand\u00e1lico a las sedes de los tres poderes del Estado en Brasilia este domingo 8 de Enero pasar\u00e1 a la historia de Brasil como un d\u00eda de la infamia. <\/em><em>Que el ataque, convocado por grupos bolsonaristas radicales a trav\u00e9s de las redes sociales, especialmente activos en Telegram, tuviese lugar sin que el gobierno reci\u00e9n formado estuviese al corriente revela un fallo estrepitoso en el sistema de inteligencia del Estado:<\/em><\/p>\n\n\n\n<p class=\"wp-block-paragraph\"><a href=\"https:\/\/www.opendemocracy.net\/es\/democracia-brasil-fortalecida-d%C3%ADa-de-la-infamia\/\">https:\/\/www.opendemocracy.net\/es\/democracia-brasil-fortalecida-d%C3%ADa-de-la-infamia\/<\/a><\/p>\n","protected":false},"excerpt":{"rendered":"<p>Por Eric Nepomuceno* El ultraderechista Jair Bolsonaro logr\u00f3 lo que su \u00eddolo y mentor, Donald Trump, no hab\u00eda logrado: un claro intento de un golpe. Si Trump logr\u00f3 invadir el Congreso, los seguidores de su disc\u00edpulo invadieron y destrozaron mucho m\u00e1s.<\/p>\n","protected":false},"author":2,"featured_media":0,"comment_status":"closed","ping_status":"open","sticky":false,"template":"","format":"standard","meta":{"footnotes":""},"categories":[1],"tags":[],"class_list":["post-21981","post","type-post","status-publish","format-standard","hentry","category-other-news"],"yoast_head":"<!-- This site is optimized with the Yoast SEO plugin v16.7 - https:\/\/yoast.com\/wordpress\/plugins\/seo\/ -->\n<title>Brasil: un d\u00eda de terror golpista - Other News - Voz en contra de la corriente<\/title>\n<meta name=\"robots\" content=\"index, follow, max-snippet:-1, max-image-preview:large, max-video-preview:-1\" \/>\n<link rel=\"canonical\" href=\"https:\/\/www.other-news.info\/noticias\/brasil-un-dia-de-terror-golpista\/\" \/>\n<meta property=\"og:locale\" content=\"es_ES\" \/>\n<meta property=\"og:type\" content=\"article\" \/>\n<meta property=\"og:title\" content=\"Brasil: un d\u00eda de terror golpista - Other News - Voz en contra de la corriente\" \/>\n<meta property=\"og:description\" content=\"Por Eric Nepomuceno* El ultraderechista Jair Bolsonaro logr\u00f3 lo que su \u00eddolo y mentor, Donald Trump, no hab\u00eda logrado: un claro intento de un golpe. Si Trump logr\u00f3 invadir el Congreso, los seguidores de su disc\u00edpulo invadieron y destrozaron mucho m\u00e1s.\" \/>\n<meta property=\"og:url\" content=\"https:\/\/www.other-news.info\/noticias\/brasil-un-dia-de-terror-golpista\/\" \/>\n<meta property=\"og:site_name\" content=\"Other News - Voz en contra de la corriente\" \/>\n<meta property=\"article:published_time\" content=\"2023-01-09T21:49:31+00:00\" \/>\n<meta property=\"article:modified_time\" content=\"2023-01-09T21:49:32+00:00\" \/>\n<meta name=\"twitter:card\" content=\"summary_large_image\" \/>\n<meta name=\"twitter:label1\" content=\"Escrito por\" \/>\n\t<meta name=\"twitter:data1\" content=\"admin\" \/>\n\t<meta name=\"twitter:label2\" content=\"Tiempo de lectura\" \/>\n\t<meta name=\"twitter:data2\" content=\"4 minutos\" \/>\n<script type=\"application\/ld+json\" class=\"yoast-schema-graph\">{\"@context\":\"https:\/\/schema.org\",\"@graph\":[{\"@type\":\"WebSite\",\"@id\":\"https:\/\/www.other-news.info\/noticias\/#website\",\"url\":\"https:\/\/www.other-news.info\/noticias\/\",\"name\":\"Other News - Voz en contra de la corriente\",\"description\":\"Voz en contra de la corriente\",\"potentialAction\":[{\"@type\":\"SearchAction\",\"target\":{\"@type\":\"EntryPoint\",\"urlTemplate\":\"https:\/\/www.other-news.info\/noticias\/?s={search_term_string}\"},\"query-input\":\"required name=search_term_string\"}],\"inLanguage\":\"es\"},{\"@type\":\"WebPage\",\"@id\":\"https:\/\/www.other-news.info\/noticias\/brasil-un-dia-de-terror-golpista\/#webpage\",\"url\":\"https:\/\/www.other-news.info\/noticias\/brasil-un-dia-de-terror-golpista\/\",\"name\":\"Brasil: un d\\u00eda de terror golpista - Other News - Voz en contra de la corriente\",\"isPartOf\":{\"@id\":\"https:\/\/www.other-news.info\/noticias\/#website\"},\"datePublished\":\"2023-01-09T21:49:31+00:00\",\"dateModified\":\"2023-01-09T21:49:32+00:00\",\"author\":{\"@id\":\"https:\/\/www.other-news.info\/noticias\/#\/schema\/person\/dd0ead9df8654b02034c4da003b9991b\"},\"breadcrumb\":{\"@id\":\"https:\/\/www.other-news.info\/noticias\/brasil-un-dia-de-terror-golpista\/#breadcrumb\"},\"inLanguage\":\"es\",\"potentialAction\":[{\"@type\":\"ReadAction\",\"target\":[\"https:\/\/www.other-news.info\/noticias\/brasil-un-dia-de-terror-golpista\/\"]}]},{\"@type\":\"BreadcrumbList\",\"@id\":\"https:\/\/www.other-news.info\/noticias\/brasil-un-dia-de-terror-golpista\/#breadcrumb\",\"itemListElement\":[{\"@type\":\"ListItem\",\"position\":1,\"name\":\"Home\",\"item\":\"https:\/\/www.other-news.info\/noticias\/\"},{\"@type\":\"ListItem\",\"position\":2,\"name\":\"Brasil: un d\\u00eda de terror golpista\"}]},{\"@type\":\"Person\",\"@id\":\"https:\/\/www.other-news.info\/noticias\/#\/schema\/person\/dd0ead9df8654b02034c4da003b9991b\",\"name\":\"admin\",\"image\":{\"@type\":\"ImageObject\",\"@id\":\"https:\/\/www.other-news.info\/noticias\/#personlogo\",\"inLanguage\":\"es\",\"url\":\"https:\/\/secure.gravatar.com\/avatar\/e67344401a27ff9f91b2b48296aaa8fb9186ac51a3404ed4bdfbe790b6a9ee11?s=96&d=mm&r=g\",\"contentUrl\":\"https:\/\/secure.gravatar.com\/avatar\/e67344401a27ff9f91b2b48296aaa8fb9186ac51a3404ed4bdfbe790b6a9ee11?s=96&d=mm&r=g\",\"caption\":\"admin\"},\"url\":\"https:\/\/www.other-news.info\/noticias\/author\/admin\/\"}]}<\/script>\n<!-- \/ Yoast SEO plugin. -->","yoast_head_json":{"title":"Brasil: un d\u00eda de terror golpista - Other News - Voz en contra de la corriente","robots":{"index":"index","follow":"follow","max-snippet":"max-snippet:-1","max-image-preview":"max-image-preview:large","max-video-preview":"max-video-preview:-1"},"canonical":"https:\/\/www.other-news.info\/noticias\/brasil-un-dia-de-terror-golpista\/","og_locale":"es_ES","og_type":"article","og_title":"Brasil: un d\u00eda de terror golpista - Other News - Voz en contra de la corriente","og_description":"Por Eric Nepomuceno* El ultraderechista Jair Bolsonaro logr\u00f3 lo que su \u00eddolo y mentor, Donald Trump, no hab\u00eda logrado: un claro intento de un golpe. Si Trump logr\u00f3 invadir el Congreso, los seguidores de su disc\u00edpulo invadieron y destrozaron mucho m\u00e1s.","og_url":"https:\/\/www.other-news.info\/noticias\/brasil-un-dia-de-terror-golpista\/","og_site_name":"Other News - Voz en contra de la corriente","article_published_time":"2023-01-09T21:49:31+00:00","article_modified_time":"2023-01-09T21:49:32+00:00","twitter_card":"summary_large_image","twitter_misc":{"Escrito por":"admin","Tiempo de lectura":"4 minutos"},"schema":{"@context":"https:\/\/schema.org","@graph":[{"@type":"WebSite","@id":"https:\/\/www.other-news.info\/noticias\/#website","url":"https:\/\/www.other-news.info\/noticias\/","name":"Other News - Voz en contra de la corriente","description":"Voz en contra de la corriente","potentialAction":[{"@type":"SearchAction","target":{"@type":"EntryPoint","urlTemplate":"https:\/\/www.other-news.info\/noticias\/?s={search_term_string}"},"query-input":"required name=search_term_string"}],"inLanguage":"es"},{"@type":"WebPage","@id":"https:\/\/www.other-news.info\/noticias\/brasil-un-dia-de-terror-golpista\/#webpage","url":"https:\/\/www.other-news.info\/noticias\/brasil-un-dia-de-terror-golpista\/","name":"Brasil: un d\u00eda de terror golpista - Other News - Voz en contra de la corriente","isPartOf":{"@id":"https:\/\/www.other-news.info\/noticias\/#website"},"datePublished":"2023-01-09T21:49:31+00:00","dateModified":"2023-01-09T21:49:32+00:00","author":{"@id":"https:\/\/www.other-news.info\/noticias\/#\/schema\/person\/dd0ead9df8654b02034c4da003b9991b"},"breadcrumb":{"@id":"https:\/\/www.other-news.info\/noticias\/brasil-un-dia-de-terror-golpista\/#breadcrumb"},"inLanguage":"es","potentialAction":[{"@type":"ReadAction","target":["https:\/\/www.other-news.info\/noticias\/brasil-un-dia-de-terror-golpista\/"]}]},{"@type":"BreadcrumbList","@id":"https:\/\/www.other-news.info\/noticias\/brasil-un-dia-de-terror-golpista\/#breadcrumb","itemListElement":[{"@type":"ListItem","position":1,"name":"Home","item":"https:\/\/www.other-news.info\/noticias\/"},{"@type":"ListItem","position":2,"name":"Brasil: un d\u00eda de terror golpista"}]},{"@type":"Person","@id":"https:\/\/www.other-news.info\/noticias\/#\/schema\/person\/dd0ead9df8654b02034c4da003b9991b","name":"admin","image":{"@type":"ImageObject","@id":"https:\/\/www.other-news.info\/noticias\/#personlogo","inLanguage":"es","url":"https:\/\/secure.gravatar.com\/avatar\/e67344401a27ff9f91b2b48296aaa8fb9186ac51a3404ed4bdfbe790b6a9ee11?s=96&d=mm&r=g","contentUrl":"https:\/\/secure.gravatar.com\/avatar\/e67344401a27ff9f91b2b48296aaa8fb9186ac51a3404ed4bdfbe790b6a9ee11?s=96&d=mm&r=g","caption":"admin"},"url":"https:\/\/www.other-news.info\/noticias\/author\/admin\/"}]}},"_links":{"self":[{"href":"https:\/\/www.other-news.info\/noticias\/wp-json\/wp\/v2\/posts\/21981","targetHints":{"allow":["GET"]}}],"collection":[{"href":"https:\/\/www.other-news.info\/noticias\/wp-json\/wp\/v2\/posts"}],"about":[{"href":"https:\/\/www.other-news.info\/noticias\/wp-json\/wp\/v2\/types\/post"}],"author":[{"embeddable":true,"href":"https:\/\/www.other-news.info\/noticias\/wp-json\/wp\/v2\/users\/2"}],"replies":[{"embeddable":true,"href":"https:\/\/www.other-news.info\/noticias\/wp-json\/wp\/v2\/comments?post=21981"}],"version-history":[{"count":1,"href":"https:\/\/www.other-news.info\/noticias\/wp-json\/wp\/v2\/posts\/21981\/revisions"}],"predecessor-version":[{"id":21982,"href":"https:\/\/www.other-news.info\/noticias\/wp-json\/wp\/v2\/posts\/21981\/revisions\/21982"}],"wp:attachment":[{"href":"https:\/\/www.other-news.info\/noticias\/wp-json\/wp\/v2\/media?parent=21981"}],"wp:term":[{"taxonomy":"category","embeddable":true,"href":"https:\/\/www.other-news.info\/noticias\/wp-json\/wp\/v2\/categories?post=21981"},{"taxonomy":"post_tag","embeddable":true,"href":"https:\/\/www.other-news.info\/noticias\/wp-json\/wp\/v2\/tags?post=21981"}],"curies":[{"name":"wp","href":"https:\/\/api.w.org\/{rel}","templated":true}]}}