{"id":22046,"date":"2023-01-30T20:23:54","date_gmt":"2023-01-30T19:23:54","guid":{"rendered":"https:\/\/www.other-news.info\/noticias\/?p=22046"},"modified":"2023-01-30T20:23:55","modified_gmt":"2023-01-30T19:23:55","slug":"el-pueblo-saharaui-un-grito-en-el-desierto","status":"publish","type":"post","link":"https:\/\/www.other-news.info\/noticias\/el-pueblo-saharaui-un-grito-en-el-desierto\/","title":{"rendered":"El pueblo saharaui: un grito en el desierto"},"content":{"rendered":"\n<p class=\"wp-block-paragraph\">Por GLORIA SANTIAGO (*) &#8211; P\u00fablico.es<\/p>\n\n\n\n<p class=\"wp-block-paragraph\">Marruecos invadi\u00f3 el S\u00e1hara Occidental con la Marcha Verde en 1975, ayudado por EEUU y Francia. Al a\u00f1o siguiente, Espa\u00f1a, estado colonizador hasta entonces, decide abandonar el S\u00e1hara y desentenderse. Para forzar la redenci\u00f3n, Marruecos asesina, viola, encarcela, tortura y envenena los suministros de agua, por lo que miles de personas huyen para sobrevivir. Comienza el \u00e9xodo del pueblo saharaui por el desierto en un pasaje casi b\u00edblico, hasta asentarse en medio de la nada y permanecer en situaci\u00f3n de espera. El regreso a casa es su \u00abTierra Prometida\u00bb, pero la gente m\u00e1s mayor baja la mirada entre l\u00e1grimas cuando reconoce que no vivir\u00e1n ese momento.<\/p>\n\n\n\n<p class=\"wp-block-paragraph\">Pude presenciar el 16 Congreso del Frente Polisario, y en un descanso me acerqu\u00e9 a Bazu, un chico joven vestido de militar para preguntarle con qu\u00e9 so\u00f1aban los ni\u00f1os y las ni\u00f1as peque\u00f1as. No se lo pens\u00f3: \u00abTodos so\u00f1amos con la libertad. Desde que naces sabes por qu\u00e9 est\u00e1s aqu\u00ed\u00bb. Al rato, otro chico me advirti\u00f3: \u00abCuando llegues a Espa\u00f1a, di que aqu\u00ed solo hay dos opciones: o ganamos esta guerra o el S\u00e1hara Occidental se convertir\u00e1 en un cementerio\u00bb. Estaba expresando, aunque con otras palabras, el lema del Frente Polisario: toda la patria o el martirio.<\/p>\n\n\n\n<p class=\"wp-block-paragraph\">Desde 1975 hasta 2021, las Naciones Unidas han emitido constantes y claras disposiciones donde admiten el derecho a la libre autodeterminaci\u00f3n del pueblo saharaui. Se completan con las resoluciones del Tribunal Superior de Justicia Internacional, que consideran que Espa\u00f1a sigue siendo Estado colonizador y Marruecos un invasor. A todo esto, el tiempo pasa lentamente en los campamentos sin que reciban, de ninguna potencia internacional, el apoyo suficiente con el que conseguir, de nuevo, su libertad.<\/p>\n\n\n\n<p class=\"wp-block-paragraph\">All\u00ed tambi\u00e9n conoc\u00ed a Farrah, una joven farmac\u00e9utica que tras pasar muchos a\u00f1os en Espa\u00f1a hab\u00eda vuelto al S\u00e1hara por su compromiso con la causa. En una ocasi\u00f3n le pregunt\u00e9 si hay gente que abandona los campamentos para volver a territorio ocupado con tal de escapar de la miseria. Hizo memoria. \u00abNo. No conozco a nadie y nunca me han contado que algo de eso haya sucedido\u00bb. De ah\u00ed que al visitar los campamentos me sobrecoja la resistencia incontestable del pueblo saharaui ante una realidad tan precaria y deshumanizadora a la que se est\u00e1 condenando a 170.000 personas.<\/p>\n\n\n\n<p class=\"wp-block-paragraph\">En el viaje, confirm\u00e9 que vivir con tantas cosas y tantos privilegios como nosotros, es vergonzante; pero que a\u00fan queda humanidad en la Tierra porque all\u00ed comparten lo que no tienen. He conocido a un pueblo herido por la injusticia que no tiene espacio para el rencor, sino dignidad para pedir ayuda. No cabe el odio entre el pueblo saharaui, solo hay lugar para el instinto de defensa y el amor definitivo a la libertad.<\/p>\n\n\n\n<p class=\"wp-block-paragraph\">He visto la fortaleza de las mujeres en esa mirada tan s\u00f3lida que parece que pesa. Ellas cada vez est\u00e1n m\u00e1s presentes en el Frente Polisario con sus reivindicaciones estrat\u00e9gicas en defensa y organizaci\u00f3n. Tambi\u00e9n la juventud lucha, resiste y pide espacios decisivos en el Frente. El cari\u00f1o con el que protegen y cuidan de su familia y la fraternidad entre todos no la he visto jam\u00e1s en esta parte del mundo.<\/p>\n\n\n\n<p class=\"wp-block-paragraph\">Las relaciones internacionales son complejas pero para que el pueblo saharaui consiga la independencia, Espa\u00f1a puede y debe dar un paso importante. Hacerse cargo de sus responsabilidades hist\u00f3ricas con el S\u00e1hara es un buen comienzo aunque, por ahora, la decisi\u00f3n unilateral de Pedro S\u00e1nchez de alianza con Marruecos sonroja pol\u00edtica y humanamente.<\/p>\n\n\n\n<p class=\"wp-block-paragraph\">Tras unos d\u00edas en Dajla y con el saludo de Brahim Gali, reelegido presidente del Frente Polisario, la comitiva espa\u00f1ola regres\u00f3 a casa. Atr\u00e1s quedaron Farrah, con su perspicacia y su alegr\u00eda; la esperanza y el coraje en la mirada de Bazu, y todo un pueblo honrado que lucha contra gigantes. Mientras nos alej\u00e1bamos, entre dunas y un cielo rojo encarnizado, el Siroco acercaba la s\u00faplica del pueblo saharaui que parec\u00eda gritar en el desierto: No nos olvid\u00e9is.<\/p>\n\n\n\n<p class=\"wp-block-paragraph\">*Diputada de Unidas Podemos en el Parlamento balear<\/p>\n","protected":false},"excerpt":{"rendered":"<p>Por GLORIA SANTIAGO (*) &#8211; P\u00fablico.es Marruecos invadi\u00f3 el S\u00e1hara Occidental con la Marcha Verde en 1975, ayudado por EEUU y Francia. Al a\u00f1o siguiente, Espa\u00f1a, estado colonizador hasta entonces, decide abandonar el S\u00e1hara y desentenderse.<\/p>\n","protected":false},"author":2,"featured_media":0,"comment_status":"closed","ping_status":"open","sticky":false,"template":"","format":"standard","meta":{"footnotes":""},"categories":[1],"tags":[],"class_list":["post-22046","post","type-post","status-publish","format-standard","hentry","category-other-news"],"yoast_head":"<!-- This site is optimized with the Yoast SEO plugin v16.7 - https:\/\/yoast.com\/wordpress\/plugins\/seo\/ -->\n<title>El pueblo saharaui: un grito en el desierto - Other News - Voz en contra de la corriente<\/title>\n<meta name=\"robots\" content=\"index, follow, max-snippet:-1, max-image-preview:large, max-video-preview:-1\" \/>\n<link rel=\"canonical\" href=\"https:\/\/www.other-news.info\/noticias\/el-pueblo-saharaui-un-grito-en-el-desierto\/\" \/>\n<meta property=\"og:locale\" content=\"es_ES\" \/>\n<meta property=\"og:type\" content=\"article\" \/>\n<meta property=\"og:title\" content=\"El pueblo saharaui: un grito en el desierto - Other News - Voz en contra de la corriente\" \/>\n<meta property=\"og:description\" content=\"Por GLORIA SANTIAGO (*) - P\u00fablico.es Marruecos invadi\u00f3 el S\u00e1hara Occidental con la Marcha Verde en 1975, ayudado por EEUU y Francia. Al a\u00f1o siguiente, Espa\u00f1a, estado colonizador hasta entonces, decide abandonar el S\u00e1hara y desentenderse.\" \/>\n<meta property=\"og:url\" content=\"https:\/\/www.other-news.info\/noticias\/el-pueblo-saharaui-un-grito-en-el-desierto\/\" \/>\n<meta property=\"og:site_name\" content=\"Other News - Voz en contra de la corriente\" \/>\n<meta property=\"article:published_time\" content=\"2023-01-30T19:23:54+00:00\" \/>\n<meta property=\"article:modified_time\" content=\"2023-01-30T19:23:55+00:00\" \/>\n<meta name=\"twitter:card\" content=\"summary_large_image\" \/>\n<meta name=\"twitter:label1\" content=\"Escrito por\" \/>\n\t<meta name=\"twitter:data1\" content=\"admin\" \/>\n\t<meta name=\"twitter:label2\" content=\"Tiempo de lectura\" \/>\n\t<meta name=\"twitter:data2\" content=\"3 minutos\" \/>\n<script type=\"application\/ld+json\" class=\"yoast-schema-graph\">{\"@context\":\"https:\/\/schema.org\",\"@graph\":[{\"@type\":\"WebSite\",\"@id\":\"https:\/\/www.other-news.info\/noticias\/#website\",\"url\":\"https:\/\/www.other-news.info\/noticias\/\",\"name\":\"Other News - Voz en contra de la corriente\",\"description\":\"Voz en contra de la corriente\",\"potentialAction\":[{\"@type\":\"SearchAction\",\"target\":{\"@type\":\"EntryPoint\",\"urlTemplate\":\"https:\/\/www.other-news.info\/noticias\/?s={search_term_string}\"},\"query-input\":\"required name=search_term_string\"}],\"inLanguage\":\"es\"},{\"@type\":\"WebPage\",\"@id\":\"https:\/\/www.other-news.info\/noticias\/el-pueblo-saharaui-un-grito-en-el-desierto\/#webpage\",\"url\":\"https:\/\/www.other-news.info\/noticias\/el-pueblo-saharaui-un-grito-en-el-desierto\/\",\"name\":\"El pueblo saharaui: un grito en el desierto - Other News - Voz en contra de la corriente\",\"isPartOf\":{\"@id\":\"https:\/\/www.other-news.info\/noticias\/#website\"},\"datePublished\":\"2023-01-30T19:23:54+00:00\",\"dateModified\":\"2023-01-30T19:23:55+00:00\",\"author\":{\"@id\":\"https:\/\/www.other-news.info\/noticias\/#\/schema\/person\/dd0ead9df8654b02034c4da003b9991b\"},\"breadcrumb\":{\"@id\":\"https:\/\/www.other-news.info\/noticias\/el-pueblo-saharaui-un-grito-en-el-desierto\/#breadcrumb\"},\"inLanguage\":\"es\",\"potentialAction\":[{\"@type\":\"ReadAction\",\"target\":[\"https:\/\/www.other-news.info\/noticias\/el-pueblo-saharaui-un-grito-en-el-desierto\/\"]}]},{\"@type\":\"BreadcrumbList\",\"@id\":\"https:\/\/www.other-news.info\/noticias\/el-pueblo-saharaui-un-grito-en-el-desierto\/#breadcrumb\",\"itemListElement\":[{\"@type\":\"ListItem\",\"position\":1,\"name\":\"Home\",\"item\":\"https:\/\/www.other-news.info\/noticias\/\"},{\"@type\":\"ListItem\",\"position\":2,\"name\":\"El pueblo saharaui: un grito en el desierto\"}]},{\"@type\":\"Person\",\"@id\":\"https:\/\/www.other-news.info\/noticias\/#\/schema\/person\/dd0ead9df8654b02034c4da003b9991b\",\"name\":\"admin\",\"image\":{\"@type\":\"ImageObject\",\"@id\":\"https:\/\/www.other-news.info\/noticias\/#personlogo\",\"inLanguage\":\"es\",\"url\":\"https:\/\/secure.gravatar.com\/avatar\/e67344401a27ff9f91b2b48296aaa8fb9186ac51a3404ed4bdfbe790b6a9ee11?s=96&d=mm&r=g\",\"contentUrl\":\"https:\/\/secure.gravatar.com\/avatar\/e67344401a27ff9f91b2b48296aaa8fb9186ac51a3404ed4bdfbe790b6a9ee11?s=96&d=mm&r=g\",\"caption\":\"admin\"},\"url\":\"https:\/\/www.other-news.info\/noticias\/author\/admin\/\"}]}<\/script>\n<!-- \/ Yoast SEO plugin. -->","yoast_head_json":{"title":"El pueblo saharaui: un grito en el desierto - Other News - Voz en contra de la corriente","robots":{"index":"index","follow":"follow","max-snippet":"max-snippet:-1","max-image-preview":"max-image-preview:large","max-video-preview":"max-video-preview:-1"},"canonical":"https:\/\/www.other-news.info\/noticias\/el-pueblo-saharaui-un-grito-en-el-desierto\/","og_locale":"es_ES","og_type":"article","og_title":"El pueblo saharaui: un grito en el desierto - Other News - Voz en contra de la corriente","og_description":"Por GLORIA SANTIAGO (*) - P\u00fablico.es Marruecos invadi\u00f3 el S\u00e1hara Occidental con la Marcha Verde en 1975, ayudado por EEUU y Francia. Al a\u00f1o siguiente, Espa\u00f1a, estado colonizador hasta entonces, decide abandonar el S\u00e1hara y desentenderse.","og_url":"https:\/\/www.other-news.info\/noticias\/el-pueblo-saharaui-un-grito-en-el-desierto\/","og_site_name":"Other News - Voz en contra de la corriente","article_published_time":"2023-01-30T19:23:54+00:00","article_modified_time":"2023-01-30T19:23:55+00:00","twitter_card":"summary_large_image","twitter_misc":{"Escrito por":"admin","Tiempo de lectura":"3 minutos"},"schema":{"@context":"https:\/\/schema.org","@graph":[{"@type":"WebSite","@id":"https:\/\/www.other-news.info\/noticias\/#website","url":"https:\/\/www.other-news.info\/noticias\/","name":"Other News - Voz en contra de la corriente","description":"Voz en contra de la corriente","potentialAction":[{"@type":"SearchAction","target":{"@type":"EntryPoint","urlTemplate":"https:\/\/www.other-news.info\/noticias\/?s={search_term_string}"},"query-input":"required name=search_term_string"}],"inLanguage":"es"},{"@type":"WebPage","@id":"https:\/\/www.other-news.info\/noticias\/el-pueblo-saharaui-un-grito-en-el-desierto\/#webpage","url":"https:\/\/www.other-news.info\/noticias\/el-pueblo-saharaui-un-grito-en-el-desierto\/","name":"El pueblo saharaui: un grito en el desierto - Other News - Voz en contra de la corriente","isPartOf":{"@id":"https:\/\/www.other-news.info\/noticias\/#website"},"datePublished":"2023-01-30T19:23:54+00:00","dateModified":"2023-01-30T19:23:55+00:00","author":{"@id":"https:\/\/www.other-news.info\/noticias\/#\/schema\/person\/dd0ead9df8654b02034c4da003b9991b"},"breadcrumb":{"@id":"https:\/\/www.other-news.info\/noticias\/el-pueblo-saharaui-un-grito-en-el-desierto\/#breadcrumb"},"inLanguage":"es","potentialAction":[{"@type":"ReadAction","target":["https:\/\/www.other-news.info\/noticias\/el-pueblo-saharaui-un-grito-en-el-desierto\/"]}]},{"@type":"BreadcrumbList","@id":"https:\/\/www.other-news.info\/noticias\/el-pueblo-saharaui-un-grito-en-el-desierto\/#breadcrumb","itemListElement":[{"@type":"ListItem","position":1,"name":"Home","item":"https:\/\/www.other-news.info\/noticias\/"},{"@type":"ListItem","position":2,"name":"El pueblo saharaui: un grito en el desierto"}]},{"@type":"Person","@id":"https:\/\/www.other-news.info\/noticias\/#\/schema\/person\/dd0ead9df8654b02034c4da003b9991b","name":"admin","image":{"@type":"ImageObject","@id":"https:\/\/www.other-news.info\/noticias\/#personlogo","inLanguage":"es","url":"https:\/\/secure.gravatar.com\/avatar\/e67344401a27ff9f91b2b48296aaa8fb9186ac51a3404ed4bdfbe790b6a9ee11?s=96&d=mm&r=g","contentUrl":"https:\/\/secure.gravatar.com\/avatar\/e67344401a27ff9f91b2b48296aaa8fb9186ac51a3404ed4bdfbe790b6a9ee11?s=96&d=mm&r=g","caption":"admin"},"url":"https:\/\/www.other-news.info\/noticias\/author\/admin\/"}]}},"_links":{"self":[{"href":"https:\/\/www.other-news.info\/noticias\/wp-json\/wp\/v2\/posts\/22046","targetHints":{"allow":["GET"]}}],"collection":[{"href":"https:\/\/www.other-news.info\/noticias\/wp-json\/wp\/v2\/posts"}],"about":[{"href":"https:\/\/www.other-news.info\/noticias\/wp-json\/wp\/v2\/types\/post"}],"author":[{"embeddable":true,"href":"https:\/\/www.other-news.info\/noticias\/wp-json\/wp\/v2\/users\/2"}],"replies":[{"embeddable":true,"href":"https:\/\/www.other-news.info\/noticias\/wp-json\/wp\/v2\/comments?post=22046"}],"version-history":[{"count":1,"href":"https:\/\/www.other-news.info\/noticias\/wp-json\/wp\/v2\/posts\/22046\/revisions"}],"predecessor-version":[{"id":22047,"href":"https:\/\/www.other-news.info\/noticias\/wp-json\/wp\/v2\/posts\/22046\/revisions\/22047"}],"wp:attachment":[{"href":"https:\/\/www.other-news.info\/noticias\/wp-json\/wp\/v2\/media?parent=22046"}],"wp:term":[{"taxonomy":"category","embeddable":true,"href":"https:\/\/www.other-news.info\/noticias\/wp-json\/wp\/v2\/categories?post=22046"},{"taxonomy":"post_tag","embeddable":true,"href":"https:\/\/www.other-news.info\/noticias\/wp-json\/wp\/v2\/tags?post=22046"}],"curies":[{"name":"wp","href":"https:\/\/api.w.org\/{rel}","templated":true}]}}