{"id":22054,"date":"2023-02-01T20:49:21","date_gmt":"2023-02-01T19:49:21","guid":{"rendered":"https:\/\/www.other-news.info\/noticias\/?p=22054"},"modified":"2023-02-01T20:49:21","modified_gmt":"2023-02-01T19:49:21","slug":"brasil-abre-camino-en-la-lucha-mundial-contra-las-noticias-falsas","status":"publish","type":"post","link":"https:\/\/www.other-news.info\/noticias\/brasil-abre-camino-en-la-lucha-mundial-contra-las-noticias-falsas\/","title":{"rendered":"<strong>Brasil abre camino en la lucha mundial contra las noticias falsas<\/strong>"},"content":{"rendered":"\n<p class=\"wp-block-paragraph\"><strong><em>Por Mac Margolis y Robert Muggah &#8211; DemocraciaAbierta\/IPS<\/em><\/strong><\/p>\n\n\n\n<p class=\"wp-block-paragraph\">R\u00cdO DE JANEIRO \u2013 Mientras las fuerzas armadas y la polic\u00eda desarticulaban la insurrecci\u00f3n del 8 de enero en Brasilia y encarcelaban a m\u00e1s de 1000 alborotadores, los rumores se disparaban en Brasil.<\/p>\n\n\n\n<p class=\"wp-block-paragraph\">Como era de esperar, los simpatizantes del derrotado presidente Jair Bolsonaro estaban convencidos de que los v\u00e1ndalos eran las v\u00edctimas. Las redes sociales y los grupos de mensajer\u00eda privada se llenaron de historias de atroces abusos policiales, detenciones arbitrarias y centros de detenci\u00f3n similares a \u00abcampos de concentraci\u00f3n.<\/p>\n\n\n\n<p class=\"wp-block-paragraph\">Los influencers de la derecha alternativa brasile\u00f1a se inspiran en gran medida en sus hom\u00f3logos estadounidenses.<\/p>\n\n\n\n<p class=\"wp-block-paragraph\">Al igual que los conspiracionistas estadounidenses especularon con que los antifa y el Estado profundo estaban detr\u00e1s del asalto al Capitolio el 6 de enero de 2021, algunos canales de medios sociales de derechas culparon del asalto a los \u00abtres poderes\u00bb -el palacio presidencial, el Congreso y el Tribunal Supremo- a provocadores de izquierdas, que seg\u00fan ellos se hab\u00edan infiltrado en el movimiento para difamarlo.<\/p>\n\n\n\n<p class=\"wp-block-paragraph\">La diputada federal Bia Kicis, fiel aliada de Bolsonaro, anunci\u00f3 en Twitter la muerte de una anciana bajo custodia policial. Era mentira, pero no importa, el tuit acumul\u00f3 1,1 millones de visitas antes de que aparecieran los fact-checkers. Los excitables luchadores online de la extrema derecha brasile\u00f1a no tienen rival en el campo de batalla de la posverdad.<\/p>\n\n\n\n<p class=\"wp-block-paragraph\">Despu\u00e9s de todo, los reaccionarios de derechas brasile\u00f1os han tenido mucha pr\u00e1ctica difundiendo desinformaci\u00f3n. En los cuatro a\u00f1os transcurridos desde que Bolsonaro lleg\u00f3 al poder en 2019, la mayor democracia de Am\u00e9rica Latina se ha convertido en un hervidero de noticias falsas y teor\u00edas conspirativas, con muchos paralelismos con Estados Unidos.<\/p>\n\n\n\n<p class=\"wp-block-paragraph\">No faltan mentiras en todo el espectro pol\u00edtico del pa\u00eds, pero la derecha dura marca el ritmo. En la campa\u00f1a de las elecciones generales de 2022, esto signific\u00f3 compartir rumores irracionales, difamaciones, golpes bajos y mentiras descaradas, as\u00ed como lanzar alabanzas a la ciencia basura y hablar mal del elogiado sistema de voto electr\u00f3nico de Brasil.<\/p>\n\n\n\n<p class=\"wp-block-paragraph\">Los llamados \u00abbolsonaristas\u00bb publicaron aproximadamente el triple de v\u00eddeos en YouTube que los leales a Lula y los medios de comunicaci\u00f3n de izquierda, centro y convencionales, seg\u00fan una investigaci\u00f3n del equipo de seguridad digital del Instituto Igarap\u00e9, un think tank brasile\u00f1o.<\/p>\n\n\n\n<p class=\"wp-block-paragraph\">Los canales de extrema derecha en YouTube tambi\u00e9n generaron m\u00e1s de mil millones de visitas en las redes sociales entre agosto y octubre de 2022, y una participaci\u00f3n igualmente entusiasta entre los seguidores de Facebook e Instagram.<\/p>\n\n\n\n<p class=\"wp-block-paragraph\">La Fiscal\u00eda General de la Rep\u00fablica debe ahora cumplir su promesa de evitar que la fiscalizaci\u00f3n se convierta en censura.<\/p>\n\n\n\n<p class=\"wp-block-paragraph\">El tercer peri\u00f3dico brasile\u00f1o, O Estado de S\u00e3o Paulo, destac\u00f3 que el objetivo preferido de la extrema derecha era el Tribunal Supremo, que, seg\u00fan inform\u00f3, fue objeto de un aluvi\u00f3n de \u00abamenazas, insinuaciones y mucha desinformaci\u00f3n\u00bb por sus sentencias destinadas a frenar las noticias falsas.<\/p>\n\n\n\n<p class=\"wp-block-paragraph\">Aunque los falsarios partidistas no consiguieron cambiar el curso de las elecciones, contribuyeron a garantizar que la victoria en segunda vuelta de Luiz In\u00e1cio Lula da Silva, que gan\u00f3 por solo dos millones de votos, fuera la m\u00e1s ajustada desde el retorno de la democracia electoral a Brasil a finales de los a\u00f1os ochenta.<\/p>\n\n\n\n<p class=\"wp-block-paragraph\">Una encuesta realizada poco despu\u00e9s de los disturbios del 8 de enero mostraba que casi&nbsp; 40 % de los brasile\u00f1os segu\u00eda creyendo que Bolsonaro hab\u00eda ganado las elecciones presidenciales. El hecho de que los alborotadores de Brasilia camuflaran su fallido intento de insurrecci\u00f3n con los mismos engreimientos no hace sino alentar la t\u00e1ctica de armar la desinformaci\u00f3n y la informaci\u00f3n enga\u00f1osa.<\/p>\n\n\n\n<p class=\"wp-block-paragraph\">No es de extra\u00f1ar, pues, que una de las primeras medidas de Lula como presidente fuera lanzar una ofensiva contra la desinformaci\u00f3n: la Fiscal\u00eda Nacional de Defensa de la Democracia. Al encargar a la Fiscal\u00eda General la supervisi\u00f3n de la nueva oficina, el gobierno envi\u00f3 un mensaje inequ\u00edvoco: Brasilia est\u00e1 decidida a ganar la guerra contra las noticias falsas.<\/p>\n\n\n\n<p class=\"wp-block-paragraph\">La iniciativa provoc\u00f3 una feroz reacci\u00f3n de la extrema derecha y de algunos defensores de la libertad de expresi\u00f3n, que acusaron al gobierno de crear un orwelliano Ministerio de la Verdad para promover la censura.<\/p>\n\n\n\n<p class=\"wp-block-paragraph\">Pero no es solo la extrema derecha la que recela de la nueva oficina de Lula.<\/p>\n\n\n\n<p class=\"wp-block-paragraph\">Los activistas de los derechos digitales han expresado su preocupaci\u00f3n por lo que constituye \u00abdesinformaci\u00f3n\u00bb, qui\u00e9n decide qu\u00e9 opiniones constituyen provocaci\u00f3n y qu\u00e9 poderes tendr\u00e1 la oficina para vigilar esto.<\/p>\n\n\n\n<p class=\"wp-block-paragraph\">Se trata de un tema com\u00fan en todo el mundo: gobiernos, empresas y activistas de todo el globo luchan no s\u00f3lo por contener la desinformaci\u00f3n, sino por definirla.<\/p>\n\n\n\n<p class=\"wp-block-paragraph\">La Fiscal\u00eda General de Brasil ha redactado su propia definici\u00f3n: \u00abMentira intencionada voluntaria con la intenci\u00f3n de perjudicar el orden p\u00fablico\u00bb.<\/p>\n\n\n\n<p class=\"wp-block-paragraph\">Es una descripci\u00f3n tan amplia como imprecisa.<\/p>\n\n\n\n<p class=\"wp-block-paragraph\">La desinformaci\u00f3n, seg\u00fan el fiscal general, incluye cualquier contenido destinado a promover ataques deliberados contra \u00abmiembros de los poderes p\u00fablicos\u00bb. Un mandato tan amplio ha provocado el rechazo de pol\u00edticos de la oposici\u00f3n y defensores de los derechos c\u00edvicos, que temen que pueda utilizarse para silenciar a los opositores y fomentar la censura.<\/p>\n\n\n\n<p class=\"wp-block-paragraph\">Los legisladores brasile\u00f1os son conscientes de los riesgos inherentes a un mandato impreciso. Les preocupa que la nueva autoridad pueda ser una invitaci\u00f3n al aventurerismo jur\u00eddico, cuando no a la arbitrariedad absoluta. Tambi\u00e9n podr\u00eda invitar a una multitud de desaf\u00edos legales que s\u00f3lo un abogado podr\u00eda desear.<\/p>\n\n\n\n<p class=\"wp-block-paragraph\">La Fiscal\u00eda General ha tomado nota y ha prometido que no tiene intenci\u00f3n de extralimitarse.<\/p>\n\n\n\n<p class=\"wp-block-paragraph\"><strong>Una primicia mundial<\/strong><\/p>\n\n\n\n<p class=\"wp-block-paragraph\">Brasil no es el \u00fanico pa\u00eds democr\u00e1tico que lucha contra la falsedad digital. Las autoridades p\u00fablicas de la India tambi\u00e9n est\u00e1n considerando prohibir cualquier noticia considerada \u00abfalsa\u00bb en las redes sociales. Sin embargo, las peculiaridades de Brasil lo han convertido en un ejemplo de experimentaci\u00f3n pol\u00edtica, improvisaci\u00f3n y falsos comienzos.<\/p>\n\n\n\n<p class=\"wp-block-paragraph\">El pa\u00eds no es s\u00f3lo una democracia vibrante y bulliciosa, es tambi\u00e9n una sociedad hiperconectada de unos 216 millones de habitantes, seg\u00fan las \u00faltimas estimaciones del censo, con unos 118 tel\u00e9fonos m\u00f3viles por cada 100 habitantes, el quinto mercado mundial de medios sociales y con poca paciencia para las fuentes convencionales de noticias.<\/p>\n\n\n\n<p class=\"wp-block-paragraph\">Brasil padece una pol\u00edtica disfuncional -23 partidos tienen esca\u00f1os en el Congreso Nacional y el Senado, lo que convierte cada debate en una pelea en la jaula- y una desconfianza cada vez mayor en el gobierno, especialmente entre los votantes j\u00f3venes.<\/p>\n\n\n\n<p class=\"wp-block-paragraph\">Todo ello favorece a los populistas m\u00e1s rastreros, que juegan de cara a la galer\u00eda, convirtiendo a Brasil en una f\u00e1brica de exageraciones y bulos amplificados algor\u00edtmicamente.<\/p>\n\n\n\n<p class=\"wp-block-paragraph\">Pero tras a\u00f1os de toxicidad en Internet, Brasil quiere mostrar al mundo c\u00f3mo contraatacar.<\/p>\n\n\n\n<p class=\"wp-block-paragraph\">La r\u00e1pida contenci\u00f3n de los chanchullos en Internet por parte del Tribunal Supremo -acabando con las noticias falsas y sancionando ocasionalmente a sus proveedores- durante la temporada electoral de 2022 constituye sin duda un modelo para otros pa\u00edses. Sin embargo, no ser\u00e1 f\u00e1cil ganarse el apoyo de los ciudadanos.<\/p>\n\n\n\n<p class=\"wp-block-paragraph\">Si bien hay pocas dudas sobre el impacto en el mundo real de la desinformaci\u00f3n maliciosa -consideremos el negacionismo de las vacunas sancionado por el Estado que hizo de Bolsonaro en el pa\u00eds con la segunda cifra m\u00e1s alta de muertes por Covid-, no hay consenso entre los brasile\u00f1os sobre c\u00f3mo abordar uno de los problemas m\u00e1s nuevos e intratables de la democracia.<\/p>\n\n\n\n<p class=\"wp-block-paragraph\">Como ocurre a menudo en la pol\u00edtica brasile\u00f1a, parte del esfuerzo por contener la desinformaci\u00f3n es tambi\u00e9n personal. La represi\u00f3n institucional de Lula sigue a una bater\u00eda de amenazas y ataques en l\u00ednea por parte de turbas derechistas contra jueces del Tribunal Supremo y sus familias.<\/p>\n\n\n\n<p class=\"wp-block-paragraph\">Gran parte de la furia se centra en un solo hombre: el juez Alexandre de Moraes, exsecretario de Seguridad P\u00fablica de S\u00e3o Paulo.<\/p>\n\n\n\n<p class=\"wp-block-paragraph\">Desde que fue nombrado miembro del Tribunal Supremo en 2017, Moraes ha adoptado una postura dura contra las noticias falsas. Ha ordenado que se encarcele a los difusores de noticias falsas, que se multe a quienes las financian y que se eliminen decenas de cuentas de redes sociales supuestamente sediciosas de derechas.<\/p>\n\n\n\n<p class=\"wp-block-paragraph\">Moraes se ha vuelto tan omnipresente que, durante un seminario en l\u00ednea, la analista pol\u00edtica brasile\u00f1a Beatriz Rey, de la Universidad del Estado de R\u00edo de Janeiro, lo llam\u00f3, solo medio en broma, \u00abel protector del reino\u00bb, como el se\u00f1or de \u00abJuego de Tronos\u00bb.<\/p>\n\n\n\n<p class=\"wp-block-paragraph\">Aunque la cruzada de Brasil para acabar con la desinformaci\u00f3n es ampliamente admirada, tambi\u00e9n inspira aprensi\u00f3n. Aunque los brasile\u00f1os de izquierdas se\u00f1alan que la mayor\u00eda de los jueces de Moraes acaban respaldando sus decisiones, nadie m\u00e1s en la c\u00fapula del pa\u00eds ha asumido el papel de vengador con tanta seriedad.<\/p>\n\n\n\n<p class=\"wp-block-paragraph\">Se ha sugerido que la inspiraci\u00f3n de Moraes es otra personalidad jur\u00eddica controvertida: Sergio Moro, el ex juez que presidi\u00f3 el esc\u00e1ndalo de corrupci\u00f3n Lava Jato (Lavado de Coches), pero que cay\u00f3 en desgracia por extralimitarse en el ejercicio de sus funciones en fallos considerados parciales.<\/p>\n\n\n\n<p class=\"wp-block-paragraph\">\u00abMoraes esgrime la misma pluma poderosa [que Moro]\u00bb, afirm\u00f3 Claudio Lucena, acad\u00e9mico de la Universidad Estatal de Para\u00edba que forma parte del Consejo Nacional de Privacidad y Protecci\u00f3n de Datos\u00ab<\/p>\n\n\n\n<p class=\"wp-block-paragraph\">S\u00ed, la mayor\u00eda de los jueces suelen respaldarle, pero nadie tiene el valor de tomar la iniciativa\u00bb, dijo Lucena, haci\u00e9ndose eco de los cr\u00edticos que han acusado a Moraes de poner a prueba los l\u00edmites de la ley.<\/p>\n\n\n\n<p class=\"wp-block-paragraph\">Aunque la hiperactividad de Moraes molesta a los cr\u00edticos, pone de relieve la desconfianza de otras instituciones nacionales.<\/p>\n\n\n\n<p class=\"wp-block-paragraph\">Los legisladores federales han estado vacilando sobre un proyecto de ley para frenar las noticias falsas y el llamado \u00abgabinete del odio\u00bb, una granja de trolls para el discurso del odio que ha estado operando desde 2021 y que al parecer est\u00e1 supervisada por el segundo hijo de Bolsonaro, Carlos.<\/p>\n\n\n\n<p class=\"wp-block-paragraph\">En lugar de investigar las denuncias de difamaci\u00f3n digital, incitaci\u00f3n a la violencia y contenidos maliciosos, el fiscal general de Brasil ha escondido la cabeza bajo el ala.<\/p>\n\n\n\n<p class=\"wp-block-paragraph\">La lasitud oficial ha forzado la mano del Tribunal Supremo, que ha intervenido con avidez. Parte del problema es el mandato imposible del m\u00e1ximo tribunal, que act\u00faa simult\u00e1neamente como tribunal constitucional, \u00faltima instancia de apelaci\u00f3n del pa\u00eds y tribunal de primera instancia para los cargos electos que gozan de inmunidad judicial en los tribunales inferiores.<\/p>\n\n\n\n<p class=\"wp-block-paragraph\">El resultado es una lista anual de decenas de miles de casos, que confiere poderes desproporcionados a los 11 jueces, cada una de cuyas palabras es difundida, analizada y puesta en la picota dentro de Internet y afuera.<\/p>\n\n\n\n<p class=\"wp-block-paragraph\">El Congreso fomenta la extralimitaci\u00f3n judicial recurriendo sistem\u00e1ticamente las derrotas legislativas ante el m\u00e1s alto tribunal. Estos procesos son onerosos. De hecho, Brasil tiene el poder judicial m\u00e1s caro del mundo en paridad de poder adquisitivo.<\/p>\n\n\n\n<p class=\"wp-block-paragraph\">Sin embargo, ser\u00eda enga\u00f1oso reducir la respuesta de Brasil a la desinformaci\u00f3n en l\u00ednea \u00fanicamente a Moraes. La creaci\u00f3n de la nueva oficina forma parte de un esfuerzo continuo del poder judicial y de grupos de la sociedad civil para eliminar las noticias falsas, las conspiraciones y el discurso de odio de las plataformas de las redes sociales. Una nueva Oficina de Coordinaci\u00f3n de Derechos Digitales, dependiente del ministro de Justicia, tambi\u00e9n se sumar\u00e1 a la lucha.<\/p>\n\n\n\n<p class=\"wp-block-paragraph\">El a\u00f1o pasado, el Consejo Nacional de Justicia y el Supremo Tribunal Federal de Brasil, junto con m\u00e1s de una docena de agencias y organizaciones, lanzaron un panel multisectorial para concienciar a la opini\u00f3n p\u00fablica sobre los riesgos de producir y compartir desinformaci\u00f3n.<\/p>\n\n\n\n<p class=\"wp-block-paragraph\">La campa\u00f1a #fakenewsnao (#nofakenews) ha llegado a decenas de millones de personas. Mientras tanto, el m\u00e1ximo tribunal electoral del pa\u00eds ha firmado acuerdos con las principales empresas de redes sociales para tomar medidas contra la desinformaci\u00f3n y crear un observatorio dirigido por la sociedad civil para vigilar e informar sobre contenidos peligrosos online.<\/p>\n\n\n\n<p class=\"wp-block-paragraph\">Los disidentes de extrema derecha incluyen al legislador federal y v\u00e1stago de Bolsonaro, Eduardo, as\u00ed como a muchos derechistas de partidos dispares fuera de la burbuja de Bolsonaro, como los legisladores federales Kim Kataguiri, del liberal conservador Uni\u00e3o Brasil, Lucas Redecker, del Partido de la Social Democracia Brasile\u00f1a, y Adriana Ventura, del libertario Novo.<\/p>\n\n\n\n<p class=\"wp-block-paragraph\">Su principal preocupaci\u00f3n es el riesgo de que el gobierno de Lula cree un sistema de vigilancia al estilo del Gran Hermano para espiar a los adversarios y coartar la libertad de expresi\u00f3n, adem\u00e1s de confundir la opini\u00f3n con la incitaci\u00f3n criminal.<\/p>\n\n\n\n<p class=\"wp-block-paragraph\">En Brasil, el debate sobre c\u00f3mo regular los da\u00f1os digitales se est\u00e1 calentando. Con varias disposiciones del decreto presidencial a\u00fan por determinar, la Fiscal\u00eda General debe cumplir su promesa de evitar que la supervisi\u00f3n se convierta en censura.<\/p>\n\n\n\n<p class=\"wp-block-paragraph\">Al mismo tiempo, pol\u00edticos y personas influyentes que han convertido las noticias falsas, las conspiraciones y el discurso del odio en un nicho de negocio est\u00e1n apuntando sus armas digitales contra la nueva oficina.<\/p>\n\n\n\n<p class=\"wp-block-paragraph\">En cualquier caso, mientras los legisladores y jueces brasile\u00f1os abren nuevos caminos, los gobiernos de todo el mundo estar\u00e1n muy atentos.<\/p>\n\n\n\n<p class=\"wp-block-paragraph\">Hay mucho en juego, y no solo en Brasil. Si las instituciones heredadas est\u00e1n perdiendo credibilidad en todas partes, tambi\u00e9n lo est\u00e1 haciendo la fe en la informaci\u00f3n online. La confianza en Internet ha ca\u00eddo&nbsp; 18 % en Brasil desde 2019, uno de los descensos m\u00e1s pronunciados entre los 20 pa\u00edses encuestados por el <em>New Institute<\/em>, con sede en Alemania.<\/p>\n\n\n\n<p class=\"wp-block-paragraph\">Tal vez no deber\u00eda sorprender que los mercachifles de los nuevos medios, que conf\u00edan en una v\u00eda r\u00e1pida digital sin trabas para despachar su cantinela col\u00e9rica a la plaza p\u00fablica, puedan haberse convertido en su peor enemigo.<\/p>\n","protected":false},"excerpt":{"rendered":"<p>Por Mac Margolis y Robert Muggah &#8211; DemocraciaAbierta\/IPS R\u00cdO DE JANEIRO \u2013 Mientras las fuerzas armadas y la polic\u00eda desarticulaban la insurrecci\u00f3n del 8 de enero en Brasilia y encarcelaban a m\u00e1s de 1000 alborotadores, los rumores se disparaban en Brasil. Como era de esperar, los\u2026<\/p>\n","protected":false},"author":2,"featured_media":0,"comment_status":"closed","ping_status":"open","sticky":false,"template":"","format":"standard","meta":{"footnotes":""},"categories":[1],"tags":[],"class_list":["post-22054","post","type-post","status-publish","format-standard","hentry","category-other-news"],"yoast_head":"<!-- This site is optimized with the Yoast SEO plugin v16.7 - https:\/\/yoast.com\/wordpress\/plugins\/seo\/ -->\n<title>Brasil abre camino en la lucha mundial contra las noticias falsas - Other News - Voz en contra de la corriente<\/title>\n<meta name=\"robots\" content=\"index, follow, max-snippet:-1, max-image-preview:large, max-video-preview:-1\" \/>\n<link rel=\"canonical\" href=\"https:\/\/www.other-news.info\/noticias\/brasil-abre-camino-en-la-lucha-mundial-contra-las-noticias-falsas\/\" \/>\n<meta property=\"og:locale\" content=\"es_ES\" \/>\n<meta property=\"og:type\" content=\"article\" \/>\n<meta property=\"og:title\" content=\"Brasil abre camino en la lucha mundial contra las noticias falsas - Other News - Voz en contra de la corriente\" \/>\n<meta property=\"og:description\" content=\"Por Mac Margolis y Robert Muggah - DemocraciaAbierta\/IPS R\u00cdO DE JANEIRO \u2013 Mientras las fuerzas armadas y la polic\u00eda desarticulaban la insurrecci\u00f3n del 8 de enero en Brasilia y encarcelaban a m\u00e1s de 1000 alborotadores, los rumores se disparaban en Brasil. Como era de esperar, los\u2026\" \/>\n<meta property=\"og:url\" content=\"https:\/\/www.other-news.info\/noticias\/brasil-abre-camino-en-la-lucha-mundial-contra-las-noticias-falsas\/\" \/>\n<meta property=\"og:site_name\" content=\"Other News - Voz en contra de la corriente\" \/>\n<meta property=\"article:published_time\" content=\"2023-02-01T19:49:21+00:00\" \/>\n<meta name=\"twitter:card\" content=\"summary_large_image\" \/>\n<meta name=\"twitter:label1\" content=\"Escrito por\" \/>\n\t<meta name=\"twitter:data1\" content=\"admin\" \/>\n\t<meta name=\"twitter:label2\" content=\"Tiempo de lectura\" \/>\n\t<meta name=\"twitter:data2\" content=\"10 minutos\" \/>\n<script type=\"application\/ld+json\" class=\"yoast-schema-graph\">{\"@context\":\"https:\/\/schema.org\",\"@graph\":[{\"@type\":\"WebSite\",\"@id\":\"https:\/\/www.other-news.info\/noticias\/#website\",\"url\":\"https:\/\/www.other-news.info\/noticias\/\",\"name\":\"Other News - Voz en contra de la corriente\",\"description\":\"Voz en contra de la corriente\",\"potentialAction\":[{\"@type\":\"SearchAction\",\"target\":{\"@type\":\"EntryPoint\",\"urlTemplate\":\"https:\/\/www.other-news.info\/noticias\/?s={search_term_string}\"},\"query-input\":\"required name=search_term_string\"}],\"inLanguage\":\"es\"},{\"@type\":\"WebPage\",\"@id\":\"https:\/\/www.other-news.info\/noticias\/brasil-abre-camino-en-la-lucha-mundial-contra-las-noticias-falsas\/#webpage\",\"url\":\"https:\/\/www.other-news.info\/noticias\/brasil-abre-camino-en-la-lucha-mundial-contra-las-noticias-falsas\/\",\"name\":\"Brasil abre camino en la lucha mundial contra las noticias falsas - Other News - Voz en contra de la corriente\",\"isPartOf\":{\"@id\":\"https:\/\/www.other-news.info\/noticias\/#website\"},\"datePublished\":\"2023-02-01T19:49:21+00:00\",\"dateModified\":\"2023-02-01T19:49:21+00:00\",\"author\":{\"@id\":\"https:\/\/www.other-news.info\/noticias\/#\/schema\/person\/dd0ead9df8654b02034c4da003b9991b\"},\"breadcrumb\":{\"@id\":\"https:\/\/www.other-news.info\/noticias\/brasil-abre-camino-en-la-lucha-mundial-contra-las-noticias-falsas\/#breadcrumb\"},\"inLanguage\":\"es\",\"potentialAction\":[{\"@type\":\"ReadAction\",\"target\":[\"https:\/\/www.other-news.info\/noticias\/brasil-abre-camino-en-la-lucha-mundial-contra-las-noticias-falsas\/\"]}]},{\"@type\":\"BreadcrumbList\",\"@id\":\"https:\/\/www.other-news.info\/noticias\/brasil-abre-camino-en-la-lucha-mundial-contra-las-noticias-falsas\/#breadcrumb\",\"itemListElement\":[{\"@type\":\"ListItem\",\"position\":1,\"name\":\"Home\",\"item\":\"https:\/\/www.other-news.info\/noticias\/\"},{\"@type\":\"ListItem\",\"position\":2,\"name\":\"Brasil abre camino en la lucha mundial contra las noticias falsas\"}]},{\"@type\":\"Person\",\"@id\":\"https:\/\/www.other-news.info\/noticias\/#\/schema\/person\/dd0ead9df8654b02034c4da003b9991b\",\"name\":\"admin\",\"image\":{\"@type\":\"ImageObject\",\"@id\":\"https:\/\/www.other-news.info\/noticias\/#personlogo\",\"inLanguage\":\"es\",\"url\":\"https:\/\/secure.gravatar.com\/avatar\/e67344401a27ff9f91b2b48296aaa8fb9186ac51a3404ed4bdfbe790b6a9ee11?s=96&d=mm&r=g\",\"contentUrl\":\"https:\/\/secure.gravatar.com\/avatar\/e67344401a27ff9f91b2b48296aaa8fb9186ac51a3404ed4bdfbe790b6a9ee11?s=96&d=mm&r=g\",\"caption\":\"admin\"},\"url\":\"https:\/\/www.other-news.info\/noticias\/author\/admin\/\"}]}<\/script>\n<!-- \/ Yoast SEO plugin. -->","yoast_head_json":{"title":"Brasil abre camino en la lucha mundial contra las noticias falsas - Other News - Voz en contra de la corriente","robots":{"index":"index","follow":"follow","max-snippet":"max-snippet:-1","max-image-preview":"max-image-preview:large","max-video-preview":"max-video-preview:-1"},"canonical":"https:\/\/www.other-news.info\/noticias\/brasil-abre-camino-en-la-lucha-mundial-contra-las-noticias-falsas\/","og_locale":"es_ES","og_type":"article","og_title":"Brasil abre camino en la lucha mundial contra las noticias falsas - Other News - Voz en contra de la corriente","og_description":"Por Mac Margolis y Robert Muggah - DemocraciaAbierta\/IPS R\u00cdO DE JANEIRO \u2013 Mientras las fuerzas armadas y la polic\u00eda desarticulaban la insurrecci\u00f3n del 8 de enero en Brasilia y encarcelaban a m\u00e1s de 1000 alborotadores, los rumores se disparaban en Brasil. Como era de esperar, los\u2026","og_url":"https:\/\/www.other-news.info\/noticias\/brasil-abre-camino-en-la-lucha-mundial-contra-las-noticias-falsas\/","og_site_name":"Other News - Voz en contra de la corriente","article_published_time":"2023-02-01T19:49:21+00:00","twitter_card":"summary_large_image","twitter_misc":{"Escrito por":"admin","Tiempo de lectura":"10 minutos"},"schema":{"@context":"https:\/\/schema.org","@graph":[{"@type":"WebSite","@id":"https:\/\/www.other-news.info\/noticias\/#website","url":"https:\/\/www.other-news.info\/noticias\/","name":"Other News - Voz en contra de la corriente","description":"Voz en contra de la corriente","potentialAction":[{"@type":"SearchAction","target":{"@type":"EntryPoint","urlTemplate":"https:\/\/www.other-news.info\/noticias\/?s={search_term_string}"},"query-input":"required name=search_term_string"}],"inLanguage":"es"},{"@type":"WebPage","@id":"https:\/\/www.other-news.info\/noticias\/brasil-abre-camino-en-la-lucha-mundial-contra-las-noticias-falsas\/#webpage","url":"https:\/\/www.other-news.info\/noticias\/brasil-abre-camino-en-la-lucha-mundial-contra-las-noticias-falsas\/","name":"Brasil abre camino en la lucha mundial contra las noticias falsas - Other News - Voz en contra de la corriente","isPartOf":{"@id":"https:\/\/www.other-news.info\/noticias\/#website"},"datePublished":"2023-02-01T19:49:21+00:00","dateModified":"2023-02-01T19:49:21+00:00","author":{"@id":"https:\/\/www.other-news.info\/noticias\/#\/schema\/person\/dd0ead9df8654b02034c4da003b9991b"},"breadcrumb":{"@id":"https:\/\/www.other-news.info\/noticias\/brasil-abre-camino-en-la-lucha-mundial-contra-las-noticias-falsas\/#breadcrumb"},"inLanguage":"es","potentialAction":[{"@type":"ReadAction","target":["https:\/\/www.other-news.info\/noticias\/brasil-abre-camino-en-la-lucha-mundial-contra-las-noticias-falsas\/"]}]},{"@type":"BreadcrumbList","@id":"https:\/\/www.other-news.info\/noticias\/brasil-abre-camino-en-la-lucha-mundial-contra-las-noticias-falsas\/#breadcrumb","itemListElement":[{"@type":"ListItem","position":1,"name":"Home","item":"https:\/\/www.other-news.info\/noticias\/"},{"@type":"ListItem","position":2,"name":"Brasil abre camino en la lucha mundial contra las noticias falsas"}]},{"@type":"Person","@id":"https:\/\/www.other-news.info\/noticias\/#\/schema\/person\/dd0ead9df8654b02034c4da003b9991b","name":"admin","image":{"@type":"ImageObject","@id":"https:\/\/www.other-news.info\/noticias\/#personlogo","inLanguage":"es","url":"https:\/\/secure.gravatar.com\/avatar\/e67344401a27ff9f91b2b48296aaa8fb9186ac51a3404ed4bdfbe790b6a9ee11?s=96&d=mm&r=g","contentUrl":"https:\/\/secure.gravatar.com\/avatar\/e67344401a27ff9f91b2b48296aaa8fb9186ac51a3404ed4bdfbe790b6a9ee11?s=96&d=mm&r=g","caption":"admin"},"url":"https:\/\/www.other-news.info\/noticias\/author\/admin\/"}]}},"_links":{"self":[{"href":"https:\/\/www.other-news.info\/noticias\/wp-json\/wp\/v2\/posts\/22054","targetHints":{"allow":["GET"]}}],"collection":[{"href":"https:\/\/www.other-news.info\/noticias\/wp-json\/wp\/v2\/posts"}],"about":[{"href":"https:\/\/www.other-news.info\/noticias\/wp-json\/wp\/v2\/types\/post"}],"author":[{"embeddable":true,"href":"https:\/\/www.other-news.info\/noticias\/wp-json\/wp\/v2\/users\/2"}],"replies":[{"embeddable":true,"href":"https:\/\/www.other-news.info\/noticias\/wp-json\/wp\/v2\/comments?post=22054"}],"version-history":[{"count":1,"href":"https:\/\/www.other-news.info\/noticias\/wp-json\/wp\/v2\/posts\/22054\/revisions"}],"predecessor-version":[{"id":22055,"href":"https:\/\/www.other-news.info\/noticias\/wp-json\/wp\/v2\/posts\/22054\/revisions\/22055"}],"wp:attachment":[{"href":"https:\/\/www.other-news.info\/noticias\/wp-json\/wp\/v2\/media?parent=22054"}],"wp:term":[{"taxonomy":"category","embeddable":true,"href":"https:\/\/www.other-news.info\/noticias\/wp-json\/wp\/v2\/categories?post=22054"},{"taxonomy":"post_tag","embeddable":true,"href":"https:\/\/www.other-news.info\/noticias\/wp-json\/wp\/v2\/tags?post=22054"}],"curies":[{"name":"wp","href":"https:\/\/api.w.org\/{rel}","templated":true}]}}