{"id":22057,"date":"2023-02-01T20:54:24","date_gmt":"2023-02-01T19:54:24","guid":{"rendered":"https:\/\/www.other-news.info\/noticias\/?p=22057"},"modified":"2023-02-01T20:54:25","modified_gmt":"2023-02-01T19:54:25","slug":"dina-boluarte-no-entendio-el-mandato-que-recibio-y-estamos-pagando-las-consecuencias","status":"publish","type":"post","link":"https:\/\/www.other-news.info\/noticias\/dina-boluarte-no-entendio-el-mandato-que-recibio-y-estamos-pagando-las-consecuencias\/","title":{"rendered":"<strong>Dina Boluarte no entendi\u00f3 el mandato que recibi\u00f3 y estamos pagando las consecuencias<\/strong>"},"content":{"rendered":"\n<p class=\"wp-block-paragraph\"><strong><em>Por Diego Salazar* &#8211; The Washington Post<\/em><\/strong><\/p>\n\n\n\n<p class=\"wp-block-paragraph\">La presidenta de Per\u00fa, Dina Boluarte, quien asumi\u00f3 el poder el 7 de diciembre de 2022, horas despu\u00e9s de que su antecesor intentara perpetrar un golpe de Estado, entendi\u00f3 mal desde un inicio el mandato que recibi\u00f3.<\/p>\n\n\n\n<p class=\"wp-block-paragraph\">Ese d\u00eda, cuando jur\u00f3 la presidencia delante del Congreso de la Rep\u00fablica y ante un pa\u00eds que horas antes hab\u00eda sobrevivido a uno de los eventos m\u00e1s traum\u00e1ticos que puede experimentar una democracia, Boluarte dijo que asum\u00eda el cargo \u201cdesde este momento hasta el 26 de julio de 2026\u201d.<\/p>\n\n\n\n<p class=\"wp-block-paragraph\">Si bien el mandato para el que fueron elegidos el expresidente Pedro Castillo y ella, como primera y \u00fanica vicepresidenta, conclu\u00eda en 2026, no hab\u00eda nadie en su sano juicio en el pa\u00eds que pudiera pensar que eso fuera posible. Esa, sin duda, fue la primera se\u00f1al de alarma. La hasta entonces vicepresidenta, que deb\u00eda haber seguido con la atenci\u00f3n de un futbolista en el banquillo de suplentes las incidencias del partido, demostraba en su primer discurso como cabeza del Ejecutivo que no entend\u00eda para qu\u00e9 estaba siendo convocada.<\/p>\n\n\n\n<p class=\"wp-block-paragraph\">No se trata de una mera corazonada o una conclusi\u00f3n f\u00e1cil hecha en retrospectiva. Ya entonces exist\u00edan datos de sobra para saber que la inmensa mayor\u00eda de las y los peruanos no iba a aceptar un gobierno liderado por ella hasta 2026. A finales de octubre del a\u00f1o pasado, dos encuestas distintas preguntaron a la ciudadan\u00eda por posibles salidas a la crisis pol\u00edtica que ven\u00eda atravesando el pa\u00eds.<\/p>\n\n\n\n<p class=\"wp-block-paragraph\">En la primera, realizada por IPSOS, la opci\u00f3n \u201cQue la vicepresidenta Dina Boluarte reemplace a Pedro Castillo en la presidencia y ella y el actual Congreso contin\u00faen hasta el 2026\u201d era elegida \u00fanicamente por 10% de los encuestados. En la segunda, del Instituto de Estudios Peruanos (IEP), ante la pregunta \u201c\u00bfQu\u00e9 cree que ser\u00eda lo m\u00e1s conveniente para el pa\u00eds?\u201d, solo 3% respond\u00eda \u201cQue Pedro Castillo deje el gobierno y que Dina Boluarte asuma la presidencia\u201d. El IEP ven\u00eda haciendo esa pregunta desde febrero de 2022 y en ning\u00fan momento la opci\u00f3n Boluarte pas\u00f3 de 4%. Es decir, si atendemos a los resultados de ambos estudios de opini\u00f3n, nadie en el Per\u00fa contemplaba un Ejecutivo liderado por la entonces vicepresidenta como una soluci\u00f3n para nuestros problemas.<\/p>\n\n\n\n<p class=\"wp-block-paragraph\">Pese a ello, ya casi con la banda presidencial encima, Boluarte decidi\u00f3 que su mandato era ese. A partir de ah\u00ed sabemos lo que ha venido ocurriendo.<\/p>\n\n\n\n<p class=\"wp-block-paragraph\">La calle ha respondido exigiendo la renuncia de la presidenta y un adelanto expr\u00e9s de elecciones. Boluarte y el Congreso, con la desconexi\u00f3n que caracteriza a nuestros l\u00edderes pol\u00edticos, no han sido capaces de atajar esas y otras demandas a tiempo, y las protestas, aisladas en un primer momento, han ido creciendo en n\u00famero, intensidad y violencia.<\/p>\n\n\n\n<p class=\"wp-block-paragraph\">Es innegable a estas alturas que, junto a aquellos que protestan de forma leg\u00edtima y trasladan a la calle su frustraci\u00f3n porque sienten, de manera justa e incontestable, que hay un Estado y un gobierno que no los escucha, hay no pocos elementos radicales que vienen desplegando un nivel de violencia inaceptable: intentos de toma de aeropuertos, la quema de oficinas p\u00fablicas, la quema de la vivienda de un congresista, la muerte de un polic\u00eda quemado vivo, adem\u00e1s de bloqueos de carreteras en distintos puntos del pa\u00eds que empiezan a producir desabasto y que, en algunas localidades, est\u00e1n provocando enfrentamientos entre manifestantes y vecinos o trabajadores.<\/p>\n\n\n\n<p class=\"wp-block-paragraph\">Ante esto, el gobierno liderado por la presidenta Boluarte ha reaccionado, desde el inicio y sin mostrar el m\u00e1s m\u00ednimo esp\u00edritu de enmienda, con una violencia igual de inaceptable en un estado de Derecho. Seg\u00fan la Defensor\u00eda del Pueblo, hasta el 24 de enero, hab\u00edan muerto 46 civiles en enfrentamientos con la fuerza del orden, la mayor\u00eda por impacto de bala. 17 de ellos en un solo d\u00eda, durante las manifestaciones del 9 de enero en Juliaca.<\/p>\n\n\n\n<p class=\"wp-block-paragraph\">Ante las cr\u00edticas, Boluarte y su gobierno han respondido, de forma inexplicable, redoblando la apuesta, satanizando la protesta en su conjunto y con actuaciones tan cuestionables como la llevada a cabo en la Universidad Nacional Mayor de San Marcos, una de las instituciones educativas m\u00e1s importantes del pa\u00eds, que amaneci\u00f3 el s\u00e1bado 21 de enero tomada por centenares de polic\u00edas. Ese d\u00eda, los efectivos policiales no solo tumbaron con una tanqueta la puerta de la universidad, que alojaba a manifestantes que hab\u00edan llegado a Lima desde otras regiones del pa\u00eds, sino que irrumpieron en viviendas universitarias, detuvieron a casi 200 personas, a muchas de las cuales obligaron a tumbarse en el piso y vejaron. Dos d\u00edas despu\u00e9s, la Polic\u00eda tuvo que liberar a todos los detenidos por no tener ninguna evidencia en su contra.<\/p>\n\n\n\n<p class=\"wp-block-paragraph\">Ante los m\u00faltiples cuestionamientos a la actuaci\u00f3n de las fuerzas del orden, la presidenta y su primer ministro han se\u00f1alado que la Polic\u00eda ha tenido una \u201cconducta inmaculada\u201d durante las protestas en Lima y han defendido \u201cel inmenso sacrificio y profesionalismo de la polic\u00eda nacional y nuestras fuerzas armadas\u201d. De forma igualmente inexplicable, Boluarte ha se\u00f1alado en repetidas ocasiones que \u201cno se est\u00e1 entendiendo\u201d la raz\u00f3n de las protestas. Cuestionada acerca del adelanto de elecciones que exige una mayor\u00eda de los ciudadanos, la presidenta, una y otra vez, se ha limitado a se\u00f1alar que esto queda fuera de sus competencias, que el gobierno ya present\u00f3 una propuesta y la pelota se encuentra en la cancha del Congreso. El parlamento, como viene siendo habitual, sigue enfrascado en luchas internas que nada tienen que ver con los reclamos ciudadanos y exhibe con orgullo 88% de desaprobaci\u00f3n ciudadana.<\/p>\n\n\n\n<p class=\"wp-block-paragraph\">Ante la insatisfacci\u00f3n, el caos y la violencia, la respuesta ofrecida por el gobierno Boluarte \u2014y sus aliados de ocasi\u00f3n en el Congreso\u2014 ha sido m\u00e1s violencia y un gesto de perplejidad ante la creciente crisis del pa\u00eds. La presidenta y sus allegados no parecen entender que, su inacci\u00f3n pol\u00edtica, ese ponerse de lado ante los reclamos de una ciudadan\u00eda cada vez m\u00e1s decepcionada y a la vez asumir que no puede ofrecer m\u00e1s respuesta que la policial, solo consigue que los extremos ganen adeptos.<\/p>\n\n\n\n<p class=\"wp-block-paragraph\">Por un lado, tenemos a quienes, ante la violencia en las manifestaciones, parecen estar dispuestos a que \u201cel orden\u201d sea restablecido a cualquier precio. Incluso si esto supone, como hemos visto, que la Polic\u00eda dispare a mansalva. Siempre y cuando, claro, esas balas pasen lejos de ellos. Y, por otro, tenemos a aquellos que no tienen el m\u00e1s m\u00ednimo empacho en cabalgar a lomos de los muertos para sacar adelante una agenda \u2014hoy es una asamblea constituyente, ma\u00f1ana qui\u00e9n sabe\u2014 que en circunstancias relativamente normales no tendr\u00edan c\u00f3mo defender exitosamente en una elecci\u00f3n popular.<\/p>\n\n\n\n<p class=\"wp-block-paragraph\">En un ambiente tan polarizado como el actual y ante la falta de propuestas pol\u00edticas que inviten a buscar soluciones fuera de escenarios maximalistas, los extremos se hacen m\u00e1s y m\u00e1s atractivos a quienes buscan que el caos sea domado o que sus reclamos sean escuchados.<\/p>\n\n\n\n<p class=\"wp-block-paragraph\">Como resultado, lo que tenemos es un pa\u00eds donde el consenso democr\u00e1tico, la idea de que discrepar, llegar a acuerdos a veces insatisfactorios para todos y conducir los asuntos que competen a la sociedad a trav\u00e9s de las instituciones \u2014el Ejecutivo, el parlamento, el Tribunal Constitucional, etc.\u2014 que nos hemos dado para ello, est\u00e1 quebr\u00e1ndose de forma irreparable.<\/p>\n\n\n\n<p class=\"wp-block-paragraph\">Por supuesto, la degradaci\u00f3n de nuestra democracia y polarizaci\u00f3n de nuestra vida pol\u00edtica no ha empezado en este mes y medio que lleva la presidenta Boluarte al mando del gobierno, pero su renuncia a escuchar a la ciudadan\u00eda y actuar pol\u00edticamente en consecuencia amenaza con terminar de romper aquello que empezamos a construir en el a\u00f1o 2000, a la ca\u00edda de la dictadura de Alberto Fujimori.<\/p>\n\n\n\n<p class=\"wp-block-paragraph\">Ese, lastimosamente, parece que ser\u00e1 su legado. Y lo peor es que, al igual que ocurre con el mandato que recibi\u00f3 en diciembre y los reclamos que llegan desde la calle, sigue sin comprenderlo.<\/p>\n\n\n\n<p class=\"wp-block-paragraph\">&#8230;&#8230;&#8230;&#8230;&#8230;&#8230;.<\/p>\n\n\n\n<p class=\"wp-block-paragraph\"><em>*Periodista y autor del libro \u2018No hemos entendido nada: Qu\u00e9 ocurre cuando dejamos el futuro de la prensa a merced de un algoritmo\u2019.&nbsp;<\/em><\/p>\n","protected":false},"excerpt":{"rendered":"<p>Por Diego Salazar* &#8211; The Washington Post La presidenta de Per\u00fa, Dina Boluarte, quien asumi\u00f3 el poder el 7 de diciembre de 2022, horas despu\u00e9s de que su antecesor intentara perpetrar un golpe de Estado, entendi\u00f3 mal desde un inicio el mandato que recibi\u00f3. Ese d\u00eda, cuando jur\u00f3 la\u2026<\/p>\n","protected":false},"author":2,"featured_media":0,"comment_status":"closed","ping_status":"open","sticky":false,"template":"","format":"standard","meta":{"footnotes":""},"categories":[1],"tags":[],"class_list":["post-22057","post","type-post","status-publish","format-standard","hentry","category-other-news"],"yoast_head":"<!-- This site is optimized with the Yoast SEO plugin v16.7 - https:\/\/yoast.com\/wordpress\/plugins\/seo\/ -->\n<title>Dina Boluarte no entendi\u00f3 el mandato que recibi\u00f3 y estamos pagando las consecuencias - Other News - Voz en contra de la corriente<\/title>\n<meta name=\"robots\" content=\"index, follow, max-snippet:-1, max-image-preview:large, max-video-preview:-1\" \/>\n<link rel=\"canonical\" href=\"https:\/\/www.other-news.info\/noticias\/dina-boluarte-no-entendio-el-mandato-que-recibio-y-estamos-pagando-las-consecuencias\/\" \/>\n<meta property=\"og:locale\" content=\"es_ES\" \/>\n<meta property=\"og:type\" content=\"article\" \/>\n<meta property=\"og:title\" content=\"Dina Boluarte no entendi\u00f3 el mandato que recibi\u00f3 y estamos pagando las consecuencias - Other News - Voz en contra de la corriente\" \/>\n<meta property=\"og:description\" content=\"Por Diego Salazar* - The Washington Post La presidenta de Per\u00fa, Dina Boluarte, quien asumi\u00f3 el poder el 7 de diciembre de 2022, horas despu\u00e9s de que su antecesor intentara perpetrar un golpe de Estado, entendi\u00f3 mal desde un inicio el mandato que recibi\u00f3. Ese d\u00eda, cuando jur\u00f3 la\u2026\" \/>\n<meta property=\"og:url\" content=\"https:\/\/www.other-news.info\/noticias\/dina-boluarte-no-entendio-el-mandato-que-recibio-y-estamos-pagando-las-consecuencias\/\" \/>\n<meta property=\"og:site_name\" content=\"Other News - Voz en contra de la corriente\" \/>\n<meta property=\"article:published_time\" content=\"2023-02-01T19:54:24+00:00\" \/>\n<meta property=\"article:modified_time\" content=\"2023-02-01T19:54:25+00:00\" \/>\n<meta name=\"twitter:card\" content=\"summary_large_image\" \/>\n<meta name=\"twitter:label1\" content=\"Escrito por\" \/>\n\t<meta name=\"twitter:data1\" content=\"admin\" \/>\n\t<meta name=\"twitter:label2\" content=\"Tiempo de lectura\" \/>\n\t<meta name=\"twitter:data2\" content=\"6 minutos\" \/>\n<script type=\"application\/ld+json\" class=\"yoast-schema-graph\">{\"@context\":\"https:\/\/schema.org\",\"@graph\":[{\"@type\":\"WebSite\",\"@id\":\"https:\/\/www.other-news.info\/noticias\/#website\",\"url\":\"https:\/\/www.other-news.info\/noticias\/\",\"name\":\"Other News - Voz en contra de la corriente\",\"description\":\"Voz en contra de la corriente\",\"potentialAction\":[{\"@type\":\"SearchAction\",\"target\":{\"@type\":\"EntryPoint\",\"urlTemplate\":\"https:\/\/www.other-news.info\/noticias\/?s={search_term_string}\"},\"query-input\":\"required name=search_term_string\"}],\"inLanguage\":\"es\"},{\"@type\":\"WebPage\",\"@id\":\"https:\/\/www.other-news.info\/noticias\/dina-boluarte-no-entendio-el-mandato-que-recibio-y-estamos-pagando-las-consecuencias\/#webpage\",\"url\":\"https:\/\/www.other-news.info\/noticias\/dina-boluarte-no-entendio-el-mandato-que-recibio-y-estamos-pagando-las-consecuencias\/\",\"name\":\"Dina Boluarte no entendi\\u00f3 el mandato que recibi\\u00f3 y estamos pagando las consecuencias - Other News - Voz en contra de la corriente\",\"isPartOf\":{\"@id\":\"https:\/\/www.other-news.info\/noticias\/#website\"},\"datePublished\":\"2023-02-01T19:54:24+00:00\",\"dateModified\":\"2023-02-01T19:54:25+00:00\",\"author\":{\"@id\":\"https:\/\/www.other-news.info\/noticias\/#\/schema\/person\/dd0ead9df8654b02034c4da003b9991b\"},\"breadcrumb\":{\"@id\":\"https:\/\/www.other-news.info\/noticias\/dina-boluarte-no-entendio-el-mandato-que-recibio-y-estamos-pagando-las-consecuencias\/#breadcrumb\"},\"inLanguage\":\"es\",\"potentialAction\":[{\"@type\":\"ReadAction\",\"target\":[\"https:\/\/www.other-news.info\/noticias\/dina-boluarte-no-entendio-el-mandato-que-recibio-y-estamos-pagando-las-consecuencias\/\"]}]},{\"@type\":\"BreadcrumbList\",\"@id\":\"https:\/\/www.other-news.info\/noticias\/dina-boluarte-no-entendio-el-mandato-que-recibio-y-estamos-pagando-las-consecuencias\/#breadcrumb\",\"itemListElement\":[{\"@type\":\"ListItem\",\"position\":1,\"name\":\"Home\",\"item\":\"https:\/\/www.other-news.info\/noticias\/\"},{\"@type\":\"ListItem\",\"position\":2,\"name\":\"Dina Boluarte no entendi\\u00f3 el mandato que recibi\\u00f3 y estamos pagando las consecuencias\"}]},{\"@type\":\"Person\",\"@id\":\"https:\/\/www.other-news.info\/noticias\/#\/schema\/person\/dd0ead9df8654b02034c4da003b9991b\",\"name\":\"admin\",\"image\":{\"@type\":\"ImageObject\",\"@id\":\"https:\/\/www.other-news.info\/noticias\/#personlogo\",\"inLanguage\":\"es\",\"url\":\"https:\/\/secure.gravatar.com\/avatar\/e67344401a27ff9f91b2b48296aaa8fb9186ac51a3404ed4bdfbe790b6a9ee11?s=96&d=mm&r=g\",\"contentUrl\":\"https:\/\/secure.gravatar.com\/avatar\/e67344401a27ff9f91b2b48296aaa8fb9186ac51a3404ed4bdfbe790b6a9ee11?s=96&d=mm&r=g\",\"caption\":\"admin\"},\"url\":\"https:\/\/www.other-news.info\/noticias\/author\/admin\/\"}]}<\/script>\n<!-- \/ Yoast SEO plugin. -->","yoast_head_json":{"title":"Dina Boluarte no entendi\u00f3 el mandato que recibi\u00f3 y estamos pagando las consecuencias - Other News - Voz en contra de la corriente","robots":{"index":"index","follow":"follow","max-snippet":"max-snippet:-1","max-image-preview":"max-image-preview:large","max-video-preview":"max-video-preview:-1"},"canonical":"https:\/\/www.other-news.info\/noticias\/dina-boluarte-no-entendio-el-mandato-que-recibio-y-estamos-pagando-las-consecuencias\/","og_locale":"es_ES","og_type":"article","og_title":"Dina Boluarte no entendi\u00f3 el mandato que recibi\u00f3 y estamos pagando las consecuencias - Other News - Voz en contra de la corriente","og_description":"Por Diego Salazar* - The Washington Post La presidenta de Per\u00fa, Dina Boluarte, quien asumi\u00f3 el poder el 7 de diciembre de 2022, horas despu\u00e9s de que su antecesor intentara perpetrar un golpe de Estado, entendi\u00f3 mal desde un inicio el mandato que recibi\u00f3. Ese d\u00eda, cuando jur\u00f3 la\u2026","og_url":"https:\/\/www.other-news.info\/noticias\/dina-boluarte-no-entendio-el-mandato-que-recibio-y-estamos-pagando-las-consecuencias\/","og_site_name":"Other News - Voz en contra de la corriente","article_published_time":"2023-02-01T19:54:24+00:00","article_modified_time":"2023-02-01T19:54:25+00:00","twitter_card":"summary_large_image","twitter_misc":{"Escrito por":"admin","Tiempo de lectura":"6 minutos"},"schema":{"@context":"https:\/\/schema.org","@graph":[{"@type":"WebSite","@id":"https:\/\/www.other-news.info\/noticias\/#website","url":"https:\/\/www.other-news.info\/noticias\/","name":"Other News - Voz en contra de la corriente","description":"Voz en contra de la corriente","potentialAction":[{"@type":"SearchAction","target":{"@type":"EntryPoint","urlTemplate":"https:\/\/www.other-news.info\/noticias\/?s={search_term_string}"},"query-input":"required name=search_term_string"}],"inLanguage":"es"},{"@type":"WebPage","@id":"https:\/\/www.other-news.info\/noticias\/dina-boluarte-no-entendio-el-mandato-que-recibio-y-estamos-pagando-las-consecuencias\/#webpage","url":"https:\/\/www.other-news.info\/noticias\/dina-boluarte-no-entendio-el-mandato-que-recibio-y-estamos-pagando-las-consecuencias\/","name":"Dina Boluarte no entendi\u00f3 el mandato que recibi\u00f3 y estamos pagando las consecuencias - Other News - Voz en contra de la corriente","isPartOf":{"@id":"https:\/\/www.other-news.info\/noticias\/#website"},"datePublished":"2023-02-01T19:54:24+00:00","dateModified":"2023-02-01T19:54:25+00:00","author":{"@id":"https:\/\/www.other-news.info\/noticias\/#\/schema\/person\/dd0ead9df8654b02034c4da003b9991b"},"breadcrumb":{"@id":"https:\/\/www.other-news.info\/noticias\/dina-boluarte-no-entendio-el-mandato-que-recibio-y-estamos-pagando-las-consecuencias\/#breadcrumb"},"inLanguage":"es","potentialAction":[{"@type":"ReadAction","target":["https:\/\/www.other-news.info\/noticias\/dina-boluarte-no-entendio-el-mandato-que-recibio-y-estamos-pagando-las-consecuencias\/"]}]},{"@type":"BreadcrumbList","@id":"https:\/\/www.other-news.info\/noticias\/dina-boluarte-no-entendio-el-mandato-que-recibio-y-estamos-pagando-las-consecuencias\/#breadcrumb","itemListElement":[{"@type":"ListItem","position":1,"name":"Home","item":"https:\/\/www.other-news.info\/noticias\/"},{"@type":"ListItem","position":2,"name":"Dina Boluarte no entendi\u00f3 el mandato que recibi\u00f3 y estamos pagando las consecuencias"}]},{"@type":"Person","@id":"https:\/\/www.other-news.info\/noticias\/#\/schema\/person\/dd0ead9df8654b02034c4da003b9991b","name":"admin","image":{"@type":"ImageObject","@id":"https:\/\/www.other-news.info\/noticias\/#personlogo","inLanguage":"es","url":"https:\/\/secure.gravatar.com\/avatar\/e67344401a27ff9f91b2b48296aaa8fb9186ac51a3404ed4bdfbe790b6a9ee11?s=96&d=mm&r=g","contentUrl":"https:\/\/secure.gravatar.com\/avatar\/e67344401a27ff9f91b2b48296aaa8fb9186ac51a3404ed4bdfbe790b6a9ee11?s=96&d=mm&r=g","caption":"admin"},"url":"https:\/\/www.other-news.info\/noticias\/author\/admin\/"}]}},"_links":{"self":[{"href":"https:\/\/www.other-news.info\/noticias\/wp-json\/wp\/v2\/posts\/22057","targetHints":{"allow":["GET"]}}],"collection":[{"href":"https:\/\/www.other-news.info\/noticias\/wp-json\/wp\/v2\/posts"}],"about":[{"href":"https:\/\/www.other-news.info\/noticias\/wp-json\/wp\/v2\/types\/post"}],"author":[{"embeddable":true,"href":"https:\/\/www.other-news.info\/noticias\/wp-json\/wp\/v2\/users\/2"}],"replies":[{"embeddable":true,"href":"https:\/\/www.other-news.info\/noticias\/wp-json\/wp\/v2\/comments?post=22057"}],"version-history":[{"count":1,"href":"https:\/\/www.other-news.info\/noticias\/wp-json\/wp\/v2\/posts\/22057\/revisions"}],"predecessor-version":[{"id":22058,"href":"https:\/\/www.other-news.info\/noticias\/wp-json\/wp\/v2\/posts\/22057\/revisions\/22058"}],"wp:attachment":[{"href":"https:\/\/www.other-news.info\/noticias\/wp-json\/wp\/v2\/media?parent=22057"}],"wp:term":[{"taxonomy":"category","embeddable":true,"href":"https:\/\/www.other-news.info\/noticias\/wp-json\/wp\/v2\/categories?post=22057"},{"taxonomy":"post_tag","embeddable":true,"href":"https:\/\/www.other-news.info\/noticias\/wp-json\/wp\/v2\/tags?post=22057"}],"curies":[{"name":"wp","href":"https:\/\/api.w.org\/{rel}","templated":true}]}}