{"id":22059,"date":"2023-02-02T19:55:34","date_gmt":"2023-02-02T18:55:34","guid":{"rendered":"https:\/\/www.other-news.info\/noticias\/?p=22059"},"modified":"2023-02-02T19:55:35","modified_gmt":"2023-02-02T18:55:35","slug":"francisco-en-africa-un-viaje-con-multiples-propositos","status":"publish","type":"post","link":"https:\/\/www.other-news.info\/noticias\/francisco-en-africa-un-viaje-con-multiples-propositos\/","title":{"rendered":"<strong>Francisco en \u00c1frica: Un viaje con m\u00faltiples prop\u00f3sitos<\/strong>"},"content":{"rendered":"\n<p class=\"wp-block-paragraph\"><strong><em>Por Washington Uranga<\/em><\/strong> &#8211; <strong><em>P\u00e1gina\/12, Argentina<\/em><\/strong><\/p>\n\n\n\n<p class=\"wp-block-paragraph\"><em>El pont\u00edfice contin\u00faa su pr\u00e9dica social y en favor de la paz<\/em><\/p>\n\n\n\n<p class=\"wp-block-paragraph\"><em>El Papa se encuentra realizando un viaje a Rep\u00fablica Democr\u00e1tica del Congo y Sud\u00e1n del Sur, el cuadrag\u00e9simo de su pontificado, que lo lleva a la regi\u00f3n del mundo que registra el mayor crecimiento de la feligres\u00eda cat\u00f3lica.<\/em><\/p>\n\n\n\n<p class=\"wp-block-paragraph\">Francisco est\u00e1 en \u00c1frica. Se trata del viaje n\u00famero cuarenta de su pontificado, una traves\u00eda que le permite completar diez pa\u00edses en ese continente en igual cantidad de a\u00f1os que lleva al frente de la Iglesia Cat\u00f3lica universal. Ahora comenz\u00f3 en la Rep\u00fablica Democr\u00e1tica del Congo (ex Zaire) y contin\u00faa por Sud\u00e1n del Sur, la joven naci\u00f3n independizada en 2011. Antes Jorge Bergoglio estuvo en Kenia, Uganda y Rep\u00fablica Centroafricana (2015), Egipto (2017) y Marruecos (2019).<\/p>\n\n\n\n<p class=\"wp-block-paragraph\">El viaje se inscribe dentro de la estrategia misionera de Francisco, por una parte, pero dando tambi\u00e9n continuidad a su mensaje social de justicia social, paz y di\u00e1logo en compa\u00f1\u00eda de otros l\u00edderes religiosos.<\/p>\n\n\n\n<p class=\"wp-block-paragraph\">\u00ab\u00c1frica no es una mina que explotar ni una tierra que saquear\u00bb, dijo poco despu\u00e9s de pisar el continente y record\u00f3 que \u00abel veneno de la avaricia ha ensangrentado sus diamantes\u00bb en directa referencia a la explotaci\u00f3n minera que esclaviza trabajadores y genera muerte, especialmente entre ni\u00f1os. En el mismo tono el Papa exigi\u00f3 que \u201cquiten las manos de \u00c1frica. Dejen de asfixiarla, porque \u00c1frica no es una mina que explotar ni una tierra que saquear\u00bb.<\/p>\n\n\n\n<p class=\"wp-block-paragraph\">En otro momento tambi\u00e9n en clave social y pol\u00edtica pidi\u00f3 que \u201c\u00bbque \u00c1frica sea protagonista de su propio destino. Que el mundo recuerde los desastres cometidos a lo largo de los siglos en detrimento de las poblaciones locales y no se olvide de este pa\u00eds (R.D. del Congo) y de este continente\u00bb.<\/p>\n\n\n\n<p class=\"wp-block-paragraph\">La grave situaci\u00f3n social de los pa\u00edses ahora visitados y los problemas de injusticia que atraviesa toda \u00c1frica han estado presentes en la agenda de Francisco, impulsaron su actual viaje y los anteriores. En diciembre pasado Bergoglio le concedi\u00f3 una entrevista a la revista \u201cMundo Negro\u201d, de los misioneros combonianos de Espa\u00f1a. En esa ocasi\u00f3n adem\u00e1s de reconocer que \u201c\u00c1frica es original y te sopapea\u201d denunci\u00f3 la existencia de un \u201cinconsciente colectivo que, en italiano dice que \u00c1frica sar\u00e1 sfruttata, que \u00c1frica es para explotarla. (\u2026) Esa idea de que \u00c1frica existe para ser explotada es lo m\u00e1s injusto que hay, pero est\u00e1 en el inconsciente colectivo de mucha gente y hay que cambiarla\u201d.<\/p>\n\n\n\n<p class=\"wp-block-paragraph\">En la misma ocasi\u00f3n Francisco dijo que \u201chay que hacerse cargo de la riqueza que tiene \u00c1frica, no solo de la riqueza mineral, sino intelectual\u201d. Al respecto record\u00f3 un di\u00e1logo que mantuvo con universitarios africanos. \u201cSon muy inteligentes y tienen una inteligencia intuitiva que, unida a la deductiva, hace que vayan m\u00e1s all\u00e1\u201d, afirm\u00f3 Bergoglio. Y se lament\u00f3 que, pese a ello, \u201cla promoci\u00f3n intelectual de los africanos y la educaci\u00f3n no es la primera preocupaci\u00f3n\u201d.<\/p>\n\n\n\n<p class=\"wp-block-paragraph\">En los discursos pronunciados ahora hubo tambi\u00e9n un mensaje para la dirigencia pol\u00edtica acusada de corrupci\u00f3n y a la que exigi\u00f3 \u201cactuar con transparencia, ejerciendo el cargo recibido como un medio para servir a la sociedad\u201d ampliando la participaci\u00f3n \u201cen los procesos de paz a las mujeres, los j\u00f3venes y los grupos marginados\u201d.<\/p>\n\n\n\n<p class=\"wp-block-paragraph\">Sin embargo, la cuesti\u00f3n social no es el \u00fanico objetivo de Francisco que no pierde la impronta misionera que le da su condici\u00f3n de sacerdote jesuita. Mientras la Iglesia Cat\u00f3lica ve disminuida su feligres\u00eda en muchas partes del mundo, el catolicismo crece en \u00c1frica. S\u00f3lo a modo de ejemplo vale recordar que la R.D. de Congo es el pa\u00eds africano con mayor cantidad de cat\u00f3licos (aproximadamente la mitad de sus 105 millones de habitantes) y, seg\u00fan las estad\u00edsticas eclesi\u00e1sticas, hay all\u00ed seis mil sacerdotes, diez mil religiosas y m\u00e1s de cuatro mil seminaristas. Todo ello transforma en suficiente motivo para que Bergoglio fije su mirada en esa parte del mundo y la convierta en escenario de su estrategia pastoral y para que, con su presencia, Francisco avive el fervor del catolicismo. Bergoglio entiende, sin embargo, que \u201cla misi\u00f3n cat\u00f3lica no es proselitista, sino que anuncia el Evangelio seg\u00fan la cultura de cada lugar\u201d porque \u201cno hay una cultura cat\u00f3lica como tal; s\u00ed un pensamiento cat\u00f3lico, pero en lo cat\u00f3lico se enra\u00edzan cada una de las culturas\u201d tal como lo manifest\u00f3 en su entrevista con \u201cMundo Negro\u201d.<\/p>\n\n\n\n<p class=\"wp-block-paragraph\">Tanto estos pa\u00edses ahora visitados como buena parte del continente africano se encuentran sometidos a m\u00faltiples situaciones de violencia, enfrentamientos pol\u00edticos y derivados de disputas econ\u00f3micas. A tal punto que el Papa cancel\u00f3 una escala inicialmente prevista en Goma (Congo) por la presencia de la guerrilla hostil al gobierno.<\/p>\n\n\n\n<p class=\"wp-block-paragraph\">Francisco tambi\u00e9n incluye estos temas entre sus preocupaciones y, siguiendo con la l\u00ednea trazada desde que asumi\u00f3 su pontificado, intenta que las grandes religiones del mundo hagan su aporte a la paz. Ese es el prop\u00f3sito esencial que lo anima en el di\u00e1logo ecum\u00e9nico e interreligioso con el juda\u00edsmo, con el islamismo y con todas las corrientes del cristianismo.<\/p>\n\n\n\n<p class=\"wp-block-paragraph\">Con ese prop\u00f3sito en la \u00faltima etapa del viaje estar\u00e1n junto a Francisco el primado de la Iglesia Anglicana, Justin Welby, y el moderador de la Iglesia de Escocia, Ian Greenshields. Se trata de un gesto que va en la l\u00ednea trazada. Ambos religiosos acompa\u00f1ar\u00e1n al Papa en Juba, la capital de Sud\u00e1n, donde Bergoglio se reunir\u00e1 con v\u00edctimas de los desplazamientos internos generados por la violencia y la pobreza que actualmente se encuentran alojadas en campamentos al cuidado de Naciones Unidas. El periodista Mateo Bruni, Director de la Oficina de Prensa del Vaticano, hab\u00eda dicho pocos d\u00edas antes de la partida de Francisco hacia \u00c1frica que se trata de \u201cun viaje hermoso\u201d para llevar \u201cuna palabra de paz\u201d.<\/p>\n\n\n\n<p class=\"wp-block-paragraph\">En definitiva, un viaje al \u00c1frica donde Francisco sintetiza un prop\u00f3sito misionero, junto con la denuncia de las situaciones de injusticia que vive esa regi\u00f3n del mundo, con un nuevo llamado de atenci\u00f3n a la comunidad internacional sobre los problemas de africanas y africanos y la continuidad de la pr\u00e9dica papal en favor de la paz de manera mancomunada con otros l\u00edderes religiosos<\/p>\n\n\n\n<p class=\"wp-block-paragraph\">\u2026\u2026\u2026\u2026\u2026..<\/p>\n\n\n\n<p class=\"wp-block-paragraph\">Relacionado:<\/p>\n\n\n\n<p class=\"wp-block-paragraph\"><strong>Francisco:&nbsp;\u00abNo toquen la Rep\u00fablica Democr\u00e1tica del Congo, no toquen \u00c1frica\u00bb<\/strong><\/p>\n\n\n\n<p class=\"wp-block-paragraph\"><em>En Kinshasa, el pont\u00edfice denunci\u00f3 \u00abel colonialismo econ\u00f3mico\u00bb que esclaviza. En un discurso en el palacio presidencial, el Papa afirm\u00f3 que la historia del pa\u00eds se ha visto torpedeada por conflictos pero tambi\u00e9n por el dominio de intereses extranjeros. \u00abQue \u00c1frica sea protagonista de su propio destino\u00bb, proclam\u00f3 Francisco ante las autoridades y el cuerpo diplom\u00e1tico del pa\u00eds.&nbsp;<\/em><\/p>\n\n\n\n<p class=\"wp-block-paragraph\"><a href=\"https:\/\/www.pagina12.com.ar\/520147-francisco-no-toquen-la-republica-democratica-del-congo-no-to\">https:\/\/www.pagina12.com.ar\/520147-francisco-no-toquen-la-republica-democratica-del-congo-no-to<\/a><\/p>\n","protected":false},"excerpt":{"rendered":"<p>Por Washington Uranga &#8211; P\u00e1gina\/12, Argentina El pont\u00edfice contin\u00faa su pr\u00e9dica social y en favor de la paz El Papa se encuentra realizando un viaje a Rep\u00fablica Democr\u00e1tica del Congo y Sud\u00e1n del Sur, el cuadrag\u00e9simo de su pontificado, que lo lleva a la regi\u00f3n del mundo que\u2026<\/p>\n","protected":false},"author":2,"featured_media":0,"comment_status":"closed","ping_status":"open","sticky":false,"template":"","format":"standard","meta":{"footnotes":""},"categories":[1],"tags":[],"class_list":["post-22059","post","type-post","status-publish","format-standard","hentry","category-other-news"],"yoast_head":"<!-- This site is optimized with the Yoast SEO plugin v16.7 - https:\/\/yoast.com\/wordpress\/plugins\/seo\/ -->\n<title>Francisco en \u00c1frica: Un viaje con m\u00faltiples prop\u00f3sitos - Other News - Voz en contra de la corriente<\/title>\n<meta name=\"robots\" content=\"index, follow, max-snippet:-1, max-image-preview:large, max-video-preview:-1\" \/>\n<link rel=\"canonical\" href=\"https:\/\/www.other-news.info\/noticias\/francisco-en-africa-un-viaje-con-multiples-propositos\/\" \/>\n<meta property=\"og:locale\" content=\"es_ES\" \/>\n<meta property=\"og:type\" content=\"article\" \/>\n<meta property=\"og:title\" content=\"Francisco en \u00c1frica: Un viaje con m\u00faltiples prop\u00f3sitos - Other News - Voz en contra de la corriente\" \/>\n<meta property=\"og:description\" content=\"Por Washington Uranga - P\u00e1gina\/12, Argentina El pont\u00edfice contin\u00faa su pr\u00e9dica social y en favor de la paz El Papa se encuentra realizando un viaje a Rep\u00fablica Democr\u00e1tica del Congo y Sud\u00e1n del Sur, el cuadrag\u00e9simo de su pontificado, que lo lleva a la regi\u00f3n del mundo que\u2026\" \/>\n<meta property=\"og:url\" content=\"https:\/\/www.other-news.info\/noticias\/francisco-en-africa-un-viaje-con-multiples-propositos\/\" \/>\n<meta property=\"og:site_name\" content=\"Other News - Voz en contra de la corriente\" \/>\n<meta property=\"article:published_time\" content=\"2023-02-02T18:55:34+00:00\" \/>\n<meta property=\"article:modified_time\" content=\"2023-02-02T18:55:35+00:00\" \/>\n<meta name=\"twitter:card\" content=\"summary_large_image\" \/>\n<meta name=\"twitter:label1\" content=\"Escrito por\" \/>\n\t<meta name=\"twitter:data1\" content=\"admin\" \/>\n\t<meta name=\"twitter:label2\" content=\"Tiempo de lectura\" \/>\n\t<meta name=\"twitter:data2\" content=\"5 minutos\" \/>\n<script type=\"application\/ld+json\" class=\"yoast-schema-graph\">{\"@context\":\"https:\/\/schema.org\",\"@graph\":[{\"@type\":\"WebSite\",\"@id\":\"https:\/\/www.other-news.info\/noticias\/#website\",\"url\":\"https:\/\/www.other-news.info\/noticias\/\",\"name\":\"Other News - Voz en contra de la corriente\",\"description\":\"Voz en contra de la corriente\",\"potentialAction\":[{\"@type\":\"SearchAction\",\"target\":{\"@type\":\"EntryPoint\",\"urlTemplate\":\"https:\/\/www.other-news.info\/noticias\/?s={search_term_string}\"},\"query-input\":\"required name=search_term_string\"}],\"inLanguage\":\"es\"},{\"@type\":\"WebPage\",\"@id\":\"https:\/\/www.other-news.info\/noticias\/francisco-en-africa-un-viaje-con-multiples-propositos\/#webpage\",\"url\":\"https:\/\/www.other-news.info\/noticias\/francisco-en-africa-un-viaje-con-multiples-propositos\/\",\"name\":\"Francisco en \\u00c1frica: Un viaje con m\\u00faltiples prop\\u00f3sitos - Other News - Voz en contra de la corriente\",\"isPartOf\":{\"@id\":\"https:\/\/www.other-news.info\/noticias\/#website\"},\"datePublished\":\"2023-02-02T18:55:34+00:00\",\"dateModified\":\"2023-02-02T18:55:35+00:00\",\"author\":{\"@id\":\"https:\/\/www.other-news.info\/noticias\/#\/schema\/person\/dd0ead9df8654b02034c4da003b9991b\"},\"breadcrumb\":{\"@id\":\"https:\/\/www.other-news.info\/noticias\/francisco-en-africa-un-viaje-con-multiples-propositos\/#breadcrumb\"},\"inLanguage\":\"es\",\"potentialAction\":[{\"@type\":\"ReadAction\",\"target\":[\"https:\/\/www.other-news.info\/noticias\/francisco-en-africa-un-viaje-con-multiples-propositos\/\"]}]},{\"@type\":\"BreadcrumbList\",\"@id\":\"https:\/\/www.other-news.info\/noticias\/francisco-en-africa-un-viaje-con-multiples-propositos\/#breadcrumb\",\"itemListElement\":[{\"@type\":\"ListItem\",\"position\":1,\"name\":\"Home\",\"item\":\"https:\/\/www.other-news.info\/noticias\/\"},{\"@type\":\"ListItem\",\"position\":2,\"name\":\"Francisco en \\u00c1frica: Un viaje con m\\u00faltiples prop\\u00f3sitos\"}]},{\"@type\":\"Person\",\"@id\":\"https:\/\/www.other-news.info\/noticias\/#\/schema\/person\/dd0ead9df8654b02034c4da003b9991b\",\"name\":\"admin\",\"image\":{\"@type\":\"ImageObject\",\"@id\":\"https:\/\/www.other-news.info\/noticias\/#personlogo\",\"inLanguage\":\"es\",\"url\":\"https:\/\/secure.gravatar.com\/avatar\/e67344401a27ff9f91b2b48296aaa8fb9186ac51a3404ed4bdfbe790b6a9ee11?s=96&d=mm&r=g\",\"contentUrl\":\"https:\/\/secure.gravatar.com\/avatar\/e67344401a27ff9f91b2b48296aaa8fb9186ac51a3404ed4bdfbe790b6a9ee11?s=96&d=mm&r=g\",\"caption\":\"admin\"},\"url\":\"https:\/\/www.other-news.info\/noticias\/author\/admin\/\"}]}<\/script>\n<!-- \/ Yoast SEO plugin. -->","yoast_head_json":{"title":"Francisco en \u00c1frica: Un viaje con m\u00faltiples prop\u00f3sitos - Other News - Voz en contra de la corriente","robots":{"index":"index","follow":"follow","max-snippet":"max-snippet:-1","max-image-preview":"max-image-preview:large","max-video-preview":"max-video-preview:-1"},"canonical":"https:\/\/www.other-news.info\/noticias\/francisco-en-africa-un-viaje-con-multiples-propositos\/","og_locale":"es_ES","og_type":"article","og_title":"Francisco en \u00c1frica: Un viaje con m\u00faltiples prop\u00f3sitos - Other News - Voz en contra de la corriente","og_description":"Por Washington Uranga - P\u00e1gina\/12, Argentina El pont\u00edfice contin\u00faa su pr\u00e9dica social y en favor de la paz El Papa se encuentra realizando un viaje a Rep\u00fablica Democr\u00e1tica del Congo y Sud\u00e1n del Sur, el cuadrag\u00e9simo de su pontificado, que lo lleva a la regi\u00f3n del mundo que\u2026","og_url":"https:\/\/www.other-news.info\/noticias\/francisco-en-africa-un-viaje-con-multiples-propositos\/","og_site_name":"Other News - Voz en contra de la corriente","article_published_time":"2023-02-02T18:55:34+00:00","article_modified_time":"2023-02-02T18:55:35+00:00","twitter_card":"summary_large_image","twitter_misc":{"Escrito por":"admin","Tiempo de lectura":"5 minutos"},"schema":{"@context":"https:\/\/schema.org","@graph":[{"@type":"WebSite","@id":"https:\/\/www.other-news.info\/noticias\/#website","url":"https:\/\/www.other-news.info\/noticias\/","name":"Other News - Voz en contra de la corriente","description":"Voz en contra de la corriente","potentialAction":[{"@type":"SearchAction","target":{"@type":"EntryPoint","urlTemplate":"https:\/\/www.other-news.info\/noticias\/?s={search_term_string}"},"query-input":"required name=search_term_string"}],"inLanguage":"es"},{"@type":"WebPage","@id":"https:\/\/www.other-news.info\/noticias\/francisco-en-africa-un-viaje-con-multiples-propositos\/#webpage","url":"https:\/\/www.other-news.info\/noticias\/francisco-en-africa-un-viaje-con-multiples-propositos\/","name":"Francisco en \u00c1frica: Un viaje con m\u00faltiples prop\u00f3sitos - Other News - Voz en contra de la corriente","isPartOf":{"@id":"https:\/\/www.other-news.info\/noticias\/#website"},"datePublished":"2023-02-02T18:55:34+00:00","dateModified":"2023-02-02T18:55:35+00:00","author":{"@id":"https:\/\/www.other-news.info\/noticias\/#\/schema\/person\/dd0ead9df8654b02034c4da003b9991b"},"breadcrumb":{"@id":"https:\/\/www.other-news.info\/noticias\/francisco-en-africa-un-viaje-con-multiples-propositos\/#breadcrumb"},"inLanguage":"es","potentialAction":[{"@type":"ReadAction","target":["https:\/\/www.other-news.info\/noticias\/francisco-en-africa-un-viaje-con-multiples-propositos\/"]}]},{"@type":"BreadcrumbList","@id":"https:\/\/www.other-news.info\/noticias\/francisco-en-africa-un-viaje-con-multiples-propositos\/#breadcrumb","itemListElement":[{"@type":"ListItem","position":1,"name":"Home","item":"https:\/\/www.other-news.info\/noticias\/"},{"@type":"ListItem","position":2,"name":"Francisco en \u00c1frica: Un viaje con m\u00faltiples prop\u00f3sitos"}]},{"@type":"Person","@id":"https:\/\/www.other-news.info\/noticias\/#\/schema\/person\/dd0ead9df8654b02034c4da003b9991b","name":"admin","image":{"@type":"ImageObject","@id":"https:\/\/www.other-news.info\/noticias\/#personlogo","inLanguage":"es","url":"https:\/\/secure.gravatar.com\/avatar\/e67344401a27ff9f91b2b48296aaa8fb9186ac51a3404ed4bdfbe790b6a9ee11?s=96&d=mm&r=g","contentUrl":"https:\/\/secure.gravatar.com\/avatar\/e67344401a27ff9f91b2b48296aaa8fb9186ac51a3404ed4bdfbe790b6a9ee11?s=96&d=mm&r=g","caption":"admin"},"url":"https:\/\/www.other-news.info\/noticias\/author\/admin\/"}]}},"_links":{"self":[{"href":"https:\/\/www.other-news.info\/noticias\/wp-json\/wp\/v2\/posts\/22059","targetHints":{"allow":["GET"]}}],"collection":[{"href":"https:\/\/www.other-news.info\/noticias\/wp-json\/wp\/v2\/posts"}],"about":[{"href":"https:\/\/www.other-news.info\/noticias\/wp-json\/wp\/v2\/types\/post"}],"author":[{"embeddable":true,"href":"https:\/\/www.other-news.info\/noticias\/wp-json\/wp\/v2\/users\/2"}],"replies":[{"embeddable":true,"href":"https:\/\/www.other-news.info\/noticias\/wp-json\/wp\/v2\/comments?post=22059"}],"version-history":[{"count":1,"href":"https:\/\/www.other-news.info\/noticias\/wp-json\/wp\/v2\/posts\/22059\/revisions"}],"predecessor-version":[{"id":22060,"href":"https:\/\/www.other-news.info\/noticias\/wp-json\/wp\/v2\/posts\/22059\/revisions\/22060"}],"wp:attachment":[{"href":"https:\/\/www.other-news.info\/noticias\/wp-json\/wp\/v2\/media?parent=22059"}],"wp:term":[{"taxonomy":"category","embeddable":true,"href":"https:\/\/www.other-news.info\/noticias\/wp-json\/wp\/v2\/categories?post=22059"},{"taxonomy":"post_tag","embeddable":true,"href":"https:\/\/www.other-news.info\/noticias\/wp-json\/wp\/v2\/tags?post=22059"}],"curies":[{"name":"wp","href":"https:\/\/api.w.org\/{rel}","templated":true}]}}