{"id":22061,"date":"2023-02-02T19:57:37","date_gmt":"2023-02-02T18:57:37","guid":{"rendered":"https:\/\/www.other-news.info\/noticias\/?p=22061"},"modified":"2023-02-02T19:57:37","modified_gmt":"2023-02-02T18:57:37","slug":"terrorismo-ultraderechista-no-son-lobos-solitarios","status":"publish","type":"post","link":"https:\/\/www.other-news.info\/noticias\/terrorismo-ultraderechista-no-son-lobos-solitarios\/","title":{"rendered":"<strong>Terrorismo ultraderechista: no son lobos solitarios<\/strong>"},"content":{"rendered":"\n<p class=\"wp-block-paragraph\"><strong><em>Por Miguel Urb\u00e1n* &#8211; La Jornada de M\u00e9xico<\/em><\/strong><\/p>\n\n\n\n<p class=\"wp-block-paragraph\">El pasado&nbsp;7 de diciembre, las autoridades alemanas deten\u00edan en una macroperaci\u00f3n a 25 presuntos miembros de una organizaci\u00f3n terrorista ultraderechista que planeaba un golpe de Estado en ese pa\u00eds. El supuesto dirigente de la trama terrorista es Heinrich XIII, pr\u00edncipe de Reuss, descendiente de una familia noble del este y un empresario activo en el sector inmobiliario. Entre los detenidos se encontraban militares en la reserva y en activo, una ex diputada del grupo ultraderechista Alternativa por Alemania (AfD) y jueza de Berl\u00edn y un conjunto variopinto de un chef, un piloto, un tenor y una doctora.<\/p>\n\n\n\n<p class=\"wp-block-paragraph\">Los miembros se inspiran en un conjunto de teor\u00edas de la conspiraci\u00f3n de la llamada ideolog\u00eda de los Reichsb\u00fcrguer (Ciudadanos del Reich) \u2013movimiento ultraderechista que no reconoce la soberan\u00eda de la actual Alemania\u2013 y QAnon. Esos que vestidos de bisonte ocuparon el capitolio de Estados Unidos hace dos a\u00f1os y se han convertido en una de las teor\u00edas de la conspiraci\u00f3n m\u00e1s importantes de la ultraderecha actual. De hecho, Alemania es el pa\u00eds de habla no inglesa con mayor presencia de QAnon, donde sus simpatizantes han crecido de forma muy notable tras la pandemia. Un estudio de NewsGuard sobre el aumento de QAnon en los pa\u00edses de habla germana revela que hay un enorme intercambio entre QAnon y el movimiento Ciudadanos del Reich. Y que la mitad de personas no vacunadas en Alemania y Austria creen en su narrativa, y los votantes de AfD son mucho m\u00e1s proclives a simpatizar con sus consignas.<\/p>\n\n\n\n<p class=\"wp-block-paragraph\">El riesgo del terrorismo ultraderechista en Alemania no es cuesti\u00f3n menor. Seg\u00fan la actual ministra de Interior, Nancy Faeser, y su predecesor en el cargo, Horst Seefofer, la extrema derecha es la&nbsp;mayor amenaza&nbsp;para la seguridad del pa\u00eds. As\u00ed lo demuestra una investigaci\u00f3n de Zeit y el diario&nbsp;Tagesspiegel&nbsp;por la que entre 1990 y 2017 al menos 169 personas fueron asesinadas por miembros de la extrema derecha, a pesar de que las cifras de organismos oficiales reconocen tan s\u00f3lo a casi la mitad de esas v\u00edctimas. Entre \u00e9stas se encuentran extranjeros, personas sin hogar, del colectivo LGTBI, izquierdistas y otras a las que la violencia ultraderechista consider\u00f3&nbsp;adversarios pol\u00edticos.<\/p>\n\n\n\n<p class=\"wp-block-paragraph\">Dos semanas despu\u00e9s del frustrado plan de golpe de Estado ultraderechista en Alemania, un pistolero asesinaba a tres activistas kurdos en una c\u00e9ntrica calle de Par\u00eds. Seg\u00fan confes\u00f3 a la polic\u00eda, su intenci\u00f3n era matar a cuantos m\u00e1s kurdos mejor. El detenido era conocido por la justicia por dos intentos de homicidio cometidos en 2016 y diciembre de 2021, uno contra poblaci\u00f3n migrante, y hab\u00eda sido puesto en libertad el pasado 12 de diciembre. Sin embargo, el ministro de Interior franc\u00e9s se ha negado a catalogar el crimen como atentado ultraderechista, como piden los grupos kurdos en Francia.<\/p>\n\n\n\n<p class=\"wp-block-paragraph\">Este aumento de los atentados ultraderechistas en Europa se produce en paralelo al reciente auge electoral de partidos de extrema derecha, pero tambi\u00e9n a la difusi\u00f3n y normalizaci\u00f3n de sus ideas y propuestas. Hay muchos responsables en este proceso generalizado de&nbsp;lepenizaci\u00f3n de los esp\u00edritus&nbsp;o normalizaci\u00f3n de los discursos de la extrema derecha. Dando cabida a argumentos supremacistas o excluyentes, como si se tratase de una opci\u00f3n pol\u00edtica m\u00e1s, se abre la puerta a normalizar los proyectos que defienden estas propuestas, ya sean formaciones pol\u00edticas, foros en Internet o iniciativas terroristas.<\/p>\n\n\n\n<p class=\"wp-block-paragraph\">Uno de los elementos m\u00e1s claros que muestran la uni\u00f3n del terrorismo ultraderechista y los discursos del odio que propagan los partidos de extrema derecha es la referencia a las teor\u00edas de la conspiraci\u00f3n del&nbsp;Gran Remplazo,&nbsp;Plan de Kalergi&nbsp;y de QAnon. Desde los atentados de Utoya, de Breivik, a Gendron, en B\u00fafalo, los manifiestos que colgaron en Internet poco antes de cometer sus ataques hac\u00edan referencia a estas teor\u00edas de la conspiraci\u00f3n, que han sido ampliamente difundidas por los principales l\u00edderes y partidos de la ultraderecha europea y estadunidense, como la propia Le Pen, Matteo Salvini, Santiago Abascal, Viktor Orban, la&nbsp;youtuber&nbsp;estadunidense de la&nbsp;alt-right&nbsp;Lauren Southern o el propio ex presidente Trump, que ha usado su plataforma Truth Social para difundir mensajes ligados a QAnon como una foto de s\u00ed mismo llevando una insignia de una Q superpuesta con la frase&nbsp;The storm is coming, una publicidad fundamental para ampliar la difusi\u00f3n de estas teor\u00edas ultraderechistas.<\/p>\n\n\n\n<p class=\"wp-block-paragraph\">Teor\u00edas de la conspiraci\u00f3n que recorren y se diseminan por Internet. Las investigaciones sobre el origen y funcionamiento de los terroristas ultraderechistas indica que muchos se radicalizaron mediante Internet, que se coordinan en foros de debate online y que usan las redes sociales para publicitar sus ataques, aun con retransmisiones en directo de sus atentados. Aunque pueda parecer sorprendente, el terrorismo ultraderechista tiene mucho en com\u00fan con el terrorismo yihadista. Lo dicen acad\u00e9micos, como Moussa Bourakba, que constata&nbsp;una similitud sorprendente en las t\u00e9cnicas de propaganda que usan ambos para el reclutamiento. Como las organizaciones yihadistas, la extrema derecha violenta recluta por las redes sociales, en foros y plataformas de videojuegos&nbsp;(<a href=\"https:\/\/rb.gy\/vk7wou\" target=\"_blank\" rel=\"noreferrer noopener\">https:\/\/rb.gy\/vk7wou<\/a>).<\/p>\n\n\n\n<p class=\"wp-block-paragraph\">Pese al auge del terrorismo ultraderechista y sus similitudes con el yihadismo, seguimos sin tomarnos la amenaza de la primera con la seriedad que se merece; tampoco parece que se aplique el mismo marco de an\u00e1lisis para ambos. Como apunta Daniel Poohl, director de la revista sueca&nbsp;Expo, en el caso de un&nbsp;ataque islamita siempre tendemos a verlo como parte de un patr\u00f3n m\u00e1s amplio. Entendemos que forma parte de la estrategia de una ideolog\u00eda pol\u00edtica mal\u00e9vola. Con la ultraderecha, en cambio, solemos olvidarnos de este patr\u00f3n e intentamos entender al individuo detr\u00e1s del ataque&nbsp;(<a href=\"https:\/\/rb.gy\/pkmggw\" target=\"_blank\" rel=\"noreferrer noopener\">https:\/\/rb.gy\/pkmggw<\/a>). Individualizar el acto terrorista es una manera de neutralizar la necesaria respuesta social que se ha de poner en marcha. As\u00ed, se podr\u00eda decir que la mayor\u00eda de los partidos y las instituciones prefieren&nbsp;siquiatrizar&nbsp;las motivaciones y los actos terroristas ultraderechistas, antes que analizar las motivaciones pol\u00edticas del fen\u00f3meno y responder desde sus respectivas competencias y responsabilidades.<\/p>\n\n\n\n<p class=\"wp-block-paragraph\">Si no tiramos de ese hilo y no unimos los puntos hasta llegar a sus responsables \u00faltimos, s\u00f3lo nos quedaremos con la figura de quien aprieta el gatillo y su perfil sicol\u00f3gico violento, conspiranoico, enfermo y aislado. Pero el lobo solitario supremacista es s\u00f3lo un eslab\u00f3n en una cadena de horror y odio que debemos comprender y combatir. El terrorismo ultraderechista es una realidad que ya est\u00e1 aqu\u00ed, y que necesitamos abordar con la importancia que se merece, no deber\u00edamos esperar un aviso m\u00e1s, nos jugamos vidas en ello.<\/p>\n\n\n\n<p class=\"wp-block-paragraph\">\u2026\u2026\u2026\u2026\u2026\u2026\u2026\u2026<\/p>\n\n\n\n<p class=\"wp-block-paragraph\"><em>*Diputado de izquierda en el Parlamento Europeo<\/em><\/p>\n","protected":false},"excerpt":{"rendered":"<p>Por Miguel Urb\u00e1n* &#8211; La Jornada de M\u00e9xico El pasado&nbsp;7 de diciembre, las autoridades alemanas deten\u00edan en una macroperaci\u00f3n a 25 presuntos miembros de una organizaci\u00f3n terrorista ultraderechista que planeaba un golpe de Estado en ese pa\u00eds. El supuesto dirigente de la trama\u2026<\/p>\n","protected":false},"author":2,"featured_media":0,"comment_status":"closed","ping_status":"open","sticky":false,"template":"","format":"standard","meta":{"footnotes":""},"categories":[1],"tags":[],"class_list":["post-22061","post","type-post","status-publish","format-standard","hentry","category-other-news"],"yoast_head":"<!-- This site is optimized with the Yoast SEO plugin v16.7 - https:\/\/yoast.com\/wordpress\/plugins\/seo\/ -->\n<title>Terrorismo ultraderechista: no son lobos solitarios - Other News - Voz en contra de la corriente<\/title>\n<meta name=\"robots\" content=\"index, follow, max-snippet:-1, max-image-preview:large, max-video-preview:-1\" \/>\n<link rel=\"canonical\" href=\"https:\/\/www.other-news.info\/noticias\/terrorismo-ultraderechista-no-son-lobos-solitarios\/\" \/>\n<meta property=\"og:locale\" content=\"es_ES\" \/>\n<meta property=\"og:type\" content=\"article\" \/>\n<meta property=\"og:title\" content=\"Terrorismo ultraderechista: no son lobos solitarios - Other News - Voz en contra de la corriente\" \/>\n<meta property=\"og:description\" content=\"Por Miguel Urb\u00e1n* - La Jornada de M\u00e9xico El pasado&nbsp;7 de diciembre, las autoridades alemanas deten\u00edan en una macroperaci\u00f3n a 25 presuntos miembros de una organizaci\u00f3n terrorista ultraderechista que planeaba un golpe de Estado en ese pa\u00eds. El supuesto dirigente de la trama\u2026\" \/>\n<meta property=\"og:url\" content=\"https:\/\/www.other-news.info\/noticias\/terrorismo-ultraderechista-no-son-lobos-solitarios\/\" \/>\n<meta property=\"og:site_name\" content=\"Other News - Voz en contra de la corriente\" \/>\n<meta property=\"article:published_time\" content=\"2023-02-02T18:57:37+00:00\" \/>\n<meta name=\"twitter:card\" content=\"summary_large_image\" \/>\n<meta name=\"twitter:label1\" content=\"Escrito por\" \/>\n\t<meta name=\"twitter:data1\" content=\"admin\" \/>\n\t<meta name=\"twitter:label2\" content=\"Tiempo de lectura\" \/>\n\t<meta name=\"twitter:data2\" content=\"5 minutos\" \/>\n<script type=\"application\/ld+json\" class=\"yoast-schema-graph\">{\"@context\":\"https:\/\/schema.org\",\"@graph\":[{\"@type\":\"WebSite\",\"@id\":\"https:\/\/www.other-news.info\/noticias\/#website\",\"url\":\"https:\/\/www.other-news.info\/noticias\/\",\"name\":\"Other News - Voz en contra de la corriente\",\"description\":\"Voz en contra de la corriente\",\"potentialAction\":[{\"@type\":\"SearchAction\",\"target\":{\"@type\":\"EntryPoint\",\"urlTemplate\":\"https:\/\/www.other-news.info\/noticias\/?s={search_term_string}\"},\"query-input\":\"required name=search_term_string\"}],\"inLanguage\":\"es\"},{\"@type\":\"WebPage\",\"@id\":\"https:\/\/www.other-news.info\/noticias\/terrorismo-ultraderechista-no-son-lobos-solitarios\/#webpage\",\"url\":\"https:\/\/www.other-news.info\/noticias\/terrorismo-ultraderechista-no-son-lobos-solitarios\/\",\"name\":\"Terrorismo ultraderechista: no son lobos solitarios - Other News - Voz en contra de la corriente\",\"isPartOf\":{\"@id\":\"https:\/\/www.other-news.info\/noticias\/#website\"},\"datePublished\":\"2023-02-02T18:57:37+00:00\",\"dateModified\":\"2023-02-02T18:57:37+00:00\",\"author\":{\"@id\":\"https:\/\/www.other-news.info\/noticias\/#\/schema\/person\/dd0ead9df8654b02034c4da003b9991b\"},\"breadcrumb\":{\"@id\":\"https:\/\/www.other-news.info\/noticias\/terrorismo-ultraderechista-no-son-lobos-solitarios\/#breadcrumb\"},\"inLanguage\":\"es\",\"potentialAction\":[{\"@type\":\"ReadAction\",\"target\":[\"https:\/\/www.other-news.info\/noticias\/terrorismo-ultraderechista-no-son-lobos-solitarios\/\"]}]},{\"@type\":\"BreadcrumbList\",\"@id\":\"https:\/\/www.other-news.info\/noticias\/terrorismo-ultraderechista-no-son-lobos-solitarios\/#breadcrumb\",\"itemListElement\":[{\"@type\":\"ListItem\",\"position\":1,\"name\":\"Home\",\"item\":\"https:\/\/www.other-news.info\/noticias\/\"},{\"@type\":\"ListItem\",\"position\":2,\"name\":\"Terrorismo ultraderechista: no son lobos solitarios\"}]},{\"@type\":\"Person\",\"@id\":\"https:\/\/www.other-news.info\/noticias\/#\/schema\/person\/dd0ead9df8654b02034c4da003b9991b\",\"name\":\"admin\",\"image\":{\"@type\":\"ImageObject\",\"@id\":\"https:\/\/www.other-news.info\/noticias\/#personlogo\",\"inLanguage\":\"es\",\"url\":\"https:\/\/secure.gravatar.com\/avatar\/e67344401a27ff9f91b2b48296aaa8fb9186ac51a3404ed4bdfbe790b6a9ee11?s=96&d=mm&r=g\",\"contentUrl\":\"https:\/\/secure.gravatar.com\/avatar\/e67344401a27ff9f91b2b48296aaa8fb9186ac51a3404ed4bdfbe790b6a9ee11?s=96&d=mm&r=g\",\"caption\":\"admin\"},\"url\":\"https:\/\/www.other-news.info\/noticias\/author\/admin\/\"}]}<\/script>\n<!-- \/ Yoast SEO plugin. -->","yoast_head_json":{"title":"Terrorismo ultraderechista: no son lobos solitarios - Other News - Voz en contra de la corriente","robots":{"index":"index","follow":"follow","max-snippet":"max-snippet:-1","max-image-preview":"max-image-preview:large","max-video-preview":"max-video-preview:-1"},"canonical":"https:\/\/www.other-news.info\/noticias\/terrorismo-ultraderechista-no-son-lobos-solitarios\/","og_locale":"es_ES","og_type":"article","og_title":"Terrorismo ultraderechista: no son lobos solitarios - Other News - Voz en contra de la corriente","og_description":"Por Miguel Urb\u00e1n* - La Jornada de M\u00e9xico El pasado&nbsp;7 de diciembre, las autoridades alemanas deten\u00edan en una macroperaci\u00f3n a 25 presuntos miembros de una organizaci\u00f3n terrorista ultraderechista que planeaba un golpe de Estado en ese pa\u00eds. El supuesto dirigente de la trama\u2026","og_url":"https:\/\/www.other-news.info\/noticias\/terrorismo-ultraderechista-no-son-lobos-solitarios\/","og_site_name":"Other News - Voz en contra de la corriente","article_published_time":"2023-02-02T18:57:37+00:00","twitter_card":"summary_large_image","twitter_misc":{"Escrito por":"admin","Tiempo de lectura":"5 minutos"},"schema":{"@context":"https:\/\/schema.org","@graph":[{"@type":"WebSite","@id":"https:\/\/www.other-news.info\/noticias\/#website","url":"https:\/\/www.other-news.info\/noticias\/","name":"Other News - Voz en contra de la corriente","description":"Voz en contra de la corriente","potentialAction":[{"@type":"SearchAction","target":{"@type":"EntryPoint","urlTemplate":"https:\/\/www.other-news.info\/noticias\/?s={search_term_string}"},"query-input":"required name=search_term_string"}],"inLanguage":"es"},{"@type":"WebPage","@id":"https:\/\/www.other-news.info\/noticias\/terrorismo-ultraderechista-no-son-lobos-solitarios\/#webpage","url":"https:\/\/www.other-news.info\/noticias\/terrorismo-ultraderechista-no-son-lobos-solitarios\/","name":"Terrorismo ultraderechista: no son lobos solitarios - Other News - Voz en contra de la corriente","isPartOf":{"@id":"https:\/\/www.other-news.info\/noticias\/#website"},"datePublished":"2023-02-02T18:57:37+00:00","dateModified":"2023-02-02T18:57:37+00:00","author":{"@id":"https:\/\/www.other-news.info\/noticias\/#\/schema\/person\/dd0ead9df8654b02034c4da003b9991b"},"breadcrumb":{"@id":"https:\/\/www.other-news.info\/noticias\/terrorismo-ultraderechista-no-son-lobos-solitarios\/#breadcrumb"},"inLanguage":"es","potentialAction":[{"@type":"ReadAction","target":["https:\/\/www.other-news.info\/noticias\/terrorismo-ultraderechista-no-son-lobos-solitarios\/"]}]},{"@type":"BreadcrumbList","@id":"https:\/\/www.other-news.info\/noticias\/terrorismo-ultraderechista-no-son-lobos-solitarios\/#breadcrumb","itemListElement":[{"@type":"ListItem","position":1,"name":"Home","item":"https:\/\/www.other-news.info\/noticias\/"},{"@type":"ListItem","position":2,"name":"Terrorismo ultraderechista: no son lobos solitarios"}]},{"@type":"Person","@id":"https:\/\/www.other-news.info\/noticias\/#\/schema\/person\/dd0ead9df8654b02034c4da003b9991b","name":"admin","image":{"@type":"ImageObject","@id":"https:\/\/www.other-news.info\/noticias\/#personlogo","inLanguage":"es","url":"https:\/\/secure.gravatar.com\/avatar\/e67344401a27ff9f91b2b48296aaa8fb9186ac51a3404ed4bdfbe790b6a9ee11?s=96&d=mm&r=g","contentUrl":"https:\/\/secure.gravatar.com\/avatar\/e67344401a27ff9f91b2b48296aaa8fb9186ac51a3404ed4bdfbe790b6a9ee11?s=96&d=mm&r=g","caption":"admin"},"url":"https:\/\/www.other-news.info\/noticias\/author\/admin\/"}]}},"_links":{"self":[{"href":"https:\/\/www.other-news.info\/noticias\/wp-json\/wp\/v2\/posts\/22061","targetHints":{"allow":["GET"]}}],"collection":[{"href":"https:\/\/www.other-news.info\/noticias\/wp-json\/wp\/v2\/posts"}],"about":[{"href":"https:\/\/www.other-news.info\/noticias\/wp-json\/wp\/v2\/types\/post"}],"author":[{"embeddable":true,"href":"https:\/\/www.other-news.info\/noticias\/wp-json\/wp\/v2\/users\/2"}],"replies":[{"embeddable":true,"href":"https:\/\/www.other-news.info\/noticias\/wp-json\/wp\/v2\/comments?post=22061"}],"version-history":[{"count":1,"href":"https:\/\/www.other-news.info\/noticias\/wp-json\/wp\/v2\/posts\/22061\/revisions"}],"predecessor-version":[{"id":22062,"href":"https:\/\/www.other-news.info\/noticias\/wp-json\/wp\/v2\/posts\/22061\/revisions\/22062"}],"wp:attachment":[{"href":"https:\/\/www.other-news.info\/noticias\/wp-json\/wp\/v2\/media?parent=22061"}],"wp:term":[{"taxonomy":"category","embeddable":true,"href":"https:\/\/www.other-news.info\/noticias\/wp-json\/wp\/v2\/categories?post=22061"},{"taxonomy":"post_tag","embeddable":true,"href":"https:\/\/www.other-news.info\/noticias\/wp-json\/wp\/v2\/tags?post=22061"}],"curies":[{"name":"wp","href":"https:\/\/api.w.org\/{rel}","templated":true}]}}