{"id":22067,"date":"2023-02-03T18:53:11","date_gmt":"2023-02-03T17:53:11","guid":{"rendered":"https:\/\/www.other-news.info\/noticias\/?p=22067"},"modified":"2023-02-03T18:53:12","modified_gmt":"2023-02-03T17:53:12","slug":"simultaneos-tambores-de-guerras-que-podrian-ser-mundiales","status":"publish","type":"post","link":"https:\/\/www.other-news.info\/noticias\/simultaneos-tambores-de-guerras-que-podrian-ser-mundiales\/","title":{"rendered":"<strong>SIMULT\u00c1NEOS TAMBORES DE GUERRAS QUE PODR\u00cdAN SER MUNDIALES<\/strong>"},"content":{"rendered":"\n<p class=\"wp-block-paragraph\"><strong><em>Por Oscar Gonz\u00e1lez*<\/em><\/strong><\/p>\n\n\n\n<p class=\"wp-block-paragraph\"><em>Sin ser \u201ccatastrofistas\u201d convenimos en que, seg\u00fan el CIDOB, 2023 es \u201cun a\u00f1o que pondr\u00e1 a prueba los l\u00edmites individuales y colectivos: inflaci\u00f3n, seguridad alimentaria, crisis energ\u00e9tica, m\u00e1s presiones en la cadena de suministro y en la competici\u00f3n geopol\u00edtica global, la descomposici\u00f3n de los sistemas de seguridad y gobernanza internacional, y la capacidad colectiva para responder a todo ello\u201d.<\/em>&nbsp;<a href=\"https:\/\/twitter.com\/CidobBarcelona?ref_src=twsrc%5Etfw%7Ctwcamp%5Eembeddedtimeline%7Ctwterm%5Escreen-name%3ACidobBarcelona%7Ctwcon%5Es1_c14\" target=\"_blank\" rel=\"noreferrer noopener\">@CidobBarcelona<\/a><\/p>\n\n\n\n<p class=\"wp-block-paragraph\">&nbsp;Fin de un ciclo y comienzo de otro. Uno m\u00e1s o uno menos. \u00bfBueno o malo? Simplemente otro.&nbsp;<\/p>\n\n\n\n<p class=\"wp-block-paragraph\">\u00bfQu\u00e9 se difiende en una guerra? \u00bfPor qu\u00e9 ir o no ir a la guerra? \u00bfD\u00f3nde y cu\u00e1ndo es m\u00e1s probable una nueva guerra; una guerra pr\u00e1cticamente an\u00f3nima como son las modernas? \u00bfQui\u00e9n se ve involucrado en una guerra hoy\u2026\u00bftu, yo, nosotros? Los poderosos prefieren guerrear en territorios ajenos, en espacios distintos a los propios, en terceros pa\u00edses. Los menos fuertes resisten en su territorio. Hay guerras preventivas, de agresi\u00f3n, de ocupaci\u00f3n, de desgaste; hay guerras defensivas, de resistencia. La historia es pr\u00f3diga en estas materias. &nbsp;<\/p>\n\n\n\n<p class=\"wp-block-paragraph\">En este tiempo nuestro la confrontaci\u00f3n entre izquierdas y derechas (fuerzas de cambio y fuerzas conservadoras) crece todos los d\u00edas, pr\u00e1cticamente en todos los espacios y niveles. Poco importan las denominaciones o las representaciones formales. S\u00ed importan las definiciones y las acciones concretas, porque no es lo mismo hablar de asumir posiciones desde el norte que desde el sur, desde arriba o desde abajo. Las luchas de clases (motores reales, materiales, de la historia) , sean locales, regionales o globales, han entrado en una din\u00e1mica tanto o m\u00e1s fuerte y cr\u00edtica que en otras \u00e9pocas recientes. Vamos de manera cada vez m\u00e1s clara y evidente hacia nuevas guerras de clases globalizadoras entre Naciones o Estados y alianzas pol\u00edtico militares (Ver La Guerra Global de Clases; Jeff Faux; uacm; 2014; 550 pp.).&nbsp;<\/p>\n\n\n\n<p class=\"wp-block-paragraph\">Un primer problema te\u00f3rico y metodol\u00f3gico para abordar estas tem\u00e1ticas tiene que ver con las ideolog\u00edas y, desde all\u00ed, con la visi\u00f3n del papel que las ciencias y las tecnolog\u00edas juegan en las luchas de poder en la historia contempor\u00e1nea. \u00bfQu\u00e9 sabemos y qu\u00e9 ignoramos de los instrumentos con los que construimos los distintos campos de conocimiento de nuestro tiempo, y con la manera de abordar los conflictos de intereses materiales entre clases, naciones y \u00e9lites hegem\u00f3nicas?&nbsp;<\/p>\n\n\n\n<p class=\"wp-block-paragraph\">Por si los temas ecol\u00f3gicos, de pobreza y de hegemon\u00edas no fueran suficientes para ponernos en guardia, la amenaza de acudir eventualmente a las armas nucleares por parte de algunos de los 16 pa\u00edses que las poseen se acrecienta en un clima de tensiones que tienden a incrementarse en distintas regiones. No ha ocurrido mayormente pero puede ocurrir que una vez desatado un conflicto b\u00e9lico las m\u00faltiples centrales y plantas at\u00f3micas que en distintos pa\u00edses generan electricidad sean objetivos militares; y eso, llegado el caso \u00bfcu\u00e1ndo y c\u00f3mo se podr\u00eda detener? \u00bfY qui\u00e9n puede escapar a los alcances de tales devastaciones? \u00bfQu\u00e9 pasar\u00eda en Francia, EEUU o China, p.ej, que tienen cientos de plantas at\u00f3micas generadoras de electricidad?&nbsp;<\/p>\n\n\n\n<p class=\"wp-block-paragraph\">El que tiene alg\u00fan valor material no quiere arriesgar sino acrecentar su patrimonio. Llam\u00e9mosle egoismo, egolatr\u00eda, codicia o como se quiera, empero \u00bfde qu\u00e9 manera podemos limitar las disputas para defender lo que se considera que es o que puede ser propio? Las posesiones materiales y los derechos que las garantizan son cada vez m\u00e1s cuestionados. Los \u00f3rdenes jur\u00eddicos y pol\u00edticos que protegen todo tipo de propiedades son hoy cada vez m\u00e1s cuestionados y desafiados, y no hay otras garant\u00edas para hacerlos valer que la capacidad coactiva de Estados y gobiernos. \u00bfHasta que punto esos cuestionamientos tienen que ver con los reg\u00edmenes pol\u00edticos y con los sistemas sociales establecidos, sean liberales y capitalistas o democr\u00e1tico sociales? Ciertamente no son las leyes internacionales sino la fuerza econ\u00f3mica de las grandes corporaciones lo que las lleva incluso a desafiar a gobiernos constitu\u00eddos.&nbsp;<\/p>\n\n\n\n<p class=\"wp-block-paragraph\">La pol\u00edtica interfiere en la econom\u00eda, y viceversa. No en balde se habla hoy de econom\u00eda-po\u00edtica, ambas partes reunidas en una sola disciplina. Las dos caras de una misma moneda, que est\u00e1 en el aire, hacen prever complicaciones graves y a\u00fan cr\u00edticas a escala global. Como ya antes ocurri\u00f3, por temas de expansi\u00f3n econ\u00f3mica o apropiaci\u00f3n territorial, se abre otra vez el panorama de nuevas y antiguas conflagraciones europeas y eventualmente \u201cmundiales\u201d.&nbsp;<\/p>\n\n\n\n<p class=\"wp-block-paragraph\">Resumimos y coincidimos con El Pa\u00eds cuando publica que en el mundo de 2023 hay por lo menos diez temas que marcar\u00e1n la agenda internacional:&nbsp;<\/p>\n\n\n\n<p class=\"wp-block-paragraph\"><strong>1.Aceleraci\u00f3n de la competici\u00f3n estrat\u00e9gica<\/strong><\/p>\n\n\n\n<p class=\"wp-block-paragraph\">La guerra de Ucrania ha acelerado el cisma y la confrontaci\u00f3n entre los grandes poderes globales. La&nbsp;<a href=\"https:\/\/www.bloomberg.com\/opinion\/articles\/2022-09-18\/ukraine-war-shows-the-us-military-isn-t-ready-for-war-with-china\" target=\"_blank\" rel=\"noreferrer noopener\">tensi\u00f3n armament\u00edstica<\/a>&nbsp;se ha a\u00f1adido a la competencia comercial, tecnol\u00f3gica, econ\u00f3mica y geoestrat\u00e9gica que ya defin\u00eda las relaciones entre Estados Unidos y China y que se intensificar\u00e1 en 2023. A pesar de ello, no estamos ante un mundo dividido en dos bloques estancos, sino en plena reconfiguraci\u00f3n de alianzas, que obliga al resto de actores a resituarse ante las nuevas din\u00e1micas de competici\u00f3n estrat\u00e9gica y a buscar espacios propios en una transformaci\u00f3n que es global, pero que en 2023 seguir\u00e1 teniendo su epicentro en Europa.<\/p>\n\n\n\n<p class=\"wp-block-paragraph\"><strong>2.&nbsp;Inoperatividad de los marcos globales de seguridad colectiva<\/strong><\/p>\n\n\n\n<p class=\"wp-block-paragraph\">La guerra de Ucrania ha dejado al descubierto que, cuanto mayores son los riesgos que genera la confrontaci\u00f3n geoestrat\u00e9gica, m\u00e1s obsoletos parecen los marcos de seguridad colectiva. Desde el 24 de febrero de 2022, los paradigmas de la arquitectura de seguridad, tanto global como europea, han cambiado dr\u00e1sticamente. Por un lado, hemos asistido a una revitalizaci\u00f3n del papel de la OTAN; mientras que, por el otro, las im\u00e1genes de la invasi\u00f3n militar rusa aceleraban la percepci\u00f3n de descomposici\u00f3n del sistema de seguridad internacional, aumentando la sensaci\u00f3n de vulnerabilidad y desorientaci\u00f3n estrat\u00e9gica que acompa\u00f1a los cambios estructurales actuales.<\/p>\n\n\n\n<p class=\"wp-block-paragraph\"><strong>3.&nbsp;&nbsp;Transiciones en colisi\u00f3n<\/strong><\/p>\n\n\n\n<p class=\"wp-block-paragraph\">Las transiciones verde y digital, que parec\u00edan<a href=\"https:\/\/joint-research-centre.ec.europa.eu\/jrc-news\/twin-green-digital-transition-how-sustainable-digital-technologies-could-enable-carbon-neutral-eu-2022-06-29_en\" target=\"_blank\" rel=\"noreferrer noopener\">&nbsp;ir de la mano<\/a>&nbsp;hacia la construcci\u00f3n de un mundo m\u00e1s sostenible, han entrado en colisi\u00f3n. La guerra en Ucrania y el impacto de las sanciones a Rusia han alterado mercados, dependencias, compromisos clim\u00e1ticos e incluso los tiempos previstos para afianzar la apuesta por energ\u00edas alternativas. \u00bfHa sido esta crisis un acelerador o un sabotaje para la transici\u00f3n energ\u00e9tica?<\/p>\n\n\n\n<p class=\"wp-block-paragraph\"><strong>4.&nbsp;&nbsp;\u00bfRecesi\u00f3n econ\u00f3mica global?<\/strong><\/p>\n\n\n\n<p class=\"wp-block-paragraph\">Las consecuencias de la guerra de Ucrania en la energ\u00eda, las persistentes disrupciones en la cadena mundial de suministros, as\u00ed como las pol\u00edticas monetarias adoptadas frente a una inflaci\u00f3n creciente han llevado al pesimismo para el futuro econ\u00f3mico de 2023. Seg\u00fan el&nbsp;<a href=\"https:\/\/www.imf.org\/en\/Publications\/WEO\/Issues\/2022\/10\/11\/world-economic-outlook-october-2022\" target=\"_blank\" rel=\"noreferrer noopener\">Fondo Monetario Internacional<\/a>&nbsp;(FMI), 2022 cerrar\u00e1 con un crecimiento econ\u00f3mico mundial alrededor del 3,2%; no obstante, en sus previsiones para el a\u00f1o pr\u00f3ximo, esta cifra caer\u00eda hasta el 2,7% \u2013la m\u00e1s baja desde 2001 con la excepci\u00f3n de 2020 por el impacto de la pandemia\u2013. El<a href=\"https:\/\/www.euractiv.com\/section\/politics\/news\/real-risk-of-technical-recession-in-eurozone-warns-ecb\/\" target=\"_blank\" rel=\"noreferrer noopener\">&nbsp;Banco Central Europeo (BCE) alerta<\/a>&nbsp;de que la eurozona podr\u00eda entrar pronto en una leve recesi\u00f3n t\u00e9cnica&nbsp;<a href=\"https:\/\/cercledeconomia.com\/es\/les-claus-economiques-del-mes-novembre-2022\/\" target=\"_blank\" rel=\"noreferrer noopener\">o estancamiento<\/a>. Un escenario sombr\u00edo para un mundo que a\u00fan trata de revertir los estragos sociales y econ\u00f3micos de la pandemia y, de nuevo, se ve abocado a la volatilidad.<\/p>\n\n\n\n<p class=\"wp-block-paragraph\"><strong>5.&nbsp;&nbsp;<\/strong><strong>Crisis de acceso y garant\u00edas a los bienes b\u00e1sicos<\/strong><\/p>\n\n\n\n<p class=\"wp-block-paragraph\">La guerra en Ucrania ha agravado las dificultades de acceso a la energ\u00eda, a los alimentos y al agua potable. La provisi\u00f3n de bienes p\u00fablicos globales, que es un requisito previo para el desarrollo y es vital para la reducci\u00f3n de la pobreza y la desigualdad entre pa\u00edses, sufre hoy los estragos de la rivalidad geopol\u00edtica, de una nueva confrontaci\u00f3n por los recursos naturales, as\u00ed como de los efectos de un debilitamiento de la gobernanza global y de la cooperaci\u00f3n internacional.<\/p>\n\n\n\n<p class=\"wp-block-paragraph\"><strong>6.&nbsp;&nbsp;&nbsp;Inestabilidad y descontento social<\/strong><\/p>\n\n\n\n<p class=\"wp-block-paragraph\">Los impactos de la&nbsp;permacrisis&nbsp;tienen una incidencia directa en el empeoramiento de las condiciones de vida de los hogares, lo que se traduce en un aumento del malestar social y las protestas ciudadanas como expresi\u00f3n del descontento. En 2022,&nbsp;<a href=\"https:\/\/www.bbc.com\/mundo\/noticias-internacional-63294953\" target=\"_blank\" rel=\"noreferrer noopener\">m\u00e1s de 90 pa\u00edses<\/a>&nbsp;han registrado movilizaciones por la falta del acceso a los bienes p\u00fablicos.<\/p>\n\n\n\n<p class=\"wp-block-paragraph\">En&nbsp;<a href=\"https:\/\/cnnespanol.cnn.com\/2022\/07\/22\/aumento-precio-gasolina-estabilidad-social-latinoamerica-trax\/\" target=\"_blank\" rel=\"noreferrer noopener\">Am\u00e9rica Latina<\/a>, los altos precios de los combustibles han generado protestas en Per\u00fa, Ecuador y Panam\u00e1 a lo largo del a\u00f1o, as\u00ed como en&nbsp;<a href=\"https:\/\/www.vozdeamerica.com\/a\/argentina-protestas-demanda-ayuda-social-\/6829787.html\" target=\"_blank\" rel=\"noreferrer noopener\">Argentina,<\/a>&nbsp;donde los manifestantes han extendido las demandas para reclamar m\u00e1s empleos y ayudas frente a las altas tasas de inflaci\u00f3n. Un malestar social que impactar\u00e1 de lleno en el camino a las urnas para Ecuador y Argentina, que tienen elecciones previstas, respectivamente, para febrero y octubre de 2023.&nbsp;<\/p>\n\n\n\n<p class=\"wp-block-paragraph\"><strong>7.&nbsp;&nbsp;Fracturas y atomizaci\u00f3n de los movimientos y sus reivindicaciones<\/strong><\/p>\n\n\n\n<p class=\"wp-block-paragraph\">Emmanuel Macron lo describi\u00f3 como \u00ab<a href=\"https:\/\/www.francetvinfo.fr\/politique\/emmanuel-macron\/la-fin-de-l-abondance-la-formule-du-president-macron-ne-passe-pas-pour-l-opposition_5325610.html\" target=\"_blank\" rel=\"noreferrer noopener\">el fin de la abundancia<\/a>\u00bb, y algunos economistas teorizan sobre el \u00ab<a href=\"https:\/\/www.reuters.com\/breakingviews\/end-cheap-money-reveals-global-debt-problem-2022-10-03\/\" target=\"_blank\" rel=\"noreferrer noopener\">fin de lo barato<\/a>\u00bb (sea el dinero o los costes de producci\u00f3n). Vivimos con una sensaci\u00f3n de agotamiento: se acaba el tiempo para revertir el cambio clim\u00e1tico; escasea la solidaridad; perdemos capacidad adquisitiva para hacer frente a nuestras necesidades m\u00e1s b\u00e1sicas; el estr\u00e9s h\u00eddrico gana terreno y nos sobra, sobre todo, sensaci\u00f3n de fragilidad. La permacrisis retrata, seg\u00fan el diccionario Collins, un \u00abper\u00edodo prolongado de inestabilidad e inseguridad\u00bb provocado por una concatenaci\u00f3n de sucesos que han ido impactando sobre nuestra realidad. Llevamos a\u00f1os de desigualdades crecientes, pero ahora el modelo parece haber quebrado y, ante un cambio estructural tan profundo, los miedos y ansiedad se acumulan.<\/p>\n\n\n\n<p class=\"wp-block-paragraph\"><strong>8.&nbsp; Autoritarismo bajo presi\u00f3n<\/strong><\/p>\n\n\n\n<p class=\"wp-block-paragraph\">El 70% de la poblaci\u00f3n mundial \u2013m\u00e1s de 5.000 millones de personas\u2013 vive \u201cbajo dictaduras\u201d. La involuci\u00f3n democr\u00e1tica gana terreno. El&nbsp;<a href=\"https:\/\/v-dem.net\/media\/publications\/dr_2022.pdf\" target=\"_blank\" rel=\"noreferrer noopener\">informe sobre el estado de la democracia<\/a>&nbsp;en el mundo del instituto V-Dem advierte que el nivel de democracia del que ha gozado la ciudadan\u00eda global en 2022 \u00abha bajado a los niveles de 1989\u00bb. Los \u00faltimos 30 a\u00f1os de avances democr\u00e1ticos han quedado borrados del mapa. Sin embargo, no solo la democracia est\u00e1 bajo presi\u00f3n, sino que las autocracias electorales tambi\u00e9n tienen un a\u00f1o con muchos interrogantes por delante. En 2023 veremos como algunos de estos liderazgos autoritarios est\u00e1n cada vez m\u00e1s cuestionados, ya sea por divisiones internas dentro del propio sistema o por la fuerza de movimientos opositores.<\/p>\n\n\n\n<p class=\"wp-block-paragraph\"><strong>9. Fragmentaci\u00f3n regulatoria, desglobalizaci\u00f3n sectorial<\/strong><\/p>\n\n\n\n<p class=\"wp-block-paragraph\">No estamos ante un mundo de dos \u2013marcado por la confrontaci\u00f3n bipolar entre Estados Unidos y China\u2013, sino ante dos mundos que se van configurando en paralelo, pero con espacios de interrelaci\u00f3n. La aceleraci\u00f3n de la competici\u00f3n estrat\u00e9gica ha ido de la mano de una amplificaci\u00f3n de las vulnerabilidades inherentes a la hiperconectividad. Y China est\u00e1 en el centro de los dos procesos. La pol\u00edtica de covid cero, que hasta finales de 2022 ha seguido bloqueando grandes puertos internacionales chinos e impactando en las cadenas de suministros globales, ha precipitado la transformaci\u00f3n del modelo de globalizaci\u00f3n, a\u00fan en proceso de redefinici\u00f3n.<\/p>\n\n\n\n<p class=\"wp-block-paragraph\"><strong>10. Testando l\u00edmites<\/strong><\/p>\n\n\n\n<p class=\"wp-block-paragraph\">Si 2023 es el a\u00f1o que pondr\u00e1 a prueba los l\u00edmites individuales y colectivos, la bola negra de nuestra mesa de billar es todo aquello \u2013acontecimiento o efecto inesperado\u2013 que, como los \u00faltimos a\u00f1os han demostrado, es capaz de hacer saltar por los aires las previsiones, los tiempos y las estrategias de la pol\u00edtica internacional. En la lista de amenazas que pudieran propiciar una escalada en los riesgos existentes, el peligro de un ataque o accidente nuclear ha subido enteros despu\u00e9s de la subida de tono de la ret\u00f3rica rusa de los \u00faltimos meses y los bombardeos en las inmediaciones de centrales como la de&nbsp;<a href=\"https:\/\/elpais.com\/internacional\/2022-09-04\/la-central-nuclear-de-zaporiyia-vuelve-a-perder-tras-un-bombardeo-su-conexion-principal-con-la-red-de-ucrania.html\" target=\"_blank\" rel=\"noreferrer noopener\">Zaporiyia<\/a>&nbsp;en el sureste de Ucrania.<\/p>\n\n\n\n<p class=\"wp-block-paragraph\">Todo pareciera indicar que los desaf\u00edos militaristas est\u00e1n a la orden del d\u00eda, en Oriente y Occidente. De cualquier modo que ocurran, una vez multiplicadas e iniciadas en escenarios concretos las hostilidades indirectas o&nbsp; directas \u00bfcuales ser\u00e1n y hasta d\u00f3nde se podr\u00edan extender los nuevos teatros de las hostilidades?&nbsp;<\/p>\n\n\n\n<p class=\"wp-block-paragraph\">\u00bfC\u00f3mo ver eso desde ac\u00e1, desde el hemisferio occidental, desde la Am\u00e9rica Latina y desde un pa\u00eds neutral y ajeno a esos conflictos&nbsp; como es M\u00e9xico? \u00bfQu\u00e9 tanto podr\u00edan alcanzarnos disputas como las de Ucrania, Palestina, Coreas, Taiwan, Per\u00fa, etc., que sin ser conflictos nuestros nos afectan? \u00bfQu\u00e9 pasa, qu\u00e9 hace el \u201cmundo civilizado\u201d?&nbsp;<\/p>\n\n\n\n<p class=\"wp-block-paragraph\">En toda guerra, como se sabe, el primer frente de batalla es el ideol\u00f3gico. Es en el campo de las ideolog\u00edas donde las guerras se originan, se negocian y se resuelven. La confrontaci\u00f3n de intereses tiene que expresarse, sustentarse y convenirse en y con ideas y valores comunes, universales. El que no sabe por qu\u00e9 pelea est\u00e1 perdido o s\u00f3lo puede ser sometido o utilizado. Tarde o temprano sabr\u00e1, con suerte, que fue a dar a una guerra, acaso sin quererlo y sin saberlo, que tal vez no era la suya.<\/p>\n\n\n\n<p class=\"wp-block-paragraph\">\u2026\u2026\u2026\u2026\u2026\u2026\u2026\u2026\u2026\u2026.<\/p>\n\n\n\n<p class=\"wp-block-paragraph\"><em>*Oscar&nbsp;Gonz\u00e1lez estudi\u00f3 Derecho en la UNAM, Derecho Internacional Comparado en la Universidad de Nueva York y obtuvo una maestr\u00eda y un doctorado en Ciencias Sociales en la UNAM. Entre sus cargos destacan: Embajador de M\u00e9xico en Argelia, en T\u00fanez y en la Rep\u00fablica \u00c1rabe Saharaui Democr\u00e1tica (1977-1981). Embajador Alterno de M\u00e9xico ante el Consejo de Seguridad de las Naciones Unidas (1981-1982). Embajador. Representante Permanente Alterno de la Misi\u00f3n de M\u00e9xico ante las Naciones Unidas (1982-1983).&nbsp;Art\u00edculo enviado a Other News por el autor.<\/em><\/p>\n","protected":false},"excerpt":{"rendered":"<p>Por Oscar Gonz\u00e1lez* Sin ser \u201ccatastrofistas\u201d convenimos en que, seg\u00fan el CIDOB, 2023 es \u201cun a\u00f1o que pondr\u00e1 a prueba los l\u00edmites individuales y colectivos: inflaci\u00f3n, seguridad alimentaria, crisis energ\u00e9tica, m\u00e1s presiones en la cadena de suministro y en la competici\u00f3n\u2026<\/p>\n","protected":false},"author":2,"featured_media":0,"comment_status":"closed","ping_status":"open","sticky":false,"template":"","format":"standard","meta":{"footnotes":""},"categories":[1],"tags":[],"class_list":["post-22067","post","type-post","status-publish","format-standard","hentry","category-other-news"],"yoast_head":"<!-- This site is optimized with the Yoast SEO plugin v16.7 - https:\/\/yoast.com\/wordpress\/plugins\/seo\/ -->\n<title>SIMULT\u00c1NEOS TAMBORES DE GUERRAS QUE PODR\u00cdAN SER MUNDIALES - Other News - Voz en contra de la corriente<\/title>\n<meta name=\"robots\" content=\"index, follow, max-snippet:-1, max-image-preview:large, max-video-preview:-1\" \/>\n<link rel=\"canonical\" href=\"https:\/\/www.other-news.info\/noticias\/simultaneos-tambores-de-guerras-que-podrian-ser-mundiales\/\" \/>\n<meta property=\"og:locale\" content=\"es_ES\" \/>\n<meta property=\"og:type\" content=\"article\" \/>\n<meta property=\"og:title\" content=\"SIMULT\u00c1NEOS TAMBORES DE GUERRAS QUE PODR\u00cdAN SER MUNDIALES - Other News - Voz en contra de la corriente\" \/>\n<meta property=\"og:description\" content=\"Por Oscar Gonz\u00e1lez* Sin ser \u201ccatastrofistas\u201d convenimos en que, seg\u00fan el CIDOB, 2023 es \u201cun a\u00f1o que pondr\u00e1 a prueba los l\u00edmites individuales y colectivos: inflaci\u00f3n, seguridad alimentaria, crisis energ\u00e9tica, m\u00e1s presiones en la cadena de suministro y en la competici\u00f3n\u2026\" \/>\n<meta property=\"og:url\" content=\"https:\/\/www.other-news.info\/noticias\/simultaneos-tambores-de-guerras-que-podrian-ser-mundiales\/\" \/>\n<meta property=\"og:site_name\" content=\"Other News - Voz en contra de la corriente\" \/>\n<meta property=\"article:published_time\" content=\"2023-02-03T17:53:11+00:00\" \/>\n<meta property=\"article:modified_time\" content=\"2023-02-03T17:53:12+00:00\" \/>\n<meta name=\"twitter:card\" content=\"summary_large_image\" \/>\n<meta name=\"twitter:label1\" content=\"Escrito por\" \/>\n\t<meta name=\"twitter:data1\" content=\"admin\" \/>\n\t<meta name=\"twitter:label2\" content=\"Tiempo de lectura\" \/>\n\t<meta name=\"twitter:data2\" content=\"10 minutos\" \/>\n<script type=\"application\/ld+json\" class=\"yoast-schema-graph\">{\"@context\":\"https:\/\/schema.org\",\"@graph\":[{\"@type\":\"WebSite\",\"@id\":\"https:\/\/www.other-news.info\/noticias\/#website\",\"url\":\"https:\/\/www.other-news.info\/noticias\/\",\"name\":\"Other News - Voz en contra de la corriente\",\"description\":\"Voz en contra de la corriente\",\"potentialAction\":[{\"@type\":\"SearchAction\",\"target\":{\"@type\":\"EntryPoint\",\"urlTemplate\":\"https:\/\/www.other-news.info\/noticias\/?s={search_term_string}\"},\"query-input\":\"required name=search_term_string\"}],\"inLanguage\":\"es\"},{\"@type\":\"WebPage\",\"@id\":\"https:\/\/www.other-news.info\/noticias\/simultaneos-tambores-de-guerras-que-podrian-ser-mundiales\/#webpage\",\"url\":\"https:\/\/www.other-news.info\/noticias\/simultaneos-tambores-de-guerras-que-podrian-ser-mundiales\/\",\"name\":\"SIMULT\\u00c1NEOS TAMBORES DE GUERRAS QUE PODR\\u00cdAN SER MUNDIALES - Other News - Voz en contra de la corriente\",\"isPartOf\":{\"@id\":\"https:\/\/www.other-news.info\/noticias\/#website\"},\"datePublished\":\"2023-02-03T17:53:11+00:00\",\"dateModified\":\"2023-02-03T17:53:12+00:00\",\"author\":{\"@id\":\"https:\/\/www.other-news.info\/noticias\/#\/schema\/person\/dd0ead9df8654b02034c4da003b9991b\"},\"breadcrumb\":{\"@id\":\"https:\/\/www.other-news.info\/noticias\/simultaneos-tambores-de-guerras-que-podrian-ser-mundiales\/#breadcrumb\"},\"inLanguage\":\"es\",\"potentialAction\":[{\"@type\":\"ReadAction\",\"target\":[\"https:\/\/www.other-news.info\/noticias\/simultaneos-tambores-de-guerras-que-podrian-ser-mundiales\/\"]}]},{\"@type\":\"BreadcrumbList\",\"@id\":\"https:\/\/www.other-news.info\/noticias\/simultaneos-tambores-de-guerras-que-podrian-ser-mundiales\/#breadcrumb\",\"itemListElement\":[{\"@type\":\"ListItem\",\"position\":1,\"name\":\"Home\",\"item\":\"https:\/\/www.other-news.info\/noticias\/\"},{\"@type\":\"ListItem\",\"position\":2,\"name\":\"SIMULT\\u00c1NEOS TAMBORES DE GUERRAS QUE PODR\\u00cdAN SER MUNDIALES\"}]},{\"@type\":\"Person\",\"@id\":\"https:\/\/www.other-news.info\/noticias\/#\/schema\/person\/dd0ead9df8654b02034c4da003b9991b\",\"name\":\"admin\",\"image\":{\"@type\":\"ImageObject\",\"@id\":\"https:\/\/www.other-news.info\/noticias\/#personlogo\",\"inLanguage\":\"es\",\"url\":\"https:\/\/secure.gravatar.com\/avatar\/e67344401a27ff9f91b2b48296aaa8fb9186ac51a3404ed4bdfbe790b6a9ee11?s=96&d=mm&r=g\",\"contentUrl\":\"https:\/\/secure.gravatar.com\/avatar\/e67344401a27ff9f91b2b48296aaa8fb9186ac51a3404ed4bdfbe790b6a9ee11?s=96&d=mm&r=g\",\"caption\":\"admin\"},\"url\":\"https:\/\/www.other-news.info\/noticias\/author\/admin\/\"}]}<\/script>\n<!-- \/ Yoast SEO plugin. -->","yoast_head_json":{"title":"SIMULT\u00c1NEOS TAMBORES DE GUERRAS QUE PODR\u00cdAN SER MUNDIALES - Other News - Voz en contra de la corriente","robots":{"index":"index","follow":"follow","max-snippet":"max-snippet:-1","max-image-preview":"max-image-preview:large","max-video-preview":"max-video-preview:-1"},"canonical":"https:\/\/www.other-news.info\/noticias\/simultaneos-tambores-de-guerras-que-podrian-ser-mundiales\/","og_locale":"es_ES","og_type":"article","og_title":"SIMULT\u00c1NEOS TAMBORES DE GUERRAS QUE PODR\u00cdAN SER MUNDIALES - Other News - Voz en contra de la corriente","og_description":"Por Oscar Gonz\u00e1lez* Sin ser \u201ccatastrofistas\u201d convenimos en que, seg\u00fan el CIDOB, 2023 es \u201cun a\u00f1o que pondr\u00e1 a prueba los l\u00edmites individuales y colectivos: inflaci\u00f3n, seguridad alimentaria, crisis energ\u00e9tica, m\u00e1s presiones en la cadena de suministro y en la competici\u00f3n\u2026","og_url":"https:\/\/www.other-news.info\/noticias\/simultaneos-tambores-de-guerras-que-podrian-ser-mundiales\/","og_site_name":"Other News - Voz en contra de la corriente","article_published_time":"2023-02-03T17:53:11+00:00","article_modified_time":"2023-02-03T17:53:12+00:00","twitter_card":"summary_large_image","twitter_misc":{"Escrito por":"admin","Tiempo de lectura":"10 minutos"},"schema":{"@context":"https:\/\/schema.org","@graph":[{"@type":"WebSite","@id":"https:\/\/www.other-news.info\/noticias\/#website","url":"https:\/\/www.other-news.info\/noticias\/","name":"Other News - Voz en contra de la corriente","description":"Voz en contra de la corriente","potentialAction":[{"@type":"SearchAction","target":{"@type":"EntryPoint","urlTemplate":"https:\/\/www.other-news.info\/noticias\/?s={search_term_string}"},"query-input":"required name=search_term_string"}],"inLanguage":"es"},{"@type":"WebPage","@id":"https:\/\/www.other-news.info\/noticias\/simultaneos-tambores-de-guerras-que-podrian-ser-mundiales\/#webpage","url":"https:\/\/www.other-news.info\/noticias\/simultaneos-tambores-de-guerras-que-podrian-ser-mundiales\/","name":"SIMULT\u00c1NEOS TAMBORES DE GUERRAS QUE PODR\u00cdAN SER MUNDIALES - Other News - Voz en contra de la corriente","isPartOf":{"@id":"https:\/\/www.other-news.info\/noticias\/#website"},"datePublished":"2023-02-03T17:53:11+00:00","dateModified":"2023-02-03T17:53:12+00:00","author":{"@id":"https:\/\/www.other-news.info\/noticias\/#\/schema\/person\/dd0ead9df8654b02034c4da003b9991b"},"breadcrumb":{"@id":"https:\/\/www.other-news.info\/noticias\/simultaneos-tambores-de-guerras-que-podrian-ser-mundiales\/#breadcrumb"},"inLanguage":"es","potentialAction":[{"@type":"ReadAction","target":["https:\/\/www.other-news.info\/noticias\/simultaneos-tambores-de-guerras-que-podrian-ser-mundiales\/"]}]},{"@type":"BreadcrumbList","@id":"https:\/\/www.other-news.info\/noticias\/simultaneos-tambores-de-guerras-que-podrian-ser-mundiales\/#breadcrumb","itemListElement":[{"@type":"ListItem","position":1,"name":"Home","item":"https:\/\/www.other-news.info\/noticias\/"},{"@type":"ListItem","position":2,"name":"SIMULT\u00c1NEOS TAMBORES DE GUERRAS QUE PODR\u00cdAN SER MUNDIALES"}]},{"@type":"Person","@id":"https:\/\/www.other-news.info\/noticias\/#\/schema\/person\/dd0ead9df8654b02034c4da003b9991b","name":"admin","image":{"@type":"ImageObject","@id":"https:\/\/www.other-news.info\/noticias\/#personlogo","inLanguage":"es","url":"https:\/\/secure.gravatar.com\/avatar\/e67344401a27ff9f91b2b48296aaa8fb9186ac51a3404ed4bdfbe790b6a9ee11?s=96&d=mm&r=g","contentUrl":"https:\/\/secure.gravatar.com\/avatar\/e67344401a27ff9f91b2b48296aaa8fb9186ac51a3404ed4bdfbe790b6a9ee11?s=96&d=mm&r=g","caption":"admin"},"url":"https:\/\/www.other-news.info\/noticias\/author\/admin\/"}]}},"_links":{"self":[{"href":"https:\/\/www.other-news.info\/noticias\/wp-json\/wp\/v2\/posts\/22067","targetHints":{"allow":["GET"]}}],"collection":[{"href":"https:\/\/www.other-news.info\/noticias\/wp-json\/wp\/v2\/posts"}],"about":[{"href":"https:\/\/www.other-news.info\/noticias\/wp-json\/wp\/v2\/types\/post"}],"author":[{"embeddable":true,"href":"https:\/\/www.other-news.info\/noticias\/wp-json\/wp\/v2\/users\/2"}],"replies":[{"embeddable":true,"href":"https:\/\/www.other-news.info\/noticias\/wp-json\/wp\/v2\/comments?post=22067"}],"version-history":[{"count":1,"href":"https:\/\/www.other-news.info\/noticias\/wp-json\/wp\/v2\/posts\/22067\/revisions"}],"predecessor-version":[{"id":22068,"href":"https:\/\/www.other-news.info\/noticias\/wp-json\/wp\/v2\/posts\/22067\/revisions\/22068"}],"wp:attachment":[{"href":"https:\/\/www.other-news.info\/noticias\/wp-json\/wp\/v2\/media?parent=22067"}],"wp:term":[{"taxonomy":"category","embeddable":true,"href":"https:\/\/www.other-news.info\/noticias\/wp-json\/wp\/v2\/categories?post=22067"},{"taxonomy":"post_tag","embeddable":true,"href":"https:\/\/www.other-news.info\/noticias\/wp-json\/wp\/v2\/tags?post=22067"}],"curies":[{"name":"wp","href":"https:\/\/api.w.org\/{rel}","templated":true}]}}