{"id":22072,"date":"2023-02-06T19:40:53","date_gmt":"2023-02-06T18:40:53","guid":{"rendered":"https:\/\/www.other-news.info\/noticias\/?p=22072"},"modified":"2023-02-06T19:40:54","modified_gmt":"2023-02-06T18:40:54","slug":"ofensiva-conservadora-contra-francisco","status":"publish","type":"post","link":"https:\/\/www.other-news.info\/noticias\/ofensiva-conservadora-contra-francisco\/","title":{"rendered":"<strong>Ofensiva conservadora contra Francisco<\/strong>"},"content":{"rendered":"\n<p class=\"wp-block-paragraph\"><strong><em>Por Washington Uranga* \u2013 P\u00e1gina\/12, Argentina<\/em><\/strong><\/p>\n\n\n\n<p class=\"wp-block-paragraph\">En vida Ratzinger se mantuvo muy respetuoso del papa gobernante, se cuid\u00f3 de criticar en p\u00fablico a Bergoglio y pidi\u00f3 respeto por el Papa en ejercicio. Muerto Benedicto los conservadores relanzan su ofensiva y ponen a prueba el camino de renovaci\u00f3n impulsado por el argentino.<\/p>\n\n\n\n<p class=\"wp-block-paragraph\">La muerte del papa em\u00e9rito Benedicto XVI , el 31 de diciembre pasado, cerr\u00f3 una etapa novedosa en la historia contempor\u00e1nea de la Iglesia Cat\u00f3lica \u2013la cohabitaci\u00f3n de dos papas- pero abri\u00f3 tambi\u00e9n un nuevo cap\u00edtulo para el gobierno de Francisco, en el que Jorge Bergoglio tendr\u00e1 que confirmar el rumbo de los cambios iniciados y dejar sentadas bases institucionales que garanticen las reformas que ha venido impulsando y que \u00e9l mismo entiende que est\u00e1n todav\u00eda a medio camino. Pero para ello tendr\u00e1 que hacer frente a la ofensiva de los sectores ultraconservadores \u2013internos y externos- que reforzaron su campa\u00f1a contra Francisco casi al mismo tiempo que enterraban con honores a Joseph Ratzinger. Porque si bien Benedicto no ocultaba sus diferencias teol\u00f3gicas y eclesiol\u00f3gicas con Francisco, fue sumamente cuidadoso para mantenerse en reserva y no exponer sus discrepancias p\u00fablicamente y de esta manera tambi\u00e9n puso un dique a la ofensiva conservadora que le ped\u00eda respaldo para ponerle \u201cl\u00edmites\u201d a las iniciativas del argentino empe\u00f1ado en adecuar la Iglesia a los postulados del Concilio Vaticano II (1962-65) que, a su juicio, siguen sin plasmarse de manera completa en la vida de la iglesia.<\/p>\n\n\n\n<p class=\"wp-block-paragraph\">Es m\u00e1s. Son varias las opiniones de analistas eclesi\u00e1sticos que coinciden en que \u2013sobre la base la autoridad ganada en muchos c\u00edrculos conservadores dada su trayectoria eclesi\u00e1stica- Ratzinger actu\u00f3 como un dique de contenci\u00f3n para restringir los ataques contra Bergoglio. Aun cuando en privado Benedicto dejara traslucir su desacuerdo o su desencanto con ciertas determinaciones del papa argentino.<\/p>\n\n\n\n<p class=\"wp-block-paragraph\">\u201cSolo hay un Papa y se llama Francisco\u201d escribi\u00f3 Ratzinger en 2018 en una carta en la que sali\u00f3 al cruce de los dichos del cardenal alem\u00e1n Walter Brandmuller quien, junto a otros tres cardenales, hab\u00eda propuesto declarar a Jorge Bergoglio \u201cincapaz\u201d de conducir la Iglesia. Este grupo de purpurados (integrado por Raymond Burke, Joachim Meisner y Carlo Cafarra adem\u00e1s del propio Brandmuller) se mostr\u00f3 entonces escandalizado ante la sola posibilidad de abrir el debate acerca de la ordenaci\u00f3n como sacerdotes de laicos cat\u00f3licos previamente unidos en matrimonio o de brindar la comuni\u00f3n eucar\u00edstica a divorciados vueltos a casar. Y ante el proceso de \u201cinternacionalizaci\u00f3n\u201d del colegio cardenalicio impulsado por Bergoglio como parte de su estrategia para avanzar en mayores niveles de participaci\u00f3n de los obispos en el gobierno eclesi\u00e1stico, estos mismos cardenales intentaron tiempo m\u00e1s tarde modificar las normas del consistorio para que en la elecci\u00f3n de un futuro papa solo interviniesen los cardenales de la curia romana. Una maniobra claramente destinada a impedir que alguien con un perfil similar a Francisco y no sometido a la centralidad vaticana pueda suceder a Bergoglio al frente de la Iglesia.<\/p>\n\n\n\n<p class=\"wp-block-paragraph\"><strong>Se redobla la ofensiva<\/strong><\/p>\n\n\n\n<p class=\"wp-block-paragraph\">Desaparecido Ratzinger la ofensiva conservadora se redobl\u00f3. Hay quienes han insistido en que, siguiendo el ejemplo de Benedicto XVI, Francisco debe renunciar al pontificado. Es una posibilidad que si bien el argentino no ha descartado en forma absoluta, no est\u00e1 dispuesto a considerar por el momento. La apertura de lo que \u00e9l mismo ha denominado el \u201ccamino sinodal\u201d, una suerte de instancia participativa de la totalidad de la Iglesia que tendr\u00e1 su punto culminante en 2024, es la principal apuesta de Francisco para abrir nuevos espacios de renovaci\u00f3n de la Iglesia Cat\u00f3lica y para que desde all\u00ed surjan lineamientos que plasmen en cambios sustantivos desde el punto de vista teol\u00f3gico y pastoral. Para Bergoglio es la metodolog\u00eda que permitir\u00e1 recoger y profundizar las propuestas del Concilio Vaticano II y, al mismo tiempo, adecuar gran parte de la vida de la Iglesia Cat\u00f3lica a la sociedad actual. El Papa est\u00e1 firmemente decidido de conducir este proceso y de implementar luego sus conclusiones.<\/p>\n\n\n\n<p class=\"wp-block-paragraph\">Fue el propio secretario privado de Ratzinger, el cardenal alem\u00e1n Georg G\u00e4nswein, quien al publicar sus memorias de 19 a\u00f1os junto al pont\u00edfice fallecido, puso de manifiesto las objeciones de Ratzinger hacia Bergoglio. En particular, se\u00f1al\u00f3 el \u201cdolor en el coraz\u00f3n\u201d que, seg\u00fan \u00e9l, se le produjo al papa em\u00e9rito cuando Francisco public\u00f3 el decreto Traditiones custodes&nbsp; en julio de 2021. Mediante esa resoluci\u00f3n Francisco dej\u00f3 sin efecto una determinaci\u00f3n de Benedicto por la cual, cediendo a presiones conservadoras, autoriz\u00f3 la celebraci\u00f3n de misas en lat\u00edn y de espaldas al pueblo. Despu\u00e9s de un entredicho a ra\u00edz de un libro del cardenal guineano Robert Sarah, ex prefecto (ministro) de la Congregaci\u00f3n para el Culto, en el que se criticaba decisiones papales, Bergoglio removi\u00f3 en 2020 a G\u00e4nswein de sus funciones como prefecto de la Casa Pontificia y le pidi\u00f3 que se limitara a atender a Benedicto como su secretario privado.<\/p>\n\n\n\n<p class=\"wp-block-paragraph\">Todo indica que la ofensiva conservadora contra Francisco se har\u00e1 m\u00e1s intensa de aqu\u00ed en m\u00e1s. Entre las figuras eclesi\u00e1sticas que se alinean en esta campa\u00f1a se destacan el cardenal estadounidenes Raymond Burke y el alem\u00e1n Gerhard Ludwig M\u00fcller. Pero no son los \u00fanicos. En la misma senda se cuentan los tambi\u00e9n cardenales Antonio Rouco (espa\u00f1ol) y Carlo Mar\u00eda Vigan\u00f3, ex nuncio (embajador) vaticano en Estados Unidos. Sin olvidar al arzobispo Timothy Broglio, antiguo obispo castrense de Estados Unidos y recientemente electo como presidente de la Conferencia Episcopal de su pa\u00eds.<\/p>\n\n\n\n<p class=\"wp-block-paragraph\">Pero las resistencias contra Bergoglio no provienen apenas desde las filas eclesi\u00e1sticas. Fuerzas y representantes pol\u00edticos y econ\u00f3micos de diversas partes del mundo no ocultan la molestia por las constantes cr\u00edticas sociales del Papa y su alineamiento con los movimientos sociales, los descartados y los marginados de todo tipo. Tambi\u00e9n porque en torno a Francisco y a sus ideas se alinean propuestas progresistas de dirigentes que est\u00e1n m\u00e1s all\u00e1 de las filas de la Iglesia Cat\u00f3lica.<\/p>\n\n\n\n<p class=\"wp-block-paragraph\"><strong>En defensa de Francisco<\/strong><\/p>\n\n\n\n<p class=\"wp-block-paragraph\">As\u00ed lo expres\u00f3 en una entrevista publicada en Religi\u00f3n Digital el recientemente designado cardenal venezolano Baltazar Porras, amigo personal de Bergoglio. \u201cCuesta mucho a los grupos de poder del primer mundo verse dirigidos por alguien que no representa lo de ellos y, por eso, hay que descalificar su origen, sus capacidades como maestro de la fe, con un bagaje intelectual y espiritual de fuste, que quiere ser visto como inferior a los tradicionales lugares de pensamiento y acci\u00f3n de la Iglesia\u201d, sostuvo el obispo.<\/p>\n\n\n\n<p class=\"wp-block-paragraph\">El venezolano tambi\u00e9n tuvo palabras para los conservadores del colegio de cardenalicio: \u201cPell, M\u00fcller y otros se creen los poseedores de la verdad, por encima del bien y del mal, sin aceptar ninguna argumentaci\u00f3n en contra de lo que ellos piensan\u00bb, dijo el cardenal en la misma entrevista.<\/p>\n\n\n\n<p class=\"wp-block-paragraph\">Otro de los cardenales cercanos a Bergoglio, el hondure\u00f1o Oscar Rodr\u00edguez Maradiaga, descart\u00f3 de plano la posibilidad de una renuncia de Francisco en el corto plazo.<\/p>\n\n\n\n<p class=\"wp-block-paragraph\">Francisco se siente respaldado en su accionar por muchos obispos y tambi\u00e9n dirigentes cat\u00f3licos del Tercer Mundo que ven en sus orientaciones un aire de renovaci\u00f3n necesaria para toda la Iglesia. Mientras avanza en el \u201ccamino sinodal\u201d de manera simult\u00e1nea y en base a nuevos nombramientos episcopales Bergoglio tambi\u00e9n perfila el colegio de electores que podr\u00eda designar a su posible sucesor y da batallas institucionales para producir cambios en la vida de la Iglesia Cat\u00f3lica. Algo que los conservadores resisten por todos los medios con la ayuda de poderosos aliados de la pol\u00edtica y de la econom\u00eda que se disgustan con la orientaci\u00f3n del Papa \u201cllegado desde el fin del mundo\u201d.<\/p>\n\n\n\n<p class=\"wp-block-paragraph\">\u2026\u2026\u2026\u2026\u2026\u2026\u2026\u2026.<\/p>\n\n\n\n<p class=\"wp-block-paragraph\">&nbsp;<em>*Periodista, docente e investigador de la comunicaci\u00f3n. Su campo de especializaci\u00f3n son los temas vinculados con la ciudadan\u00eda, la participaci\u00f3n, las pol\u00edticas p\u00fablicas y la planificaci\u00f3n de procesos comunicacionales.&nbsp;<\/em><\/p>\n","protected":false},"excerpt":{"rendered":"<p>Por Washington Uranga* \u2013 P\u00e1gina\/12, Argentina En vida Ratzinger se mantuvo muy respetuoso del papa gobernante, se cuid\u00f3 de criticar en p\u00fablico a Bergoglio y pidi\u00f3 respeto por el Papa en ejercicio. Muerto Benedicto los conservadores relanzan su ofensiva y ponen a prueba el camino\u2026<\/p>\n","protected":false},"author":2,"featured_media":0,"comment_status":"closed","ping_status":"open","sticky":false,"template":"","format":"standard","meta":{"footnotes":""},"categories":[1],"tags":[],"class_list":["post-22072","post","type-post","status-publish","format-standard","hentry","category-other-news"],"yoast_head":"<!-- This site is optimized with the Yoast SEO plugin v16.7 - https:\/\/yoast.com\/wordpress\/plugins\/seo\/ -->\n<title>Ofensiva conservadora contra Francisco - Other News - Voz en contra de la corriente<\/title>\n<meta name=\"robots\" content=\"index, follow, max-snippet:-1, max-image-preview:large, max-video-preview:-1\" \/>\n<link rel=\"canonical\" href=\"https:\/\/www.other-news.info\/noticias\/ofensiva-conservadora-contra-francisco\/\" \/>\n<meta property=\"og:locale\" content=\"es_ES\" \/>\n<meta property=\"og:type\" content=\"article\" \/>\n<meta property=\"og:title\" content=\"Ofensiva conservadora contra Francisco - Other News - Voz en contra de la corriente\" \/>\n<meta property=\"og:description\" content=\"Por Washington Uranga* \u2013 P\u00e1gina\/12, Argentina En vida Ratzinger se mantuvo muy respetuoso del papa gobernante, se cuid\u00f3 de criticar en p\u00fablico a Bergoglio y pidi\u00f3 respeto por el Papa en ejercicio. Muerto Benedicto los conservadores relanzan su ofensiva y ponen a prueba el camino\u2026\" \/>\n<meta property=\"og:url\" content=\"https:\/\/www.other-news.info\/noticias\/ofensiva-conservadora-contra-francisco\/\" \/>\n<meta property=\"og:site_name\" content=\"Other News - Voz en contra de la corriente\" \/>\n<meta property=\"article:published_time\" content=\"2023-02-06T18:40:53+00:00\" \/>\n<meta property=\"article:modified_time\" content=\"2023-02-06T18:40:54+00:00\" \/>\n<meta name=\"twitter:card\" content=\"summary_large_image\" \/>\n<meta name=\"twitter:label1\" content=\"Escrito por\" \/>\n\t<meta name=\"twitter:data1\" content=\"admin\" \/>\n\t<meta name=\"twitter:label2\" content=\"Tiempo de lectura\" \/>\n\t<meta name=\"twitter:data2\" content=\"6 minutos\" \/>\n<script type=\"application\/ld+json\" class=\"yoast-schema-graph\">{\"@context\":\"https:\/\/schema.org\",\"@graph\":[{\"@type\":\"WebSite\",\"@id\":\"https:\/\/www.other-news.info\/noticias\/#website\",\"url\":\"https:\/\/www.other-news.info\/noticias\/\",\"name\":\"Other News - Voz en contra de la corriente\",\"description\":\"Voz en contra de la corriente\",\"potentialAction\":[{\"@type\":\"SearchAction\",\"target\":{\"@type\":\"EntryPoint\",\"urlTemplate\":\"https:\/\/www.other-news.info\/noticias\/?s={search_term_string}\"},\"query-input\":\"required name=search_term_string\"}],\"inLanguage\":\"es\"},{\"@type\":\"WebPage\",\"@id\":\"https:\/\/www.other-news.info\/noticias\/ofensiva-conservadora-contra-francisco\/#webpage\",\"url\":\"https:\/\/www.other-news.info\/noticias\/ofensiva-conservadora-contra-francisco\/\",\"name\":\"Ofensiva conservadora contra Francisco - Other News - Voz en contra de la corriente\",\"isPartOf\":{\"@id\":\"https:\/\/www.other-news.info\/noticias\/#website\"},\"datePublished\":\"2023-02-06T18:40:53+00:00\",\"dateModified\":\"2023-02-06T18:40:54+00:00\",\"author\":{\"@id\":\"https:\/\/www.other-news.info\/noticias\/#\/schema\/person\/dd0ead9df8654b02034c4da003b9991b\"},\"breadcrumb\":{\"@id\":\"https:\/\/www.other-news.info\/noticias\/ofensiva-conservadora-contra-francisco\/#breadcrumb\"},\"inLanguage\":\"es\",\"potentialAction\":[{\"@type\":\"ReadAction\",\"target\":[\"https:\/\/www.other-news.info\/noticias\/ofensiva-conservadora-contra-francisco\/\"]}]},{\"@type\":\"BreadcrumbList\",\"@id\":\"https:\/\/www.other-news.info\/noticias\/ofensiva-conservadora-contra-francisco\/#breadcrumb\",\"itemListElement\":[{\"@type\":\"ListItem\",\"position\":1,\"name\":\"Home\",\"item\":\"https:\/\/www.other-news.info\/noticias\/\"},{\"@type\":\"ListItem\",\"position\":2,\"name\":\"Ofensiva conservadora contra Francisco\"}]},{\"@type\":\"Person\",\"@id\":\"https:\/\/www.other-news.info\/noticias\/#\/schema\/person\/dd0ead9df8654b02034c4da003b9991b\",\"name\":\"admin\",\"image\":{\"@type\":\"ImageObject\",\"@id\":\"https:\/\/www.other-news.info\/noticias\/#personlogo\",\"inLanguage\":\"es\",\"url\":\"https:\/\/secure.gravatar.com\/avatar\/e67344401a27ff9f91b2b48296aaa8fb9186ac51a3404ed4bdfbe790b6a9ee11?s=96&d=mm&r=g\",\"contentUrl\":\"https:\/\/secure.gravatar.com\/avatar\/e67344401a27ff9f91b2b48296aaa8fb9186ac51a3404ed4bdfbe790b6a9ee11?s=96&d=mm&r=g\",\"caption\":\"admin\"},\"url\":\"https:\/\/www.other-news.info\/noticias\/author\/admin\/\"}]}<\/script>\n<!-- \/ Yoast SEO plugin. -->","yoast_head_json":{"title":"Ofensiva conservadora contra Francisco - Other News - Voz en contra de la corriente","robots":{"index":"index","follow":"follow","max-snippet":"max-snippet:-1","max-image-preview":"max-image-preview:large","max-video-preview":"max-video-preview:-1"},"canonical":"https:\/\/www.other-news.info\/noticias\/ofensiva-conservadora-contra-francisco\/","og_locale":"es_ES","og_type":"article","og_title":"Ofensiva conservadora contra Francisco - Other News - Voz en contra de la corriente","og_description":"Por Washington Uranga* \u2013 P\u00e1gina\/12, Argentina En vida Ratzinger se mantuvo muy respetuoso del papa gobernante, se cuid\u00f3 de criticar en p\u00fablico a Bergoglio y pidi\u00f3 respeto por el Papa en ejercicio. Muerto Benedicto los conservadores relanzan su ofensiva y ponen a prueba el camino\u2026","og_url":"https:\/\/www.other-news.info\/noticias\/ofensiva-conservadora-contra-francisco\/","og_site_name":"Other News - Voz en contra de la corriente","article_published_time":"2023-02-06T18:40:53+00:00","article_modified_time":"2023-02-06T18:40:54+00:00","twitter_card":"summary_large_image","twitter_misc":{"Escrito por":"admin","Tiempo de lectura":"6 minutos"},"schema":{"@context":"https:\/\/schema.org","@graph":[{"@type":"WebSite","@id":"https:\/\/www.other-news.info\/noticias\/#website","url":"https:\/\/www.other-news.info\/noticias\/","name":"Other News - Voz en contra de la corriente","description":"Voz en contra de la corriente","potentialAction":[{"@type":"SearchAction","target":{"@type":"EntryPoint","urlTemplate":"https:\/\/www.other-news.info\/noticias\/?s={search_term_string}"},"query-input":"required name=search_term_string"}],"inLanguage":"es"},{"@type":"WebPage","@id":"https:\/\/www.other-news.info\/noticias\/ofensiva-conservadora-contra-francisco\/#webpage","url":"https:\/\/www.other-news.info\/noticias\/ofensiva-conservadora-contra-francisco\/","name":"Ofensiva conservadora contra Francisco - Other News - Voz en contra de la corriente","isPartOf":{"@id":"https:\/\/www.other-news.info\/noticias\/#website"},"datePublished":"2023-02-06T18:40:53+00:00","dateModified":"2023-02-06T18:40:54+00:00","author":{"@id":"https:\/\/www.other-news.info\/noticias\/#\/schema\/person\/dd0ead9df8654b02034c4da003b9991b"},"breadcrumb":{"@id":"https:\/\/www.other-news.info\/noticias\/ofensiva-conservadora-contra-francisco\/#breadcrumb"},"inLanguage":"es","potentialAction":[{"@type":"ReadAction","target":["https:\/\/www.other-news.info\/noticias\/ofensiva-conservadora-contra-francisco\/"]}]},{"@type":"BreadcrumbList","@id":"https:\/\/www.other-news.info\/noticias\/ofensiva-conservadora-contra-francisco\/#breadcrumb","itemListElement":[{"@type":"ListItem","position":1,"name":"Home","item":"https:\/\/www.other-news.info\/noticias\/"},{"@type":"ListItem","position":2,"name":"Ofensiva conservadora contra Francisco"}]},{"@type":"Person","@id":"https:\/\/www.other-news.info\/noticias\/#\/schema\/person\/dd0ead9df8654b02034c4da003b9991b","name":"admin","image":{"@type":"ImageObject","@id":"https:\/\/www.other-news.info\/noticias\/#personlogo","inLanguage":"es","url":"https:\/\/secure.gravatar.com\/avatar\/e67344401a27ff9f91b2b48296aaa8fb9186ac51a3404ed4bdfbe790b6a9ee11?s=96&d=mm&r=g","contentUrl":"https:\/\/secure.gravatar.com\/avatar\/e67344401a27ff9f91b2b48296aaa8fb9186ac51a3404ed4bdfbe790b6a9ee11?s=96&d=mm&r=g","caption":"admin"},"url":"https:\/\/www.other-news.info\/noticias\/author\/admin\/"}]}},"_links":{"self":[{"href":"https:\/\/www.other-news.info\/noticias\/wp-json\/wp\/v2\/posts\/22072","targetHints":{"allow":["GET"]}}],"collection":[{"href":"https:\/\/www.other-news.info\/noticias\/wp-json\/wp\/v2\/posts"}],"about":[{"href":"https:\/\/www.other-news.info\/noticias\/wp-json\/wp\/v2\/types\/post"}],"author":[{"embeddable":true,"href":"https:\/\/www.other-news.info\/noticias\/wp-json\/wp\/v2\/users\/2"}],"replies":[{"embeddable":true,"href":"https:\/\/www.other-news.info\/noticias\/wp-json\/wp\/v2\/comments?post=22072"}],"version-history":[{"count":1,"href":"https:\/\/www.other-news.info\/noticias\/wp-json\/wp\/v2\/posts\/22072\/revisions"}],"predecessor-version":[{"id":22073,"href":"https:\/\/www.other-news.info\/noticias\/wp-json\/wp\/v2\/posts\/22072\/revisions\/22073"}],"wp:attachment":[{"href":"https:\/\/www.other-news.info\/noticias\/wp-json\/wp\/v2\/media?parent=22072"}],"wp:term":[{"taxonomy":"category","embeddable":true,"href":"https:\/\/www.other-news.info\/noticias\/wp-json\/wp\/v2\/categories?post=22072"},{"taxonomy":"post_tag","embeddable":true,"href":"https:\/\/www.other-news.info\/noticias\/wp-json\/wp\/v2\/tags?post=22072"}],"curies":[{"name":"wp","href":"https:\/\/api.w.org\/{rel}","templated":true}]}}