{"id":22260,"date":"2023-04-06T20:47:13","date_gmt":"2023-04-06T18:47:13","guid":{"rendered":"https:\/\/www.other-news.info\/noticias\/?p=22260"},"modified":"2023-04-06T20:47:14","modified_gmt":"2023-04-06T18:47:14","slug":"hispanoamerica-cumbre-de-la-ultradarecha-la-bestia-acorralada","status":"publish","type":"post","link":"https:\/\/www.other-news.info\/noticias\/hispanoamerica-cumbre-de-la-ultradarecha-la-bestia-acorralada\/","title":{"rendered":"Hispanoam\u00e9rica: Cumbre de la ultradarecha. La bestia acorralada"},"content":{"rendered":"\n<p class=\"wp-block-paragraph\"><strong><em>Por David Roca Basadre &#8211; <\/em><\/strong><strong><em>CTXT, Contexto y Acci\u00f3n<\/em><\/strong><\/p>\n\n\n\n<p class=\"wp-block-paragraph\"><em>\u00abA\u00fan es f\u00e9rtil el vientre que pari\u00f3 la bestia inmunda\u00bb &#8211; Bertolt Brecht<\/em><\/p>\n\n\n\n<p class=\"wp-block-paragraph\"><em>Vox y sus aliados en Latinoam\u00e9rica repitieron en Lima el discurso conspiracionista que les hace ver comunistas por todas partes y se declararon, sin decirlo, s\u00fabditos de los intereses norteamericanos<\/em><\/p>\n\n\n\n<p class=\"wp-block-paragraph\">El 29 de marzo, el d\u00eda en que la ultraderecha inauguraba su Foro Madrid en Lima, el alcalde ultraderechista del bonito distrito de clase media alta de Miraflores mandaba clausurar, sin aviso previo, el Lugar de la Memoria, la Tolerancia y la Inclusi\u00f3n Social (LUM), alegando cuestiones de seguridad. El LUM es el sitio donde, de manera plural y atendiendo a todas las visiones de la guerra interna de los a\u00f1os ochenta y noventa, el Per\u00fa aloja la memoria de los miles de peruanos que fueron v\u00edctimas del enfrentamiento entre la sociedad peruana y el terrorismo de Sendero Luminoso, el del MRTA, pero tambi\u00e9n de la represi\u00f3n indiscriminada contra esa agresi\u00f3n terrorista por parte de las fuerzas armadas y la polic\u00eda nacional, que, en su af\u00e1n de lucha, cometieron tambi\u00e9n graves violaciones a los derechos humanos.<\/p>\n\n\n\n<p class=\"wp-block-paragraph\">El Lugar de la Memoria (LUM) gener\u00f3 un gran consenso. Es, sin duda, un espacio necesario. Cito a un periodista de la derecha liberal (corriente solo existente en los medios period\u00edsticos alternativos peruanos), Juan Carlos Tafur, que, lamentando el cierre, defini\u00f3 al LUM como \u201crelevante, crucial, fundamental para la democracia peruana\u2026 (para) hacer recuerdo de lo sucedido, aprender que somos capaces de cometer barbaridades y que, al recordarlo, propendamos a que la ciudadan\u00eda tome consciencia de los elementos que lo permitieron y que, en consecuencia, ello no se vuelva a repetir\u201d.<\/p>\n\n\n\n<p class=\"wp-block-paragraph\">Pero para el alcalde de Lima, Rafael L\u00f3pez Aliaga, del ultraderechista partido Renovaci\u00f3n Nacional, miembro del Opus Dei, electo con poco m\u00e1s de un 25% de los votos, el LUM \u2013que nunca en su vida ha visitado\u2013 \u201cpone a las fuerzas armadas como si fueran agresoras\u201d, y por ello exigi\u00f3 a su correligionario de Miraflores cerrarlo y que el Ministerio de Cultura entregue la administraci\u00f3n del LUM a las Fuerzas Armadas.<\/p>\n\n\n\n<p class=\"wp-block-paragraph\">El cierre se produjo en el momento en que la exposici\u00f3n principal del LUM se refer\u00eda a las v\u00edctimas del terrorismo entre las fuerzas policiales, y cuando, ese mismo d\u00eda, Amnist\u00eda Internacional iba a presentar su informe anual all\u00ed mismo.<\/p>\n\n\n\n<p class=\"wp-block-paragraph\">Aquel gesto agresivo contra la memoria de miles de peruanos fue el introito real del Foro Madrid Lima, donde el se\u00f1or L\u00f3pez Aliaga, presente en primera fila, aplaud\u00eda como foca.<\/p>\n\n\n\n<p class=\"wp-block-paragraph\">Se trata de la segunda edici\u00f3n de este evento organizado por Vox a trav\u00e9s de la Fundaci\u00f3n Disenso que reuni\u00f3 a representantes de la extrema derecha espa\u00f1ola y latinoamericana en la capital peruana los d\u00edas 29 y 30 de marzo.<\/p>\n\n\n\n<p class=\"wp-block-paragraph\"><strong>Asesinar ejemplarmente<\/strong><\/p>\n\n\n\n<p class=\"wp-block-paragraph\">Como suele suceder, el evento se dedic\u00f3 al inicio a elogiar al pa\u00eds de acogida. Las frases de felicitaci\u00f3n y admiraci\u00f3n hacia los congresistas peruanos por haber detenido, como repiten, \u201cal golpista Castillo y la asonada violenta organizada por el Foro de Sao Paulo\u201d, se repitieron hasta el cansancio. Los participantes en el Foro Madrid regresan, as\u00ed, cargando sobre sus espaldas el apoyo al asesinato de 60 peruanos, a balazos en la mayor\u00eda de los casos, a los que se van sumando varios otros que restaron en agon\u00eda.<\/p>\n\n\n\n<p class=\"wp-block-paragraph\">Las frases de felicitaci\u00f3n y admiraci\u00f3n hacia los congresistas peruanos por haber detenido \u201cal golpista Castillo\u201d se repitieron hasta el cansancio<\/p>\n\n\n\n<p class=\"wp-block-paragraph\">Porque las movilizaciones populares de rechazo al r\u00e9gimen \u2013cuya dimensi\u00f3n confirman las encuestas de todo origen, que dan cerca de un 90% de rechazo al Gobierno de Dina Boluarte y al Congreso de la Rep\u00fablica\u2013 solo pudieron ser moment\u00e1neamente detenidas mediante la represi\u00f3n m\u00e1s brutal e inescrupulosa.<\/p>\n\n\n\n<p class=\"wp-block-paragraph\">Tampoco sorprende ya que se enorgullezcan de sus amistades peruanas, como la congresista Maricarmen Alva que \u2013ante una moci\u00f3n de vacancia presentada contra Boluarte\u2013 afirm\u00f3 que \u201cla matanza no amerita una vacancia\u201d. O la congresista Patricia Chirinos, ligada a un grupo pol\u00edtico, en la provincia portuaria de El Callao, cuyos integrantes principales fueron todos condenados por corrupci\u00f3n como funcionarios. Esta se\u00f1ora se gan\u00f3 muchos aplausos por una haza\u00f1a que divulgaba sonriente: hab\u00eda logrado que la oficina de migraciones impida el ingreso al Per\u00fa de los 16 integrantes del equipo de profesionales de una Misi\u00f3n de Solidaridad Internacional y Derechos Humanos, de iniciativa sudamericana, porque eran \u201ccomunistas\u201d. Y todo \u2013claro\u2013 para defender la democracia.<\/p>\n\n\n\n<p class=\"wp-block-paragraph\">O el congresista Alejandro Mu\u00f1ante, brutalmente antifeminista, con seguidores de los que son capaces de dejar matar a personas homosexuales o transexuales en nombre de Cristo. O el naftal\u00ednico intelectual Fern\u00e1n Altuve, muy cercano a esos pol\u00edticos del Callao, que no tuvo reparos acad\u00e9micos para avalar movidas no santas de la empresa constructora brasile\u00f1a OAS con la Municipalidad de Lima, en tiempos no muy lejanos. Y otras joyas por el estilo.<\/p>\n\n\n\n<p class=\"wp-block-paragraph\"><strong>Rodeados de enemigos comunistas<\/strong><\/p>\n\n\n\n<p class=\"wp-block-paragraph\">Cuba pasa por un momento dram\u00e1tico en su proceso pol\u00edtico. Resulta dif\u00edcil imaginar que, con los escasos recursos de que dispone y con los que apenas puede consigo misma, pueda sostener una organizaci\u00f3n continental o supracontinental, como s\u00ed lo hace Vox con los recursos de los contribuyentes europeos. Y, sin embargo, ese discurso donde un alica\u00eddo Foro de Sao Paulo aparece como una enorme y maligna organizaci\u00f3n liderada por Cuba y donde, confusamente, tambi\u00e9n figuran Ir\u00e1n, Rusia y China para arremeter contra los valores occidentales y cristianos mediante la implantaci\u00f3n del comunismo, fue el rosario permanente.<\/p>\n\n\n\n<p class=\"wp-block-paragraph\">El Foro de Sao Paulo es un conjunto de partidos y grupos pol\u00edticos progresistas de Latinoam\u00e9rica y el Caribe, desde reformistas hasta grupos de izquierda revolucionaria, a los que los ponentes confund\u00edan intermitentemente con el Grupo de Puebla, m\u00e1s bien compuesto por personalidades pol\u00edticas y acad\u00e9micas progresistas de pa\u00edses latinoamericanos, de Espa\u00f1a y Portugal. Sin mucho fuelle hoy en d\u00eda, estas organizaciones son aparentes, sin embargo, para que la ultraderecha construya un discurso que pasa por alto infinitos detalles de la pol\u00edtica real, pero que parece reconfortarlos. Ni una l\u00ednea sobre geopol\u00edtica, por ejemplo, o pol\u00edticas de Estado. Era mucho pedir.<\/p>\n\n\n\n<p class=\"wp-block-paragraph\">Uno a uno, fueron pasando a la tribuna voceros de los distintos pa\u00edses presentes en el evento. Mencionemos a algunos, para ilustrar.<\/p>\n\n\n\n<p class=\"wp-block-paragraph\">Roc\u00edo Monasterio se esforz\u00f3 por narrar las desventuras de su grupo con el Partido Popular que, seg\u00fan su versi\u00f3n, concede demasiado al comunismo<\/p>\n\n\n\n<p class=\"wp-block-paragraph\">La se\u00f1ora Roc\u00edo Monasterio, presidenta provincial de Vox en Madrid, se esforz\u00f3 por narrar las desventuras de su grupo con el Partido Popular que, seg\u00fan su versi\u00f3n, concede demasiado al comunismo. Al final la aplaudieron por alguna acci\u00f3n heroica que habr\u00eda realizado al expulsar al mism\u00edsimo \u2013as\u00ed subrayaban\u2013 Pablo Iglesias de una emisi\u00f3n televisiva. Uno va a los v\u00eddeos en l\u00ednea para entender el incidente, y se topa con una escena en la que la se\u00f1ora Monasterio, intolerante, grosera y malcriada, agrede a Pablo Iglesias, se niega a alguna reparaci\u00f3n verbal y efectivamente se alegra de que Iglesias, que act\u00faa con dignidad, abandone el set. Tan dem\u00f3crata ella.<\/p>\n\n\n\n<p class=\"wp-block-paragraph\">El se\u00f1or Hermann Tertsch, eurodiputado de Vox, parece creer que la influencia cubana alcanza hasta Europa. Sorprenden las descripciones sobre la protecci\u00f3n que ejercer\u00edan los partidos socialdem\u00f3cratas y otros al \u201cpoderos\u00edsimo\u201d gobierno cubano.<\/p>\n\n\n\n<p class=\"wp-block-paragraph\">La senadora uribista colombiana Mar\u00eda Fernanda Cabal, continu\u00f3, esta vez fuera de su pa\u00eds, lo que parece acostumbra hacer en Colombia: atacar la memoria de Gabriel Garc\u00eda M\u00e1rquez, al que reproch\u00f3 vivir c\u00f3modamente de sus escritos, en suma, de su trabajo, y declar\u00f3 que hab\u00eda sido nada m\u00e1s que un agente del comunismo internacional. Al mismo tiempo reconstruy\u00f3 la historia de Colombia para decidir que en 1928, durante las huelgas de los trabajadores bananeros contra la United Fruit Company, en la Magdalena colombiana, no hubo tantos muertos como para quejarse y que aquella empresa, de ingrata y sangrienta recordaci\u00f3n en Centroam\u00e9rica y el Caribe, era lo mejor que pod\u00eda haber llegado a esos pueblos.<\/p>\n\n\n\n<p class=\"wp-block-paragraph\">El se\u00f1or Eder Mej\u00eda, diputado del Partido Nacional de Honduras, lanz\u00f3 cr\u00edticas contra el Gobierno de la presidenta Xiomara Castro, aludiendo incluso a presumibles asuntos de corrupci\u00f3n. Lo interesante es que el Partido Nacional que representa el se\u00f1or Mej\u00eda es el mismo del expresidente Juan Orlando Hern\u00e1ndez, que ha sido extraditado a Estados Unidos acusado de narcotr\u00e1fico, tras dos periodos como mandatario. Nada menos.<\/p>\n\n\n\n<p class=\"wp-block-paragraph\">El representante de los cubanos en el exterior, se\u00f1or Orlando Guti\u00e9rrez, entr\u00f3 a la carga con la versi\u00f3n de la Historia cubana que la ultraderecha ha inventado: esta versi\u00f3n dice que ni en educaci\u00f3n ni en salud ni en nada hicieron algo los revolucionarios barbudos en la isla. Para esta gente, todo ya era extraordinario en tiempos del dictador Batista. Quien esto escribe no necesita ir al buscador o a alguna publicaci\u00f3n para estar enterado de lo que era la Cuba de Batista. Tengo los suficientes a\u00f1os, y tuve cierta precocidad que me inici\u00f3 en la lectura, adem\u00e1s de facilidades para leer la excelente revista cubana Bohemia de la \u00e9poca, y recuerdo claramente las lamentables circunstancias y pobreza del pueblo cubano bajo Batista, recuerdo los testimonios de entonces por la crueldad de aquel r\u00e9gimen vendido a intereses extra\u00f1os, y la presencia dominante de los Estados Unidos que \u2013y lo dec\u00edan\u2013 hab\u00edan hecho de Cuba su propiedad y su burdel. No soy un fan\u00e1tico de la revoluci\u00f3n cubana, pero sin duda hay logros enormes en ese proceso, mucho por corregir, pero tambi\u00e9n un embargo impuesto que hasta le neg\u00f3 las vacunas en plena pandemia del covid. Sin dudas, y esto no se dice mucho, ese proceso tambi\u00e9n rescat\u00f3 la dignidad de los cubanos. Mentir con mezquindad parece un h\u00e1bito de los se\u00f1ores y se\u00f1oras de la internacional neofascista.<\/p>\n\n\n\n<p class=\"wp-block-paragraph\">No haremos un recuento de todos los participantes, nos guardamos el aburrimiento para nosotros, como parte de los gajes del oficio, basta con algunos ejemplos, para tener como referencia e ir a las conclusiones necesarias.<\/p>\n\n\n\n<p class=\"wp-block-paragraph\"><strong>Una bestia acorralada<\/strong><\/p>\n\n\n\n<p class=\"wp-block-paragraph\">Hay que decir que la extrema derecha siempre ha existido, y se ha manifestado de manera brutal en Am\u00e9rica Latina. De su presencia est\u00e1 labrada la Historia de los pa\u00edses y sus gobiernos, de su organizaci\u00f3n y omnisciencia. Pero no exist\u00eda definida como tal. Eran simplemente los due\u00f1os de todo desde los inicios de las rep\u00fablicas y eso est\u00e1 naturalizado. La colonialidad del poder, que los privilegiados gestionaban, est\u00e1 desde el inicio. Y, adem\u00e1s, institucionalizada.<\/p>\n\n\n\n<p class=\"wp-block-paragraph\">Las ideolog\u00edas liberales primero, socialistas y comunistas luego, son tan coloniales como la consagraci\u00f3n del pa\u00eds al Coraz\u00f3n de Jes\u00fas que intent\u00f3 el dictador Legu\u00eda en el Per\u00fa en 1929, pero al menos reaccionaron, entonces, con una enorme movilizaci\u00f3n por el laicismo que culmin\u00f3 con represi\u00f3n y muertes. Y al menos tra\u00edan algo de aire fresco por lo que se convirtieron en la puerta de acceso de los intelectuales urbanos a las realidades nacionales, m\u00e1s all\u00e1 de los c\u00edrculos de influencia acad\u00e9mica occidental.<\/p>\n\n\n\n<p class=\"wp-block-paragraph\">Las experiencias de partidos fascistas, que en pleno auge del fascismo y el nazismo en la Europa de los a\u00f1os treinta, se dieron en los pa\u00edses latinoamericanos eran apenas un reflejo de aquellos discursos extremistas occidentales, son an\u00e9cdotas que no constituyen antecedentes. Es que no hab\u00eda necesidad de aquello para que predominen \u2013como siempre hab\u00eda sido\u2013 castas herederas del dominio colonial que ejerc\u00edan aquel nuevo colonialismo, el que se impone desde el control del verdadero poder.<\/p>\n\n\n\n<p class=\"wp-block-paragraph\">Pero los tiempos cambian, y la influencia de las nuevas tecnolog\u00edas, sobre todo, han generado sinergias entre multitudes desconfiadas de los poderes que siempre han sido. Es dif\u00edcil calificar de derechas o izquierdas a esos pueblos descontentos. Como en Chile, en Colombia, en Per\u00fa, pero tambi\u00e9n de a pocos en Venezuela y Cuba \u2013e ir\u00e1n apareciendo en otros pa\u00edses\u2013 la espontaneidad coordinada en las redes sociales, sobre todo, permite sobresaltos multitudinarios que, sin norte preciso pero adversario claro, empiezan a expresarse sin temores.<\/p>\n\n\n\n<p class=\"wp-block-paragraph\">Los poderes tradicionales siempre han temido a las multitudes. Su respuesta a las movilizaciones multitudinarias ha sido, la mayor\u00eda de las veces, la represi\u00f3n sin vacilaciones. Hoy que esas expresiones de hartazgo ante los poderes, y los liderazgos de siempre se manifiestan con mayor contundencia y de forma manifiestamente nueva, la propuesta de ideologizar la defensa del statu quo surge como una necesidad.<\/p>\n\n\n\n<p class=\"wp-block-paragraph\">La bestia acorralada, con mucho miedo, recurre a nuevas y potentes armas para defenderse. Su insistencia en alguna identificaci\u00f3n simplificada del enemigo com\u00fan, su urgencia por construir un discurso que sirva para defender aquellos valores coloniales que les proporcionan estabilidad y el control social que sienten que pueden perder, los hace merecedores sin dudas del adjetivo de reaccionarios. Esa ideologizaci\u00f3n de la reacci\u00f3n, hoy necesaria, les hace evidentes los bastiones que deben defender y los obliga a organizar un lenguaje com\u00fan. Lo que era natural entre los grupos de extrema derecha en Occidente, reci\u00e9n ahora se plantea como ideolog\u00eda organizada entre los poderes neocoloniales en Am\u00e9rica Latina. Y todos los pol\u00edticos, o sus herederos, que representaron a las viejas oligarqu\u00edas, encuentran all\u00ed una forma de reaparecer colg\u00e1ndose de t\u00e9rminos como libertad y democracia, que siempre despreciaron, para apropi\u00e1rselos con cara lavada.<\/p>\n\n\n\n<p class=\"wp-block-paragraph\">En ese tramado, no es que ignoren los intereses geopol\u00edticos que definen los movimientos de China o Rusia en el continente, sino que ya han tomado partido por los intereses norteamericanos, sobre todo si este pa\u00eds lo preside alguien como Trump, y no vale la pena explicitar nada sobre el asunto. Y as\u00ed conviene mencionar a Rusia \u2013pa\u00eds ideol\u00f3gicamente af\u00edn a sus proclamas\u2013 como si fuera aquella Rusia sovi\u00e9tica hoy inexistente.<\/p>\n\n\n\n<p class=\"wp-block-paragraph\"><strong>Ep\u00edlogo<\/strong><\/p>\n\n\n\n<p class=\"wp-block-paragraph\">El mismo d\u00eda en que culminaba el Foro Madrid Lima, fallec\u00eda Rosalino Fl\u00f3rez, joven v\u00edctima de la represi\u00f3n contra las manifestaciones en Cusco, tras agon\u00eda de varias semanas. Un d\u00eda despu\u00e9s de esa clausura, falleci\u00f3 Manuel Quilla Ticona, no por balas durante las marchas, sino por torturas en una comisar\u00eda a la que hab\u00eda llegado sano, tras ser detenido.<\/p>\n\n\n\n<p class=\"wp-block-paragraph\">Un d\u00eda despu\u00e9s, el \u00fanico asesinato atribuido a los manifestantes, el del polic\u00eda Jos\u00e9 Luis Soncco que dec\u00edan hab\u00eda sido quemado vivo en su auto oficial de patrulla, se revel\u00f3 falso. El polic\u00eda fue asesinado a pedradas, luego su cad\u00e1ver quemado en el auto oficial, y el sospechoso principal resulta ser un expolic\u00eda, aparentemente ligado a actividades ilegales.<\/p>\n\n\n\n<p class=\"wp-block-paragraph\">Todo el discurso triunfalista del evento sobre lo ejemplar de lo ocurrido en el Per\u00fa para \u201cdefender la democracia\u201d, queda expuesto, con estos hechos recientes, en su desnudez: se trata de defender prejuicios, intereses econ\u00f3micos, modos de vida instalados aunque sean injustos, racismo, divisiones de clase y de casta, control del territorio y posibilidad de disponer de \u00e9l a su antojo (a\u00fan a costa de quienes lo habitan), sumisi\u00f3n al mercado \u00fanico global mientras lloran contra el \u201cglobalismo\u201d, mediante la confirmaci\u00f3n de una Historia hasta hoy excluyente, y el recurso a todo lo que est\u00e9 al alcance, desde la deformaci\u00f3n de la realidad hasta la muerte de los adversarios.<\/p>\n\n\n\n<p class=\"wp-block-paragraph\">Para ello cuentan con un n\u00facleo duro de seguidores. En una entrevista para el diario El Pa\u00eds, el expresidente Obama, con motivo de la derrota de Trump para la reelecci\u00f3n, dec\u00eda: \u201c(&#8230;) Ahora hay una multitud de medios de comunicaci\u00f3n que impiden que muchos votantes republicanos escuchen algo que pueda contradecir a Donald Trump. Para ellos, hay una realidad como la que supuestamente estamos viviendo ahora, en la que Trump a\u00fan no ha perdido las elecciones porque ha habido fraude y se han emitido votos ilegales, y todo pese a la ausencia de pruebas\u201d.<\/p>\n\n\n\n<p class=\"wp-block-paragraph\">Los asistentes al Foro Madrid en Lima, solo son fuertes porque \u2013aunque parezca inveros\u00edmil\u2013 s\u00ed est\u00e1n convencidos de mucho de lo que dicen. Y, as\u00ed, por seguir con lo del pa\u00eds de acogida, para ellos el 90% de los peruanos ser\u00edan v\u00e1ndalos o terroristas. Importa poco si eso, adem\u00e1s, destruye el mito de que su referente Alberto Fujimori venci\u00f3 al terrorismo, pues mediante un alambicado discurso decidieron que solo fue triunfo militar, pero que Sendero Luminoso habr\u00eda seguido ganando terreno pol\u00edticamente hasta infestar el Estado. Y as\u00ed, calificados desde tontos \u00fatiles hasta presuntos colaboradores activos, todo aquel que no comparta sus criterios resulta sospechoso de terrorismo.<\/p>\n\n\n\n<p class=\"wp-block-paragraph\">Queda claro que, con ese discurso cercado y obtuso, donde toda objeci\u00f3n ni siquiera se escucha, la democracia es apenas un recurso utilizable, y el poder total es un objetivo que les parece irrenunciable, cueste lo que cueste. Y que, para que la democracia plural, la libertad de pensar y crear y vivir sin intromisiones subsistan, y que podamos derribar la ley del m\u00e1s fuerte, es necesario hacer abortar a la bestia de una vez, antes de que se reproduzca m\u00e1s.<\/p>\n","protected":false},"excerpt":{"rendered":"<p>Por David Roca Basadre &#8211; CTXT, Contexto y Acci\u00f3n \u00abA\u00fan es f\u00e9rtil el vientre que pari\u00f3 la bestia inmunda\u00bb &#8211; Bertolt Brecht Vox y sus aliados en Latinoam\u00e9rica repitieron en Lima el discurso conspiracionista que les hace ver comunistas por todas partes y se declararon, sin decirlo\u2026<\/p>\n","protected":false},"author":2,"featured_media":0,"comment_status":"closed","ping_status":"open","sticky":false,"template":"","format":"standard","meta":{"footnotes":""},"categories":[1],"tags":[],"class_list":["post-22260","post","type-post","status-publish","format-standard","hentry","category-other-news"],"yoast_head":"<!-- This site is optimized with the Yoast SEO plugin v16.7 - https:\/\/yoast.com\/wordpress\/plugins\/seo\/ -->\n<title>Hispanoam\u00e9rica: Cumbre de la ultradarecha. La bestia acorralada - Other News - Voz en contra de la corriente<\/title>\n<meta name=\"robots\" content=\"index, follow, max-snippet:-1, max-image-preview:large, max-video-preview:-1\" \/>\n<link rel=\"canonical\" href=\"https:\/\/www.other-news.info\/noticias\/hispanoamerica-cumbre-de-la-ultradarecha-la-bestia-acorralada\/\" \/>\n<meta property=\"og:locale\" content=\"es_ES\" \/>\n<meta property=\"og:type\" content=\"article\" \/>\n<meta property=\"og:title\" content=\"Hispanoam\u00e9rica: Cumbre de la ultradarecha. La bestia acorralada - Other News - Voz en contra de la corriente\" \/>\n<meta property=\"og:description\" content=\"Por David Roca Basadre - CTXT, Contexto y Acci\u00f3n &quot;A\u00fan es f\u00e9rtil el vientre que pari\u00f3 la bestia inmunda&quot; - Bertolt Brecht Vox y sus aliados en Latinoam\u00e9rica repitieron en Lima el discurso conspiracionista que les hace ver comunistas por todas partes y se declararon, sin decirlo\u2026\" \/>\n<meta property=\"og:url\" content=\"https:\/\/www.other-news.info\/noticias\/hispanoamerica-cumbre-de-la-ultradarecha-la-bestia-acorralada\/\" \/>\n<meta property=\"og:site_name\" content=\"Other News - Voz en contra de la corriente\" \/>\n<meta property=\"article:published_time\" content=\"2023-04-06T18:47:13+00:00\" \/>\n<meta property=\"article:modified_time\" content=\"2023-04-06T18:47:14+00:00\" \/>\n<meta name=\"twitter:card\" content=\"summary_large_image\" \/>\n<meta name=\"twitter:label1\" content=\"Escrito por\" \/>\n\t<meta name=\"twitter:data1\" content=\"admin\" \/>\n\t<meta name=\"twitter:label2\" content=\"Tiempo de lectura\" \/>\n\t<meta name=\"twitter:data2\" content=\"15 minutos\" \/>\n<script type=\"application\/ld+json\" class=\"yoast-schema-graph\">{\"@context\":\"https:\/\/schema.org\",\"@graph\":[{\"@type\":\"WebSite\",\"@id\":\"https:\/\/www.other-news.info\/noticias\/#website\",\"url\":\"https:\/\/www.other-news.info\/noticias\/\",\"name\":\"Other News - Voz en contra de la corriente\",\"description\":\"Voz en contra de la corriente\",\"potentialAction\":[{\"@type\":\"SearchAction\",\"target\":{\"@type\":\"EntryPoint\",\"urlTemplate\":\"https:\/\/www.other-news.info\/noticias\/?s={search_term_string}\"},\"query-input\":\"required name=search_term_string\"}],\"inLanguage\":\"es\"},{\"@type\":\"WebPage\",\"@id\":\"https:\/\/www.other-news.info\/noticias\/hispanoamerica-cumbre-de-la-ultradarecha-la-bestia-acorralada\/#webpage\",\"url\":\"https:\/\/www.other-news.info\/noticias\/hispanoamerica-cumbre-de-la-ultradarecha-la-bestia-acorralada\/\",\"name\":\"Hispanoam\\u00e9rica: Cumbre de la ultradarecha. La bestia acorralada - Other News - Voz en contra de la corriente\",\"isPartOf\":{\"@id\":\"https:\/\/www.other-news.info\/noticias\/#website\"},\"datePublished\":\"2023-04-06T18:47:13+00:00\",\"dateModified\":\"2023-04-06T18:47:14+00:00\",\"author\":{\"@id\":\"https:\/\/www.other-news.info\/noticias\/#\/schema\/person\/dd0ead9df8654b02034c4da003b9991b\"},\"breadcrumb\":{\"@id\":\"https:\/\/www.other-news.info\/noticias\/hispanoamerica-cumbre-de-la-ultradarecha-la-bestia-acorralada\/#breadcrumb\"},\"inLanguage\":\"es\",\"potentialAction\":[{\"@type\":\"ReadAction\",\"target\":[\"https:\/\/www.other-news.info\/noticias\/hispanoamerica-cumbre-de-la-ultradarecha-la-bestia-acorralada\/\"]}]},{\"@type\":\"BreadcrumbList\",\"@id\":\"https:\/\/www.other-news.info\/noticias\/hispanoamerica-cumbre-de-la-ultradarecha-la-bestia-acorralada\/#breadcrumb\",\"itemListElement\":[{\"@type\":\"ListItem\",\"position\":1,\"name\":\"Home\",\"item\":\"https:\/\/www.other-news.info\/noticias\/\"},{\"@type\":\"ListItem\",\"position\":2,\"name\":\"Hispanoam\\u00e9rica: Cumbre de la ultradarecha. La bestia acorralada\"}]},{\"@type\":\"Person\",\"@id\":\"https:\/\/www.other-news.info\/noticias\/#\/schema\/person\/dd0ead9df8654b02034c4da003b9991b\",\"name\":\"admin\",\"image\":{\"@type\":\"ImageObject\",\"@id\":\"https:\/\/www.other-news.info\/noticias\/#personlogo\",\"inLanguage\":\"es\",\"url\":\"https:\/\/secure.gravatar.com\/avatar\/e67344401a27ff9f91b2b48296aaa8fb9186ac51a3404ed4bdfbe790b6a9ee11?s=96&d=mm&r=g\",\"contentUrl\":\"https:\/\/secure.gravatar.com\/avatar\/e67344401a27ff9f91b2b48296aaa8fb9186ac51a3404ed4bdfbe790b6a9ee11?s=96&d=mm&r=g\",\"caption\":\"admin\"},\"url\":\"https:\/\/www.other-news.info\/noticias\/author\/admin\/\"}]}<\/script>\n<!-- \/ Yoast SEO plugin. -->","yoast_head_json":{"title":"Hispanoam\u00e9rica: Cumbre de la ultradarecha. La bestia acorralada - Other News - Voz en contra de la corriente","robots":{"index":"index","follow":"follow","max-snippet":"max-snippet:-1","max-image-preview":"max-image-preview:large","max-video-preview":"max-video-preview:-1"},"canonical":"https:\/\/www.other-news.info\/noticias\/hispanoamerica-cumbre-de-la-ultradarecha-la-bestia-acorralada\/","og_locale":"es_ES","og_type":"article","og_title":"Hispanoam\u00e9rica: Cumbre de la ultradarecha. La bestia acorralada - Other News - Voz en contra de la corriente","og_description":"Por David Roca Basadre - CTXT, Contexto y Acci\u00f3n \"A\u00fan es f\u00e9rtil el vientre que pari\u00f3 la bestia inmunda\" - Bertolt Brecht Vox y sus aliados en Latinoam\u00e9rica repitieron en Lima el discurso conspiracionista que les hace ver comunistas por todas partes y se declararon, sin decirlo\u2026","og_url":"https:\/\/www.other-news.info\/noticias\/hispanoamerica-cumbre-de-la-ultradarecha-la-bestia-acorralada\/","og_site_name":"Other News - Voz en contra de la corriente","article_published_time":"2023-04-06T18:47:13+00:00","article_modified_time":"2023-04-06T18:47:14+00:00","twitter_card":"summary_large_image","twitter_misc":{"Escrito por":"admin","Tiempo de lectura":"15 minutos"},"schema":{"@context":"https:\/\/schema.org","@graph":[{"@type":"WebSite","@id":"https:\/\/www.other-news.info\/noticias\/#website","url":"https:\/\/www.other-news.info\/noticias\/","name":"Other News - Voz en contra de la corriente","description":"Voz en contra de la corriente","potentialAction":[{"@type":"SearchAction","target":{"@type":"EntryPoint","urlTemplate":"https:\/\/www.other-news.info\/noticias\/?s={search_term_string}"},"query-input":"required name=search_term_string"}],"inLanguage":"es"},{"@type":"WebPage","@id":"https:\/\/www.other-news.info\/noticias\/hispanoamerica-cumbre-de-la-ultradarecha-la-bestia-acorralada\/#webpage","url":"https:\/\/www.other-news.info\/noticias\/hispanoamerica-cumbre-de-la-ultradarecha-la-bestia-acorralada\/","name":"Hispanoam\u00e9rica: Cumbre de la ultradarecha. La bestia acorralada - Other News - Voz en contra de la corriente","isPartOf":{"@id":"https:\/\/www.other-news.info\/noticias\/#website"},"datePublished":"2023-04-06T18:47:13+00:00","dateModified":"2023-04-06T18:47:14+00:00","author":{"@id":"https:\/\/www.other-news.info\/noticias\/#\/schema\/person\/dd0ead9df8654b02034c4da003b9991b"},"breadcrumb":{"@id":"https:\/\/www.other-news.info\/noticias\/hispanoamerica-cumbre-de-la-ultradarecha-la-bestia-acorralada\/#breadcrumb"},"inLanguage":"es","potentialAction":[{"@type":"ReadAction","target":["https:\/\/www.other-news.info\/noticias\/hispanoamerica-cumbre-de-la-ultradarecha-la-bestia-acorralada\/"]}]},{"@type":"BreadcrumbList","@id":"https:\/\/www.other-news.info\/noticias\/hispanoamerica-cumbre-de-la-ultradarecha-la-bestia-acorralada\/#breadcrumb","itemListElement":[{"@type":"ListItem","position":1,"name":"Home","item":"https:\/\/www.other-news.info\/noticias\/"},{"@type":"ListItem","position":2,"name":"Hispanoam\u00e9rica: Cumbre de la ultradarecha. La bestia acorralada"}]},{"@type":"Person","@id":"https:\/\/www.other-news.info\/noticias\/#\/schema\/person\/dd0ead9df8654b02034c4da003b9991b","name":"admin","image":{"@type":"ImageObject","@id":"https:\/\/www.other-news.info\/noticias\/#personlogo","inLanguage":"es","url":"https:\/\/secure.gravatar.com\/avatar\/e67344401a27ff9f91b2b48296aaa8fb9186ac51a3404ed4bdfbe790b6a9ee11?s=96&d=mm&r=g","contentUrl":"https:\/\/secure.gravatar.com\/avatar\/e67344401a27ff9f91b2b48296aaa8fb9186ac51a3404ed4bdfbe790b6a9ee11?s=96&d=mm&r=g","caption":"admin"},"url":"https:\/\/www.other-news.info\/noticias\/author\/admin\/"}]}},"_links":{"self":[{"href":"https:\/\/www.other-news.info\/noticias\/wp-json\/wp\/v2\/posts\/22260","targetHints":{"allow":["GET"]}}],"collection":[{"href":"https:\/\/www.other-news.info\/noticias\/wp-json\/wp\/v2\/posts"}],"about":[{"href":"https:\/\/www.other-news.info\/noticias\/wp-json\/wp\/v2\/types\/post"}],"author":[{"embeddable":true,"href":"https:\/\/www.other-news.info\/noticias\/wp-json\/wp\/v2\/users\/2"}],"replies":[{"embeddable":true,"href":"https:\/\/www.other-news.info\/noticias\/wp-json\/wp\/v2\/comments?post=22260"}],"version-history":[{"count":1,"href":"https:\/\/www.other-news.info\/noticias\/wp-json\/wp\/v2\/posts\/22260\/revisions"}],"predecessor-version":[{"id":22261,"href":"https:\/\/www.other-news.info\/noticias\/wp-json\/wp\/v2\/posts\/22260\/revisions\/22261"}],"wp:attachment":[{"href":"https:\/\/www.other-news.info\/noticias\/wp-json\/wp\/v2\/media?parent=22260"}],"wp:term":[{"taxonomy":"category","embeddable":true,"href":"https:\/\/www.other-news.info\/noticias\/wp-json\/wp\/v2\/categories?post=22260"},{"taxonomy":"post_tag","embeddable":true,"href":"https:\/\/www.other-news.info\/noticias\/wp-json\/wp\/v2\/tags?post=22260"}],"curies":[{"name":"wp","href":"https:\/\/api.w.org\/{rel}","templated":true}]}}