{"id":22267,"date":"2023-04-10T20:00:23","date_gmt":"2023-04-10T18:00:23","guid":{"rendered":"https:\/\/www.other-news.info\/noticias\/?p=22267"},"modified":"2023-04-10T20:00:24","modified_gmt":"2023-04-10T18:00:24","slug":"gustavo-petro-propone-reindustrializar-america-latina-como-productora-de-energias-limpias","status":"publish","type":"post","link":"https:\/\/www.other-news.info\/noticias\/gustavo-petro-propone-reindustrializar-america-latina-como-productora-de-energias-limpias\/","title":{"rendered":"Gustavo Petro propone reindustrializar Am\u00e9rica Latina como productora de energ\u00edas limpias"},"content":{"rendered":"\n<p class=\"wp-block-paragraph\"><strong><em>P\u00e1gina\/12, Argentina<\/em><\/strong><\/p>\n\n\n\n<p class=\"wp-block-paragraph\"><em>\u00abEn Colombia tenemos relaciones de producci\u00f3n premodernas\u00bb&nbsp;<\/em><\/p>\n\n\n\n<p class=\"wp-block-paragraph\"><em>El l\u00edder colombiano dijo que&nbsp;\u201clos propietarios de las redes sociales tienen ideolog\u00eda y act\u00faan con algoritmos que no son democr\u00e1ticos\u201d.<\/em><\/p>\n\n\n\n<p class=\"wp-block-paragraph\">El presidente de Colombia, Gustavo Petro, hizo declaraciones contundentes este s\u00e1bado analizando el presente de su gobierno, que carece de mayor\u00eda en el Congreso, oblig\u00e1ndolo a&nbsp;construir una coalici\u00f3n mayoritaria en donde su fuerza pol\u00edtica necesita de otras que no son tan progresistas y han estado ligadas al pasado institucional:&nbsp;\u00abConsidero que el radicalismo en s\u00ed mismo puede llevar a errores. En la tensi\u00f3n existente entre reforma y revoluci\u00f3n, una reforma mantiene algunas cosas del pasado y provoca una ruptura hacia el futuro. Esa ruptura tiene que ver, en todas las reformas que he presentado, con la superaci\u00f3n del modelo neoliberal. No se trata de abolir el mercado sino de quitar la preponderancia del mercado y poner la preponderancia en el derecho del ciudadano y la ciudadana\u201d.<\/p>\n\n\n\n<p class=\"wp-block-paragraph\"><strong>\u00abSuperar el modelo neoliberal\u00bb<\/strong><\/p>\n\n\n\n<p class=\"wp-block-paragraph\">En la entrevista con el programa de radio La Pizarra del Canal Red en Espa\u00f1a que le hizo el acad\u00e9mico espa\u00f1ol Alfredo Serrano Mancilla, Petro agreg\u00f3 que las tres grandes reformas que impulsa, est\u00e1n vinculadas a las jubilaciones, la salud y el r\u00e9gimen laboral, apuntando a superar el modelo neoliberal:&nbsp;\u201cEso no es superar el capitalismo, es acompasarlo. Incluso he dicho desarrollarlo, porque en Colombia no tenemos el capitalismo desarrollado, es raqu\u00edtico. Los grandes acumuladores de capital que hay en el pa\u00eds, lo hacen a costa del Estado con sus recursos\u00bb. Esto habr\u00eda generado que pusiesen al Estado a su servicio volvi\u00e9ndolo antidemocr\u00e1tico, quit\u00e1ndole el poder a la poblaci\u00f3n y excluy\u00e9ndola. \u00abEl r\u00e9gimen que sale de ah\u00ed es de profunda desigualdad social y de un raquitismo capitalista enorme\u201d, dijo.&nbsp;<\/p>\n\n\n\n<p class=\"wp-block-paragraph\">A esta situaci\u00f3n,&nbsp;Petro lo considera \u201crelaciones de producci\u00f3n premodernas\u201d, algo que tambi\u00e9n ocurre con las tierras en Colombia: \u201cpr\u00e1cticamente est\u00e1 en manos del feudalismo, y es otra de las reformas en curso. Tenemos 20 millones de hect\u00e1reas f\u00e9rtiles, que las poseen dos mil o tres mil personas y no tienen actividades productivas\u201d. En ese sector terrateniente improductivo, la figura de Petro genera tensi\u00f3n: \u201cellos son los due\u00f1os de los medios de comunicaci\u00f3n; entonces tengo una campa\u00f1a diaria contra m\u00ed y sin embargo, el pueblo ha mantenido una mayor\u00eda conmigo, pero a\u00fan le falta movilizarse m\u00e1s. Esas reformas van a tener grandes problemas para construirse en la realidad, si el pueblo no se moviliza. Colombia tiene una experiencia balbuceante en la organizaci\u00f3n popular, muy fuerte en la ind\u00edgena, sobre todo en el sur del pa\u00eds, y muy d\u00e9bil en las grandes ciudades.&nbsp; Estamos en un momento en el que est\u00e1n propuestas las reformas fundamentales, muchas tienen que ver con cambiar relaciones de producci\u00f3n, pero no podr\u00eda asegurar que las vamos a pasar\u201d.<\/p>\n\n\n\n<p class=\"wp-block-paragraph\"><strong>La comunicaci\u00f3n en el mundo digital<\/strong><\/p>\n\n\n\n<p class=\"wp-block-paragraph\">El an\u00e1lisis de Gustavo Petro deriv\u00f3 hacia las redes sociales y la comunicaci\u00f3n digital, reflexionando que, en un principio, se las percibi\u00f3 como una posibilidad de \u201cdemocratizaci\u00f3n de la informaci\u00f3n\u201d, en el que el esquema de grandes medios fue perdiendo audiencia, ante unas redes sociales que abr\u00edan la posibilidad de \u201cexpresarse m\u00e1s libremente\u201d, donde \u00e9l fue precursor difundiendo sus ideas en redes. El problema, desde su \u00f3ptica, ser\u00eda que&nbsp;en Colombia la mitad de la poblaci\u00f3n no est\u00e1 conectada a internet, no s\u00f3lo por falta de infraestrucutra de conectividad, sino tambi\u00e9n por una cuesti\u00f3n de costos que no pueden afrontar en lo que hace a servicio telef\u00f3nico y el acceso al celular.&nbsp;Y agreg\u00f3 que otro factor mundial es la apropiaci\u00f3n de las redes: \u00ablos propietarios de cada plataforma son grandes acumuladores de capital, tienen ideolog\u00eda y act\u00faan; entonces los algoritmos no son democr\u00e1ticos. Cuando te aparece una informaci\u00f3n, generalmente no es una informaci\u00f3n progresista. Y ya muchos fil\u00f3sofos han ahondado en esta materia y en la posibilidad de la manipulaci\u00f3n, casi a individuo por individuo; esto abre una visi\u00f3n un poco m\u00e1s catastrofista del medio de comunicaci\u00f3n, es decir, podr\u00eda ser peor que el medio tradicional\u00bb.&nbsp;<\/p>\n\n\n\n<p class=\"wp-block-paragraph\">Por esto considera Petro que, lograr democratizar la web, amerita un gran debate p\u00fablico mundial: nada ganar\u00eda la democracia si se pasara de un sistema de medios tradicionales en manos de los grandes acumuladores de capital, hacia unos medios de comunicaci\u00f3n supranacionales en manos de los grandes acumuladores del capital mundial.<\/p>\n\n\n\n<p class=\"wp-block-paragraph\"><strong>La unidad latinoamericana<\/strong><\/p>\n\n\n\n<p class=\"wp-block-paragraph\">Petro dio su opini\u00f3n sobre la integraci\u00f3n latinoamericana, la cual ve como \u00abm\u00e1s ret\u00f3rica que real; los europeos nos han ense\u00f1ado c\u00f3mo se integran: parten de proyectos muy concretos como el carb\u00f3n y la econom\u00eda f\u00f3sil. Nosotros hoy no podemos integrarnos por la econom\u00eda f\u00f3sil, que es el petr\u00f3leo y es abundante en Am\u00e9rica Latina. A m\u00ed me parece que ah\u00ed ha estado el error de Ch\u00e1vez; \u00e9l cre\u00eda en una integraci\u00f3n alrededor de la cuesti\u00f3n energ\u00e9tica como en Europa, pero en la econom\u00eda f\u00f3sil.&nbsp;Hoy no podemos pensar en un mundo basado en la econom\u00eda f\u00f3sil, eso nos ancla al pasado, a un viejo progresismo que ya no es y que nos podr\u00eda dejar perfectamente en un gran fracaso en una o dos d\u00e9cadas, porque la supervivencia humana implica dejar la acumulaci\u00f3n de capital f\u00f3sil.&nbsp;Esto abre un escenario, pero a\u00fan no ha sido previsto, que es la integraci\u00f3n de Am\u00e9rica Latina a trav\u00e9s de las energ\u00edas limpias, en unas econom\u00edas descarbonizadas, que implica ligar redes el\u00e9ctricas y redes de movilidad limpia\u00bb.&nbsp;<\/p>\n\n\n\n<p class=\"wp-block-paragraph\">Petro subray\u00f3 que hoy, casi no hay proyectos alrededor de estos temas en el surcontinente, donde existir\u00edan unas fuerzas centr\u00edpetas que se dispersan a partir de&nbsp; dos grandes econom\u00edas de la regi\u00f3n: M\u00e9xico con el Tratado de LIbre Comercio (TLC) y Brasil, que se ha ligado m\u00e1s a los BRICS. En este contexto, la integraci\u00f3n latinoamericana podr\u00eda verse como algo peque\u00f1o, porque desde los ojos mexicanos y brasile\u00f1os, juntarse con Ecuador o Colombia \u00abpuede no verse como una prioridad\u00bb.<\/p>\n\n\n\n<p class=\"wp-block-paragraph\"><strong>El potencial de las energ\u00edas limpias<\/strong><\/p>\n\n\n\n<p class=\"wp-block-paragraph\">En la entrevista Petro dijo hay varios imperialismos en el mundo y no s\u00f3lo el que se construy\u00f3 en Estados Unidos:&nbsp;\u00abA veces siento miedo cuando proyectos de izquierda deciden separarse de EE.UU. y entregarse al proyecto europeo o al chino. El tema ruso es importante, no se puede medir a Rusia por su pasado, ni el imperial ni el revolucionario. La Rusia de hoy es otra, tiene relaciones de producci\u00f3n capitalistas. A China hay que mirarla con m\u00e1s cuidado porque la desconocemos mucho, tiene un gran dominio de infraestructuras mundiales que la pueden convertir en un imperio\u00bb.&nbsp;<\/p>\n\n\n\n<p class=\"wp-block-paragraph\">El l\u00edder colombiano cree que el antiimperialismo hay que mirarlo de otra forma: \u00abse trata de identificar c\u00f3mo crece m\u00e1s el poder latinoamericano, c\u00f3mo somos m\u00e1s poderosos para que no nos dominen los imperios. Por ejemplo, desde la perspectiva de la crisis clim\u00e1tica, que es como he propuesto que se miren todos los problemas\u00bb.&nbsp;<\/p>\n\n\n\n<p class=\"wp-block-paragraph\">Seg\u00fan Petro, la Selva Amaz\u00f3nica le otorga un poder a Sudam\u00e9rica, en relaci\u00f3n a las nuevas tecnolog\u00edas de las energ\u00edas limpias como la solar, la hidr\u00e1ulica y la e\u00f3lica:&nbsp;\u00abhasta el d\u00eda de hoy la regi\u00f3n con m\u00e1s potencial para generar energ\u00eda limpia es Am\u00e9rica Latina\u00bb. Y el fuerte de esa demanda estar\u00eda en EE.UU. que necesita descarbonizarse. Ante la necesidad de la econom\u00eda de dejar de consumir petr\u00f3leo y carb\u00f3n, al surcontinente le convendr\u00eda evitar repetir el error de producir materias primas energ\u00e9ticas como carb\u00f3n y petroleo, lo que impide la industrializaci\u00f3n a nivel local.<\/p>\n\n\n\n<p class=\"wp-block-paragraph\">Para el presidente de Colombia, \u00abla discusi\u00f3n es c\u00f3mo, desde la energ\u00eda limpia, aparece la industrializaci\u00f3n descarbonizada, que es lo que nos dar\u00eda nuestro poder econ\u00f3mico. Esta discusi\u00f3n la deber\u00edamos construir en un nuevo escenario como la UNSAUR o en la CELAC porque si no lo hacemos, no estar\u00edamos hablando en el lenguaje del nuevo poder del mundo\u00bb.&nbsp;<\/p>\n","protected":false},"excerpt":{"rendered":"<p>P\u00e1gina\/12, Argentina \u00abEn Colombia tenemos relaciones de producci\u00f3n premodernas\u00bb&nbsp; El l\u00edder colombiano dijo que&nbsp;\u201clos propietarios de las redes sociales tienen ideolog\u00eda y act\u00faan con algoritmos que no son democr\u00e1ticos\u201d. El presidente de Colombia, Gustavo Petro, hizo\u2026<\/p>\n","protected":false},"author":2,"featured_media":0,"comment_status":"closed","ping_status":"open","sticky":false,"template":"","format":"standard","meta":{"footnotes":""},"categories":[1],"tags":[],"class_list":["post-22267","post","type-post","status-publish","format-standard","hentry","category-other-news"],"yoast_head":"<!-- This site is optimized with the Yoast SEO plugin v16.7 - https:\/\/yoast.com\/wordpress\/plugins\/seo\/ -->\n<title>Gustavo Petro propone reindustrializar Am\u00e9rica Latina como productora de energ\u00edas limpias - Other News - Voz en contra de la corriente<\/title>\n<meta name=\"robots\" content=\"index, follow, max-snippet:-1, max-image-preview:large, max-video-preview:-1\" \/>\n<link rel=\"canonical\" href=\"https:\/\/www.other-news.info\/noticias\/gustavo-petro-propone-reindustrializar-america-latina-como-productora-de-energias-limpias\/\" \/>\n<meta property=\"og:locale\" content=\"es_ES\" \/>\n<meta property=\"og:type\" content=\"article\" \/>\n<meta property=\"og:title\" content=\"Gustavo Petro propone reindustrializar Am\u00e9rica Latina como productora de energ\u00edas limpias - Other News - Voz en contra de la corriente\" \/>\n<meta property=\"og:description\" content=\"P\u00e1gina\/12, Argentina &quot;En Colombia tenemos relaciones de producci\u00f3n premodernas&quot;&nbsp; El l\u00edder colombiano dijo que&nbsp;\u201clos propietarios de las redes sociales tienen ideolog\u00eda y act\u00faan con algoritmos que no son democr\u00e1ticos\u201d. El presidente de Colombia, Gustavo Petro, hizo\u2026\" \/>\n<meta property=\"og:url\" content=\"https:\/\/www.other-news.info\/noticias\/gustavo-petro-propone-reindustrializar-america-latina-como-productora-de-energias-limpias\/\" \/>\n<meta property=\"og:site_name\" content=\"Other News - Voz en contra de la corriente\" \/>\n<meta property=\"article:published_time\" content=\"2023-04-10T18:00:23+00:00\" \/>\n<meta property=\"article:modified_time\" content=\"2023-04-10T18:00:24+00:00\" \/>\n<meta name=\"twitter:card\" content=\"summary_large_image\" \/>\n<meta name=\"twitter:label1\" content=\"Escrito por\" \/>\n\t<meta name=\"twitter:data1\" content=\"admin\" \/>\n\t<meta name=\"twitter:label2\" content=\"Tiempo de lectura\" \/>\n\t<meta name=\"twitter:data2\" content=\"7 minutos\" \/>\n<script type=\"application\/ld+json\" class=\"yoast-schema-graph\">{\"@context\":\"https:\/\/schema.org\",\"@graph\":[{\"@type\":\"WebSite\",\"@id\":\"https:\/\/www.other-news.info\/noticias\/#website\",\"url\":\"https:\/\/www.other-news.info\/noticias\/\",\"name\":\"Other News - Voz en contra de la corriente\",\"description\":\"Voz en contra de la corriente\",\"potentialAction\":[{\"@type\":\"SearchAction\",\"target\":{\"@type\":\"EntryPoint\",\"urlTemplate\":\"https:\/\/www.other-news.info\/noticias\/?s={search_term_string}\"},\"query-input\":\"required name=search_term_string\"}],\"inLanguage\":\"es\"},{\"@type\":\"WebPage\",\"@id\":\"https:\/\/www.other-news.info\/noticias\/gustavo-petro-propone-reindustrializar-america-latina-como-productora-de-energias-limpias\/#webpage\",\"url\":\"https:\/\/www.other-news.info\/noticias\/gustavo-petro-propone-reindustrializar-america-latina-como-productora-de-energias-limpias\/\",\"name\":\"Gustavo Petro propone reindustrializar Am\\u00e9rica Latina como productora de energ\\u00edas limpias - Other News - Voz en contra de la corriente\",\"isPartOf\":{\"@id\":\"https:\/\/www.other-news.info\/noticias\/#website\"},\"datePublished\":\"2023-04-10T18:00:23+00:00\",\"dateModified\":\"2023-04-10T18:00:24+00:00\",\"author\":{\"@id\":\"https:\/\/www.other-news.info\/noticias\/#\/schema\/person\/dd0ead9df8654b02034c4da003b9991b\"},\"breadcrumb\":{\"@id\":\"https:\/\/www.other-news.info\/noticias\/gustavo-petro-propone-reindustrializar-america-latina-como-productora-de-energias-limpias\/#breadcrumb\"},\"inLanguage\":\"es\",\"potentialAction\":[{\"@type\":\"ReadAction\",\"target\":[\"https:\/\/www.other-news.info\/noticias\/gustavo-petro-propone-reindustrializar-america-latina-como-productora-de-energias-limpias\/\"]}]},{\"@type\":\"BreadcrumbList\",\"@id\":\"https:\/\/www.other-news.info\/noticias\/gustavo-petro-propone-reindustrializar-america-latina-como-productora-de-energias-limpias\/#breadcrumb\",\"itemListElement\":[{\"@type\":\"ListItem\",\"position\":1,\"name\":\"Home\",\"item\":\"https:\/\/www.other-news.info\/noticias\/\"},{\"@type\":\"ListItem\",\"position\":2,\"name\":\"Gustavo Petro propone reindustrializar Am\\u00e9rica Latina como productora de energ\\u00edas limpias\"}]},{\"@type\":\"Person\",\"@id\":\"https:\/\/www.other-news.info\/noticias\/#\/schema\/person\/dd0ead9df8654b02034c4da003b9991b\",\"name\":\"admin\",\"image\":{\"@type\":\"ImageObject\",\"@id\":\"https:\/\/www.other-news.info\/noticias\/#personlogo\",\"inLanguage\":\"es\",\"url\":\"https:\/\/secure.gravatar.com\/avatar\/e67344401a27ff9f91b2b48296aaa8fb9186ac51a3404ed4bdfbe790b6a9ee11?s=96&d=mm&r=g\",\"contentUrl\":\"https:\/\/secure.gravatar.com\/avatar\/e67344401a27ff9f91b2b48296aaa8fb9186ac51a3404ed4bdfbe790b6a9ee11?s=96&d=mm&r=g\",\"caption\":\"admin\"},\"url\":\"https:\/\/www.other-news.info\/noticias\/author\/admin\/\"}]}<\/script>\n<!-- \/ Yoast SEO plugin. -->","yoast_head_json":{"title":"Gustavo Petro propone reindustrializar Am\u00e9rica Latina como productora de energ\u00edas limpias - Other News - Voz en contra de la corriente","robots":{"index":"index","follow":"follow","max-snippet":"max-snippet:-1","max-image-preview":"max-image-preview:large","max-video-preview":"max-video-preview:-1"},"canonical":"https:\/\/www.other-news.info\/noticias\/gustavo-petro-propone-reindustrializar-america-latina-como-productora-de-energias-limpias\/","og_locale":"es_ES","og_type":"article","og_title":"Gustavo Petro propone reindustrializar Am\u00e9rica Latina como productora de energ\u00edas limpias - Other News - Voz en contra de la corriente","og_description":"P\u00e1gina\/12, Argentina \"En Colombia tenemos relaciones de producci\u00f3n premodernas\"&nbsp; El l\u00edder colombiano dijo que&nbsp;\u201clos propietarios de las redes sociales tienen ideolog\u00eda y act\u00faan con algoritmos que no son democr\u00e1ticos\u201d. El presidente de Colombia, Gustavo Petro, hizo\u2026","og_url":"https:\/\/www.other-news.info\/noticias\/gustavo-petro-propone-reindustrializar-america-latina-como-productora-de-energias-limpias\/","og_site_name":"Other News - Voz en contra de la corriente","article_published_time":"2023-04-10T18:00:23+00:00","article_modified_time":"2023-04-10T18:00:24+00:00","twitter_card":"summary_large_image","twitter_misc":{"Escrito por":"admin","Tiempo de lectura":"7 minutos"},"schema":{"@context":"https:\/\/schema.org","@graph":[{"@type":"WebSite","@id":"https:\/\/www.other-news.info\/noticias\/#website","url":"https:\/\/www.other-news.info\/noticias\/","name":"Other News - Voz en contra de la corriente","description":"Voz en contra de la corriente","potentialAction":[{"@type":"SearchAction","target":{"@type":"EntryPoint","urlTemplate":"https:\/\/www.other-news.info\/noticias\/?s={search_term_string}"},"query-input":"required name=search_term_string"}],"inLanguage":"es"},{"@type":"WebPage","@id":"https:\/\/www.other-news.info\/noticias\/gustavo-petro-propone-reindustrializar-america-latina-como-productora-de-energias-limpias\/#webpage","url":"https:\/\/www.other-news.info\/noticias\/gustavo-petro-propone-reindustrializar-america-latina-como-productora-de-energias-limpias\/","name":"Gustavo Petro propone reindustrializar Am\u00e9rica Latina como productora de energ\u00edas limpias - Other News - Voz en contra de la corriente","isPartOf":{"@id":"https:\/\/www.other-news.info\/noticias\/#website"},"datePublished":"2023-04-10T18:00:23+00:00","dateModified":"2023-04-10T18:00:24+00:00","author":{"@id":"https:\/\/www.other-news.info\/noticias\/#\/schema\/person\/dd0ead9df8654b02034c4da003b9991b"},"breadcrumb":{"@id":"https:\/\/www.other-news.info\/noticias\/gustavo-petro-propone-reindustrializar-america-latina-como-productora-de-energias-limpias\/#breadcrumb"},"inLanguage":"es","potentialAction":[{"@type":"ReadAction","target":["https:\/\/www.other-news.info\/noticias\/gustavo-petro-propone-reindustrializar-america-latina-como-productora-de-energias-limpias\/"]}]},{"@type":"BreadcrumbList","@id":"https:\/\/www.other-news.info\/noticias\/gustavo-petro-propone-reindustrializar-america-latina-como-productora-de-energias-limpias\/#breadcrumb","itemListElement":[{"@type":"ListItem","position":1,"name":"Home","item":"https:\/\/www.other-news.info\/noticias\/"},{"@type":"ListItem","position":2,"name":"Gustavo Petro propone reindustrializar Am\u00e9rica Latina como productora de energ\u00edas limpias"}]},{"@type":"Person","@id":"https:\/\/www.other-news.info\/noticias\/#\/schema\/person\/dd0ead9df8654b02034c4da003b9991b","name":"admin","image":{"@type":"ImageObject","@id":"https:\/\/www.other-news.info\/noticias\/#personlogo","inLanguage":"es","url":"https:\/\/secure.gravatar.com\/avatar\/e67344401a27ff9f91b2b48296aaa8fb9186ac51a3404ed4bdfbe790b6a9ee11?s=96&d=mm&r=g","contentUrl":"https:\/\/secure.gravatar.com\/avatar\/e67344401a27ff9f91b2b48296aaa8fb9186ac51a3404ed4bdfbe790b6a9ee11?s=96&d=mm&r=g","caption":"admin"},"url":"https:\/\/www.other-news.info\/noticias\/author\/admin\/"}]}},"_links":{"self":[{"href":"https:\/\/www.other-news.info\/noticias\/wp-json\/wp\/v2\/posts\/22267","targetHints":{"allow":["GET"]}}],"collection":[{"href":"https:\/\/www.other-news.info\/noticias\/wp-json\/wp\/v2\/posts"}],"about":[{"href":"https:\/\/www.other-news.info\/noticias\/wp-json\/wp\/v2\/types\/post"}],"author":[{"embeddable":true,"href":"https:\/\/www.other-news.info\/noticias\/wp-json\/wp\/v2\/users\/2"}],"replies":[{"embeddable":true,"href":"https:\/\/www.other-news.info\/noticias\/wp-json\/wp\/v2\/comments?post=22267"}],"version-history":[{"count":1,"href":"https:\/\/www.other-news.info\/noticias\/wp-json\/wp\/v2\/posts\/22267\/revisions"}],"predecessor-version":[{"id":22268,"href":"https:\/\/www.other-news.info\/noticias\/wp-json\/wp\/v2\/posts\/22267\/revisions\/22268"}],"wp:attachment":[{"href":"https:\/\/www.other-news.info\/noticias\/wp-json\/wp\/v2\/media?parent=22267"}],"wp:term":[{"taxonomy":"category","embeddable":true,"href":"https:\/\/www.other-news.info\/noticias\/wp-json\/wp\/v2\/categories?post=22267"},{"taxonomy":"post_tag","embeddable":true,"href":"https:\/\/www.other-news.info\/noticias\/wp-json\/wp\/v2\/tags?post=22267"}],"curies":[{"name":"wp","href":"https:\/\/api.w.org\/{rel}","templated":true}]}}