{"id":22312,"date":"2023-04-21T18:46:12","date_gmt":"2023-04-21T16:46:12","guid":{"rendered":"https:\/\/www.other-news.info\/noticias\/?p=22312"},"modified":"2023-04-21T18:46:13","modified_gmt":"2023-04-21T16:46:13","slug":"eu-otan-intensificacion-belica","status":"publish","type":"post","link":"https:\/\/www.other-news.info\/noticias\/eu-otan-intensificacion-belica\/","title":{"rendered":"EU-OTAN: intensificaci\u00f3n b\u00e9lica"},"content":{"rendered":"\n<p class=\"wp-block-paragraph\"><a href=\"https:\/\/www.jornada.com.mx\/author\/john-saxe-fernandez.html\">John Saxe-Fern\u00e1ndez<\/a>*\u00a0&#8211;\u00a0 \u00a0La Jornada, M\u00e9xico<\/p>\n\n\n\n<p class=\"wp-block-paragraph\"><em>A Pablo Gonz\u00e1lez Casanova, in memoriam<\/em><\/p>\n\n\n\n<p class=\"wp-block-paragraph\">El 4 de abril del presente a\u00f1o la Organizaci\u00f3n del Tratado del Atl\u00e1ntico Norte (OTAN) anunci\u00f3 la adhesi\u00f3n de Finlandia, un acontecimiento geopol\u00edtico del mayor impacto en el contexto de la guerra en Ucrania, una enorme provocaci\u00f3n a Rusia.<\/p>\n\n\n\n<p class=\"wp-block-paragraph\">Orgulloso e insensato, el presidente finland\u00e9s Sauli Ninisto dijo: \u201cLa era de la no alineaci\u00f3n militar de nuestra historia ha llegado a su fin, comienza una nueva era\u201d.<\/p>\n\n\n\n<p class=\"wp-block-paragraph\">Si bien, como declar\u00f3 el Ministerio de Exteriores de la Federaci\u00f3n Rusa, \u201cFinlandia finalmente renunci\u00f3 a su propia identidad y a cualquier independencia que la ha distinguido en los asuntos internacionales durante d\u00e9cadas\u201d, el car\u00e1cter belicista de esta declaraci\u00f3n reside en que forma parte de un largo encadenamiento de enga\u00f1os y simulaciones de la agresiva diplomacia EU-OTAN contra los fundamentos de la seguridad de la Federaci\u00f3n Rusa.<\/p>\n\n\n\n<p class=\"wp-block-paragraph\">Esta ampliaci\u00f3n no es inusitada, sino que es parte fundamental y sumamente riesgosa ya advertida por George Kennan (1904-2005), arquitecto de la diplomacia de fuerza del intervencionismo expansivo de Estados Unidos, que oper\u00f3 de manera agresiva v\u00eda la censura de libros, revistas, persecuci\u00f3n a los opositores y campa\u00f1as muy bien financiadas de demonizaci\u00f3n del comunismo tras el manto de la pol\u00edtica de contenci\u00f3n.<\/p>\n\n\n\n<p class=\"wp-block-paragraph\">Como lo he indicado (JSF, 2018) la madurez le lleg\u00f3 a los 93 a\u00f1os, cuando en una nota al editor del&nbsp;New York Times&nbsp;en 1997, Kennan se\u00f1al\u00f3 que \u201cla expansi\u00f3n de la OTAN ser\u00eda el error m\u00e1s fatal de la pol\u00edtica de Estados Unidos en la posguerra fr\u00eda. Tal decisi\u00f3n puede empujar la pol\u00edtica exterior de Rusia en una direcci\u00f3n que\u2026 no ser\u00e1 de nuestro agrado\u201d.<\/p>\n\n\n\n<p class=\"wp-block-paragraph\">El liderato estadunidense prest\u00f3 o\u00eddos sordos a tal advertencia aunque hubo otras voces, como la de Stephen F. Cohen (1938-2020), especialista en historia rusa, quien a ra\u00edz del golpe de Estado de 2014 en Ucrania, se\u00f1al\u00f3 a la revista alemana&nbsp;Taz:&nbsp;\u201cEstamos desliz\u00e1ndonos hacia la guerra\u201d (Resumen.cl. 15\/5\/2014), \u201cno es Putin el que ha desencadenado la crisis de Ucrania, sino el deseo de EU de incluir a Ucrania en la OTAN. Ucrania es tan importante para el liderato pol\u00edtico de EU (en ese momento John Kerry era secretario de Estado y Joe Biden, vicepresidente de Obama) que son capaces de arriesgar una guerra con Rusia\u201d.<\/p>\n\n\n\n<p class=\"wp-block-paragraph\">Cohen se\u00f1ala que en EU no hay debate p\u00fablico sobre este punto de inflexi\u00f3n hist\u00f3rica y el aumento, desde los a\u00f1os 90, del acoso al territorio ruso: \u201cLa crisis de Ucrania es un colosal fracaso de la pol\u00edtica exterior de EU, nos ha llevado al borde de la guerra y todos los presidentes estadunidenses desde Clinton, son c\u00f3mplices\u201d.<\/p>\n\n\n\n<p class=\"wp-block-paragraph\">Arriesgando una magna conflagraci\u00f3n, advertida por Kennan, la ampliacion de la OTAN a 31 naciones, cuando se acord\u00f3 no iba a moverse ni una pulgada al este, agrega graves riesgos potenciales a la seguridad de Rusia. Con Finlandia se agregaron mil 300 kil\u00f3metros de frontera directa de un integrante de la OTAN, que ahora est\u00e1 en guerra \u201ch\u00edbrida\u201d contra Rusia.<\/p>\n\n\n\n<p class=\"wp-block-paragraph\">Uno de los eventos mas preocupantes de la reciente filtraci\u00f3n de documentos del Pent\u00e1gono, adem\u00e1s de informaci\u00f3n sensible sobre la guerra en Ucrania y la evidencia de espionaje de Estados Unidos contra pa\u00edses aliados o enemigos por igual, es la constataci\u00f3n de que fuerzas especiales de EU-OTAN act\u00faan en el teatro de operaciones de guerra, implicando riesgos de intensificaci\u00f3n b\u00e9lica por el involucramiento directo.<\/p>\n\n\n\n<p class=\"wp-block-paragraph\">Noam Chomsky, entrevistado por David Barsamian respecto a la amenaza que representan los reactores nucleares en Ucrania (&nbsp;La Jornada, 11\/4\/2023) se\u00f1al\u00f3 que: \u201cPor desgracia, uno de los principales problemas que Dan Ellsberg y otros han estado tratando de hacernos entender durante a\u00f1os es la creciente amenaza de una guerra nuclear. En Washington, la gente habla de ello como si fuera broma: \u2026Eso es m\u00e1s que demente. No puede haber una guerra entre potencias nucleares\u201d.<\/p>\n\n\n\n<p class=\"wp-block-paragraph\">Al neutralizar partes fundamentales del tratado START entre Rusia y EU, que mantuvo una paz precaria, aumenta el peligro, al respecto Noam Choms-ky se\u00f1ala que \u201cel Partido Republicano ha estado desmantelando 60 a\u00f1os de control de armamentos. Ahora los rusos lo han suspendido. Esto es una carrera hacia el desastre y los principales criminales resultan estar en el Partido Republicano de Estados Unidos\u201d.<\/p>\n\n\n\n<p class=\"wp-block-paragraph\">La reacci\u00f3n oficial de la Federaci\u00f3n Rusa se\u00f1ala que \u201cse ver\u00e1 obligada a tomar medidas de represalia, tanto de car\u00e1cter militar y t\u00e9cnico como de otro tipo, para detener las amenazas a nuestra seguridad nacional que surgen en relaci\u00f3n con la entrada de Finlandia en la OTAN\u2026 m\u00e1s que duplicar la l\u00ednea de contacto directo entre la OTAN y las fronteras de la Federaci\u00f3n Rusa, se ha producido un cambio fundamental en la situaci\u00f3n en la regi\u00f3n del norte de Europa, anteriormente una de las m\u00e1s estables del mundo: la OTAN ha dado un paso m\u00e1s hacia el territorio de Rusia\u201d (ver tuprofedeRI, 15\/4\/23).<\/p>\n\n\n\n<p class=\"wp-block-paragraph\">\u2026\u2026\u2026\u2026\u2026\u2026\u2026\u2026\u2026\u2026\u2026\u2026\u2026\u2026\u2026\u2026\u2026\u2026\u2026..<\/p>\n\n\n\n<p class=\"wp-block-paragraph\"><em>*Doctor en Estudios Latinoamericanos de la Facultad de Filosof\u00eda y Letras de la Universidad Nacional Aut\u00f3noma de M\u00e9xico (UNAM). Primer premio nacional de periodismo 2008; Investigador nacional Nivel III; Coordinador del programa \u00abEl Mundo en el Siglo XXI\u00bb del Centro de Investigaciones Interdisciplinarias en Ciencias y Humanidades (CEIICH) de la UNAM. Autor de diversos libros y art\u00edculos publicados en Am\u00e9rica Latina, Canad\u00e1, Estados Unidos y Europa. Entre sus libros: \u00abPetroleo y Estrategia\u00bb (M\u00e8xico, Siglo XXI 1980); \u00abLa Compraventa de M\u00e8xico\u00bb (Plaza y Janes, M\u00e8xico. 2002); \u00abTerror e Imperio\u00bb (Arena, M\u00e9xico, 2006); La Energ\u00eca en M\u00e8xico: Situaci\u00f2n y Alternativas (UNAM-CEIICH, M\u00e8xico 2009)<\/em><\/p>\n\n\n\n<p class=\"wp-block-paragraph\"><em>&nbsp;<\/em><a href=\"https:\/\/www.jsaxefblogspot.com\/\"><em>www.jsaxefblogspot.com<\/em><\/a><em><\/em><\/p>\n","protected":false},"excerpt":{"rendered":"<p>John Saxe-Fern\u00e1ndez*\u00a0&#8211;\u00a0 \u00a0La Jornada, M\u00e9xico A Pablo Gonz\u00e1lez Casanova, in memoriam El 4 de abril del presente a\u00f1o la Organizaci\u00f3n del Tratado del Atl\u00e1ntico Norte (OTAN) anunci\u00f3 la adhesi\u00f3n de Finlandia, un acontecimiento geopol\u00edtico del mayor impacto en el contexto de la guerra\u2026<\/p>\n","protected":false},"author":2,"featured_media":0,"comment_status":"closed","ping_status":"open","sticky":false,"template":"","format":"standard","meta":{"footnotes":""},"categories":[1],"tags":[],"class_list":["post-22312","post","type-post","status-publish","format-standard","hentry","category-other-news"],"yoast_head":"<!-- This site is optimized with the Yoast SEO plugin v16.7 - https:\/\/yoast.com\/wordpress\/plugins\/seo\/ -->\n<title>EU-OTAN: intensificaci\u00f3n b\u00e9lica - Other News - Voz en contra de la corriente<\/title>\n<meta name=\"robots\" content=\"index, follow, max-snippet:-1, max-image-preview:large, max-video-preview:-1\" \/>\n<link rel=\"canonical\" href=\"https:\/\/www.other-news.info\/noticias\/eu-otan-intensificacion-belica\/\" \/>\n<meta property=\"og:locale\" content=\"es_ES\" \/>\n<meta property=\"og:type\" content=\"article\" \/>\n<meta property=\"og:title\" content=\"EU-OTAN: intensificaci\u00f3n b\u00e9lica - Other News - Voz en contra de la corriente\" \/>\n<meta property=\"og:description\" content=\"John Saxe-Fern\u00e1ndez*\u00a0-\u00a0 \u00a0La Jornada, M\u00e9xico A Pablo Gonz\u00e1lez Casanova, in memoriam El 4 de abril del presente a\u00f1o la Organizaci\u00f3n del Tratado del Atl\u00e1ntico Norte (OTAN) anunci\u00f3 la adhesi\u00f3n de Finlandia, un acontecimiento geopol\u00edtico del mayor impacto en el contexto de la guerra\u2026\" \/>\n<meta property=\"og:url\" content=\"https:\/\/www.other-news.info\/noticias\/eu-otan-intensificacion-belica\/\" \/>\n<meta property=\"og:site_name\" content=\"Other News - Voz en contra de la corriente\" \/>\n<meta property=\"article:published_time\" content=\"2023-04-21T16:46:12+00:00\" \/>\n<meta property=\"article:modified_time\" content=\"2023-04-21T16:46:13+00:00\" \/>\n<meta name=\"twitter:card\" content=\"summary_large_image\" \/>\n<meta name=\"twitter:label1\" content=\"Escrito por\" \/>\n\t<meta name=\"twitter:data1\" content=\"admin\" \/>\n\t<meta name=\"twitter:label2\" content=\"Tiempo de lectura\" \/>\n\t<meta name=\"twitter:data2\" content=\"5 minutos\" \/>\n<script type=\"application\/ld+json\" class=\"yoast-schema-graph\">{\"@context\":\"https:\/\/schema.org\",\"@graph\":[{\"@type\":\"WebSite\",\"@id\":\"https:\/\/www.other-news.info\/noticias\/#website\",\"url\":\"https:\/\/www.other-news.info\/noticias\/\",\"name\":\"Other News - Voz en contra de la corriente\",\"description\":\"Voz en contra de la corriente\",\"potentialAction\":[{\"@type\":\"SearchAction\",\"target\":{\"@type\":\"EntryPoint\",\"urlTemplate\":\"https:\/\/www.other-news.info\/noticias\/?s={search_term_string}\"},\"query-input\":\"required name=search_term_string\"}],\"inLanguage\":\"es\"},{\"@type\":\"WebPage\",\"@id\":\"https:\/\/www.other-news.info\/noticias\/eu-otan-intensificacion-belica\/#webpage\",\"url\":\"https:\/\/www.other-news.info\/noticias\/eu-otan-intensificacion-belica\/\",\"name\":\"EU-OTAN: intensificaci\\u00f3n b\\u00e9lica - Other News - Voz en contra de la corriente\",\"isPartOf\":{\"@id\":\"https:\/\/www.other-news.info\/noticias\/#website\"},\"datePublished\":\"2023-04-21T16:46:12+00:00\",\"dateModified\":\"2023-04-21T16:46:13+00:00\",\"author\":{\"@id\":\"https:\/\/www.other-news.info\/noticias\/#\/schema\/person\/dd0ead9df8654b02034c4da003b9991b\"},\"breadcrumb\":{\"@id\":\"https:\/\/www.other-news.info\/noticias\/eu-otan-intensificacion-belica\/#breadcrumb\"},\"inLanguage\":\"es\",\"potentialAction\":[{\"@type\":\"ReadAction\",\"target\":[\"https:\/\/www.other-news.info\/noticias\/eu-otan-intensificacion-belica\/\"]}]},{\"@type\":\"BreadcrumbList\",\"@id\":\"https:\/\/www.other-news.info\/noticias\/eu-otan-intensificacion-belica\/#breadcrumb\",\"itemListElement\":[{\"@type\":\"ListItem\",\"position\":1,\"name\":\"Home\",\"item\":\"https:\/\/www.other-news.info\/noticias\/\"},{\"@type\":\"ListItem\",\"position\":2,\"name\":\"EU-OTAN: intensificaci\\u00f3n b\\u00e9lica\"}]},{\"@type\":\"Person\",\"@id\":\"https:\/\/www.other-news.info\/noticias\/#\/schema\/person\/dd0ead9df8654b02034c4da003b9991b\",\"name\":\"admin\",\"image\":{\"@type\":\"ImageObject\",\"@id\":\"https:\/\/www.other-news.info\/noticias\/#personlogo\",\"inLanguage\":\"es\",\"url\":\"https:\/\/secure.gravatar.com\/avatar\/e67344401a27ff9f91b2b48296aaa8fb9186ac51a3404ed4bdfbe790b6a9ee11?s=96&d=mm&r=g\",\"contentUrl\":\"https:\/\/secure.gravatar.com\/avatar\/e67344401a27ff9f91b2b48296aaa8fb9186ac51a3404ed4bdfbe790b6a9ee11?s=96&d=mm&r=g\",\"caption\":\"admin\"},\"url\":\"https:\/\/www.other-news.info\/noticias\/author\/admin\/\"}]}<\/script>\n<!-- \/ Yoast SEO plugin. -->","yoast_head_json":{"title":"EU-OTAN: intensificaci\u00f3n b\u00e9lica - Other News - Voz en contra de la corriente","robots":{"index":"index","follow":"follow","max-snippet":"max-snippet:-1","max-image-preview":"max-image-preview:large","max-video-preview":"max-video-preview:-1"},"canonical":"https:\/\/www.other-news.info\/noticias\/eu-otan-intensificacion-belica\/","og_locale":"es_ES","og_type":"article","og_title":"EU-OTAN: intensificaci\u00f3n b\u00e9lica - Other News - Voz en contra de la corriente","og_description":"John Saxe-Fern\u00e1ndez*\u00a0-\u00a0 \u00a0La Jornada, M\u00e9xico A Pablo Gonz\u00e1lez Casanova, in memoriam El 4 de abril del presente a\u00f1o la Organizaci\u00f3n del Tratado del Atl\u00e1ntico Norte (OTAN) anunci\u00f3 la adhesi\u00f3n de Finlandia, un acontecimiento geopol\u00edtico del mayor impacto en el contexto de la guerra\u2026","og_url":"https:\/\/www.other-news.info\/noticias\/eu-otan-intensificacion-belica\/","og_site_name":"Other News - Voz en contra de la corriente","article_published_time":"2023-04-21T16:46:12+00:00","article_modified_time":"2023-04-21T16:46:13+00:00","twitter_card":"summary_large_image","twitter_misc":{"Escrito por":"admin","Tiempo de lectura":"5 minutos"},"schema":{"@context":"https:\/\/schema.org","@graph":[{"@type":"WebSite","@id":"https:\/\/www.other-news.info\/noticias\/#website","url":"https:\/\/www.other-news.info\/noticias\/","name":"Other News - Voz en contra de la corriente","description":"Voz en contra de la corriente","potentialAction":[{"@type":"SearchAction","target":{"@type":"EntryPoint","urlTemplate":"https:\/\/www.other-news.info\/noticias\/?s={search_term_string}"},"query-input":"required name=search_term_string"}],"inLanguage":"es"},{"@type":"WebPage","@id":"https:\/\/www.other-news.info\/noticias\/eu-otan-intensificacion-belica\/#webpage","url":"https:\/\/www.other-news.info\/noticias\/eu-otan-intensificacion-belica\/","name":"EU-OTAN: intensificaci\u00f3n b\u00e9lica - Other News - Voz en contra de la corriente","isPartOf":{"@id":"https:\/\/www.other-news.info\/noticias\/#website"},"datePublished":"2023-04-21T16:46:12+00:00","dateModified":"2023-04-21T16:46:13+00:00","author":{"@id":"https:\/\/www.other-news.info\/noticias\/#\/schema\/person\/dd0ead9df8654b02034c4da003b9991b"},"breadcrumb":{"@id":"https:\/\/www.other-news.info\/noticias\/eu-otan-intensificacion-belica\/#breadcrumb"},"inLanguage":"es","potentialAction":[{"@type":"ReadAction","target":["https:\/\/www.other-news.info\/noticias\/eu-otan-intensificacion-belica\/"]}]},{"@type":"BreadcrumbList","@id":"https:\/\/www.other-news.info\/noticias\/eu-otan-intensificacion-belica\/#breadcrumb","itemListElement":[{"@type":"ListItem","position":1,"name":"Home","item":"https:\/\/www.other-news.info\/noticias\/"},{"@type":"ListItem","position":2,"name":"EU-OTAN: intensificaci\u00f3n b\u00e9lica"}]},{"@type":"Person","@id":"https:\/\/www.other-news.info\/noticias\/#\/schema\/person\/dd0ead9df8654b02034c4da003b9991b","name":"admin","image":{"@type":"ImageObject","@id":"https:\/\/www.other-news.info\/noticias\/#personlogo","inLanguage":"es","url":"https:\/\/secure.gravatar.com\/avatar\/e67344401a27ff9f91b2b48296aaa8fb9186ac51a3404ed4bdfbe790b6a9ee11?s=96&d=mm&r=g","contentUrl":"https:\/\/secure.gravatar.com\/avatar\/e67344401a27ff9f91b2b48296aaa8fb9186ac51a3404ed4bdfbe790b6a9ee11?s=96&d=mm&r=g","caption":"admin"},"url":"https:\/\/www.other-news.info\/noticias\/author\/admin\/"}]}},"_links":{"self":[{"href":"https:\/\/www.other-news.info\/noticias\/wp-json\/wp\/v2\/posts\/22312","targetHints":{"allow":["GET"]}}],"collection":[{"href":"https:\/\/www.other-news.info\/noticias\/wp-json\/wp\/v2\/posts"}],"about":[{"href":"https:\/\/www.other-news.info\/noticias\/wp-json\/wp\/v2\/types\/post"}],"author":[{"embeddable":true,"href":"https:\/\/www.other-news.info\/noticias\/wp-json\/wp\/v2\/users\/2"}],"replies":[{"embeddable":true,"href":"https:\/\/www.other-news.info\/noticias\/wp-json\/wp\/v2\/comments?post=22312"}],"version-history":[{"count":1,"href":"https:\/\/www.other-news.info\/noticias\/wp-json\/wp\/v2\/posts\/22312\/revisions"}],"predecessor-version":[{"id":22313,"href":"https:\/\/www.other-news.info\/noticias\/wp-json\/wp\/v2\/posts\/22312\/revisions\/22313"}],"wp:attachment":[{"href":"https:\/\/www.other-news.info\/noticias\/wp-json\/wp\/v2\/media?parent=22312"}],"wp:term":[{"taxonomy":"category","embeddable":true,"href":"https:\/\/www.other-news.info\/noticias\/wp-json\/wp\/v2\/categories?post=22312"},{"taxonomy":"post_tag","embeddable":true,"href":"https:\/\/www.other-news.info\/noticias\/wp-json\/wp\/v2\/tags?post=22312"}],"curies":[{"name":"wp","href":"https:\/\/api.w.org\/{rel}","templated":true}]}}