{"id":22327,"date":"2023-04-26T19:18:55","date_gmt":"2023-04-26T17:18:55","guid":{"rendered":"https:\/\/www.other-news.info\/noticias\/?p=22327"},"modified":"2023-04-26T19:18:55","modified_gmt":"2023-04-26T17:18:55","slug":"la-cumbre-internacional-sobre-venezuela-pidio-celebrar-elecciones-y-levantar-sanciones","status":"publish","type":"post","link":"https:\/\/www.other-news.info\/noticias\/la-cumbre-internacional-sobre-venezuela-pidio-celebrar-elecciones-y-levantar-sanciones\/","title":{"rendered":"La cumbre internacional sobre Venezuela pidi\u00f3 celebrar elecciones y levantar sanciones"},"content":{"rendered":"\n<p class=\"wp-block-paragraph\">P\u00e1gina 12- Argentina<\/p>\n\n\n\n<p class=\"wp-block-paragraph\"><em>Acuerdo entre los 18 pa\u00edses asistentes a la reuni\u00f3n en Bogot\u00e1<\/em><\/p>\n\n\n\n<p class=\"wp-block-paragraph\">El presidente colombiano y anfitri\u00f3n del encuentro, Gustavo Petro, remarc\u00f3 que la regi\u00f3n \u00abno puede ser espacio de sanciones, sino de libertades y democracia\u00bb.<\/p>\n\n\n\n<p class=\"wp-block-paragraph\"><a href=\"https:\/\/www.pagina12.com.ar\/543337-colombia-organiza-una-cumbre-internacional-para-reactivar-el\">La conferencia internacional sobre el proceso pol\u00edtico en Venezuela concluy\u00f3 este martes en Bogot\u00e1<\/a>&nbsp;con una declaraci\u00f3n en la que los pa\u00edses participantes coincidieron en la necesidad de&nbsp;establecer un cronograma para elecciones libres y un levantamiento progresivo de las sanciones que pesan sobre el pa\u00eds caribe\u00f1o. El presidente colombiano y anfitri\u00f3n del encuentro,&nbsp;<a href=\"https:\/\/www.pagina12.com.ar\/tags\/22517-gustavo-petro\">Gustavo Petro<\/a>, busca reanimar los di\u00e1logos en M\u00e9xico, congelados desde noviembre pasado. Petro remarc\u00f3 que&nbsp;la regi\u00f3n \u00abno puede ser espacio de sanciones, sino de libertades y democracia\u00bb.<\/p>\n\n\n\n<p class=\"wp-block-paragraph\"><em>Los tres puntos acordados<\/em><\/p>\n\n\n\n<p class=\"wp-block-paragraph\">El canciller colombiano,&nbsp;\u00c1lvaro Leyva, inform\u00f3 que los 18 pa\u00edses asistentes a la reuni\u00f3n internacional coincidieron en la \u00abnecesidad de&nbsp;establecer un cronograma electoral que permita elecciones libres, transparentes y con plenas garant\u00edas&nbsp;para todos los actores venezolanos\u00bb. Se trata del primero de los tres puntos de consenso entre los participantes, que volver\u00e1n a ser convocados \u00abprontamente\u00bb para una \u00absegunda oportunidad\u00bb para \u00abhacer seguimiento a los desarrollos de lo alcanzado\u00bb en esta conferencia.<\/p>\n\n\n\n<p class=\"wp-block-paragraph\">En ese sentido, la declaraci\u00f3n conjunta menciona en su segundo punto \u00abque&nbsp;los pasos acordados a satisfacci\u00f3n de las partes vayan en paralelo con el levantamiento de las distintas sanciones\u00bb, sin aclarar si se refiere a las econ\u00f3micas que pesan sobre la poblaci\u00f3n o a algunas personales sobre representantes del chavismo.&nbsp;<\/p>\n\n\n\n<p class=\"wp-block-paragraph\">En tercer lugar, tambi\u00e9n existe una postura com\u00fan de los participantes respecto a que \u00abla continuaci\u00f3n del proceso de negociaci\u00f3n facilitado por el Reino de Noruega que ha tenido lugar en M\u00e9xico sea acompa\u00f1ada con&nbsp;la aceleraci\u00f3n de la implementaci\u00f3n del fondo fiduciario \u00fanico para la inversi\u00f3n social en Venezuela\u00bb, inform\u00f3 Leyva.<\/p>\n\n\n\n<p class=\"wp-block-paragraph\">Se trata de lo acordado en la \u00faltima reuni\u00f3n de M\u00e9xico, cuando el gobierno venezolano y la oposici\u00f3n solicitaron el desbloqueo de tres mil millones de d\u00f3lares para dedicarlos a proyectos urgentes, un fondo que est\u00e1 retenido y que ahora piden que se conceda para poder volver a la negociaci\u00f3n.<\/p>\n\n\n\n<p class=\"wp-block-paragraph\">Adem\u00e1s de los 18 pa\u00edses invitados, a esta conferencia asisti\u00f3 tambi\u00e9n el alto representante de la Uni\u00f3n Europea (UE) para Asuntos Exteriores y Pol\u00edtica de Seguridad, Josep Borrell. Se hicieron presentes los cancilleres de Chile, Alberto van Klaveren; Bolivia, Rogelio Mayta, y Argentina, Santiago Cafiero, mientras que el resto de los pa\u00edses estuvieron representados por embajadores u otros diplom\u00e1ticos.<\/p>\n\n\n\n<p class=\"wp-block-paragraph\"><em>\u00abLas sanciones han reca\u00eddo en la sociedad\u00bb<\/em><\/p>\n\n\n\n<p class=\"wp-block-paragraph\">Las posiciones comunes alcanzadas siguen la l\u00ednea de lo trazado por&nbsp;Gustavo Petro&nbsp;durante la apertura del acto, cuando dijo que&nbsp;\u00abAm\u00e9rica no puede ser un espacio de sanciones, tiene que ser un espacio de libertades, de democracia\u00bb. El presidente colombiano tambi\u00e9n cit\u00f3 el pedido de elecciones libres y \u00abgarant\u00edas para que el pueblo venezolano decida libremente y soberanamente qu\u00e9 quiere\u00bb.<\/p>\n\n\n\n<p class=\"wp-block-paragraph\">Petro, promotor de esta conferencia para reactivar los di\u00e1logos entre el gobierno y la oposici\u00f3n venezolana en M\u00e9xico, indic\u00f3 que, en su opini\u00f3n, el primer paso es que&nbsp;Venezuela vuelva al Sistema Interamericano de Derechos Humanos, del que sali\u00f3 en 2013. Ese sistema, seg\u00fan el mandatario colombiano, es un espacio para \u00abencontrar las formas de una mejor democracia\u00bb, por lo que el reingreso ser\u00eda el primer paso para el resto de las demandas, tanto de la oposici\u00f3n como del gobierno venezolano.<\/p>\n\n\n\n<p class=\"wp-block-paragraph\">\u00abLa sociedad venezolana quiere no ser sancionada porque las sanciones han reca\u00eddo en la sociedad\u00bb, remarc\u00f3 Petro, quien se refiri\u00f3 a la di\u00e1spora venezolana, ya que en las calles colombianas, el primer receptor de su migraci\u00f3n, se ve al pueblo venezolano \u00abmuerto de hambre\u00bb. Adem\u00e1s el exguerrillero reconoci\u00f3 los pedidos de la oposici\u00f3n venezolana, con la que se reuni\u00f3 el s\u00e1bado pasado, de un \u00abcronograma de elecciones y garant\u00edas democr\u00e1ticas\u00bb.<\/p>\n\n\n\n<p class=\"wp-block-paragraph\"><em>Gesto de la Uni\u00f3n Europea<\/em><\/p>\n\n\n\n<p class=\"wp-block-paragraph\">El alto representante de la UE,&nbsp;Josep Borrell, sostuvo que&nbsp;el bloque comunitario est\u00e1 dispuesto a revisar las sanciones personales&nbsp;que tiene dictadas sobre altos cargos del chavismo si avanza \u00abla normalizaci\u00f3n democr\u00e1tica\u00bb en Venezuela y hay \u00abelecciones libres, transparentes e inclusivas\u00bb. Borrell asegur\u00f3 que esta \u00abrevisi\u00f3n\u00bb se dar\u00eda porque estas sanciones \u00abno son eternas,&nbsp;las sanciones no se hacen para que duren para siempre, se hacen para conseguir que el proceso de normalizaci\u00f3n democr\u00e1tica avance\u00bb.<\/p>\n\n\n\n<p class=\"wp-block-paragraph\">Por su parte el canciller argentino, Santiago Cafiero, abog\u00f3 por el di\u00e1logo entre venezolanos, \u00absin presiones externas\u00bb, como la v\u00eda para una salida a la crisis de ese pa\u00eds. Cafiero destac\u00f3 que \u00abla democracia, los derechos humanos, la recuperaci\u00f3n de la econom\u00eda venezolana y el bienestar de su gente son objetivos perfectamente compatibles\u00bb y asegur\u00f3 que las sanciones y los bloqueos nunca contribuir\u00e1n a ese fin\u00bb.<\/p>\n\n\n\n<p class=\"wp-block-paragraph\"><em>\u00bfQu\u00e9 dijo el gobierno venezolano?<\/em><\/p>\n\n\n\n<p class=\"wp-block-paragraph\">El gobierno de Venezuela asegur\u00f3 que \u00abtoma nota\u00bb de la conferencia internacional&nbsp;reiter\u00f3 sus exigencias para \u00abavanzar en el di\u00e1logo\u00bb con la oposici\u00f3n en M\u00e9xico. Poco despu\u00e9s de que concluyera el encuentro en Bogot\u00e1, el Ejecutivo emiti\u00f3 un comunicado en el que reiter\u00f3&nbsp;la \u00abnecesidad imperante\u00bb de que sean levantadas \u00abtodas y cada una de las medidas coercitivas unilaterales, ilegales y lesivas del derecho internacional&nbsp;que constituyen una agresi\u00f3n a toda la poblaci\u00f3n venezolana y que obstaculizan el desarrollo de la vida econ\u00f3mica y social del pa\u00eds\u00bb.<\/p>\n\n\n\n<p class=\"wp-block-paragraph\">El documento compartido por el canciller de Venezuela, Yvan Gil, indic\u00f3 que el \u00abcamino para avanzar en el di\u00e1logo pol\u00edtico pasa por el cumplimiento a cabalidad del compromiso alcanzado en la mesa de negociaci\u00f3n en M\u00e9xico\u00bb para la \u00abcreaci\u00f3n de un fondo social que, con la liberaci\u00f3n de recursos pertenecientes al pueblo venezolano, contempla inversiones en salud, educaci\u00f3n, servicios p\u00fablicos y mitigaci\u00f3n de riesgos\u00bb.<\/p>\n","protected":false},"excerpt":{"rendered":"<p>P\u00e1gina 12- Argentina Acuerdo entre los 18 pa\u00edses asistentes a la reuni\u00f3n en Bogot\u00e1 El presidente colombiano y anfitri\u00f3n del encuentro, Gustavo Petro, remarc\u00f3 que la regi\u00f3n \u00abno puede ser espacio de sanciones, sino de libertades y democracia\u00bb. La conferencia internacional sobre el\u2026<\/p>\n","protected":false},"author":2,"featured_media":0,"comment_status":"closed","ping_status":"open","sticky":false,"template":"","format":"standard","meta":{"footnotes":""},"categories":[1],"tags":[],"class_list":["post-22327","post","type-post","status-publish","format-standard","hentry","category-other-news"],"yoast_head":"<!-- This site is optimized with the Yoast SEO plugin v16.7 - https:\/\/yoast.com\/wordpress\/plugins\/seo\/ -->\n<title>La cumbre internacional sobre Venezuela pidi\u00f3 celebrar elecciones y levantar sanciones - Other News - Voz en contra de la corriente<\/title>\n<meta name=\"robots\" content=\"index, follow, max-snippet:-1, max-image-preview:large, max-video-preview:-1\" \/>\n<link rel=\"canonical\" href=\"https:\/\/www.other-news.info\/noticias\/la-cumbre-internacional-sobre-venezuela-pidio-celebrar-elecciones-y-levantar-sanciones\/\" \/>\n<meta property=\"og:locale\" content=\"es_ES\" \/>\n<meta property=\"og:type\" content=\"article\" \/>\n<meta property=\"og:title\" content=\"La cumbre internacional sobre Venezuela pidi\u00f3 celebrar elecciones y levantar sanciones - Other News - Voz en contra de la corriente\" \/>\n<meta property=\"og:description\" content=\"P\u00e1gina 12- Argentina Acuerdo entre los 18 pa\u00edses asistentes a la reuni\u00f3n en Bogot\u00e1 El presidente colombiano y anfitri\u00f3n del encuentro, Gustavo Petro, remarc\u00f3 que la regi\u00f3n &quot;no puede ser espacio de sanciones, sino de libertades y democracia&quot;. La conferencia internacional sobre el\u2026\" \/>\n<meta property=\"og:url\" content=\"https:\/\/www.other-news.info\/noticias\/la-cumbre-internacional-sobre-venezuela-pidio-celebrar-elecciones-y-levantar-sanciones\/\" \/>\n<meta property=\"og:site_name\" content=\"Other News - Voz en contra de la corriente\" \/>\n<meta property=\"article:published_time\" content=\"2023-04-26T17:18:55+00:00\" \/>\n<meta name=\"twitter:card\" content=\"summary_large_image\" \/>\n<meta name=\"twitter:label1\" content=\"Escrito por\" \/>\n\t<meta name=\"twitter:data1\" content=\"admin\" \/>\n\t<meta name=\"twitter:label2\" content=\"Tiempo de lectura\" \/>\n\t<meta name=\"twitter:data2\" content=\"5 minutos\" \/>\n<script type=\"application\/ld+json\" class=\"yoast-schema-graph\">{\"@context\":\"https:\/\/schema.org\",\"@graph\":[{\"@type\":\"WebSite\",\"@id\":\"https:\/\/www.other-news.info\/noticias\/#website\",\"url\":\"https:\/\/www.other-news.info\/noticias\/\",\"name\":\"Other News - Voz en contra de la corriente\",\"description\":\"Voz en contra de la corriente\",\"potentialAction\":[{\"@type\":\"SearchAction\",\"target\":{\"@type\":\"EntryPoint\",\"urlTemplate\":\"https:\/\/www.other-news.info\/noticias\/?s={search_term_string}\"},\"query-input\":\"required name=search_term_string\"}],\"inLanguage\":\"es\"},{\"@type\":\"WebPage\",\"@id\":\"https:\/\/www.other-news.info\/noticias\/la-cumbre-internacional-sobre-venezuela-pidio-celebrar-elecciones-y-levantar-sanciones\/#webpage\",\"url\":\"https:\/\/www.other-news.info\/noticias\/la-cumbre-internacional-sobre-venezuela-pidio-celebrar-elecciones-y-levantar-sanciones\/\",\"name\":\"La cumbre internacional sobre Venezuela pidi\\u00f3 celebrar elecciones y levantar sanciones - Other News - Voz en contra de la corriente\",\"isPartOf\":{\"@id\":\"https:\/\/www.other-news.info\/noticias\/#website\"},\"datePublished\":\"2023-04-26T17:18:55+00:00\",\"dateModified\":\"2023-04-26T17:18:55+00:00\",\"author\":{\"@id\":\"https:\/\/www.other-news.info\/noticias\/#\/schema\/person\/dd0ead9df8654b02034c4da003b9991b\"},\"breadcrumb\":{\"@id\":\"https:\/\/www.other-news.info\/noticias\/la-cumbre-internacional-sobre-venezuela-pidio-celebrar-elecciones-y-levantar-sanciones\/#breadcrumb\"},\"inLanguage\":\"es\",\"potentialAction\":[{\"@type\":\"ReadAction\",\"target\":[\"https:\/\/www.other-news.info\/noticias\/la-cumbre-internacional-sobre-venezuela-pidio-celebrar-elecciones-y-levantar-sanciones\/\"]}]},{\"@type\":\"BreadcrumbList\",\"@id\":\"https:\/\/www.other-news.info\/noticias\/la-cumbre-internacional-sobre-venezuela-pidio-celebrar-elecciones-y-levantar-sanciones\/#breadcrumb\",\"itemListElement\":[{\"@type\":\"ListItem\",\"position\":1,\"name\":\"Home\",\"item\":\"https:\/\/www.other-news.info\/noticias\/\"},{\"@type\":\"ListItem\",\"position\":2,\"name\":\"La cumbre internacional sobre Venezuela pidi\\u00f3 celebrar elecciones y levantar sanciones\"}]},{\"@type\":\"Person\",\"@id\":\"https:\/\/www.other-news.info\/noticias\/#\/schema\/person\/dd0ead9df8654b02034c4da003b9991b\",\"name\":\"admin\",\"image\":{\"@type\":\"ImageObject\",\"@id\":\"https:\/\/www.other-news.info\/noticias\/#personlogo\",\"inLanguage\":\"es\",\"url\":\"https:\/\/secure.gravatar.com\/avatar\/e67344401a27ff9f91b2b48296aaa8fb9186ac51a3404ed4bdfbe790b6a9ee11?s=96&d=mm&r=g\",\"contentUrl\":\"https:\/\/secure.gravatar.com\/avatar\/e67344401a27ff9f91b2b48296aaa8fb9186ac51a3404ed4bdfbe790b6a9ee11?s=96&d=mm&r=g\",\"caption\":\"admin\"},\"url\":\"https:\/\/www.other-news.info\/noticias\/author\/admin\/\"}]}<\/script>\n<!-- \/ Yoast SEO plugin. -->","yoast_head_json":{"title":"La cumbre internacional sobre Venezuela pidi\u00f3 celebrar elecciones y levantar sanciones - Other News - Voz en contra de la corriente","robots":{"index":"index","follow":"follow","max-snippet":"max-snippet:-1","max-image-preview":"max-image-preview:large","max-video-preview":"max-video-preview:-1"},"canonical":"https:\/\/www.other-news.info\/noticias\/la-cumbre-internacional-sobre-venezuela-pidio-celebrar-elecciones-y-levantar-sanciones\/","og_locale":"es_ES","og_type":"article","og_title":"La cumbre internacional sobre Venezuela pidi\u00f3 celebrar elecciones y levantar sanciones - Other News - Voz en contra de la corriente","og_description":"P\u00e1gina 12- Argentina Acuerdo entre los 18 pa\u00edses asistentes a la reuni\u00f3n en Bogot\u00e1 El presidente colombiano y anfitri\u00f3n del encuentro, Gustavo Petro, remarc\u00f3 que la regi\u00f3n \"no puede ser espacio de sanciones, sino de libertades y democracia\". La conferencia internacional sobre el\u2026","og_url":"https:\/\/www.other-news.info\/noticias\/la-cumbre-internacional-sobre-venezuela-pidio-celebrar-elecciones-y-levantar-sanciones\/","og_site_name":"Other News - Voz en contra de la corriente","article_published_time":"2023-04-26T17:18:55+00:00","twitter_card":"summary_large_image","twitter_misc":{"Escrito por":"admin","Tiempo de lectura":"5 minutos"},"schema":{"@context":"https:\/\/schema.org","@graph":[{"@type":"WebSite","@id":"https:\/\/www.other-news.info\/noticias\/#website","url":"https:\/\/www.other-news.info\/noticias\/","name":"Other News - Voz en contra de la corriente","description":"Voz en contra de la corriente","potentialAction":[{"@type":"SearchAction","target":{"@type":"EntryPoint","urlTemplate":"https:\/\/www.other-news.info\/noticias\/?s={search_term_string}"},"query-input":"required name=search_term_string"}],"inLanguage":"es"},{"@type":"WebPage","@id":"https:\/\/www.other-news.info\/noticias\/la-cumbre-internacional-sobre-venezuela-pidio-celebrar-elecciones-y-levantar-sanciones\/#webpage","url":"https:\/\/www.other-news.info\/noticias\/la-cumbre-internacional-sobre-venezuela-pidio-celebrar-elecciones-y-levantar-sanciones\/","name":"La cumbre internacional sobre Venezuela pidi\u00f3 celebrar elecciones y levantar sanciones - Other News - Voz en contra de la corriente","isPartOf":{"@id":"https:\/\/www.other-news.info\/noticias\/#website"},"datePublished":"2023-04-26T17:18:55+00:00","dateModified":"2023-04-26T17:18:55+00:00","author":{"@id":"https:\/\/www.other-news.info\/noticias\/#\/schema\/person\/dd0ead9df8654b02034c4da003b9991b"},"breadcrumb":{"@id":"https:\/\/www.other-news.info\/noticias\/la-cumbre-internacional-sobre-venezuela-pidio-celebrar-elecciones-y-levantar-sanciones\/#breadcrumb"},"inLanguage":"es","potentialAction":[{"@type":"ReadAction","target":["https:\/\/www.other-news.info\/noticias\/la-cumbre-internacional-sobre-venezuela-pidio-celebrar-elecciones-y-levantar-sanciones\/"]}]},{"@type":"BreadcrumbList","@id":"https:\/\/www.other-news.info\/noticias\/la-cumbre-internacional-sobre-venezuela-pidio-celebrar-elecciones-y-levantar-sanciones\/#breadcrumb","itemListElement":[{"@type":"ListItem","position":1,"name":"Home","item":"https:\/\/www.other-news.info\/noticias\/"},{"@type":"ListItem","position":2,"name":"La cumbre internacional sobre Venezuela pidi\u00f3 celebrar elecciones y levantar sanciones"}]},{"@type":"Person","@id":"https:\/\/www.other-news.info\/noticias\/#\/schema\/person\/dd0ead9df8654b02034c4da003b9991b","name":"admin","image":{"@type":"ImageObject","@id":"https:\/\/www.other-news.info\/noticias\/#personlogo","inLanguage":"es","url":"https:\/\/secure.gravatar.com\/avatar\/e67344401a27ff9f91b2b48296aaa8fb9186ac51a3404ed4bdfbe790b6a9ee11?s=96&d=mm&r=g","contentUrl":"https:\/\/secure.gravatar.com\/avatar\/e67344401a27ff9f91b2b48296aaa8fb9186ac51a3404ed4bdfbe790b6a9ee11?s=96&d=mm&r=g","caption":"admin"},"url":"https:\/\/www.other-news.info\/noticias\/author\/admin\/"}]}},"_links":{"self":[{"href":"https:\/\/www.other-news.info\/noticias\/wp-json\/wp\/v2\/posts\/22327","targetHints":{"allow":["GET"]}}],"collection":[{"href":"https:\/\/www.other-news.info\/noticias\/wp-json\/wp\/v2\/posts"}],"about":[{"href":"https:\/\/www.other-news.info\/noticias\/wp-json\/wp\/v2\/types\/post"}],"author":[{"embeddable":true,"href":"https:\/\/www.other-news.info\/noticias\/wp-json\/wp\/v2\/users\/2"}],"replies":[{"embeddable":true,"href":"https:\/\/www.other-news.info\/noticias\/wp-json\/wp\/v2\/comments?post=22327"}],"version-history":[{"count":1,"href":"https:\/\/www.other-news.info\/noticias\/wp-json\/wp\/v2\/posts\/22327\/revisions"}],"predecessor-version":[{"id":22328,"href":"https:\/\/www.other-news.info\/noticias\/wp-json\/wp\/v2\/posts\/22327\/revisions\/22328"}],"wp:attachment":[{"href":"https:\/\/www.other-news.info\/noticias\/wp-json\/wp\/v2\/media?parent=22327"}],"wp:term":[{"taxonomy":"category","embeddable":true,"href":"https:\/\/www.other-news.info\/noticias\/wp-json\/wp\/v2\/categories?post=22327"},{"taxonomy":"post_tag","embeddable":true,"href":"https:\/\/www.other-news.info\/noticias\/wp-json\/wp\/v2\/tags?post=22327"}],"curies":[{"name":"wp","href":"https:\/\/api.w.org\/{rel}","templated":true}]}}