{"id":22329,"date":"2023-04-26T19:21:02","date_gmt":"2023-04-26T17:21:02","guid":{"rendered":"https:\/\/www.other-news.info\/noticias\/?p=22329"},"modified":"2023-04-26T19:21:03","modified_gmt":"2023-04-26T17:21:03","slug":"netanyahu-paga-en-las-encuestas-y-en-la-economia-el-intento-de-asalto-judicial-en-israel","status":"publish","type":"post","link":"https:\/\/www.other-news.info\/noticias\/netanyahu-paga-en-las-encuestas-y-en-la-economia-el-intento-de-asalto-judicial-en-israel\/","title":{"rendered":"Netanyahu paga en las encuestas y en la econom\u00eda el intento de asalto judicial en Israel"},"content":{"rendered":"\n<p class=\"wp-block-paragraph\"><a href=\"https:\/\/www.eldiario.es\/autores\/ana_garralda\/\">Ana Garralda<\/a> \u2013 ElDiario.es<\/p>\n\n\n\n<p class=\"wp-block-paragraph\">Aumentan los temores por el impacto econ\u00f3mico de la reforma judicial mientras un 60% de la poblaci\u00f3n dice no sentirse representado por el Gobierno<\/p>\n\n\n\n<p class=\"wp-block-paragraph\"><em><a href=\"https:\/\/www.eldiario.es\/internacional\/jerusalen-tel-aviv-amman-beirut-gobierno-ultraderechista-israel-inflama-oriente-medio_1_10121108.html\">De Jerusal\u00e9n a Tel Aviv, Amm\u00e1n y Beirut: el Gobierno ultraderechista de Israel inflama Oriente Medio<\/a><\/em><em><\/em><\/p>\n\n\n\n<p class=\"wp-block-paragraph\">La semana pasada, decenas de miles de israel\u00edes volvieron a salir a las calles de Tel Aviv y de varias ciudades del pa\u00eds por decimosexto s\u00e1bado consecutivo para unirse a las protestas m\u00e1s multitudinarias que se viven en Israel desde el verano de 2011. Entonces, centenares de miles de los llamados&nbsp;indignados&nbsp;exigieron durante semanas m\u00e1s \u201cjusticia social\u201d tras el desmesurado aumento del coste de la vida, especialmente de la vivienda, que contin\u00faa siendo un derecho inalcanzable para muchos ciudadanos, sobre todo para los&nbsp;telavivim o&nbsp;residentes de Tel Aviv, la tercera ciudad m\u00e1s cara del mundo \u2013solo por detr\u00e1s de Nueva York o Singapur\u2013, seg\u00fan el \u00faltimo \u00edndice mundial del&nbsp;<a href=\"https:\/\/www.eiu.com\/n\/campaigns\/worldwide-cost-of-living-2022\/\" target=\"_blank\" rel=\"noreferrer noopener\">coste de la vida&nbsp;publicado por&nbsp;The Economist<\/a>.<\/p>\n\n\n\n<p class=\"wp-block-paragraph\">Casi 12 a\u00f1os despu\u00e9s de aquellas manifestaciones m\u00e1s prometedoras que fructuosas que propiciaron el nacimiento de partidos como Hay Futuro&nbsp;(Yesh Atid, en hebreo) y cuyo l\u00edder, Yair Lapid, lleg\u00f3 a ser primer ministro meses antes de las \u00faltimas elecciones \u2013las quintas desde 2019\u2013, Tel Aviv vuelve a ser el epicentro de un malestar social esta vez agravado por lo que los israel\u00edes consideran la \u00faltima amenaza existencial para su democracia: la reforma del poder judicial.<\/p>\n\n\n\n<p class=\"wp-block-paragraph\">Impulsada el pasado mes de enero desde el Ejecutivo ultranacionalista de Benjamin Netanyahu, la enmienda permitir\u00eda limitar la capacidad de la Corte Suprema para revocar las decisiones tomadas por el legislativo y el ejecutivo debilitando&nbsp;de facto&nbsp;la separaci\u00f3n de poderes del Estado.<\/p>\n\n\n\n<p class=\"wp-block-paragraph\">\u201cAl seguir con el&nbsp;golpe judicial, el Gobierno est\u00e1 abriendo una grieta m\u00e1s profunda dentro de la sociedad israel\u00ed, da\u00f1ando la econom\u00eda y la seguridad de Israel\u201d, afirmaron el s\u00e1bado los organizadores de las protestas, que no ceden despu\u00e9s de m\u00e1s de cuatro meses y a pesar del anuncio realizado por el primer ministro a finales de marzo de congelar, a instancias del presidente de Israel, Isaac Herzog, y hasta despu\u00e9s de la Pascua jud\u00eda, la tramitaci\u00f3n de la ley&nbsp;<a href=\"https:\/\/www.eldiario.es\/internacional\/theguardian\/netanyahu-acorralado-prepara-suspender-asalto-justicia-ola-protestas-israel_1_10069314.html\">para buscar una propuesta consensuada con la oposici\u00f3n<\/a>.&nbsp;<\/p>\n\n\n\n<p class=\"wp-block-paragraph\">\u201cEl riesgo es que si las negociaciones en curso no dan sus frutos y el Gobierno decide seguir adelante, las agencias calificadoras podr\u00edan incluso rebajar la calificaci\u00f3n crediticia a negativa\u201d, se\u00f1al\u00f3 el pasado jueves la exgobernadora del Banco de Israel Karnit Flug tras conocerse el \u00faltimo informe de la agencia de&nbsp;calificaci\u00f3n de riesgo&nbsp;Moody&#8217;s, en el que la entidad norteamericana ya rebaj\u00f3&nbsp;la perspectiva del pa\u00eds de positiva&nbsp;a&nbsp;\u201cestable\u201d.&nbsp;<\/p>\n\n\n\n<p class=\"wp-block-paragraph\"><em>Consecuencias catastr\u00f3ficas<\/em><\/p>\n\n\n\n<p class=\"wp-block-paragraph\">\u201cLa forma en que el Ejecutivo ha intentado implementar una reforma de gran alcance&nbsp;sin buscar un amplio consenso&nbsp;apunta a un debilitamiento de la fortaleza institucional y la previsibilidad de las pol\u00edticas\u201d, advirtieron los analistas de la agencia en un comunicado.&nbsp;<\/p>\n\n\n\n<p class=\"wp-block-paragraph\">Y un debilitamiento no solo institucional, porque tras conocerse el \u00faltimo informe de Moody&#8217;s, el&nbsp;sh\u00e9quel israel\u00ed&nbsp;cotiz\u00f3 a 3,66 por d\u00f3lar y 4 por euro. Es m\u00e1s, a largo plazo la agencia de calificaci\u00f3n advierte sobre \u201clos riesgos para las perspectivas econ\u00f3micas de Israel, en particular las entradas de capital en el sector de alta tecnolog\u00eda\u201d, que supone el principal motor de crecimiento econ\u00f3mico del pa\u00eds, aportando el 49% de las exportaciones totales y generando alrededor del 15% del PIB en 2022.<\/p>\n\n\n\n<p class=\"wp-block-paragraph\">Adem\u00e1s, a principios de mes,&nbsp;la OCDE apunt\u00f3 a una moderaci\u00f3n en la tasa de crecimiento econ\u00f3mico se\u00f1alando que los riesgos tambi\u00e9n est\u00e1n \u201crelacionados con la alta incertidumbre global y nacional\u201d.&nbsp;La organizaci\u00f3n prev\u00e9 una desaceleraci\u00f3n del PIB de Israel, que pasar\u00eda de una tasa del 6,4% el a\u00f1o pasado a un 3% en 2023 y a un 3,4% en 2024.<\/p>\n\n\n\n<p class=\"wp-block-paragraph\">Unas perspectivas menos halag\u00fce\u00f1as que en a\u00f1os anteriores y que podr\u00edan verse agravadas si la agencia Moody&#8217;s acaba rebajando la calificaci\u00f3n crediticia a negativa. \u201cEsto implicar\u00eda mayores costes de endeudamiento tanto para el Gobierno israel\u00ed como para el sector privado.&nbsp;El Gobierno tendr\u00eda que gastar m\u00e1s en el servicio de deuda, aumentar los impuestos o gastar menos en servicios sociales como educaci\u00f3n, salud o inversi\u00f3n en infraestructura, lo que perjudicar\u00e1 a todos y cada uno de los ciudadanos\u201d, observ\u00f3 la&nbsp;exgobernadora del Banco de Israel Karnit Flug, quien recomienda al Gobierno de Benjam\u00edn Netanyahu \u201cleer el informe de Moody&#8217;s con m\u00e1s prudencia y tomarlo como una advertencia\u201d.&nbsp;<\/p>\n\n\n\n<p class=\"wp-block-paragraph\">Por el momento, desde el ala m\u00e1s ultraderechista del Ejecutivo hacen o\u00eddos sordos. El ministro de Finanzas, Bezalel Smotrich, lleg\u00f3 a afirmar que la decisi\u00f3n de la agencia norteamericana de recortar la perspectiva de la calificaci\u00f3n crediticia de Israel \u201cno era un gran drama\u201d y reiter\u00f3 su postura: el plan del Gobierno para reformar el poder judicial ayudar\u00e1 a la econom\u00eda.<\/p>\n\n\n\n<p class=\"wp-block-paragraph\">\u201cLo que m\u00e1s me preocupa de la situaci\u00f3n actual es que el ministro de Hacienda no est\u00e9&nbsp;preocupado\u201d, apunt\u00f3&nbsp;Karnit Flug: \u201cCreo que esa reacci\u00f3n muestra que no se ha internalizado el riesgo para la econom\u00eda derivado del avance de la reforma judicial si no se llega a un acuerdo amplio\u201d.&nbsp;<\/p>\n\n\n\n<p class=\"wp-block-paragraph\"><em>Netanyahu cae en las encuestas<\/em><\/p>\n\n\n\n<p class=\"wp-block-paragraph\">Mientras Gobierno y oposici\u00f3n contin\u00faan las negociaciones para alcanzar dicho consenso, la pretendida reforma judicial ya le est\u00e1 costando a Netanyahu su desplome en las encuestas. Seg\u00fan el \u00faltimo sondeo de la emisora p\u00fablica Kan, un 60% de los ciudadanos israel\u00edes afirma no sentirse representado por el Ejecutivo actual, mientras que un 53% cree que la reforma judicial es perjudicial para el pa\u00eds.&nbsp;<\/p>\n\n\n\n<p class=\"wp-block-paragraph\">En otra encuesta publicada por el diario&nbsp;Maariv,&nbsp;la actual&nbsp;coalici\u00f3n gubernamental, liderada por Benjam\u00edn Netanyahu y formada por una amalgama de partidos de extrema derecha y ultraortodoxos, no revalidar\u00eda el Gobierno si hoy se volvieran a celebrar elecciones, sumando solo 47 esca\u00f1os frente a los 64 que tiene actualmente en una Kn\u00e9set o Parlamento de 120 diputados. Asimismo, su partido, el Likud, tampoco ser\u00eda esta vez el m\u00e1s votado, logrando \u00fanicamente 26 esca\u00f1os frente a los 32 con los que cuenta en la actualidad. Hasta podr\u00eda ser sobrepasado por el partido de centro derecha Unidad Nacional, liderado por el exministro de Defensa Benny Gantz.&nbsp;<\/p>\n\n\n\n<p class=\"wp-block-paragraph\">Por otro lado, las formaciones que integran el bloque opositor aglutinar\u00edan 68 diputados, una mayor\u00eda suficiente para gobernar, con&nbsp;Gantz al frente. Desde que el exgeneral decidiese dar el salto a la pol\u00edtica en 2018, se ha ido consolidando progresivamente como una figura moderada&nbsp;y de centro capaz de lograr apoyos en ambos lados de un arco pol\u00edtico cada vez m\u00e1s polarizado.<\/p>\n","protected":false},"excerpt":{"rendered":"<p>Ana Garralda \u2013 ElDiario.es Aumentan los temores por el impacto econ\u00f3mico de la reforma judicial mientras un 60% de la poblaci\u00f3n dice no sentirse representado por el Gobierno De Jerusal\u00e9n a Tel Aviv, Amm\u00e1n y Beirut: el Gobierno ultraderechista de Israel inflama Oriente Medio La\u2026<\/p>\n","protected":false},"author":2,"featured_media":0,"comment_status":"closed","ping_status":"open","sticky":false,"template":"","format":"standard","meta":{"footnotes":""},"categories":[1],"tags":[],"class_list":["post-22329","post","type-post","status-publish","format-standard","hentry","category-other-news"],"yoast_head":"<!-- This site is optimized with the Yoast SEO plugin v16.7 - https:\/\/yoast.com\/wordpress\/plugins\/seo\/ -->\n<title>Netanyahu paga en las encuestas y en la econom\u00eda el intento de asalto judicial en Israel - Other News - Voz en contra de la corriente<\/title>\n<meta name=\"robots\" content=\"index, follow, max-snippet:-1, max-image-preview:large, max-video-preview:-1\" \/>\n<link rel=\"canonical\" href=\"https:\/\/www.other-news.info\/noticias\/netanyahu-paga-en-las-encuestas-y-en-la-economia-el-intento-de-asalto-judicial-en-israel\/\" \/>\n<meta property=\"og:locale\" content=\"es_ES\" \/>\n<meta property=\"og:type\" content=\"article\" \/>\n<meta property=\"og:title\" content=\"Netanyahu paga en las encuestas y en la econom\u00eda el intento de asalto judicial en Israel - Other News - Voz en contra de la corriente\" \/>\n<meta property=\"og:description\" content=\"Ana Garralda \u2013 ElDiario.es Aumentan los temores por el impacto econ\u00f3mico de la reforma judicial mientras un 60% de la poblaci\u00f3n dice no sentirse representado por el Gobierno De Jerusal\u00e9n a Tel Aviv, Amm\u00e1n y Beirut: el Gobierno ultraderechista de Israel inflama Oriente Medio La\u2026\" \/>\n<meta property=\"og:url\" content=\"https:\/\/www.other-news.info\/noticias\/netanyahu-paga-en-las-encuestas-y-en-la-economia-el-intento-de-asalto-judicial-en-israel\/\" \/>\n<meta property=\"og:site_name\" content=\"Other News - Voz en contra de la corriente\" \/>\n<meta property=\"article:published_time\" content=\"2023-04-26T17:21:02+00:00\" \/>\n<meta property=\"article:modified_time\" content=\"2023-04-26T17:21:03+00:00\" \/>\n<meta name=\"twitter:card\" content=\"summary_large_image\" \/>\n<meta name=\"twitter:label1\" content=\"Escrito por\" \/>\n\t<meta name=\"twitter:data1\" content=\"admin\" \/>\n\t<meta name=\"twitter:label2\" content=\"Tiempo de lectura\" \/>\n\t<meta name=\"twitter:data2\" content=\"6 minutos\" \/>\n<script type=\"application\/ld+json\" class=\"yoast-schema-graph\">{\"@context\":\"https:\/\/schema.org\",\"@graph\":[{\"@type\":\"WebSite\",\"@id\":\"https:\/\/www.other-news.info\/noticias\/#website\",\"url\":\"https:\/\/www.other-news.info\/noticias\/\",\"name\":\"Other News - Voz en contra de la corriente\",\"description\":\"Voz en contra de la corriente\",\"potentialAction\":[{\"@type\":\"SearchAction\",\"target\":{\"@type\":\"EntryPoint\",\"urlTemplate\":\"https:\/\/www.other-news.info\/noticias\/?s={search_term_string}\"},\"query-input\":\"required name=search_term_string\"}],\"inLanguage\":\"es\"},{\"@type\":\"WebPage\",\"@id\":\"https:\/\/www.other-news.info\/noticias\/netanyahu-paga-en-las-encuestas-y-en-la-economia-el-intento-de-asalto-judicial-en-israel\/#webpage\",\"url\":\"https:\/\/www.other-news.info\/noticias\/netanyahu-paga-en-las-encuestas-y-en-la-economia-el-intento-de-asalto-judicial-en-israel\/\",\"name\":\"Netanyahu paga en las encuestas y en la econom\\u00eda el intento de asalto judicial en Israel - Other News - Voz en contra de la corriente\",\"isPartOf\":{\"@id\":\"https:\/\/www.other-news.info\/noticias\/#website\"},\"datePublished\":\"2023-04-26T17:21:02+00:00\",\"dateModified\":\"2023-04-26T17:21:03+00:00\",\"author\":{\"@id\":\"https:\/\/www.other-news.info\/noticias\/#\/schema\/person\/dd0ead9df8654b02034c4da003b9991b\"},\"breadcrumb\":{\"@id\":\"https:\/\/www.other-news.info\/noticias\/netanyahu-paga-en-las-encuestas-y-en-la-economia-el-intento-de-asalto-judicial-en-israel\/#breadcrumb\"},\"inLanguage\":\"es\",\"potentialAction\":[{\"@type\":\"ReadAction\",\"target\":[\"https:\/\/www.other-news.info\/noticias\/netanyahu-paga-en-las-encuestas-y-en-la-economia-el-intento-de-asalto-judicial-en-israel\/\"]}]},{\"@type\":\"BreadcrumbList\",\"@id\":\"https:\/\/www.other-news.info\/noticias\/netanyahu-paga-en-las-encuestas-y-en-la-economia-el-intento-de-asalto-judicial-en-israel\/#breadcrumb\",\"itemListElement\":[{\"@type\":\"ListItem\",\"position\":1,\"name\":\"Home\",\"item\":\"https:\/\/www.other-news.info\/noticias\/\"},{\"@type\":\"ListItem\",\"position\":2,\"name\":\"Netanyahu paga en las encuestas y en la econom\\u00eda el intento de asalto judicial en Israel\"}]},{\"@type\":\"Person\",\"@id\":\"https:\/\/www.other-news.info\/noticias\/#\/schema\/person\/dd0ead9df8654b02034c4da003b9991b\",\"name\":\"admin\",\"image\":{\"@type\":\"ImageObject\",\"@id\":\"https:\/\/www.other-news.info\/noticias\/#personlogo\",\"inLanguage\":\"es\",\"url\":\"https:\/\/secure.gravatar.com\/avatar\/e67344401a27ff9f91b2b48296aaa8fb9186ac51a3404ed4bdfbe790b6a9ee11?s=96&d=mm&r=g\",\"contentUrl\":\"https:\/\/secure.gravatar.com\/avatar\/e67344401a27ff9f91b2b48296aaa8fb9186ac51a3404ed4bdfbe790b6a9ee11?s=96&d=mm&r=g\",\"caption\":\"admin\"},\"url\":\"https:\/\/www.other-news.info\/noticias\/author\/admin\/\"}]}<\/script>\n<!-- \/ Yoast SEO plugin. -->","yoast_head_json":{"title":"Netanyahu paga en las encuestas y en la econom\u00eda el intento de asalto judicial en Israel - Other News - Voz en contra de la corriente","robots":{"index":"index","follow":"follow","max-snippet":"max-snippet:-1","max-image-preview":"max-image-preview:large","max-video-preview":"max-video-preview:-1"},"canonical":"https:\/\/www.other-news.info\/noticias\/netanyahu-paga-en-las-encuestas-y-en-la-economia-el-intento-de-asalto-judicial-en-israel\/","og_locale":"es_ES","og_type":"article","og_title":"Netanyahu paga en las encuestas y en la econom\u00eda el intento de asalto judicial en Israel - Other News - Voz en contra de la corriente","og_description":"Ana Garralda \u2013 ElDiario.es Aumentan los temores por el impacto econ\u00f3mico de la reforma judicial mientras un 60% de la poblaci\u00f3n dice no sentirse representado por el Gobierno De Jerusal\u00e9n a Tel Aviv, Amm\u00e1n y Beirut: el Gobierno ultraderechista de Israel inflama Oriente Medio La\u2026","og_url":"https:\/\/www.other-news.info\/noticias\/netanyahu-paga-en-las-encuestas-y-en-la-economia-el-intento-de-asalto-judicial-en-israel\/","og_site_name":"Other News - Voz en contra de la corriente","article_published_time":"2023-04-26T17:21:02+00:00","article_modified_time":"2023-04-26T17:21:03+00:00","twitter_card":"summary_large_image","twitter_misc":{"Escrito por":"admin","Tiempo de lectura":"6 minutos"},"schema":{"@context":"https:\/\/schema.org","@graph":[{"@type":"WebSite","@id":"https:\/\/www.other-news.info\/noticias\/#website","url":"https:\/\/www.other-news.info\/noticias\/","name":"Other News - Voz en contra de la corriente","description":"Voz en contra de la corriente","potentialAction":[{"@type":"SearchAction","target":{"@type":"EntryPoint","urlTemplate":"https:\/\/www.other-news.info\/noticias\/?s={search_term_string}"},"query-input":"required name=search_term_string"}],"inLanguage":"es"},{"@type":"WebPage","@id":"https:\/\/www.other-news.info\/noticias\/netanyahu-paga-en-las-encuestas-y-en-la-economia-el-intento-de-asalto-judicial-en-israel\/#webpage","url":"https:\/\/www.other-news.info\/noticias\/netanyahu-paga-en-las-encuestas-y-en-la-economia-el-intento-de-asalto-judicial-en-israel\/","name":"Netanyahu paga en las encuestas y en la econom\u00eda el intento de asalto judicial en Israel - Other News - Voz en contra de la corriente","isPartOf":{"@id":"https:\/\/www.other-news.info\/noticias\/#website"},"datePublished":"2023-04-26T17:21:02+00:00","dateModified":"2023-04-26T17:21:03+00:00","author":{"@id":"https:\/\/www.other-news.info\/noticias\/#\/schema\/person\/dd0ead9df8654b02034c4da003b9991b"},"breadcrumb":{"@id":"https:\/\/www.other-news.info\/noticias\/netanyahu-paga-en-las-encuestas-y-en-la-economia-el-intento-de-asalto-judicial-en-israel\/#breadcrumb"},"inLanguage":"es","potentialAction":[{"@type":"ReadAction","target":["https:\/\/www.other-news.info\/noticias\/netanyahu-paga-en-las-encuestas-y-en-la-economia-el-intento-de-asalto-judicial-en-israel\/"]}]},{"@type":"BreadcrumbList","@id":"https:\/\/www.other-news.info\/noticias\/netanyahu-paga-en-las-encuestas-y-en-la-economia-el-intento-de-asalto-judicial-en-israel\/#breadcrumb","itemListElement":[{"@type":"ListItem","position":1,"name":"Home","item":"https:\/\/www.other-news.info\/noticias\/"},{"@type":"ListItem","position":2,"name":"Netanyahu paga en las encuestas y en la econom\u00eda el intento de asalto judicial en Israel"}]},{"@type":"Person","@id":"https:\/\/www.other-news.info\/noticias\/#\/schema\/person\/dd0ead9df8654b02034c4da003b9991b","name":"admin","image":{"@type":"ImageObject","@id":"https:\/\/www.other-news.info\/noticias\/#personlogo","inLanguage":"es","url":"https:\/\/secure.gravatar.com\/avatar\/e67344401a27ff9f91b2b48296aaa8fb9186ac51a3404ed4bdfbe790b6a9ee11?s=96&d=mm&r=g","contentUrl":"https:\/\/secure.gravatar.com\/avatar\/e67344401a27ff9f91b2b48296aaa8fb9186ac51a3404ed4bdfbe790b6a9ee11?s=96&d=mm&r=g","caption":"admin"},"url":"https:\/\/www.other-news.info\/noticias\/author\/admin\/"}]}},"_links":{"self":[{"href":"https:\/\/www.other-news.info\/noticias\/wp-json\/wp\/v2\/posts\/22329","targetHints":{"allow":["GET"]}}],"collection":[{"href":"https:\/\/www.other-news.info\/noticias\/wp-json\/wp\/v2\/posts"}],"about":[{"href":"https:\/\/www.other-news.info\/noticias\/wp-json\/wp\/v2\/types\/post"}],"author":[{"embeddable":true,"href":"https:\/\/www.other-news.info\/noticias\/wp-json\/wp\/v2\/users\/2"}],"replies":[{"embeddable":true,"href":"https:\/\/www.other-news.info\/noticias\/wp-json\/wp\/v2\/comments?post=22329"}],"version-history":[{"count":1,"href":"https:\/\/www.other-news.info\/noticias\/wp-json\/wp\/v2\/posts\/22329\/revisions"}],"predecessor-version":[{"id":22330,"href":"https:\/\/www.other-news.info\/noticias\/wp-json\/wp\/v2\/posts\/22329\/revisions\/22330"}],"wp:attachment":[{"href":"https:\/\/www.other-news.info\/noticias\/wp-json\/wp\/v2\/media?parent=22329"}],"wp:term":[{"taxonomy":"category","embeddable":true,"href":"https:\/\/www.other-news.info\/noticias\/wp-json\/wp\/v2\/categories?post=22329"},{"taxonomy":"post_tag","embeddable":true,"href":"https:\/\/www.other-news.info\/noticias\/wp-json\/wp\/v2\/tags?post=22329"}],"curies":[{"name":"wp","href":"https:\/\/api.w.org\/{rel}","templated":true}]}}