{"id":22331,"date":"2023-04-27T18:46:27","date_gmt":"2023-04-27T16:46:27","guid":{"rendered":"https:\/\/www.other-news.info\/noticias\/?p=22331"},"modified":"2023-04-27T18:46:28","modified_gmt":"2023-04-27T16:46:28","slug":"samos-el-modelo-penitenciario-de-la-acogida-europea","status":"publish","type":"post","link":"https:\/\/www.other-news.info\/noticias\/samos-el-modelo-penitenciario-de-la-acogida-europea\/","title":{"rendered":"Samos: el modelo penitenciario de la acogida europea"},"content":{"rendered":"\n<p class=\"wp-block-paragraph\"><a href=\"https:\/\/www.elsaltodiario.com\/autor\/irene-redondo\">Irene Redondo<\/a> \u2013 El Salto<\/p>\n\n\n\n<p class=\"wp-block-paragraph\"> <em>Se cumplen dos a\u00f1os de la inauguraci\u00f3n del campo de Samos, el primer centro cerrado de acceso controlado para la acogida de personas refugiadas en Grecia.<\/em><\/p>\n\n\n\n<p class=\"wp-block-paragraph\">En un contexto internacional marcado por la guerra en Sud\u00e1n, los terremotos en Siria y Turqu\u00eda y el ascenso al poder de los talibanes en Afganist\u00e1n, la Uni\u00f3n Europea mantiene su l\u00f3gica de fortificaci\u00f3n de fronteras. Las personas desplazadas en busca de seguridad y protecci\u00f3n, se encuentran de frente con una Europa de vallas de acero, concertinas, tecnolog\u00eda b\u00e9lica, devoluciones en caliente y campos cerrados.<\/p>\n\n\n\n<p class=\"wp-block-paragraph\">Entre las \u00faltimas medidas, el gobierno griego acaba de solicitar fondos europeos para extender la valla en la frontera terrestre con Turqu\u00eda, que ya cuenta con 40 kil\u00f3metros de largo y 5 metros de alto, a orillas del r\u00edo Evros. Grecia tambi\u00e9n ha aumentado en 50 barcos la flota de la Guardia Costera Hel\u00e9nica, a pesar de que el Oficial de Derechos Fundamentales de Frontex (FDO), Jonas Grimheden, admitiera en&nbsp;<a href=\"https:\/\/www.nytimes.com\/2023\/02\/14\/world\/europe\/eu-greece-border-abuses.html\">documentos internos<\/a>&nbsp;\u201cabusos por parte de los guardias fronterizos griegos, incluido el hecho de empujar violentamente a los solicitantes de asilo de vuelta a Turqu\u00eda y separar a los ni\u00f1os inmigrantes de sus padres\u201d.<\/p>\n\n\n\n<p class=\"wp-block-paragraph\"><em>La Comisi\u00f3n Europea ha financiado con 276 millones de euros la construcci\u00f3n de cinco centros de acceso cerrado en las islas griegas a las que llegan las personas para solicitar asilo<\/em><\/p>\n\n\n\n<p class=\"wp-block-paragraph\">En esta l\u00ednea agresiva de pol\u00edticas migratorias, la Comisi\u00f3n Europea ha financiado con 276 millones de euros la construcci\u00f3n de cinco centros de acceso cerrado en las islas griegas a las que llegan las personas para solicitar asilo. En la actualidad, dos campamentos est\u00e1n ya operativos en Leros y Kos, mientras que otros dos est\u00e1n en construcci\u00f3n y ser\u00e1n inaugurados este a\u00f1o en Chios y Lesbos. El quinto, el campo de Samos, lleva m\u00e1s de dos a\u00f1os en funcionamiento y aloja actualmente a m\u00e1s de 900 residentes.<\/p>\n\n\n\n<p class=\"wp-block-paragraph\">Desde 2015, Grecia se ha convertido en el terreno de ensayo para otros estados de la UE en gesti\u00f3n migratoria y fronteras. El ministro franc\u00e9s del Interior, Gerald Darmanin,&nbsp;<a href=\"https:\/\/www.youtube.com\/watch?v=nFCJrdegDVA&amp;ab_channel=FRANCE24Espa%C3%B1ol\">defini\u00f3 el campo cerrado de Samos<\/a>&nbsp;como \u201cel modelo europeo\u201d para la acogida de las personas solicitantes de protecci\u00f3n internacional.<\/p>\n\n\n\n<p class=\"wp-block-paragraph\"><em>M\u00e1s de dos a\u00f1os entre concertinas y videovigilancia 24 horas<\/em><\/p>\n\n\n\n<p class=\"wp-block-paragraph\">La isla de Samos, a tan solo dos kil\u00f3metros de la costa turca, inauguraba en 2021 el primer Centro Cerrado de Acceso Controlado para personas solicitantes de asilo. Un complejo aislado entre monta\u00f1as, a 8 kil\u00f3metros en pendiente de la ciudad m\u00e1s cercana.<\/p>\n\n\n\n<p class=\"wp-block-paragraph\">En este campo, m\u00e1s parecido a unas instalaciones carcelarias que a un espacio de acogida, residen desde hace m\u00e1s de cinco meses Samah y Hasan.<\/p>\n\n\n\n<p class=\"wp-block-paragraph\">Samah, de 33 a\u00f1os, huy\u00f3 de la guerra y el hambre en Gaza, y as\u00ed recuerda su llegada: \u201cSab\u00edamos que hab\u00eda un campo, pero no que fuera una prisi\u00f3n. Cuando vi c\u00f3mo era realmente fue muy impactante: las c\u00e1maras, las verjas, el alambre de espino, tanta polic\u00eda\u2026, pero la primera cosa que me impresion\u00f3 fue que al llegar ni siquiera nos permitieran hablar\u201d.<\/p>\n\n\n\n<p class=\"wp-block-paragraph\">Las medidas de vigilancia y control, centradas en la contenci\u00f3n y el aislamiento, resultan desproporcionadas para sus habitantes. El per\u00edmetro del campo est\u00e1 acotado con una doble valla de grado militar. Para salir o ingresar es necesario atravesar una entrada de puertas met\u00e1licas, rayos x y registro biom\u00e9trico, custodiada por polic\u00eda y seguridad privada. Tambi\u00e9n hay que estar identificado con una acreditaci\u00f3n que se renueva semanalmente: \u201cCada d\u00eda registras la huella dactilar al menos cuatro veces, si no lo haces, te llaman por microfon\u00eda o te la toman en la habitaci\u00f3n para asegurarse de que est\u00e1s dentro [&#8230;] Cuando llegu\u00e9 al campo tardaron 25 d\u00edas en facilitarme la tarjeta de identificaci\u00f3n y no pod\u00eda salir, es decir, estuve 25 d\u00edas detenida sin haber cometido ning\u00fan delito\u201d.<\/p>\n\n\n\n<p class=\"wp-block-paragraph\"><em>\u201cCuando llegu\u00e9 al campo tardaron 25 d\u00edas en facilitarme la tarjeta de identificaci\u00f3n y no pod\u00eda salir, es decir, estuve 25 d\u00edas detenida sin haber cometido ning\u00fan delito\u201d<\/em><\/p>\n\n\n\n<p class=\"wp-block-paragraph\">Hasan tiene 20 a\u00f1os y lleva en movimiento desde que un bombardeo destroz\u00f3 su casa y forz\u00f3 a su familia a abandonar Siria. \u201cHay toque de queda a las 9 de la noche, si llegas un minuto tarde, porque por ejemplo se ha alargado tu cita con el abogado, te dejan durmiendo en la puerta, aunque sea invierno. Adem\u00e1s, si no duermes dentro del campo te amenazan con dificultarte el proceso de asilo\u201d y contin\u00faa, \u201csi no tienes la identificaci\u00f3n correspondiente, no puedes dejar el campo y en ese momento se convierte en una verdadera prisi\u00f3n, mi compa\u00f1ero de habitaci\u00f3n estuvo en esta situaci\u00f3n por ocho meses\u201d.<\/p>\n\n\n\n<p class=\"wp-block-paragraph\">El campo cuenta con un sistema de videovigilancia 24 horas en todo el \u00e1rea. Algunas de estas c\u00e1maras est\u00e1n posicionadas para filmar dentro de los contenedores donde residen los habitantes del campo. \u201cHay c\u00e1maras por todos lados, sentir que hay alguien mir\u00e1ndote en todo momento es aterrador, nunca descansas de la mirada ajena\u201d, dice Samah y a\u00f1ade \u201cla privacidad en el campo es un gran problema, comparto contenedor con un hombre que no conozco. No hay llaves ni forma alguna de cerrar la puerta. A la hora de cambiarme de ropa o de dormir paso mucho miedo, cualquier persona, incluso la polic\u00eda, puede entrar en todo momento\u201d.<\/p>\n\n\n\n<p class=\"wp-block-paragraph\">El gobierno presume de que estos nuevos campos est\u00e1n mejor equipados que los anteriores, pero Samah lo desmiente: \u201cno tenemos productos de limpieza o higiene, ni siquiera los productos que necesitamos las mujeres, y esto es humillante, me produce mucho sufrimiento\u201d y sigue: \u201ces verdad que tenemos cocinas, pero no \u00fatiles para poder cocinar [&#8230;] no nos dejan introducir nada que pueda pinchar o cortar. Para poder guisar, las mujeres cortamos la cebolla con los dientes\u201d.<\/p>\n\n\n\n<p class=\"wp-block-paragraph\">Tambi\u00e9n se relatan frecuentes cortes o escasez de electricidad, agua e internet. Hasan se angustia cuando expresa: \u201cla comunicaci\u00f3n con nuestras familias depende de la conexi\u00f3n que nos ofrece el campo, es la \u00fanica forma que tengo de decirle a mi madre que su hijo sigue vivo\u201d. La conexi\u00f3n entre el campo y la ciudad depende de un autob\u00fas, de apenas 40 plazas, que pasa por \u00faltima vez a las 6 de la tarde, \u201csi pierdes el \u00faltimo autob\u00fas, tienes que andar monta\u00f1a arriba durante 8 kil\u00f3metros por una carretera muy estrecha, sin arc\u00e9n, a oscuras. Esto es muy peligroso, especialmente para las mujeres\u201d dice Samah.<\/p>\n\n\n\n<p class=\"wp-block-paragraph\"><em>\u201cNo quieren que nadie vea lo que nos hacen, c\u00f3mo nos obligan a vivir, la comida que nos dan o c\u00f3mo nos pegan. Si estuvi\u00e9ramos cerca la gente no dejar\u00eda que esto sucediera\u201d<\/em><\/p>\n\n\n\n<p class=\"wp-block-paragraph\">La posibilidad de integraci\u00f3n o el acceso a servicios b\u00e1sicos como conseguir un tratamiento para enfermedades cr\u00f3nicas o una asesor\u00eda jur\u00eddica previa a la entrevista de asilo, se convierten en verdaderos desaf\u00edos. Hasan explica este aislamiento y distancia: \u201cNo quieren que nadie vea lo que nos hacen, c\u00f3mo nos obligan a vivir, la comida que nos dan o c\u00f3mo nos pegan. Si estuvi\u00e9ramos cerca estoy seguro de que esto no ocurrir\u00eda, la gente no dejar\u00eda que esto sucediera\u201d.<\/p>\n\n\n\n<p class=\"wp-block-paragraph\">\u201cNo quieren que la gente pobre vengamos a Europa, para llegar aqu\u00ed ponemos nuestra vida y la de nuestros hijos en peligro, nos intentan matar en el agua, solo algunos sobreviven. Los que lo hacemos hemos visto a muchos morir en el camino\u201d termina Samah. Muchas de las personas que residen en el campo de Samos son personas que han sobrevivido a la guerra, a la tortura, a la trata o a situaciones extremas de violencia, en sus pa\u00edses de origen o durante la ruta migratoria, y ahora son obligados a permanecer en unas instalaciones en las que reviven experiencias traum\u00e1ticas<\/p>\n\n\n\n<p class=\"wp-block-paragraph\"><em>Vulneraci\u00f3n de derechos en los campos cerrados<\/em><\/p>\n\n\n\n<p class=\"wp-block-paragraph\">La organizaci\u00f3n&nbsp;<a href=\"http:\/\/kairos-wpv.org\/\">Kairos<\/a>, centrada en el estudio de la arquitectura de estos campos como dispositivo de criminalizaci\u00f3n, castigo y disuasi\u00f3n de la poblaci\u00f3n migrante, advierte: \u201cla estancia prolongada en estos centros tiene impactos directos en la salud mental, genera altos niveles de estr\u00e9s y afecta en la forma en la que las personas se perciben a s\u00ed mismas o en la idea que la sociedad de acogida tiene de ellas\u201d. Adem\u00e1s, a\u00f1aden \u201cla falta de mecanismos de monitoreo o denuncia, la insuficiente transparencia y la restricci\u00f3n en el acceso a las organizaciones externas, hace de estos centros un espacio completamente opaco en el que se suceden situaciones graves de violencia y vulneraci\u00f3n de los Derechos Humanos\u201d.<\/p>\n\n\n\n<p class=\"wp-block-paragraph\">Varias entidades, como&nbsp;<a href=\"https:\/\/www.rescue.org\/somos-irc\">el Comit\u00e9 Internacional de Rescate<\/a>&nbsp;(IRC) y la ONG&nbsp;<a href=\"https:\/\/ihaverights.eu\/\">I Have Rights<\/a>&nbsp;(IHR), han declarado que las condiciones en los centros cerrados \u201cson incompatibles con los est\u00e1ndares de la UE sobre acogida e integraci\u00f3n, as\u00ed como con los doce principios rectores de la Agencia de Derechos Fundamentales\u201d. El informe firmado por IHR determina que la comparaci\u00f3n de las restricciones de la libertad de los habitantes del campo cerrado de Samos, convertido en un lugar de detenci\u00f3n de facto, no cumplen con los est\u00e1ndares legales griegos o europeos y que por tanto dichas restricciones ser\u00edan ilegales.<\/p>\n","protected":false},"excerpt":{"rendered":"<p>Irene Redondo \u2013 El Salto Se cumplen dos a\u00f1os de la inauguraci\u00f3n del campo de Samos, el primer centro cerrado de acceso controlado para la acogida de personas refugiadas en Grecia. En un contexto internacional marcado por la guerra en Sud\u00e1n, los terremotos en Siria y Turqu\u00eda y el\u2026<\/p>\n","protected":false},"author":2,"featured_media":0,"comment_status":"closed","ping_status":"open","sticky":false,"template":"","format":"standard","meta":{"footnotes":""},"categories":[1],"tags":[],"class_list":["post-22331","post","type-post","status-publish","format-standard","hentry","category-other-news"],"yoast_head":"<!-- This site is optimized with the Yoast SEO plugin v16.7 - https:\/\/yoast.com\/wordpress\/plugins\/seo\/ -->\n<title>Samos: el modelo penitenciario de la acogida europea - Other News - Voz en contra de la corriente<\/title>\n<meta name=\"robots\" content=\"index, follow, max-snippet:-1, max-image-preview:large, max-video-preview:-1\" \/>\n<link rel=\"canonical\" href=\"https:\/\/www.other-news.info\/noticias\/samos-el-modelo-penitenciario-de-la-acogida-europea\/\" \/>\n<meta property=\"og:locale\" content=\"es_ES\" \/>\n<meta property=\"og:type\" content=\"article\" \/>\n<meta property=\"og:title\" content=\"Samos: el modelo penitenciario de la acogida europea - Other News - Voz en contra de la corriente\" \/>\n<meta property=\"og:description\" content=\"Irene Redondo \u2013 El Salto Se cumplen dos a\u00f1os de la inauguraci\u00f3n del campo de Samos, el primer centro cerrado de acceso controlado para la acogida de personas refugiadas en Grecia. En un contexto internacional marcado por la guerra en Sud\u00e1n, los terremotos en Siria y Turqu\u00eda y el\u2026\" \/>\n<meta property=\"og:url\" content=\"https:\/\/www.other-news.info\/noticias\/samos-el-modelo-penitenciario-de-la-acogida-europea\/\" \/>\n<meta property=\"og:site_name\" content=\"Other News - Voz en contra de la corriente\" \/>\n<meta property=\"article:published_time\" content=\"2023-04-27T16:46:27+00:00\" \/>\n<meta property=\"article:modified_time\" content=\"2023-04-27T16:46:28+00:00\" \/>\n<meta name=\"twitter:card\" content=\"summary_large_image\" \/>\n<meta name=\"twitter:label1\" content=\"Escrito por\" \/>\n\t<meta name=\"twitter:data1\" content=\"admin\" \/>\n\t<meta name=\"twitter:label2\" content=\"Tiempo de lectura\" \/>\n\t<meta name=\"twitter:data2\" content=\"8 minutos\" \/>\n<script type=\"application\/ld+json\" class=\"yoast-schema-graph\">{\"@context\":\"https:\/\/schema.org\",\"@graph\":[{\"@type\":\"WebSite\",\"@id\":\"https:\/\/www.other-news.info\/noticias\/#website\",\"url\":\"https:\/\/www.other-news.info\/noticias\/\",\"name\":\"Other News - Voz en contra de la corriente\",\"description\":\"Voz en contra de la corriente\",\"potentialAction\":[{\"@type\":\"SearchAction\",\"target\":{\"@type\":\"EntryPoint\",\"urlTemplate\":\"https:\/\/www.other-news.info\/noticias\/?s={search_term_string}\"},\"query-input\":\"required name=search_term_string\"}],\"inLanguage\":\"es\"},{\"@type\":\"WebPage\",\"@id\":\"https:\/\/www.other-news.info\/noticias\/samos-el-modelo-penitenciario-de-la-acogida-europea\/#webpage\",\"url\":\"https:\/\/www.other-news.info\/noticias\/samos-el-modelo-penitenciario-de-la-acogida-europea\/\",\"name\":\"Samos: el modelo penitenciario de la acogida europea - Other News - Voz en contra de la corriente\",\"isPartOf\":{\"@id\":\"https:\/\/www.other-news.info\/noticias\/#website\"},\"datePublished\":\"2023-04-27T16:46:27+00:00\",\"dateModified\":\"2023-04-27T16:46:28+00:00\",\"author\":{\"@id\":\"https:\/\/www.other-news.info\/noticias\/#\/schema\/person\/dd0ead9df8654b02034c4da003b9991b\"},\"breadcrumb\":{\"@id\":\"https:\/\/www.other-news.info\/noticias\/samos-el-modelo-penitenciario-de-la-acogida-europea\/#breadcrumb\"},\"inLanguage\":\"es\",\"potentialAction\":[{\"@type\":\"ReadAction\",\"target\":[\"https:\/\/www.other-news.info\/noticias\/samos-el-modelo-penitenciario-de-la-acogida-europea\/\"]}]},{\"@type\":\"BreadcrumbList\",\"@id\":\"https:\/\/www.other-news.info\/noticias\/samos-el-modelo-penitenciario-de-la-acogida-europea\/#breadcrumb\",\"itemListElement\":[{\"@type\":\"ListItem\",\"position\":1,\"name\":\"Home\",\"item\":\"https:\/\/www.other-news.info\/noticias\/\"},{\"@type\":\"ListItem\",\"position\":2,\"name\":\"Samos: el modelo penitenciario de la acogida europea\"}]},{\"@type\":\"Person\",\"@id\":\"https:\/\/www.other-news.info\/noticias\/#\/schema\/person\/dd0ead9df8654b02034c4da003b9991b\",\"name\":\"admin\",\"image\":{\"@type\":\"ImageObject\",\"@id\":\"https:\/\/www.other-news.info\/noticias\/#personlogo\",\"inLanguage\":\"es\",\"url\":\"https:\/\/secure.gravatar.com\/avatar\/e67344401a27ff9f91b2b48296aaa8fb9186ac51a3404ed4bdfbe790b6a9ee11?s=96&d=mm&r=g\",\"contentUrl\":\"https:\/\/secure.gravatar.com\/avatar\/e67344401a27ff9f91b2b48296aaa8fb9186ac51a3404ed4bdfbe790b6a9ee11?s=96&d=mm&r=g\",\"caption\":\"admin\"},\"url\":\"https:\/\/www.other-news.info\/noticias\/author\/admin\/\"}]}<\/script>\n<!-- \/ Yoast SEO plugin. -->","yoast_head_json":{"title":"Samos: el modelo penitenciario de la acogida europea - Other News - Voz en contra de la corriente","robots":{"index":"index","follow":"follow","max-snippet":"max-snippet:-1","max-image-preview":"max-image-preview:large","max-video-preview":"max-video-preview:-1"},"canonical":"https:\/\/www.other-news.info\/noticias\/samos-el-modelo-penitenciario-de-la-acogida-europea\/","og_locale":"es_ES","og_type":"article","og_title":"Samos: el modelo penitenciario de la acogida europea - Other News - Voz en contra de la corriente","og_description":"Irene Redondo \u2013 El Salto Se cumplen dos a\u00f1os de la inauguraci\u00f3n del campo de Samos, el primer centro cerrado de acceso controlado para la acogida de personas refugiadas en Grecia. En un contexto internacional marcado por la guerra en Sud\u00e1n, los terremotos en Siria y Turqu\u00eda y el\u2026","og_url":"https:\/\/www.other-news.info\/noticias\/samos-el-modelo-penitenciario-de-la-acogida-europea\/","og_site_name":"Other News - Voz en contra de la corriente","article_published_time":"2023-04-27T16:46:27+00:00","article_modified_time":"2023-04-27T16:46:28+00:00","twitter_card":"summary_large_image","twitter_misc":{"Escrito por":"admin","Tiempo de lectura":"8 minutos"},"schema":{"@context":"https:\/\/schema.org","@graph":[{"@type":"WebSite","@id":"https:\/\/www.other-news.info\/noticias\/#website","url":"https:\/\/www.other-news.info\/noticias\/","name":"Other News - Voz en contra de la corriente","description":"Voz en contra de la corriente","potentialAction":[{"@type":"SearchAction","target":{"@type":"EntryPoint","urlTemplate":"https:\/\/www.other-news.info\/noticias\/?s={search_term_string}"},"query-input":"required name=search_term_string"}],"inLanguage":"es"},{"@type":"WebPage","@id":"https:\/\/www.other-news.info\/noticias\/samos-el-modelo-penitenciario-de-la-acogida-europea\/#webpage","url":"https:\/\/www.other-news.info\/noticias\/samos-el-modelo-penitenciario-de-la-acogida-europea\/","name":"Samos: el modelo penitenciario de la acogida europea - Other News - Voz en contra de la corriente","isPartOf":{"@id":"https:\/\/www.other-news.info\/noticias\/#website"},"datePublished":"2023-04-27T16:46:27+00:00","dateModified":"2023-04-27T16:46:28+00:00","author":{"@id":"https:\/\/www.other-news.info\/noticias\/#\/schema\/person\/dd0ead9df8654b02034c4da003b9991b"},"breadcrumb":{"@id":"https:\/\/www.other-news.info\/noticias\/samos-el-modelo-penitenciario-de-la-acogida-europea\/#breadcrumb"},"inLanguage":"es","potentialAction":[{"@type":"ReadAction","target":["https:\/\/www.other-news.info\/noticias\/samos-el-modelo-penitenciario-de-la-acogida-europea\/"]}]},{"@type":"BreadcrumbList","@id":"https:\/\/www.other-news.info\/noticias\/samos-el-modelo-penitenciario-de-la-acogida-europea\/#breadcrumb","itemListElement":[{"@type":"ListItem","position":1,"name":"Home","item":"https:\/\/www.other-news.info\/noticias\/"},{"@type":"ListItem","position":2,"name":"Samos: el modelo penitenciario de la acogida europea"}]},{"@type":"Person","@id":"https:\/\/www.other-news.info\/noticias\/#\/schema\/person\/dd0ead9df8654b02034c4da003b9991b","name":"admin","image":{"@type":"ImageObject","@id":"https:\/\/www.other-news.info\/noticias\/#personlogo","inLanguage":"es","url":"https:\/\/secure.gravatar.com\/avatar\/e67344401a27ff9f91b2b48296aaa8fb9186ac51a3404ed4bdfbe790b6a9ee11?s=96&d=mm&r=g","contentUrl":"https:\/\/secure.gravatar.com\/avatar\/e67344401a27ff9f91b2b48296aaa8fb9186ac51a3404ed4bdfbe790b6a9ee11?s=96&d=mm&r=g","caption":"admin"},"url":"https:\/\/www.other-news.info\/noticias\/author\/admin\/"}]}},"_links":{"self":[{"href":"https:\/\/www.other-news.info\/noticias\/wp-json\/wp\/v2\/posts\/22331","targetHints":{"allow":["GET"]}}],"collection":[{"href":"https:\/\/www.other-news.info\/noticias\/wp-json\/wp\/v2\/posts"}],"about":[{"href":"https:\/\/www.other-news.info\/noticias\/wp-json\/wp\/v2\/types\/post"}],"author":[{"embeddable":true,"href":"https:\/\/www.other-news.info\/noticias\/wp-json\/wp\/v2\/users\/2"}],"replies":[{"embeddable":true,"href":"https:\/\/www.other-news.info\/noticias\/wp-json\/wp\/v2\/comments?post=22331"}],"version-history":[{"count":1,"href":"https:\/\/www.other-news.info\/noticias\/wp-json\/wp\/v2\/posts\/22331\/revisions"}],"predecessor-version":[{"id":22332,"href":"https:\/\/www.other-news.info\/noticias\/wp-json\/wp\/v2\/posts\/22331\/revisions\/22332"}],"wp:attachment":[{"href":"https:\/\/www.other-news.info\/noticias\/wp-json\/wp\/v2\/media?parent=22331"}],"wp:term":[{"taxonomy":"category","embeddable":true,"href":"https:\/\/www.other-news.info\/noticias\/wp-json\/wp\/v2\/categories?post=22331"},{"taxonomy":"post_tag","embeddable":true,"href":"https:\/\/www.other-news.info\/noticias\/wp-json\/wp\/v2\/tags?post=22331"}],"curies":[{"name":"wp","href":"https:\/\/api.w.org\/{rel}","templated":true}]}}