{"id":22337,"date":"2023-04-28T18:02:19","date_gmt":"2023-04-28T16:02:19","guid":{"rendered":"https:\/\/www.other-news.info\/noticias\/?p=22337"},"modified":"2023-04-28T18:02:20","modified_gmt":"2023-04-28T16:02:20","slug":"brasil-un-actor-de-la-politica-mundial","status":"publish","type":"post","link":"https:\/\/www.other-news.info\/noticias\/brasil-un-actor-de-la-politica-mundial\/","title":{"rendered":"Brasil: \u00bfun actor de la pol\u00edtica mundial?"},"content":{"rendered":"\n<p class=\"wp-block-paragraph\">Por&nbsp; <a href=\"https:\/\/www.meer.com\/es\/authors\/696-fernando-ayala\">FERNANDO AYALA<\/a>* &#8211; MEER<\/p>\n\n\n\n<p class=\"wp-block-paragraph\"><em>El gigante de Sudam\u00e9rica se perfila como el l\u00edder de la regi\u00f3n en el plano internacional<\/em><\/p>\n\n\n\n<p class=\"wp-block-paragraph\">En Am\u00e9rica del Sur, Brasil es un pa\u00eds que ha sabido definir su inter\u00e9s nacional en base a su poder fundamentado en su extensi\u00f3n territorial de alrededor de 8,5 millones de kil\u00f3metros cuadrado, una poblaci\u00f3n que roza los 220 millones de habitantes, inmensas riquezas naturales, la cuenca amaz\u00f3nica, una gran base industrial civil y militar y un PGB de 1.609 billones de d\u00f3lares, que lo ubica como la d\u00e9cima segunda econom\u00eda m\u00e1s grandes del planeta. A lo anterior suma que a partir de 1945 comenz\u00f3 a formar diplom\u00e1ticos profesionales en el Instituto que lleva el nombre del Bar\u00f3n de R\u00edo Branco, en recuerdo del historiador y embajador, Jos\u00e9 Mar\u00eda da Silva, quien a inicios del siglo XX negoci\u00f3 h\u00e1bilmente las actuales fronteras de Brasil y dio un sentido estrat\u00e9gico a la pol\u00edtica exterior.<\/p>\n\n\n\n<p class=\"wp-block-paragraph\">Por ello el relanzamiento de Brasil en la escena internacional, de la mano del presidente Luis In\u00e1cio Lula da Silva, luego de los cuatro a\u00f1os de ausencia durante el gobierno del exmandatario Jair Bolsonaro, significa que el pa\u00eds est\u00e1 de regreso y dispuesto a jugar un papel cada vez m\u00e1s importante en la agenda mundial. Desde enero del presente a\u00f1o en que inici\u00f3 su segundo mandato, el presidente Lula ha visitado Argentina, Estados Unidos, China, Emiratos \u00c1rabes Unidos y recientemente, Portugal, y Espa\u00f1a, donde en Lisboa conmemorar\u00e1 los 49 a\u00f1os de la Revoluci\u00f3n de los Claveles y en Madrid sostendr\u00e1 una agenda pol\u00edtica, de comercio, inversiones, cultura y ciencias que ha pasado a ser el sello de las visitas presidenciales de Lula.<\/p>\n\n\n\n<p class=\"wp-block-paragraph\">En su reciente gira a China y a los Emiratos \u00c1rabes Unidos, acompa\u00f1ado por una delegaci\u00f3n de 300 personas, firm\u00f3 acuerdos por 12.799 millones de d\u00f3lares de los cuales m\u00e1s de 10 mil fueron con el gigante chino, pa\u00eds que pas\u00f3 a ser el principal socio comercial de Brasil en 2009. El intercambio entre ambos pa\u00edses alcanz\u00f3 el a\u00f1o pasado a 150.500 millones de d\u00f3lares, que es m\u00e1s del doble de la cifra del comercio bilateral con Estados Unidos. Las relaciones con China van m\u00e1s all\u00e1 y se encuentran en el banco de inversiones de los BRICS, agrupaci\u00f3n de pa\u00edses donde participa Brasil, Rusia, India, China y Sud\u00e1frica, creado en 2014 con un capital inicial de 100 mil millones de d\u00f3lares, con sede en Shangh\u00e1i y actualmente presidido por la exmandataria de Brasil, Dilma Rousseff, quien declar\u00f3 al ser inaugurado que \u00abno se hace en contra del Banco Mundial o del FMI, sino que se hace a favor de nosotros mismos\u00bb.<\/p>\n\n\n\n<p class=\"wp-block-paragraph\">En el complejo plano pol\u00edtico internacional actual, el mandatario brasile\u00f1o dej\u00f3 claramente establecida la posici\u00f3n de Brasil con relaci\u00f3n a la guerra entre Rusia y Ucrania, al reafirmar que su pa\u00eds ser\u00e1 neutral y no enviar\u00e1 armas al gobierno de Kiev. Previamente hab\u00eda sugerido que en las negociaciones de paz debieran considerar que Crimea quedara en territorio ruso, lo que origin\u00f3 una r\u00e1pida respuesta del gobierno ucraniano descartando de inmediato esa posibilidad. Lula fue m\u00e1s lejos al responsabilizar a Estados Unidos y a la Uni\u00f3n Europea por la mantenci\u00f3n del conflicto al se\u00f1alar: \u00abEs necesario que los Estados Unidos pare de incentivar la guerra y comience a hablar de paz. Es necesario que la Uni\u00f3n Europea comience a hablar de paz para que podamos convencer a los presidentes de Rusia y Ucrania, que la paz interesa a todos\u00bb. Tambi\u00e9n al abandonar los Emiratos \u00c1rabes expres\u00f3 a los periodistas que estaba proponiendo la creaci\u00f3n de \u00abun G-20 para la paz\u00bb con participaci\u00f3n de pa\u00edses de Am\u00e9rica Latina y del mundo en desarrollo de la misma manera como se hizo en 2008 \u00abpara salvar la econom\u00eda\u00bb.<\/p>\n\n\n\n<p class=\"wp-block-paragraph\">A su regreso a Brasilia, el jefe de Estado brasile\u00f1o recibi\u00f3 al ministro de relaciones exteriores de Rusia, Serguei Lavrov, con quien se reuni\u00f3 en el Palacio de la Alvorada, residencia oficial del mandatario. Ah\u00ed se inform\u00f3 que ambos personeros hablaron \u00abde paz y no de guerra\u00bb. Sin duda que la visita caus\u00f3 irritaci\u00f3n y molestia tanto en la Casa Blanca como en Bruselas lo que llev\u00f3 a que el vocero del Departamento de Estado en Washington, en una dura declaraci\u00f3n expresara que \u00abBrasil est\u00e1 repitiendo como un loro la propaganda rusa y china, sin prestar atenci\u00f3n en absoluto a los hechos\u00bb. Posteriormente, el presidente Lula ha debido aclarar que condena la agresi\u00f3n de Rusia a Ucrania, pero el mensaje a la opini\u00f3n p\u00fablica mundial ya hab\u00eda sido entregado y probablemente eso explica la fuerte reacci\u00f3n del vocero del gobierno estadounidense.<\/p>\n\n\n\n<p class=\"wp-block-paragraph\">Si bien Brasil tiene varias fortalezas que lo llevan a querer ser un actor de primer nivel en la pol\u00edtica mundial, tambi\u00e9n tiene fuertes debilidades que limitan sus posibilidades. Su ingreso per c\u00e1pita no alcanza a los 10 mil d\u00f3lares y el pa\u00eds est\u00e1 marcado por la pobreza, el abandono y crecimiento de la desigualdad por raza, color de piel o g\u00e9nero de amplios sectores sociales. La pobreza, de acuerdo con cifras oficiales del Instituto Brasile\u00f1o de Geograf\u00eda y Estad\u00edsticas (IBGE) llegaba en 2022 al 29,4% de la poblaci\u00f3n, equivalente a 62,5 millones de habitantes y la encuesta nacional sobre Inseguridad Alimentaria efectuada en el contexto del Covid-19 por la&nbsp;Rede Brasileira de Pesquisa em Soberania e Seguran\u00e7a Alimentar e Nutricional, del 2022, muestra que 33,1 millones de personas no tienen qu\u00e9 comer. A ello se suma la polarizaci\u00f3n pol\u00edtica de un pa\u00eds dividido en mitades casi iguales luego de los cuatro a\u00f1os de gobierno del expresidente Bolsonaro, donde la pobreza, inseguridad y hambre se extendieron. Eso significa que el presidente Lula deber\u00e1 tambi\u00e9n concentrarse en la pol\u00edtica interna, reforzando la econom\u00eda y dando seguridades a la poblaci\u00f3n que sus condiciones de vida mejorar\u00e1n r\u00e1pidamente.<\/p>\n\n\n\n<p class=\"wp-block-paragraph\">En definitiva, Brasil y su presidente no est\u00e1n improvisando y conocen la realidad que enfrentan. Tienen un plan estrat\u00e9gico en pol\u00edtica interna y exterior. Esta \u00faltima le da la posibilidad de consolidarse como la voz principal en Am\u00e9rica Latina, al estar M\u00e9xico sumido en la violencia interminable que ha caracterizado al pa\u00eds en las \u00faltimas d\u00e9cadas y Argentina con su ingobernabilidad cr\u00f3nica y crisis econ\u00f3mica end\u00e9mica, por lo que han dejado hace tiempo de ser rivales de Brasil. Este pa\u00eds no renuncia a la idea de reformar el sistema internacional y pasar a integrar el Consejo de Seguridad de Naciones Unidas y est\u00e1 dispuesto a enfrentar a Estados Unidos en los temas de seguridad y paz mundial.<\/p>\n\n\n\n<p class=\"wp-block-paragraph\">El relanzamiento oficial de UNASUR que debiera sumar a los pa\u00edses de la regi\u00f3n, es otra de las apuestas de Lula, convencido en la necesidad de integraci\u00f3n y de levantar una sola voz desde Sudam\u00e9rica. Por ello es que ha buscado en China un socio que le asegure un fuerte respaldo pol\u00edtico y econ\u00f3mico, asumiendo con entusiasmo el proyecto geopol\u00edtico de terminar con el mundo unipolar y mantener la independencia, a la que tambi\u00e9n Francia y el presidente Macron ha hecho referencia, de \u00abno ser vasallo de ninguna potencia\u00bb. Lula est\u00e1 jugando fuerte y espera aunar a los pa\u00edses que se siente instrumentalizados o alineados por Washington en esta disputa por la hegemon\u00eda mundial.<\/p>\n\n\n\n<p class=\"wp-block-paragraph\">&#8230;&#8230;&#8230;&#8230;&#8230;&#8230;&#8230;&#8230;&#8230;&#8230;&#8230;&#8230;&#8230;&#8230;&#8230;&#8230;..<\/p>\n\n\n\n<p class=\"wp-block-paragraph\"><em>*Embajador, economista de la Universidad de Zagreb, Croacia, y Master en Ciencia Pol\u00edtica de la Universidad Cat\u00f3lica de Chile. Ex Subdirector de asuntos estrat\u00e9gicos de la U de Chile y ex Subsecretario de Defensa.<\/em><\/p>\n\n\n\n<p class=\"wp-block-paragraph\">Ir al original: https:\/\/www.meer.com\/es\/73419-brasil-un-actor-de-la-politica-mundial<\/p>\n","protected":false},"excerpt":{"rendered":"<p>Por&nbsp; FERNANDO AYALA* &#8211; MEER El gigante de Sudam\u00e9rica se perfila como el l\u00edder de la regi\u00f3n en el plano internacional En Am\u00e9rica del Sur, Brasil es un pa\u00eds que ha sabido definir su inter\u00e9s nacional en base a su poder fundamentado en su extensi\u00f3n territorial de alrededor de\u2026<\/p>\n","protected":false},"author":2,"featured_media":0,"comment_status":"closed","ping_status":"open","sticky":false,"template":"","format":"standard","meta":{"footnotes":""},"categories":[1],"tags":[],"class_list":["post-22337","post","type-post","status-publish","format-standard","hentry","category-other-news"],"yoast_head":"<!-- This site is optimized with the Yoast SEO plugin v16.7 - https:\/\/yoast.com\/wordpress\/plugins\/seo\/ -->\n<title>Brasil: \u00bfun actor de la pol\u00edtica mundial? - Other News - Voz en contra de la corriente<\/title>\n<meta name=\"robots\" content=\"index, follow, max-snippet:-1, max-image-preview:large, max-video-preview:-1\" \/>\n<link rel=\"canonical\" href=\"https:\/\/www.other-news.info\/noticias\/brasil-un-actor-de-la-politica-mundial\/\" \/>\n<meta property=\"og:locale\" content=\"es_ES\" \/>\n<meta property=\"og:type\" content=\"article\" \/>\n<meta property=\"og:title\" content=\"Brasil: \u00bfun actor de la pol\u00edtica mundial? - Other News - Voz en contra de la corriente\" \/>\n<meta property=\"og:description\" content=\"Por&nbsp; FERNANDO AYALA* - MEER El gigante de Sudam\u00e9rica se perfila como el l\u00edder de la regi\u00f3n en el plano internacional En Am\u00e9rica del Sur, Brasil es un pa\u00eds que ha sabido definir su inter\u00e9s nacional en base a su poder fundamentado en su extensi\u00f3n territorial de alrededor de\u2026\" \/>\n<meta property=\"og:url\" content=\"https:\/\/www.other-news.info\/noticias\/brasil-un-actor-de-la-politica-mundial\/\" \/>\n<meta property=\"og:site_name\" content=\"Other News - Voz en contra de la corriente\" \/>\n<meta property=\"article:published_time\" content=\"2023-04-28T16:02:19+00:00\" \/>\n<meta property=\"article:modified_time\" content=\"2023-04-28T16:02:20+00:00\" \/>\n<meta name=\"twitter:card\" content=\"summary_large_image\" \/>\n<meta name=\"twitter:label1\" content=\"Escrito por\" \/>\n\t<meta name=\"twitter:data1\" content=\"admin\" \/>\n\t<meta name=\"twitter:label2\" content=\"Tiempo de lectura\" \/>\n\t<meta name=\"twitter:data2\" content=\"7 minutos\" \/>\n<script type=\"application\/ld+json\" class=\"yoast-schema-graph\">{\"@context\":\"https:\/\/schema.org\",\"@graph\":[{\"@type\":\"WebSite\",\"@id\":\"https:\/\/www.other-news.info\/noticias\/#website\",\"url\":\"https:\/\/www.other-news.info\/noticias\/\",\"name\":\"Other News - Voz en contra de la corriente\",\"description\":\"Voz en contra de la corriente\",\"potentialAction\":[{\"@type\":\"SearchAction\",\"target\":{\"@type\":\"EntryPoint\",\"urlTemplate\":\"https:\/\/www.other-news.info\/noticias\/?s={search_term_string}\"},\"query-input\":\"required name=search_term_string\"}],\"inLanguage\":\"es\"},{\"@type\":\"WebPage\",\"@id\":\"https:\/\/www.other-news.info\/noticias\/brasil-un-actor-de-la-politica-mundial\/#webpage\",\"url\":\"https:\/\/www.other-news.info\/noticias\/brasil-un-actor-de-la-politica-mundial\/\",\"name\":\"Brasil: \\u00bfun actor de la pol\\u00edtica mundial? - Other News - Voz en contra de la corriente\",\"isPartOf\":{\"@id\":\"https:\/\/www.other-news.info\/noticias\/#website\"},\"datePublished\":\"2023-04-28T16:02:19+00:00\",\"dateModified\":\"2023-04-28T16:02:20+00:00\",\"author\":{\"@id\":\"https:\/\/www.other-news.info\/noticias\/#\/schema\/person\/dd0ead9df8654b02034c4da003b9991b\"},\"breadcrumb\":{\"@id\":\"https:\/\/www.other-news.info\/noticias\/brasil-un-actor-de-la-politica-mundial\/#breadcrumb\"},\"inLanguage\":\"es\",\"potentialAction\":[{\"@type\":\"ReadAction\",\"target\":[\"https:\/\/www.other-news.info\/noticias\/brasil-un-actor-de-la-politica-mundial\/\"]}]},{\"@type\":\"BreadcrumbList\",\"@id\":\"https:\/\/www.other-news.info\/noticias\/brasil-un-actor-de-la-politica-mundial\/#breadcrumb\",\"itemListElement\":[{\"@type\":\"ListItem\",\"position\":1,\"name\":\"Home\",\"item\":\"https:\/\/www.other-news.info\/noticias\/\"},{\"@type\":\"ListItem\",\"position\":2,\"name\":\"Brasil: \\u00bfun actor de la pol\\u00edtica mundial?\"}]},{\"@type\":\"Person\",\"@id\":\"https:\/\/www.other-news.info\/noticias\/#\/schema\/person\/dd0ead9df8654b02034c4da003b9991b\",\"name\":\"admin\",\"image\":{\"@type\":\"ImageObject\",\"@id\":\"https:\/\/www.other-news.info\/noticias\/#personlogo\",\"inLanguage\":\"es\",\"url\":\"https:\/\/secure.gravatar.com\/avatar\/e67344401a27ff9f91b2b48296aaa8fb9186ac51a3404ed4bdfbe790b6a9ee11?s=96&d=mm&r=g\",\"contentUrl\":\"https:\/\/secure.gravatar.com\/avatar\/e67344401a27ff9f91b2b48296aaa8fb9186ac51a3404ed4bdfbe790b6a9ee11?s=96&d=mm&r=g\",\"caption\":\"admin\"},\"url\":\"https:\/\/www.other-news.info\/noticias\/author\/admin\/\"}]}<\/script>\n<!-- \/ Yoast SEO plugin. -->","yoast_head_json":{"title":"Brasil: \u00bfun actor de la pol\u00edtica mundial? - Other News - Voz en contra de la corriente","robots":{"index":"index","follow":"follow","max-snippet":"max-snippet:-1","max-image-preview":"max-image-preview:large","max-video-preview":"max-video-preview:-1"},"canonical":"https:\/\/www.other-news.info\/noticias\/brasil-un-actor-de-la-politica-mundial\/","og_locale":"es_ES","og_type":"article","og_title":"Brasil: \u00bfun actor de la pol\u00edtica mundial? - Other News - Voz en contra de la corriente","og_description":"Por&nbsp; FERNANDO AYALA* - MEER El gigante de Sudam\u00e9rica se perfila como el l\u00edder de la regi\u00f3n en el plano internacional En Am\u00e9rica del Sur, Brasil es un pa\u00eds que ha sabido definir su inter\u00e9s nacional en base a su poder fundamentado en su extensi\u00f3n territorial de alrededor de\u2026","og_url":"https:\/\/www.other-news.info\/noticias\/brasil-un-actor-de-la-politica-mundial\/","og_site_name":"Other News - Voz en contra de la corriente","article_published_time":"2023-04-28T16:02:19+00:00","article_modified_time":"2023-04-28T16:02:20+00:00","twitter_card":"summary_large_image","twitter_misc":{"Escrito por":"admin","Tiempo de lectura":"7 minutos"},"schema":{"@context":"https:\/\/schema.org","@graph":[{"@type":"WebSite","@id":"https:\/\/www.other-news.info\/noticias\/#website","url":"https:\/\/www.other-news.info\/noticias\/","name":"Other News - Voz en contra de la corriente","description":"Voz en contra de la corriente","potentialAction":[{"@type":"SearchAction","target":{"@type":"EntryPoint","urlTemplate":"https:\/\/www.other-news.info\/noticias\/?s={search_term_string}"},"query-input":"required name=search_term_string"}],"inLanguage":"es"},{"@type":"WebPage","@id":"https:\/\/www.other-news.info\/noticias\/brasil-un-actor-de-la-politica-mundial\/#webpage","url":"https:\/\/www.other-news.info\/noticias\/brasil-un-actor-de-la-politica-mundial\/","name":"Brasil: \u00bfun actor de la pol\u00edtica mundial? - Other News - Voz en contra de la corriente","isPartOf":{"@id":"https:\/\/www.other-news.info\/noticias\/#website"},"datePublished":"2023-04-28T16:02:19+00:00","dateModified":"2023-04-28T16:02:20+00:00","author":{"@id":"https:\/\/www.other-news.info\/noticias\/#\/schema\/person\/dd0ead9df8654b02034c4da003b9991b"},"breadcrumb":{"@id":"https:\/\/www.other-news.info\/noticias\/brasil-un-actor-de-la-politica-mundial\/#breadcrumb"},"inLanguage":"es","potentialAction":[{"@type":"ReadAction","target":["https:\/\/www.other-news.info\/noticias\/brasil-un-actor-de-la-politica-mundial\/"]}]},{"@type":"BreadcrumbList","@id":"https:\/\/www.other-news.info\/noticias\/brasil-un-actor-de-la-politica-mundial\/#breadcrumb","itemListElement":[{"@type":"ListItem","position":1,"name":"Home","item":"https:\/\/www.other-news.info\/noticias\/"},{"@type":"ListItem","position":2,"name":"Brasil: \u00bfun actor de la pol\u00edtica mundial?"}]},{"@type":"Person","@id":"https:\/\/www.other-news.info\/noticias\/#\/schema\/person\/dd0ead9df8654b02034c4da003b9991b","name":"admin","image":{"@type":"ImageObject","@id":"https:\/\/www.other-news.info\/noticias\/#personlogo","inLanguage":"es","url":"https:\/\/secure.gravatar.com\/avatar\/e67344401a27ff9f91b2b48296aaa8fb9186ac51a3404ed4bdfbe790b6a9ee11?s=96&d=mm&r=g","contentUrl":"https:\/\/secure.gravatar.com\/avatar\/e67344401a27ff9f91b2b48296aaa8fb9186ac51a3404ed4bdfbe790b6a9ee11?s=96&d=mm&r=g","caption":"admin"},"url":"https:\/\/www.other-news.info\/noticias\/author\/admin\/"}]}},"_links":{"self":[{"href":"https:\/\/www.other-news.info\/noticias\/wp-json\/wp\/v2\/posts\/22337","targetHints":{"allow":["GET"]}}],"collection":[{"href":"https:\/\/www.other-news.info\/noticias\/wp-json\/wp\/v2\/posts"}],"about":[{"href":"https:\/\/www.other-news.info\/noticias\/wp-json\/wp\/v2\/types\/post"}],"author":[{"embeddable":true,"href":"https:\/\/www.other-news.info\/noticias\/wp-json\/wp\/v2\/users\/2"}],"replies":[{"embeddable":true,"href":"https:\/\/www.other-news.info\/noticias\/wp-json\/wp\/v2\/comments?post=22337"}],"version-history":[{"count":1,"href":"https:\/\/www.other-news.info\/noticias\/wp-json\/wp\/v2\/posts\/22337\/revisions"}],"predecessor-version":[{"id":22338,"href":"https:\/\/www.other-news.info\/noticias\/wp-json\/wp\/v2\/posts\/22337\/revisions\/22338"}],"wp:attachment":[{"href":"https:\/\/www.other-news.info\/noticias\/wp-json\/wp\/v2\/media?parent=22337"}],"wp:term":[{"taxonomy":"category","embeddable":true,"href":"https:\/\/www.other-news.info\/noticias\/wp-json\/wp\/v2\/categories?post=22337"},{"taxonomy":"post_tag","embeddable":true,"href":"https:\/\/www.other-news.info\/noticias\/wp-json\/wp\/v2\/tags?post=22337"}],"curies":[{"name":"wp","href":"https:\/\/api.w.org\/{rel}","templated":true}]}}