{"id":22339,"date":"2023-05-02T18:40:21","date_gmt":"2023-05-02T16:40:21","guid":{"rendered":"https:\/\/www.other-news.info\/noticias\/?p=22339"},"modified":"2023-05-02T18:40:21","modified_gmt":"2023-05-02T16:40:21","slug":"las-mujeres-en-polonia-tras-la-prohibicion-del-aborto-una-historia-de-soledad-miedo-y-desesperacion","status":"publish","type":"post","link":"https:\/\/www.other-news.info\/noticias\/las-mujeres-en-polonia-tras-la-prohibicion-del-aborto-una-historia-de-soledad-miedo-y-desesperacion\/","title":{"rendered":"Las mujeres en Polonia tras la prohibici\u00f3n del aborto: una historia de soledad, miedo y desesperaci\u00f3n"},"content":{"rendered":"\n<p class=\"wp-block-paragraph\"><a href=\"https:\/\/www.publico.es\/author\/maria-g-zornoza#analytics-noticia:autor\">MAR\u00cdA G. ZORNOZA<\/a>&nbsp; &nbsp;<a href=\"https:\/\/twitter.com\/MariaGZornoza\" target=\"_blank\" rel=\"noreferrer noopener\">@MARIAGZORNOZA<\/a> \u2013 P\u00fablico.es<\/p>\n\n\n\n<p class=\"wp-block-paragraph\"><em>&nbsp;A su paso por Bruselas, la primera activista condenada en Europa por ayudar a abortar pide a la UE m\u00e1s presi\u00f3n con el Gobierno ultra de Polonia.&nbsp;<\/em><\/p>\n\n\n\n<p class=\"wp-block-paragraph\">Las mujeres polacas tienen ahora&nbsp;<a href=\"https:\/\/www.publico.es\/politica\/aborto-polonia-promulga-prohibicion-total-del-aborto.html#analytics-noticia:contenido-enlace\">menos derechos reproductivos<\/a>&nbsp;que cuando el pa\u00eds entr\u00f3 en la UE, en 2004.&nbsp;\u00abEs rid\u00edculo e inaceptable\u00bb, denuncia el eurodiputado polaco&nbsp;Robert Biedron, presidente de la comisi\u00f3n por los Derechos de la Mujer en la Euroc\u00e1mara. Seg\u00fan la ONU, se tardar\u00e1n todav\u00eda 300 a\u00f1os para conseguir la igualdad en el mundo. Un lastre que no solo no ha avanzado en pa\u00edses como Polonia, sino que ha retrocedido a pasos agigantados con la llegada del partido ultraconservador&nbsp;Ley y Justicia&nbsp;(PiS) al poder.<\/p>\n\n\n\n<p class=\"wp-block-paragraph\">El Gobierno polaco, aliado de Vox en el&nbsp;Parlamento Europeo, aprob\u00f3 en 2020 una ley que limitaba la interrupci\u00f3n del embarazo a casos de violaci\u00f3n, incesto o riesgo para la salud de la madre. Dejaba fuera los supuestos de malformaciones o defectos cong\u00e9nitos del feto, que suman cerca del 98% de los abortos legales. Es decir, prohib\u00eda&nbsp;de facto&nbsp;el aborto dejando en&nbsp;Polonia&nbsp;una de las leyes m\u00e1s restrictivas en materia reproductiva de toda la UE, junto a&nbsp;Malta.&nbsp;<a href=\"https:\/\/www.publico.es\/internacional\/abortos-clandestinos-peligrosos-extranjero-lucha-mujeres-polacas-primer-ano-ley-anti-aborto.html#analytics-noticia:contenido-enlace\">La controvertida normativa<\/a>&nbsp;ya ha dejado v\u00edctimas mortales y tambi\u00e9n colaterales.<\/p>\n\n\n\n<p class=\"wp-block-paragraph\">Justyna Widrzynska&nbsp;se ha convertido en la primera activista condenada en Europa&nbsp;<a href=\"https:\/\/www.publico.es\/internacional\/activista-derechos-reproductivos-polonia-condenada-cooperar-aborto.html#analytics-noticia:contenido-enlace\">por intentar ayudar a una mujer a abortar<\/a>. Anie estaba embarazada de doce semanas. Era una mujer maltratada y viv\u00eda con una pareja violenta. Intent\u00f3 viajar a otro pa\u00eds para interrumpir el embarazo. Pero este no le dej\u00f3. Su desesperaci\u00f3n la llev\u00f3 a contactar a la ONG de Justyna,&nbsp;<a href=\"https:\/\/aborcyjnydreamteam.pl\/es\/\" target=\"_blank\" rel=\"noreferrer noopener\">Aborcyiny Dream Team<\/a>, un colectivo que apoya a mujeres financiera, log\u00edstica y psicol\u00f3gicamente.<\/p>\n\n\n\n<p class=\"wp-block-paragraph\">Tras escuchar su desgarradora y desesperada situaci\u00f3n, Justyna no se lo pens\u00f3.&nbsp;<a href=\"https:\/\/www.publico.es\/actualidad\/piden-tres-anos-carcel-activista-ayudar-aborto-polonia.html#analytics-noticia:contenido-enlace\">Le envi\u00f3 por correo una p\u00edldora anticonceptiva<\/a>. Una pr\u00e1ctica que supone un crimen en todos los pa\u00edses de la UE. No lleg\u00f3 a utilizarla, su pareja la pill\u00f3 y alert\u00f3 la Polic\u00eda. El resto es historia. A Justyna la han condenado a&nbsp;ocho meses de trabajos sociales&nbsp;por intentar ayudarla. \u00abLa han condenado por enviar una p\u00edldora que ni siquiera se utiliz\u00f3. La respuesta a ello es corta:&nbsp;se llama patriarcado\u00bb, denuncia Biedron.<\/p>\n\n\n\n<p class=\"wp-block-paragraph\">Aborcyiny Dream Team ha ayudado en estos a\u00f1os&nbsp;a m\u00e1s de 2.000 mujeres&nbsp;a viajar a otros pa\u00edses europeos para abortar.&nbsp;B\u00e9lgica, Francia o Pa\u00edses Bajos&nbsp;son los principales. Pero la ley polaca tiene tambi\u00e9n un trasfondo econ\u00f3mico. No todas las mujeres pueden asumir los gastos de cruzar la frontera para interrumpir su embarazo. Y el deseo de muchas de ellas de querer abortar est\u00e1 condicionado por la imposibilidad financiera de mantener un beb\u00e9.<\/p>\n\n\n\n<p class=\"wp-block-paragraph\">\u00abLa de Anie es una historia de soledad, de miedo, de desesperaci\u00f3n\u00bb, afirma Natalia Broniarczyk. Tras no poder utilizar la p\u00edldora, Anie se lesion\u00f3 con un cat\u00e9ter, lo que le provoc\u00f3 una fuerte infecci\u00f3n. Pas\u00f3 tres semanas en el hospital, temiendo que los m\u00e9dicos quisieran salvar al beb\u00e9, pero no a ella.&nbsp;<\/p>\n\n\n\n<p class=\"wp-block-paragraph\"><em>&nbsp;La violencia tambi\u00e9n se ejerce desde los hospitales.&nbsp;<\/em><\/p>\n\n\n\n<p class=\"wp-block-paragraph\">No recibi\u00f3 ninguna asistencia psicol\u00f3gica. Tras la entrada en vigor de la ley, el miedo a las represalias se extiende a los m\u00e9dicos, a la sociedad civil y las mujeres. Ya hab\u00eda un caso precedente en el que una mujer muri\u00f3 porque los doctores tardaron&nbsp;<a href=\"https:\/\/www.publico.es\/internacional\/investigan-muerte-mujer-polonia-retraso-practicarle-aborto.html#analytics-noticia:contenido-enlace\">demasiado tiempo en interrumpir un embarazo<\/a>. Y otro en el que no permitieron abortar a una menor discapacitada que hab\u00eda sido violada por su t\u00edo.<\/p>\n\n\n\n<p class=\"wp-block-paragraph\">El caso en cuesti\u00f3n est\u00e1 recabando un fuerte apoyo nacional e internacional, algo que preocupa al PiS, que se juega el poder en las cruciales elecciones del pr\u00f3ximo oto\u00f1o. \u00abTen\u00edamos miedo de la reacci\u00f3n de la opini\u00f3n p\u00fablica. Pero el apoyo ha sido enorme y me ha sorprendido. No lo esperaba.&nbsp;La gente ha entendido por qu\u00e9 decid\u00ed dar la pastilla\u00bb, se\u00f1ala Justyna, que se emociona, no por su traves\u00eda judicial, sino al recordar la terrible historia de Anie. Una encuesta reciente del pa\u00eds muestra que&nbsp;el 47% de la poblaci\u00f3n&nbsp;hubiese actuado igual que la activista ayudando a Anie.<\/p>\n\n\n\n<p class=\"wp-block-paragraph\"><em>&nbsp;\u00bfQu\u00e9 dice la UE?<\/em><\/p>\n\n\n\n<p class=\"wp-block-paragraph\">En la Uni\u00f3n Europea, desde los pl\u00e1tanos hasta las zanahorias tienen est\u00e1ndares homologados. Pero no los derechos de las mujeres. Conseguir derechos comunes para ellas ser\u00e1 una de las prioridades de los Socialdem\u00f3cratas en la pr\u00f3xima legislatura, que arrancar\u00e1 tras las elecciones europeas de 2024.<\/p>\n\n\n\n<p class=\"wp-block-paragraph\">Bruselas, absorbida estos a\u00f1os por las policrisis econ\u00f3micas, b\u00e9licas o sanitarias, ha dejado la situaci\u00f3n de los derechos humanos en las capitales en segundo plano. La Comisi\u00f3n que lidera Ursula von der Leyen se ha puesto de perfil con las derivas de la Hungr\u00eda de&nbsp;V\u00edktor Orb\u00e1n&nbsp;o del PiS en Polonia. El t\u00e1ndem iliberal y ultraconservador, unido ahora por la extrema derecha de&nbsp;<a href=\"https:\/\/www.publico.es\/internacional\/gobierno-ultraderechista-meloni-restringir-aborto.html#analytics-noticia:contenido-enlace\">Giorgia Meloni en Italia<\/a>, ha cargado con dureza contra mujeres, homosexuales o refugiados con un silencio casi sepulcral con todo ello en la capital comunitaria.<\/p>\n\n\n\n<p class=\"wp-block-paragraph\">De paso por la capital belga, las activistas polacas&nbsp;Justyna y Natalia&nbsp;piden a la Uni\u00f3n Europea m\u00e1s mano dura con la deriva de su Gobierno, m\u00e1s apoyo, con por ejemplo acuerdos transfronterizos entre Estados miembros, para apoyar y ayudar a las mujeres polacas, y m\u00e1s contundencia a la hora de defender los derechos humanos y fundamentales dentro de suelo europeo.<\/p>\n\n\n\n<p class=\"wp-block-paragraph\">El caso judicial de la activista polaca se enmarca en un momento de declive en la separaci\u00f3n del Estado de Derecho en el pa\u00eds del Este. Bruselas y Varsovia suman ocho a\u00f1os de pugna y choques por la controvertida reforma judicial del PiS, que ha llevado a politizar la judicatura designando a jueces a dedo. El ministro de Justicia y el&nbsp;fiscal general&nbsp;es la misma persona. Pero Polonia tambi\u00e9n ha utilizado la guerra en Ucrania, es el pa\u00eds m\u00e1s halc\u00f3n de la UE con Rusia y el que m\u00e1s refugiados ucranianos acoge, para aplacar las cr\u00edticas de Bruselas con respecto a su deriva totalitaria y de reducci\u00f3n de derechos dentro de casa.<\/p>\n","protected":false},"excerpt":{"rendered":"<p>ZORNOZA&nbsp; &nbsp;@MARIAGZORNOZA \u2013 P\u00fablico.es &nbsp;A su paso por Bruselas, la primera activista condenada en Europa por ayudar a abortar pide a la UE m\u00e1s presi\u00f3n con el Gobierno ultra de Polonia.&nbsp; Las mujeres polacas tienen ahora&nbsp;menos derechos\u2026<\/p>\n","protected":false},"author":2,"featured_media":0,"comment_status":"closed","ping_status":"open","sticky":false,"template":"","format":"standard","meta":{"footnotes":""},"categories":[1],"tags":[],"class_list":["post-22339","post","type-post","status-publish","format-standard","hentry","category-other-news"],"yoast_head":"<!-- This site is optimized with the Yoast SEO plugin v16.7 - https:\/\/yoast.com\/wordpress\/plugins\/seo\/ -->\n<title>Las mujeres en Polonia tras la prohibici\u00f3n del aborto: una historia de soledad, miedo y desesperaci\u00f3n - Other News - Voz en contra de la corriente<\/title>\n<meta name=\"robots\" content=\"index, follow, max-snippet:-1, max-image-preview:large, max-video-preview:-1\" \/>\n<link rel=\"canonical\" href=\"https:\/\/www.other-news.info\/noticias\/las-mujeres-en-polonia-tras-la-prohibicion-del-aborto-una-historia-de-soledad-miedo-y-desesperacion\/\" \/>\n<meta property=\"og:locale\" content=\"es_ES\" \/>\n<meta property=\"og:type\" content=\"article\" \/>\n<meta property=\"og:title\" content=\"Las mujeres en Polonia tras la prohibici\u00f3n del aborto: una historia de soledad, miedo y desesperaci\u00f3n - Other News - Voz en contra de la corriente\" \/>\n<meta property=\"og:description\" content=\"ZORNOZA&nbsp; &nbsp;@MARIAGZORNOZA \u2013 P\u00fablico.es &nbsp;A su paso por Bruselas, la primera activista condenada en Europa por ayudar a abortar pide a la UE m\u00e1s presi\u00f3n con el Gobierno ultra de Polonia.&nbsp; Las mujeres polacas tienen ahora&nbsp;menos derechos\u2026\" \/>\n<meta property=\"og:url\" content=\"https:\/\/www.other-news.info\/noticias\/las-mujeres-en-polonia-tras-la-prohibicion-del-aborto-una-historia-de-soledad-miedo-y-desesperacion\/\" \/>\n<meta property=\"og:site_name\" content=\"Other News - Voz en contra de la corriente\" \/>\n<meta property=\"article:published_time\" content=\"2023-05-02T16:40:21+00:00\" \/>\n<meta name=\"twitter:card\" content=\"summary_large_image\" \/>\n<meta name=\"twitter:label1\" content=\"Escrito por\" \/>\n\t<meta name=\"twitter:data1\" content=\"admin\" \/>\n\t<meta name=\"twitter:label2\" content=\"Tiempo de lectura\" \/>\n\t<meta name=\"twitter:data2\" content=\"6 minutos\" \/>\n<script type=\"application\/ld+json\" class=\"yoast-schema-graph\">{\"@context\":\"https:\/\/schema.org\",\"@graph\":[{\"@type\":\"WebSite\",\"@id\":\"https:\/\/www.other-news.info\/noticias\/#website\",\"url\":\"https:\/\/www.other-news.info\/noticias\/\",\"name\":\"Other News - Voz en contra de la corriente\",\"description\":\"Voz en contra de la corriente\",\"potentialAction\":[{\"@type\":\"SearchAction\",\"target\":{\"@type\":\"EntryPoint\",\"urlTemplate\":\"https:\/\/www.other-news.info\/noticias\/?s={search_term_string}\"},\"query-input\":\"required name=search_term_string\"}],\"inLanguage\":\"es\"},{\"@type\":\"WebPage\",\"@id\":\"https:\/\/www.other-news.info\/noticias\/las-mujeres-en-polonia-tras-la-prohibicion-del-aborto-una-historia-de-soledad-miedo-y-desesperacion\/#webpage\",\"url\":\"https:\/\/www.other-news.info\/noticias\/las-mujeres-en-polonia-tras-la-prohibicion-del-aborto-una-historia-de-soledad-miedo-y-desesperacion\/\",\"name\":\"Las mujeres en Polonia tras la prohibici\\u00f3n del aborto: una historia de soledad, miedo y desesperaci\\u00f3n - Other News - Voz en contra de la corriente\",\"isPartOf\":{\"@id\":\"https:\/\/www.other-news.info\/noticias\/#website\"},\"datePublished\":\"2023-05-02T16:40:21+00:00\",\"dateModified\":\"2023-05-02T16:40:21+00:00\",\"author\":{\"@id\":\"https:\/\/www.other-news.info\/noticias\/#\/schema\/person\/dd0ead9df8654b02034c4da003b9991b\"},\"breadcrumb\":{\"@id\":\"https:\/\/www.other-news.info\/noticias\/las-mujeres-en-polonia-tras-la-prohibicion-del-aborto-una-historia-de-soledad-miedo-y-desesperacion\/#breadcrumb\"},\"inLanguage\":\"es\",\"potentialAction\":[{\"@type\":\"ReadAction\",\"target\":[\"https:\/\/www.other-news.info\/noticias\/las-mujeres-en-polonia-tras-la-prohibicion-del-aborto-una-historia-de-soledad-miedo-y-desesperacion\/\"]}]},{\"@type\":\"BreadcrumbList\",\"@id\":\"https:\/\/www.other-news.info\/noticias\/las-mujeres-en-polonia-tras-la-prohibicion-del-aborto-una-historia-de-soledad-miedo-y-desesperacion\/#breadcrumb\",\"itemListElement\":[{\"@type\":\"ListItem\",\"position\":1,\"name\":\"Home\",\"item\":\"https:\/\/www.other-news.info\/noticias\/\"},{\"@type\":\"ListItem\",\"position\":2,\"name\":\"Las mujeres en Polonia tras la prohibici\\u00f3n del aborto: una historia de soledad, miedo y desesperaci\\u00f3n\"}]},{\"@type\":\"Person\",\"@id\":\"https:\/\/www.other-news.info\/noticias\/#\/schema\/person\/dd0ead9df8654b02034c4da003b9991b\",\"name\":\"admin\",\"image\":{\"@type\":\"ImageObject\",\"@id\":\"https:\/\/www.other-news.info\/noticias\/#personlogo\",\"inLanguage\":\"es\",\"url\":\"https:\/\/secure.gravatar.com\/avatar\/e67344401a27ff9f91b2b48296aaa8fb9186ac51a3404ed4bdfbe790b6a9ee11?s=96&d=mm&r=g\",\"contentUrl\":\"https:\/\/secure.gravatar.com\/avatar\/e67344401a27ff9f91b2b48296aaa8fb9186ac51a3404ed4bdfbe790b6a9ee11?s=96&d=mm&r=g\",\"caption\":\"admin\"},\"url\":\"https:\/\/www.other-news.info\/noticias\/author\/admin\/\"}]}<\/script>\n<!-- \/ Yoast SEO plugin. -->","yoast_head_json":{"title":"Las mujeres en Polonia tras la prohibici\u00f3n del aborto: una historia de soledad, miedo y desesperaci\u00f3n - Other News - Voz en contra de la corriente","robots":{"index":"index","follow":"follow","max-snippet":"max-snippet:-1","max-image-preview":"max-image-preview:large","max-video-preview":"max-video-preview:-1"},"canonical":"https:\/\/www.other-news.info\/noticias\/las-mujeres-en-polonia-tras-la-prohibicion-del-aborto-una-historia-de-soledad-miedo-y-desesperacion\/","og_locale":"es_ES","og_type":"article","og_title":"Las mujeres en Polonia tras la prohibici\u00f3n del aborto: una historia de soledad, miedo y desesperaci\u00f3n - Other News - Voz en contra de la corriente","og_description":"ZORNOZA&nbsp; &nbsp;@MARIAGZORNOZA \u2013 P\u00fablico.es &nbsp;A su paso por Bruselas, la primera activista condenada en Europa por ayudar a abortar pide a la UE m\u00e1s presi\u00f3n con el Gobierno ultra de Polonia.&nbsp; Las mujeres polacas tienen ahora&nbsp;menos derechos\u2026","og_url":"https:\/\/www.other-news.info\/noticias\/las-mujeres-en-polonia-tras-la-prohibicion-del-aborto-una-historia-de-soledad-miedo-y-desesperacion\/","og_site_name":"Other News - Voz en contra de la corriente","article_published_time":"2023-05-02T16:40:21+00:00","twitter_card":"summary_large_image","twitter_misc":{"Escrito por":"admin","Tiempo de lectura":"6 minutos"},"schema":{"@context":"https:\/\/schema.org","@graph":[{"@type":"WebSite","@id":"https:\/\/www.other-news.info\/noticias\/#website","url":"https:\/\/www.other-news.info\/noticias\/","name":"Other News - Voz en contra de la corriente","description":"Voz en contra de la corriente","potentialAction":[{"@type":"SearchAction","target":{"@type":"EntryPoint","urlTemplate":"https:\/\/www.other-news.info\/noticias\/?s={search_term_string}"},"query-input":"required name=search_term_string"}],"inLanguage":"es"},{"@type":"WebPage","@id":"https:\/\/www.other-news.info\/noticias\/las-mujeres-en-polonia-tras-la-prohibicion-del-aborto-una-historia-de-soledad-miedo-y-desesperacion\/#webpage","url":"https:\/\/www.other-news.info\/noticias\/las-mujeres-en-polonia-tras-la-prohibicion-del-aborto-una-historia-de-soledad-miedo-y-desesperacion\/","name":"Las mujeres en Polonia tras la prohibici\u00f3n del aborto: una historia de soledad, miedo y desesperaci\u00f3n - Other News - Voz en contra de la corriente","isPartOf":{"@id":"https:\/\/www.other-news.info\/noticias\/#website"},"datePublished":"2023-05-02T16:40:21+00:00","dateModified":"2023-05-02T16:40:21+00:00","author":{"@id":"https:\/\/www.other-news.info\/noticias\/#\/schema\/person\/dd0ead9df8654b02034c4da003b9991b"},"breadcrumb":{"@id":"https:\/\/www.other-news.info\/noticias\/las-mujeres-en-polonia-tras-la-prohibicion-del-aborto-una-historia-de-soledad-miedo-y-desesperacion\/#breadcrumb"},"inLanguage":"es","potentialAction":[{"@type":"ReadAction","target":["https:\/\/www.other-news.info\/noticias\/las-mujeres-en-polonia-tras-la-prohibicion-del-aborto-una-historia-de-soledad-miedo-y-desesperacion\/"]}]},{"@type":"BreadcrumbList","@id":"https:\/\/www.other-news.info\/noticias\/las-mujeres-en-polonia-tras-la-prohibicion-del-aborto-una-historia-de-soledad-miedo-y-desesperacion\/#breadcrumb","itemListElement":[{"@type":"ListItem","position":1,"name":"Home","item":"https:\/\/www.other-news.info\/noticias\/"},{"@type":"ListItem","position":2,"name":"Las mujeres en Polonia tras la prohibici\u00f3n del aborto: una historia de soledad, miedo y desesperaci\u00f3n"}]},{"@type":"Person","@id":"https:\/\/www.other-news.info\/noticias\/#\/schema\/person\/dd0ead9df8654b02034c4da003b9991b","name":"admin","image":{"@type":"ImageObject","@id":"https:\/\/www.other-news.info\/noticias\/#personlogo","inLanguage":"es","url":"https:\/\/secure.gravatar.com\/avatar\/e67344401a27ff9f91b2b48296aaa8fb9186ac51a3404ed4bdfbe790b6a9ee11?s=96&d=mm&r=g","contentUrl":"https:\/\/secure.gravatar.com\/avatar\/e67344401a27ff9f91b2b48296aaa8fb9186ac51a3404ed4bdfbe790b6a9ee11?s=96&d=mm&r=g","caption":"admin"},"url":"https:\/\/www.other-news.info\/noticias\/author\/admin\/"}]}},"_links":{"self":[{"href":"https:\/\/www.other-news.info\/noticias\/wp-json\/wp\/v2\/posts\/22339","targetHints":{"allow":["GET"]}}],"collection":[{"href":"https:\/\/www.other-news.info\/noticias\/wp-json\/wp\/v2\/posts"}],"about":[{"href":"https:\/\/www.other-news.info\/noticias\/wp-json\/wp\/v2\/types\/post"}],"author":[{"embeddable":true,"href":"https:\/\/www.other-news.info\/noticias\/wp-json\/wp\/v2\/users\/2"}],"replies":[{"embeddable":true,"href":"https:\/\/www.other-news.info\/noticias\/wp-json\/wp\/v2\/comments?post=22339"}],"version-history":[{"count":1,"href":"https:\/\/www.other-news.info\/noticias\/wp-json\/wp\/v2\/posts\/22339\/revisions"}],"predecessor-version":[{"id":22340,"href":"https:\/\/www.other-news.info\/noticias\/wp-json\/wp\/v2\/posts\/22339\/revisions\/22340"}],"wp:attachment":[{"href":"https:\/\/www.other-news.info\/noticias\/wp-json\/wp\/v2\/media?parent=22339"}],"wp:term":[{"taxonomy":"category","embeddable":true,"href":"https:\/\/www.other-news.info\/noticias\/wp-json\/wp\/v2\/categories?post=22339"},{"taxonomy":"post_tag","embeddable":true,"href":"https:\/\/www.other-news.info\/noticias\/wp-json\/wp\/v2\/tags?post=22339"}],"curies":[{"name":"wp","href":"https:\/\/api.w.org\/{rel}","templated":true}]}}