{"id":22341,"date":"2023-05-02T18:41:37","date_gmt":"2023-05-02T16:41:37","guid":{"rendered":"https:\/\/www.other-news.info\/noticias\/?p=22341"},"modified":"2023-05-02T18:41:38","modified_gmt":"2023-05-02T16:41:38","slug":"sudamerica-en-la-fractura-del-mundo","status":"publish","type":"post","link":"https:\/\/www.other-news.info\/noticias\/sudamerica-en-la-fractura-del-mundo\/","title":{"rendered":"Sudam\u00e9rica en la fractura del mundo"},"content":{"rendered":"\n<p class=\"wp-block-paragraph\"><a href=\"https:\/\/www.elsaltodiario.com\/autor\/pablo-gandolfo\">Pablo Gandolfo<\/a> \u2013 El Salto<\/p>\n\n\n\n<p class=\"wp-block-paragraph\"><em>&nbsp;Estados Unidos se prepara para la guerra contra China en todo el mundo. La planificaci\u00f3n b\u00e9lica incluye a Sudam\u00e9rica.<\/em><\/p>\n\n\n\n<p class=\"wp-block-paragraph\">Frente al debilitamiento progresivo de su hegemon\u00eda mundial \u2014con la guerra que promovi\u00f3 en Ucrania\u2014 Estados Unidos inaugur\u00f3&nbsp;<a href=\"https:\/\/www.elsaltodiario.com\/globalizacion\/china-ucrania-taiwan-fractura-del-mundo-reemplaza-hegemonia\">una nueva fase en su proyecci\u00f3n geoestrat\u00e9gica<\/a>, la fractura del globo para contener a China. Equivale a reconocer que en una fracci\u00f3n del mundo, Estados Unidos no ser\u00e1 hegem\u00f3nico, y China y sus aliados tendr\u00e1n su parte. Lo cual no es lo mismo que decir que el aparato de estado norteamericano se vaya a resignar pasivamente.&nbsp;<\/p>\n\n\n\n<p class=\"wp-block-paragraph\">Esa estrategia tiene dos espacios donde la obsecuencia debe ser total: Europa y Am\u00e9rica Latina. En Europa, todo marchaba seg\u00fan lo planeado, la guerra en Ucrania obr\u00f3 como fuerza centr\u00edpeta, la OTAN se muestra revigorizada, las burgues\u00edas europeas no se desalinearon a pesar de que el capital estadounidense utiliza el conflicto para ganar competitividad respecto a ellas, y la posibilidad de que esa marcha se rompa no pasa por las \u00e9lites sino por la reacci\u00f3n de los pueblos, a medida que las burgues\u00edas trasladan la factura \u2014creciente\u2014 hacia sus propias clases trabajadoras.&nbsp;<\/p>\n\n\n\n<p class=\"wp-block-paragraph\">Sin embargo, en las \u00faltimas semanas aparecieron s\u00edntomas de resquebrajamiento de ese orden. Un pueblo con larga tradici\u00f3n de revueltas \u2014el franc\u00e9s\u2014 se levant\u00f3 contra una reforma jubilatoria. Cu\u00e1l ser\u00e1 la jubilaci\u00f3n que los franceses tengan es un tema sobre el cual tambi\u00e9n influye \u2014y mucho\u2014 c\u00f3mo se resuelva el conflicto en Ucrania.<\/p>\n\n\n\n<p class=\"wp-block-paragraph\">Como venimos desarrollando en art\u00edculos&nbsp;<a href=\"https:\/\/www.elsaltodiario.com\/autor\/pablo-gandolfo\">anteriores en El Salto<\/a>, hoy menos que nunca, podemos leer el acontecer como fragmentos inconexos, sin vinculaci\u00f3n. Pero, hoy m\u00e1s que nunca, los medios de comunicaci\u00f3n hegem\u00f3nicos tienden a presentarnos la informaci\u00f3n de ese modo. Est\u00e1 en curso una batalla por el reordenamiento del mundo, y cada movimiento afecta a todos los dem\u00e1s. No solo a los pa\u00edses, tambi\u00e9n a las clases sociales dentro de ellos, y a las fracciones de clase. Las relaciones de fuerza entre clases sociales dentro de un pa\u00eds tienen un correlato en su pol\u00edtica exterior. Y viceversa.&nbsp;<\/p>\n\n\n\n<p class=\"wp-block-paragraph\">\u201cEuropa debe reducir su dependencia de Estados Unidos y evitar verse arrastrada a una confrontaci\u00f3n entre China y Estados Unidos por Taiw\u00e1n\u201d, dijo Macron&nbsp;<\/p>\n\n\n\n<p class=\"wp-block-paragraph\">El cambio de relaciones de fuerza en la sociedad francesa producto de ese levantamiento es uno de los motores detr\u00e1s de las&nbsp;<a href=\"https:\/\/www.politico.eu\/article\/emmanuel-macron-china-america-pressure-interview\/\">declaraciones de&nbsp;<\/a>Emmanuel Macron durante su viaje de vuelta desde China, las m\u00e1s disonantes hacia el alineamiento autom\u00e1tico con Estados Unidos que un alto funcionario europeo haya realizado en m\u00e1s de un a\u00f1o de conflicto. Macron dijo que \u201cEuropa debe reducir su dependencia de Estados Unidos y evitar verse arrastrada a una confrontaci\u00f3n entre China y Estados Unidos por Taiw\u00e1n\u201d. Agreg\u00f3 que de no hacerlo \u201cel gran riesgo\u201d es \u201cquedar atrapada en crisis que no son las nuestras, lo que le impide construir su autonom\u00eda estrat\u00e9gica\u201d. Y sac\u00f3 una conclusi\u00f3n lapidaria: \u201cSi las tensiones entre las dos superpotencias aumentan\u2026 no tendremos el tiempo ni los recursos para financiar nuestra autonom\u00eda estrat\u00e9gica y nos convertiremos en vasallos\u201d.<\/p>\n\n\n\n<p class=\"wp-block-paragraph\">Uno de los tres periodistas a los cuales Macron concedi\u00f3 la entrevista era del medio&nbsp;Politico. Al final de la nota aclara que el contenido fue revisado y pulido por los asesores de Macron. Y termina diciendo que \u201calgunas partes de la entrevista en las que el presidente habl\u00f3 a\u00fan m\u00e1s francamente sobre Taiw\u00e1n y la autonom\u00eda estrat\u00e9gica de Europa fueron eliminadas por el El\u00edseo\u201d. El presidente franc\u00e9s fue a\u00fan m\u00e1s crudo en la realidad que en la versi\u00f3n lavada que nos llega.<\/p>\n\n\n\n<p class=\"wp-block-paragraph\"><em>&nbsp;La guerra llega al cono sur<\/em><\/p>\n\n\n\n<p class=\"wp-block-paragraph\">En Am\u00e9rica Latina, el imperativo geoestrat\u00e9gico estadounidense a\u00fan no se expresa con la claridad que lo hace al otro lado del Atl\u00e1ntico, pero ya clarea en el horizonte. En el subcontinente las piezas decisivas son Brasil y Argentina. Centroam\u00e9rica carece de fuerza para marcar el rumbo, y el margen de maniobra de M\u00e9xico, dado los nudos de dependencia respecto a la econom\u00eda estadounidense, son limitados. Adem\u00e1s, el pa\u00eds azteca busca beneficiarse \u2014\u00bfingenuamente?\u2014 de la nueva geoeconom\u00eda que pretende construir Washington con el&nbsp;near, friend&nbsp;y&nbsp;ally-shoring&nbsp;[cadenas de suministro], acortando las cadenas de valor, y utilizando al pa\u00eds como plataforma cercana para mano de obra barata, en reemplazo del Sudeste Asi\u00e1tico y China. El&nbsp;near-shoring&nbsp;tiene una faceta comercial pero tiene otra militar, que es prepararse para una guerra de una escala diferente a las que conocimos en las \u00faltimas d\u00e9cadas.&nbsp;&nbsp;&nbsp;<\/p>\n\n\n\n<p class=\"wp-block-paragraph\">\u201c\u00bfPor qu\u00e9 todos los pa\u00edses necesitan hacer su comercio respaldado por el d\u00f3lar? \u00bfPor qu\u00e9 no podemos comerciar con nuestras propias monedas? \u00bfQui\u00e9n decidi\u00f3 que fuera el d\u00f3lar?\u201d, dijo Lula en China<\/p>\n\n\n\n<p class=\"wp-block-paragraph\">En Beijing \u2014parece que la capital china insufla de valent\u00eda a los mandatarios occidentales\u2014 Lula abord\u00f3 un tema muy sensible para Estados Unidos y se sum\u00f3 a la pl\u00e9yade de iniciativas tendientes a comerciar por fuera del d\u00f3lar: \u201c\u00bfPor qu\u00e9 todos los pa\u00edses necesitan hacer su comercio respaldado por el d\u00f3lar? \u00bfPor qu\u00e9 no podemos comerciar con nuestras propias monedas? \u00bfQui\u00e9n decidi\u00f3 que fuera el d\u00f3lar?\u201d. Lo hizo en una circunstancia cargada de simbolismos, mientras Dilma Rousseff asum\u00eda como presidenta del Nuevo Banco de Desarrollo (NDB) de los BRICS, que pretende ser la contracara del FMI.<\/p>\n\n\n\n<p class=\"wp-block-paragraph\">Lula tambi\u00e9n se refiri\u00f3 a la situaci\u00f3n de Argentina: \u201cNo le corresponde a un banco asfixiar la econom\u00eda de una naci\u00f3n como lo est\u00e1&nbsp;<a href=\"https:\/\/actualidad.rt.com\/actualidad\/460728-desembolso-ajustes-argentina-fmi-acuerdo%E2%80%9D%20cmp-ltrk=\">haciendo<\/a>&nbsp;ahora el FMI con Argentina, como lo hizo con Brasil durante tanto tiempo y como lo hizo con los pa\u00edses del tercer mundo. Ning\u00fan gobernante puede trabajar con un cuchillo en la garganta porque tenga deudas\u201c. Tambi\u00e9n denunci\u00f3 que el FMI toma a los pa\u00edses como rehenes: \u201cCuando el Fondo Monetario Internacional o cualquier otra instituci\u00f3n presta a un pa\u00eds del tercer mundo, la gente se siente en el derecho de mandar, de administrar las cuentas de esas naciones, como si fueran sus rehenes\u201d. Y encomi\u00f3 a Dilma Rousseff a que el NBD \u201cpreste dinero con miras a ayudar a los pa\u00edses en desarrollo y no sofocarlos\u201d.<\/p>\n\n\n\n<p class=\"wp-block-paragraph\">Las palabras de Lula encierran un diagn\u00f3stico. La deuda externa y el Fondo Monetario Internacional son los instrumentos principales para lograr un sometimiento pleno de Buenos Aires a los de Estados Unidos. La acuciante necesidad de d\u00f3lares sirve para ce\u00f1ir la soga alrededor del cuello. Lo curioso es que Argentina genera los d\u00f3lares que necesita, pero el capital financiero internacional encontr\u00f3 en la deuda externa, con la complicidad de la lumpen-burgues\u00eda local, la manera de devolver esos d\u00f3lares a Wall Street y reciclarlos, sumiendo al pa\u00eds en una escasez c\u00edclica.<\/p>\n\n\n\n<p class=\"wp-block-paragraph\">El Gobierno anterior, encabezado por Mauricio Macri, un empresario especializado en negocios re\u00f1idos con la legalidad, tom\u00f3 100.000 millones de d\u00f3lares de nueva deuda externa. No fueron utilizados para realizar inversiones productivas sino para pasar de pesos a d\u00f3lares las ganancias de las empresas y girarlos al exterior.&nbsp;<\/p>\n\n\n\n<p class=\"wp-block-paragraph\">La negociaci\u00f3n que se cerr\u00f3 Argentina con el FMI en marzo de 2022, contiene condicionalidades que ya tiene a la Argentina a las puertas de la peor crisis econ\u00f3mica, social y pol\u00edtica de su historia<\/p>\n\n\n\n<p class=\"wp-block-paragraph\">El actual Gobierno recibi\u00f3 un esquema de pagos que era imposible de cumplir, que inclu\u00eda 18.901 millones de d\u00f3lares en 2022 y 19.144 en 2023. La imposibilidad de pago no era un error de c\u00e1lculo, sino parte del programa original. Esa incapacidad renueva la necesidad de renegociar imponiendo al pa\u00eds nuevas condiciones. La negociaci\u00f3n que se cerr\u00f3 en marzo de 2022, contiene condicionalidades que ya tiene a la Argentina a las puertas de la peor crisis econ\u00f3mica, social y pol\u00edtica de su historia. Sin embargo, este acuerdo tampoco fue escrito para ser cumplido sino para que llegado el momento, sea un nuevo instrumento para imponer al pa\u00eds la condiciones que la situaci\u00f3n haga pertinentes. En ese punto, las finanzas dan paso a la geopol\u00edtica.<\/p>\n\n\n\n<p class=\"wp-block-paragraph\"><em>&nbsp;\u201cLa tierra me quiere arrebatar\u201d<\/em><\/p>\n\n\n\n<p class=\"wp-block-paragraph\">La ofensiva desarrollada en el \u00faltimo mes sobre la Argentina es ostensible. Veinte d\u00edas atr\u00e1s, el presidente argentino, Alberto Fern\u00e1ndez, estuvo en las ant\u00edpodas de Beijing \u2014Washington\u2014 y sus declaraciones fueron tambi\u00e9n la contracara de las de Macron y Lula.&nbsp;<a href=\"https:\/\/www.elcohetealaluna.com\/secos\/\">En la comunicaci\u00f3n oficial<\/a>&nbsp;consignada por la Casa Blanca, se\u00f1ala que los presidentes hablaron sobre \u201cminerales cr\u00edticos, cambio clim\u00e1tico, el espacio y la tecnolog\u00eda\u201d. Hay que recordar esos temas.&nbsp;&nbsp;<\/p>\n\n\n\n<p class=\"wp-block-paragraph\">En una&nbsp;<a href=\"https:\/\/www.casarosada.gob.ar\/informacion\/conferencias\/49780-entrevista-al-presidente-alberto-fernandez-para-minuto-uno-en-c5n-desde-washington-estados-unidos.\">entrevista&nbsp;<\/a>posterior al encuentro, el presidente argentino transparent\u00f3 el n\u00facleo de la relaci\u00f3n, \u201cayuda\u201d financiera a cambio de que Argentina entregue recursos invalorables: \u201cSomos grandes productores de alimentos, somos grandes proveedores de gas, y el primer importador de litio de Argentina es EE UU (\u2026) Concretamos esta reuni\u00f3n con los equipos para poder trabajar en estos asuntos, sabiendo que Argentina est\u00e1 viviendo una situaci\u00f3n particularmente dif\u00edcil\u201d. En la misma entrevista el presidente dijo que Biden mencion\u00f3 la presencia de empresas chinas en obras de infraestructura.&nbsp;<\/p>\n\n\n\n<p class=\"wp-block-paragraph\">Entre esas preocupaciones \u2014esto no fue mencionado en declaraciones p\u00fablicas de ninguno de los presidentes, pero se puede reconstruir a partir de documentos y declaraciones de otros personeros de EE UU, en especial la jefa del Comando Sur, la generala de cuatro estrellas Laura Jane Richardson\u2014 se cuentan cinco temas cr\u00edticos:<\/p>\n\n\n\n<p class=\"wp-block-paragraph\">1 \u2013 Que Huawei no se quede con el 5G. El crecimiento del ancho de banda permitir\u00e1 correr sobre ella sistemas militares, inteligencia artificial, internet de las cosas y m\u00e1s.&nbsp;&nbsp;&nbsp;<\/p>\n\n\n\n<p class=\"wp-block-paragraph\">2 &#8211; Que China no construya la central nuclear Atucha 3.&nbsp;Seg\u00fan cient\u00edficos argentinos la iniciativa permitir\u00eda realizar avances propios en el sector at\u00f3mico nacional.<\/p>\n\n\n\n<p class=\"wp-block-paragraph\">3 \u2013 No realizar la compra de aviones caza chinos Jf-17 para la Fuerza A\u00e9rea, mucho menos fabricarlos.<\/p>\n\n\n\n<p class=\"wp-block-paragraph\">4 &#8211; Rechazar la participaci\u00f3n China en el puerto de Ushuaia y R\u00edo Grande, ubicados en el extremo sur, a pocos kil\u00f3metros del Estrecho de Magallanes. El \u00fanico lugar por donde pasar del Oc\u00e9ano Atl\u00e1ntico al Pac\u00edfico en el caso de que el canal de Panam\u00e1 estuviera cerrado.<\/p>\n\n\n\n<p class=\"wp-block-paragraph\">5 &#8211; Que no haya empresas chinas operando en la v\u00eda navegable del R\u00edo Paran\u00e1.<\/p>\n\n\n\n<p class=\"wp-block-paragraph\"><em>&nbsp;\u201cMe acosa con la gloria perdida de su dios\u201d<\/em><\/p>\n\n\n\n<p class=\"wp-block-paragraph\">Una menci\u00f3n muy especial, por el tono amenazante y su insolencia, merecen las palabras pronunciadas por la congresista republicana Mar\u00eda Elvira Salazar durante una audiencia legislativa en Washington el 1 de abril: \u201cVoy a usar este foro para mandar un mensaje a los argentinos, espec\u00edficamente a la vicepresidenta. Quiero hacerlo en espa\u00f1ol, porque tal vez no te escuchen y tal vez me escuchen a m\u00ed. Para advertirles que si deciden construir una f\u00e1brica de aviones, de cazas de guerra chinos es una muy mala idea para ellos, y para todo lo que tiene que ver con la relaci\u00f3n con EE UU\u201d. Dijo en ingl\u00e9s y cambi\u00f3 de idioma: \u201cLo voy a decir en espa\u00f1ol para que quede muy bien claro a mis amigos argentinos. Su presidenta y su presidente (sic) est\u00e1n haciendo un pacto con el diablo que puede tener consecuencias de proporciones b\u00edblicas. EE UU no se va a quedar con los brazos cruzados, porque no se puede tener un aliado que fabrique y exporte aviones militares chinos y que los venda a los vecinos. Hay dos mundos, el mundo libre y el mundo de los esclavos, espero que los argentinos se queden en el mundo libre\u201d. A Mar\u00eda Elvira, la sororidad la tiene sin cuidado.<\/p>\n\n\n\n<p class=\"wp-block-paragraph\">Gracias al Esp\u00edritu Santo y su capacidad de obrar milagros, el mensaje de los evangelios de nuestra \u00e9poca \u2014el sacrosanto capital financiero\u2014 se expres\u00f3 30 d\u00edas despu\u00e9s y comenz\u00f3 a descargar su furia contra el pa\u00eds de esclavos que realiza pactos con Belceb\u00fa. Para hacerlo decidi\u00f3 apoderarse en cuerpo y alma de la humanidad de Loretta Preska, una jueza del distrito Sur de Manhattan que fall\u00f3 contra el Estado Argentino y a favor de dos fondos de inversi\u00f3n en la expropiaci\u00f3n de la petrolera nacional YPF, la empresa m\u00e1s importante del pa\u00eds. Qui\u00e9nes se beneficiaron instant\u00e1neamente fueron los propietarios de acciones de Buford Capital \u2014uno de los dos fondos\u2014 que subieron un 67% en la semana con un pico superior al 80%.&nbsp;<\/p>\n\n\n\n<p class=\"wp-block-paragraph\"><em>&nbsp;El Tribunal Superior de Reino Unido fall\u00f3 en favor de cuatro fondos buitres y condena a Argentina a pagar 1.330 millones por modificar en 2013 la forma de medir el PBI<\/em><\/p>\n\n\n\n<p class=\"wp-block-paragraph\">Con ese juicio, una espada de Damocles de entre 8.000 y 20.000 millones de d\u00f3lares, amenaza a la petrolera estatal que est\u00e1 sentada sobre Vaca Muerta, el segundo yacimiento de shale gas m\u00e1s importante del mundo y el cuarto en petr\u00f3leo. Un diez en geopol\u00edtica para el Esp\u00edritu Santo.&nbsp;<\/p>\n\n\n\n<p class=\"wp-block-paragraph\">Cinco d\u00edas despu\u00e9s de ese fallo&nbsp;<a href=\"https:\/\/www.lapoliticaonline.com\/economia\/cupon-pbi-argentina-perdio-un-juicio-en-londres-y-debera-pagar-1330-millones-de-euros\/\">lleg\u00f3 otro<\/a>, esta vez desde Londres por un monto de 1.330 millones de euros. El Tribunal Superior fall\u00f3 en favor de cuatro fondos buitres por haber modificado en 2013 la forma de medici\u00f3n del PBI, evitando que tenedores de bonos cobrar\u00e1n un adicional atado a esa variable. Mediante los tratados internacionales, el capital financiero maniat\u00f3 a los pa\u00edses de tal forma que ni siquiera tienen soberan\u00eda para modificar la forma de elaborar sus estad\u00edsticas.&nbsp;<\/p>\n\n\n\n<p class=\"wp-block-paragraph\">La sumatoria de todos los elementos \u2014estos \u00faltimos pero tambi\u00e9n los mencionados por Biden y Fern\u00e1ndez\u2014 cobran pleno sentido cuando se los enfoca bajo la lupa de un trabajo escrito por Evan Ellis, quien oficia de&nbsp;<a href=\"https:\/\/www.csis.org\/people\/evan-ellis\">profesor e investigador<\/a>&nbsp;en la Escuela de Guerra del Ej\u00e9rcito de Estados Unidos. Bajo esa mirada aparece que detr\u00e1s de un velo comercial, de lo que se trata para los estrategas estadounidenses es un tema militar de cara a una Tercera Guerra Mundial, esta vez contra China.&nbsp;<\/p>\n\n\n\n<p class=\"wp-block-paragraph\"><em>&nbsp;\u201cMe acosa el carap\u00e1lida con la guerra sutil\u201d<\/em><\/p>\n\n\n\n<p class=\"wp-block-paragraph\">El trabajo de Ellis se titula \u201cEl papel estrat\u00e9gico de Am\u00e9rica Latina en un conflicto global por Taiw\u00e1n\u201d. Vaticina que es factible que se produzca una guerra en los pr\u00f3ximos diez a\u00f1os y plantea la posibilidad de que el subcontinente \u201cse convierta en un campo de batalla en tal conflicto\u201d. En esa hip\u00f3tesis China estar\u00eda trabajando para \u201cgarantizar la continuidad de los suministros de alimentos\u201d, \u201cla colaboraci\u00f3n con Brasil para el acceso al niobio [utilizado para industria aeroespacial y superconductores], y con Argentina, Chile, Bolivia y M\u00e9xico para garantizar los flujos de litio\u201d.<\/p>\n\n\n\n<p class=\"wp-block-paragraph\">Ellis parte del concepto que toda presencia civil china es potencialmente un instrumento militar en caso de conflicto: \u201cLas empresas con sede en la Rep\u00fablica Popular China que operan en la regi\u00f3n podr\u00edan servir como un conducto l\u00f3gico para albergar y apoyar a este personal, as\u00ed como a cualquier equipo especial que traigan. El personal chino asignado a tales compa\u00f1\u00edas, (\u2026) apoyar\u00eda la informaci\u00f3n sobre las condiciones locales, incluidas las relaciones con figuras pol\u00edticas y la poblaci\u00f3n en general, informaci\u00f3n log\u00edstica y t\u00e9cnica, y otras caracter\u00edsticas del terreno\u201d.<\/p>\n\n\n\n<p class=\"wp-block-paragraph\"><em>&nbsp;Bajo la l\u00f3gica estadounidense, si China ataca Taiw\u00e1n, la responsabilidad ser\u00e1 de los gobernantes latinoamericanos, que permitieron que demasiadas empresas chinas comercien con el continente<\/em><\/p>\n\n\n\n<p class=\"wp-block-paragraph\">Ese personal podr\u00eda actuar en \u201cla preparaci\u00f3n para la interrupci\u00f3n de instalaciones clave o rutas de inter\u00e9s para los EE UU como el Canal de Panam\u00e1\u201d. Por eso es importante que China no participe en la construcci\u00f3n de puertos en Tierra del Fuego debido al \u201cvalor estrat\u00e9gico de las instalaciones para el control del Estrecho de Magallanes. Los incentivos para que los chinos utilicen dicha instalaci\u00f3n, y para que el Gobierno argentino lo permita, se ver\u00edan complementados por su relativa distancia de EE UU y, por lo tanto, su seguridad frente a los ataques estadounidenses\u201d.&nbsp;<\/p>\n\n\n\n<p class=\"wp-block-paragraph\">Las hip\u00f3tesis incluyen un ataque biol\u00f3gico masivo contra la regi\u00f3n: \u201cLa creaci\u00f3n de una crisis alimentaria mediante la realizaci\u00f3n de ataques biol\u00f3gicos que puedan ser negados de manera plausible, contra las plantas y los animales de la regi\u00f3n, que abastecen a los EE UU\u201d. Dada la proclividad de los servicios secretos estadounidenses a los ataques de falsa bandera, la frase tambi\u00e9n puede interpretarse como una sugerencia operativa para ayudar a desatar el conflicto.<\/p>\n\n\n\n<p class=\"wp-block-paragraph\"><em>&nbsp;Una preocupaci\u00f3n especial se sit\u00faa en el dominio digital chino debido a la \u201cinformaci\u00f3n recopilada por (\u2026) Huawei, ZTE, Xiaomi, Oppo y otros tel\u00e9fonos inteligentes, datos gubernamentales, personales y comerciales que viajan a trav\u00e9s de las arquitecturas de telecomunicaciones\u201d<\/em><\/p>\n\n\n\n<p class=\"wp-block-paragraph\">El conocimiento que China posee, a trav\u00e9s de sus empresas civiles de la regi\u00f3n, facilitar\u00eda ataques sobre \u201cinfraestructuras cr\u00edticas en sectores como las telecomunicaciones, la electricidad, las finanzas y los puertos, entre otros\u201d. Las acciones podr\u00edan incluir \u201cla interrupci\u00f3n de las cadenas de suministro que apoyan a las empresas clave de defensa\u201d en particular \u201cminerales cr\u00edticos\u201d.&nbsp;<\/p>\n\n\n\n<p class=\"wp-block-paragraph\">Una preocupaci\u00f3n especial se sit\u00faa en el dominio digital debido a la \u201cinformaci\u00f3n recopilada por (\u2026) Huawei, ZTE, Xiaomi, Oppo y otros tel\u00e9fonos inteligentes, datos gubernamentales, personales y comerciales que viajan a trav\u00e9s de las arquitecturas de telecomunicaciones de Huawei y ZTE dominantes en la regi\u00f3n, datos contenidos en los servidores en la nube de Huawei y Alibaba (\u2026) sobre la ubicaci\u00f3n y las actividades clave del Gobierno\u201d. La competidora de Uber, Didi, es mencionada como fuente de informaciones valiosas. Tambi\u00e9n Hikvision y Dahua, que comercializan c\u00e1maras para vigilancia. Esa informaci\u00f3n puede ser usada \u201cpara atacar a los l\u00edderes pol\u00edticos y del sector de la seguridad, (\u2026) incluyendo el chantaje aprovechando el conocimiento de sus vidas personales obtenido a trav\u00e9s del acceso digital anteriormente mencionado\u201d.<\/p>\n\n\n\n<p class=\"wp-block-paragraph\">Otro tanto vale para el dominio espacial: \u201cEl acceso de China a las arquitecturas espaciales y al personal de Am\u00e9rica Latina podr\u00eda darle importantes oportunidades en tiempos de guerra para capturar se\u00f1ales de inteligencia u otra informaci\u00f3n sobre objetivos estadounidenses\u201d. En particular, los sat\u00e9lites codesarrollados que incluye cinco con Brasil, tres con Venezuela y uno con Bolivia. En ese \u00edtem aparece la \u201cconstrucci\u00f3n y operaci\u00f3n del radar de espacio profundo en Neuqu\u00e9n, Argentina, gestionado por personal del EPL\u201d y tambi\u00e9n \u201cla instalaci\u00f3n de b\u00fasqueda de alcance l\u00e1ser en el Observatorio de San Juan (\u2026). El acceso a estas instalaciones espaciales podr\u00eda proporcionar datos de apoyo a los ataques chinos desde el espacio contra los EE UU\u201d.<\/p>\n\n\n\n<p class=\"wp-block-paragraph\">El an\u00e1lisis de escenarios realizado por Evan Ellis incluye la posibilidad de que en un primer momento del conflicto, China pueda destruir las flotas navales de Estados Unidos en el Pac\u00edfico \u201ca trav\u00e9s de sus misiles bal\u00edsticos y de crucero antibuque\u201d y pudiera \u201cmantener a raya las plataformas de proyecci\u00f3n de poder de EE UU, como portaaviones, anfibios y otras naves de superficie\u201d.&nbsp;<\/p>\n\n\n\n<p class=\"wp-block-paragraph\"><em>&nbsp;Si la din\u00e1mica no se modifica radicalmente, Sudam\u00e9rica pagar\u00e1 muy caro sus debilidades expresadas diez a\u00f1os atr\u00e1s, cuando no pudo constituir una fuerte unidad alrededor de la Unasur<\/em><\/p>\n\n\n\n<p class=\"wp-block-paragraph\">Este escenario es importante para Sudam\u00e9rica porque el centro de gravedad del conflicto, pasar\u00eda de manera creciente desde la costa asi\u00e1tica a la de Am\u00e9rica. Como China no tendr\u00e1 fuerza para avanzar sobre la costa estadounidense deber\u00eda hacerlo sobre \u00e1reas m\u00e1s alejadas, donde Estados Unidos tenga menores posibilidades de proyectar su poder a\u00e9reo y naval, para luego moverse progresivamente hacia el norte. All\u00ed ser\u00eda clave la naviera comercial China Shipping, de la cual podemos ver sus contenedores en cualquier puerto de Sudam\u00e9rica, que permitir\u00eda \u201cfamiliaridad operativa\u201d as\u00ed como \u201cla capacidad de hacer un uso militar efectivo de cualquier instalaci\u00f3n que se ver\u00eda facilitada por el conocimiento y las relaciones de trabajo con sus hom\u00f3logos militares del pa\u00eds en cuesti\u00f3n\u201d.<\/p>\n\n\n\n<p class=\"wp-block-paragraph\">El documento termina con una advertencia para a los gobernantes latinoamericanos: \u201cEs de inter\u00e9s para los l\u00edderes pol\u00edticos y otros en la regi\u00f3n considerar c\u00f3mo las interacciones militares con el EPL, as\u00ed como los proyectos comerciales con empresas con sede en la RPC por parte de los gobiernos y socios latinoamericanos, en sectores estrat\u00e9gicos como los puertos, el espacio y el dominio digital, pueden contribuir indirectamente a la forma en que los chinos podr\u00edan buscar explotar las oportunidades creadas por dichos proyectos en el caso indeseable de que el creciente enfoque de la administraci\u00f3n Xi en la incorporaci\u00f3n forzosa de Taiw\u00e1n, desate un conflicto de alcance global\u201d. Si China ataca Taiw\u00e1n, la responsabilidad ser\u00e1 de los gobernantes latinoamericanos, que permitieron que demasiadas empresas chinas comercien con el continente.&nbsp;&nbsp;<\/p>\n\n\n\n<p class=\"wp-block-paragraph\"><em>&nbsp;&nbsp;Una d\u00e9cada m\u00e1s tarde, la regi\u00f3n asiste como un espectador privilegiado, sin voz ni voto, a la planificaci\u00f3n del choque en su propio territorio por la reconfiguraci\u00f3n del mundo<\/em><\/p>\n\n\n\n<p class=\"wp-block-paragraph\">M\u00e1s all\u00e1 de la relaci\u00f3n problem\u00e1tica que vincula a Evan Ellis con el razonamiento l\u00f3gico, si la din\u00e1mica no se modifica radicalmente, Sudam\u00e9rica pagar\u00e1 muy caro sus debilidades expresadas diez a\u00f1os atr\u00e1s, cuando no pudo constituir una fuerte unidad alrededor de la Unasur \u2014que hoy intenta resucitar\u2014 que permitiera blindar el subcontinente. Una d\u00e9cada m\u00e1s tarde, la regi\u00f3n asiste como un espectador privilegiado, sin voz ni voto, a la planificaci\u00f3n del choque en su propio territorio por la reconfiguraci\u00f3n del mundo.<\/p>\n","protected":false},"excerpt":{"rendered":"<p>Pablo Gandolfo \u2013 El Salto &nbsp;Estados Unidos se prepara para la guerra contra China en todo el mundo. La planificaci\u00f3n b\u00e9lica incluye a Sudam\u00e9rica. Frente al debilitamiento progresivo de su hegemon\u00eda mundial \u2014con la guerra que promovi\u00f3 en Ucrania\u2014 Estados Unidos\u2026<\/p>\n","protected":false},"author":2,"featured_media":0,"comment_status":"closed","ping_status":"open","sticky":false,"template":"","format":"standard","meta":{"footnotes":""},"categories":[1],"tags":[],"class_list":["post-22341","post","type-post","status-publish","format-standard","hentry","category-other-news"],"yoast_head":"<!-- This site is optimized with the Yoast SEO plugin v16.7 - https:\/\/yoast.com\/wordpress\/plugins\/seo\/ -->\n<title>Sudam\u00e9rica en la fractura del mundo - Other News - Voz en contra de la corriente<\/title>\n<meta name=\"robots\" content=\"index, follow, max-snippet:-1, max-image-preview:large, max-video-preview:-1\" \/>\n<link rel=\"canonical\" href=\"https:\/\/www.other-news.info\/noticias\/sudamerica-en-la-fractura-del-mundo\/\" \/>\n<meta property=\"og:locale\" content=\"es_ES\" \/>\n<meta property=\"og:type\" content=\"article\" \/>\n<meta property=\"og:title\" content=\"Sudam\u00e9rica en la fractura del mundo - Other News - Voz en contra de la corriente\" \/>\n<meta property=\"og:description\" content=\"Pablo Gandolfo \u2013 El Salto &nbsp;Estados Unidos se prepara para la guerra contra China en todo el mundo. La planificaci\u00f3n b\u00e9lica incluye a Sudam\u00e9rica. Frente al debilitamiento progresivo de su hegemon\u00eda mundial \u2014con la guerra que promovi\u00f3 en Ucrania\u2014 Estados Unidos\u2026\" \/>\n<meta property=\"og:url\" content=\"https:\/\/www.other-news.info\/noticias\/sudamerica-en-la-fractura-del-mundo\/\" \/>\n<meta property=\"og:site_name\" content=\"Other News - Voz en contra de la corriente\" \/>\n<meta property=\"article:published_time\" content=\"2023-05-02T16:41:37+00:00\" \/>\n<meta property=\"article:modified_time\" content=\"2023-05-02T16:41:38+00:00\" \/>\n<meta name=\"twitter:card\" content=\"summary_large_image\" \/>\n<meta name=\"twitter:label1\" content=\"Escrito por\" \/>\n\t<meta name=\"twitter:data1\" content=\"admin\" \/>\n\t<meta name=\"twitter:label2\" content=\"Tiempo de lectura\" \/>\n\t<meta name=\"twitter:data2\" content=\"19 minutos\" \/>\n<script type=\"application\/ld+json\" class=\"yoast-schema-graph\">{\"@context\":\"https:\/\/schema.org\",\"@graph\":[{\"@type\":\"WebSite\",\"@id\":\"https:\/\/www.other-news.info\/noticias\/#website\",\"url\":\"https:\/\/www.other-news.info\/noticias\/\",\"name\":\"Other News - Voz en contra de la corriente\",\"description\":\"Voz en contra de la corriente\",\"potentialAction\":[{\"@type\":\"SearchAction\",\"target\":{\"@type\":\"EntryPoint\",\"urlTemplate\":\"https:\/\/www.other-news.info\/noticias\/?s={search_term_string}\"},\"query-input\":\"required name=search_term_string\"}],\"inLanguage\":\"es\"},{\"@type\":\"WebPage\",\"@id\":\"https:\/\/www.other-news.info\/noticias\/sudamerica-en-la-fractura-del-mundo\/#webpage\",\"url\":\"https:\/\/www.other-news.info\/noticias\/sudamerica-en-la-fractura-del-mundo\/\",\"name\":\"Sudam\\u00e9rica en la fractura del mundo - Other News - Voz en contra de la corriente\",\"isPartOf\":{\"@id\":\"https:\/\/www.other-news.info\/noticias\/#website\"},\"datePublished\":\"2023-05-02T16:41:37+00:00\",\"dateModified\":\"2023-05-02T16:41:38+00:00\",\"author\":{\"@id\":\"https:\/\/www.other-news.info\/noticias\/#\/schema\/person\/dd0ead9df8654b02034c4da003b9991b\"},\"breadcrumb\":{\"@id\":\"https:\/\/www.other-news.info\/noticias\/sudamerica-en-la-fractura-del-mundo\/#breadcrumb\"},\"inLanguage\":\"es\",\"potentialAction\":[{\"@type\":\"ReadAction\",\"target\":[\"https:\/\/www.other-news.info\/noticias\/sudamerica-en-la-fractura-del-mundo\/\"]}]},{\"@type\":\"BreadcrumbList\",\"@id\":\"https:\/\/www.other-news.info\/noticias\/sudamerica-en-la-fractura-del-mundo\/#breadcrumb\",\"itemListElement\":[{\"@type\":\"ListItem\",\"position\":1,\"name\":\"Home\",\"item\":\"https:\/\/www.other-news.info\/noticias\/\"},{\"@type\":\"ListItem\",\"position\":2,\"name\":\"Sudam\\u00e9rica en la fractura del mundo\"}]},{\"@type\":\"Person\",\"@id\":\"https:\/\/www.other-news.info\/noticias\/#\/schema\/person\/dd0ead9df8654b02034c4da003b9991b\",\"name\":\"admin\",\"image\":{\"@type\":\"ImageObject\",\"@id\":\"https:\/\/www.other-news.info\/noticias\/#personlogo\",\"inLanguage\":\"es\",\"url\":\"https:\/\/secure.gravatar.com\/avatar\/e67344401a27ff9f91b2b48296aaa8fb9186ac51a3404ed4bdfbe790b6a9ee11?s=96&d=mm&r=g\",\"contentUrl\":\"https:\/\/secure.gravatar.com\/avatar\/e67344401a27ff9f91b2b48296aaa8fb9186ac51a3404ed4bdfbe790b6a9ee11?s=96&d=mm&r=g\",\"caption\":\"admin\"},\"url\":\"https:\/\/www.other-news.info\/noticias\/author\/admin\/\"}]}<\/script>\n<!-- \/ Yoast SEO plugin. -->","yoast_head_json":{"title":"Sudam\u00e9rica en la fractura del mundo - Other News - Voz en contra de la corriente","robots":{"index":"index","follow":"follow","max-snippet":"max-snippet:-1","max-image-preview":"max-image-preview:large","max-video-preview":"max-video-preview:-1"},"canonical":"https:\/\/www.other-news.info\/noticias\/sudamerica-en-la-fractura-del-mundo\/","og_locale":"es_ES","og_type":"article","og_title":"Sudam\u00e9rica en la fractura del mundo - Other News - Voz en contra de la corriente","og_description":"Pablo Gandolfo \u2013 El Salto &nbsp;Estados Unidos se prepara para la guerra contra China en todo el mundo. La planificaci\u00f3n b\u00e9lica incluye a Sudam\u00e9rica. Frente al debilitamiento progresivo de su hegemon\u00eda mundial \u2014con la guerra que promovi\u00f3 en Ucrania\u2014 Estados Unidos\u2026","og_url":"https:\/\/www.other-news.info\/noticias\/sudamerica-en-la-fractura-del-mundo\/","og_site_name":"Other News - Voz en contra de la corriente","article_published_time":"2023-05-02T16:41:37+00:00","article_modified_time":"2023-05-02T16:41:38+00:00","twitter_card":"summary_large_image","twitter_misc":{"Escrito por":"admin","Tiempo de lectura":"19 minutos"},"schema":{"@context":"https:\/\/schema.org","@graph":[{"@type":"WebSite","@id":"https:\/\/www.other-news.info\/noticias\/#website","url":"https:\/\/www.other-news.info\/noticias\/","name":"Other News - Voz en contra de la corriente","description":"Voz en contra de la corriente","potentialAction":[{"@type":"SearchAction","target":{"@type":"EntryPoint","urlTemplate":"https:\/\/www.other-news.info\/noticias\/?s={search_term_string}"},"query-input":"required name=search_term_string"}],"inLanguage":"es"},{"@type":"WebPage","@id":"https:\/\/www.other-news.info\/noticias\/sudamerica-en-la-fractura-del-mundo\/#webpage","url":"https:\/\/www.other-news.info\/noticias\/sudamerica-en-la-fractura-del-mundo\/","name":"Sudam\u00e9rica en la fractura del mundo - Other News - Voz en contra de la corriente","isPartOf":{"@id":"https:\/\/www.other-news.info\/noticias\/#website"},"datePublished":"2023-05-02T16:41:37+00:00","dateModified":"2023-05-02T16:41:38+00:00","author":{"@id":"https:\/\/www.other-news.info\/noticias\/#\/schema\/person\/dd0ead9df8654b02034c4da003b9991b"},"breadcrumb":{"@id":"https:\/\/www.other-news.info\/noticias\/sudamerica-en-la-fractura-del-mundo\/#breadcrumb"},"inLanguage":"es","potentialAction":[{"@type":"ReadAction","target":["https:\/\/www.other-news.info\/noticias\/sudamerica-en-la-fractura-del-mundo\/"]}]},{"@type":"BreadcrumbList","@id":"https:\/\/www.other-news.info\/noticias\/sudamerica-en-la-fractura-del-mundo\/#breadcrumb","itemListElement":[{"@type":"ListItem","position":1,"name":"Home","item":"https:\/\/www.other-news.info\/noticias\/"},{"@type":"ListItem","position":2,"name":"Sudam\u00e9rica en la fractura del mundo"}]},{"@type":"Person","@id":"https:\/\/www.other-news.info\/noticias\/#\/schema\/person\/dd0ead9df8654b02034c4da003b9991b","name":"admin","image":{"@type":"ImageObject","@id":"https:\/\/www.other-news.info\/noticias\/#personlogo","inLanguage":"es","url":"https:\/\/secure.gravatar.com\/avatar\/e67344401a27ff9f91b2b48296aaa8fb9186ac51a3404ed4bdfbe790b6a9ee11?s=96&d=mm&r=g","contentUrl":"https:\/\/secure.gravatar.com\/avatar\/e67344401a27ff9f91b2b48296aaa8fb9186ac51a3404ed4bdfbe790b6a9ee11?s=96&d=mm&r=g","caption":"admin"},"url":"https:\/\/www.other-news.info\/noticias\/author\/admin\/"}]}},"_links":{"self":[{"href":"https:\/\/www.other-news.info\/noticias\/wp-json\/wp\/v2\/posts\/22341","targetHints":{"allow":["GET"]}}],"collection":[{"href":"https:\/\/www.other-news.info\/noticias\/wp-json\/wp\/v2\/posts"}],"about":[{"href":"https:\/\/www.other-news.info\/noticias\/wp-json\/wp\/v2\/types\/post"}],"author":[{"embeddable":true,"href":"https:\/\/www.other-news.info\/noticias\/wp-json\/wp\/v2\/users\/2"}],"replies":[{"embeddable":true,"href":"https:\/\/www.other-news.info\/noticias\/wp-json\/wp\/v2\/comments?post=22341"}],"version-history":[{"count":1,"href":"https:\/\/www.other-news.info\/noticias\/wp-json\/wp\/v2\/posts\/22341\/revisions"}],"predecessor-version":[{"id":22342,"href":"https:\/\/www.other-news.info\/noticias\/wp-json\/wp\/v2\/posts\/22341\/revisions\/22342"}],"wp:attachment":[{"href":"https:\/\/www.other-news.info\/noticias\/wp-json\/wp\/v2\/media?parent=22341"}],"wp:term":[{"taxonomy":"category","embeddable":true,"href":"https:\/\/www.other-news.info\/noticias\/wp-json\/wp\/v2\/categories?post=22341"},{"taxonomy":"post_tag","embeddable":true,"href":"https:\/\/www.other-news.info\/noticias\/wp-json\/wp\/v2\/tags?post=22341"}],"curies":[{"name":"wp","href":"https:\/\/api.w.org\/{rel}","templated":true}]}}