{"id":22348,"date":"2023-05-04T18:44:17","date_gmt":"2023-05-04T16:44:17","guid":{"rendered":"https:\/\/www.other-news.info\/noticias\/?p=22348"},"modified":"2023-05-04T18:44:18","modified_gmt":"2023-05-04T16:44:18","slug":"peru-la-cidh-denuncio-graves-violaciones-a-los-derechos-humanos","status":"publish","type":"post","link":"https:\/\/www.other-news.info\/noticias\/peru-la-cidh-denuncio-graves-violaciones-a-los-derechos-humanos\/","title":{"rendered":"Per\u00fa: la CIDH denunci\u00f3 graves violaciones a los derechos humanos"},"content":{"rendered":"\n<p class=\"wp-block-paragraph\"><strong><em>Redacci\u00f3n de P\u00e1gina\/12, Argentina<\/em><\/strong><\/p>\n\n\n\n<p class=\"wp-block-paragraph\"><em>Lo acusa de estigmatizar a poblaciones ind\u00edgenas que protestan<\/em><\/p>\n\n\n\n<p class=\"wp-block-paragraph\"><em>Denuncia disparos de las fuerzas de seguridad contra manifestantes y contra personas que no participaban en las movilizaciones, incluso contra brigadistas de salud que atend\u00edan a los heridos<\/em><\/p>\n\n\n\n<p class=\"wp-block-paragraph\">El gobierno de Dina Boluarte sigue acumulando denuncias por violaciones a los derechos humanos. Este mi\u00e9rcoles la Comisi\u00f3n Interamericana de Derechos Humanos (CIDH) present\u00f3 un informe sobre la represi\u00f3n a las protestas antigubernamentales en el que se hace referencia a ejecuciones extrajudiciales y se habla de masacre. El organismo interamericano exige que los responsables sean sancionados e indica que las investigaciones deben tener \u201cun enfoque \u00e9tnico-racial\u201d. La mayor cantidad de v\u00edctimas son pobladores ind\u00edgenas, campesinos de las zonas andinas. \u201cLa respuesta del Estado (a las protestas) estuvo caracterizada por el uso desproporcionado, indiscriminado y letal de la fuerza\u201d, se\u00f1ala el informe.<\/p>\n\n\n\n<p class=\"wp-block-paragraph\">La CIDH, como antes otros organismos de derechos humanos, denuncia disparos de las fuerzas de seguridad contra manifestantes y contra personas que no participaban en las movilizaciones, incluso contra brigadistas de salud que atend\u00edan a los heridos, acciones que, indica esta Comisi\u00f3n, \u201cpodr\u00edan constituir ejecuciones extrajudiciales\u201d. Este informe precisa que las protestas y la represi\u00f3n se han dado \u201cen un marcado contexto de discriminaci\u00f3n hist\u00f3rica por origen \u00e9tnico-racial y situaci\u00f3n socioecon\u00f3mica\u201d, fundamentalmente contra la poblaci\u00f3n ind\u00edgena, y en un marco de \u201cfuerte tensi\u00f3n\u201d entre Lima y otras regiones, especialmente las del sur andino. El documento denuncia una campa\u00f1a de estigmatizaci\u00f3n que acusa de \u201cterroristas\u201d y \u201cviolentistas\u201d a las poblaciones movilizadas contra el gobierno, mayoritariamente ind\u00edgenas. Estigmatizaci\u00f3n extendida a quienes denuncian las violaciones a los derechos humanos. Autoridades del gobierno y sus alados de la derecha parlamentaria y de los medios hegem\u00f3nicos forman parte central de esta estigmatizaci\u00f3n.<\/p>\n\n\n\n<p class=\"wp-block-paragraph\">Desde diciembre, cuando estallaron las protestas luego de la destituci\u00f3n y encarcelamiento del expresidente Pedro Castillo, la represi\u00f3n ha dejado 49 muertos por disparos de la polic\u00eda y del ej\u00e9rcito. El total de fallecidos en el marco de las protestas son 67. Hay m\u00e1s de mil heridos y numerosas detenciones arbitrarias. El informe de la CIDH analiza las matanzas en las zonas andinas de Ayacucho, donde el 15 de diciembre los militares mataron a diez personas, y Juliaca, donde el 9 de enero murieron 18 pobladores por disparos de las fuerzas de seguridad.<\/p>\n\n\n\n<p class=\"wp-block-paragraph\">La CIDH indica que hubo actos de violencia de algunos manifestantes que intentaron tomar los aeropuertos de ambas localidades, pero denuncia que se dispar\u00f3 contra pobladores desarmados lejos de los aeropuertos que un grupo hab\u00eda intentado tomar, por lo que no se trat\u00f3 de una respuesta en defensa de esas instalaciones, como alegan las autoridades, sino de una acci\u00f3n \u201cde car\u00e1cter persecutorio\u201d. Se denuncia que se dispar\u00f3 a matar apuntando \u201ccontra \u00f3rganos vitales\u201d. Los fallecidos murieron por disparos en la cabeza, el t\u00f3rax, el abdomen o la espalda, como han confirmado las necropsias. \u201cHechos que, al ser perpetrados por agentes del Estado, podr\u00edan constituir ejecuciones extrajudiciales\u201d, denuncia la CIDH. Agrega que al tratarse de \u201cm\u00faltiples privaciones del derecho a la vida\u201d estos hechos \u201cpodr\u00edan calificarse como una masacre\u201d. Se rese\u00f1an testimonios de familiares de v\u00edctimas que han resultado heridas por la represi\u00f3n que denuncian que son discriminados en los centros de salud, por haber participado en las protestas y por ser ind\u00edgenas.<\/p>\n\n\n\n<p class=\"wp-block-paragraph\">\u201cLa Comisi\u00f3n condena en\u00e9rgicamente el uso indiscriminado de la fuerza mediante armas de fuego contra poblaci\u00f3n inerme por parte de agentes del Estado peruano\u201d, se lee en el informe de la CIDH. Entre sus recomendaciones, se demanda asegurar reparaciones integrales para las v\u00edctimas y sus familiares, que incluyen acceso a la justicia y al derecho a la verdad, atenci\u00f3n a su salud f\u00edsica y mental, una reparaci\u00f3n pecuniaria. El organismo demanda una investigaci\u00f3n \u201cc\u00e9lere, seria, eficaz, independiente\u201d realizada por fiscales especializados en derechos humanos, procesos con jueces independientes y sanci\u00f3n para los culpables. Lo contrario a lo que se viene haciendo. La fiscal de la Naci\u00f3n, Patricia Benavides, cercana a la derecha de la coalici\u00f3n autoritaria que gobierna, ha debilitado las fiscal\u00edas de derechos humanos y ha formado un equipo fiscal para estas investigaciones en el que de diez fiscales solamente uno tiene experiencia en casos de derechos humanos. Las investigaciones avanzan lentamente, a ritmo de impunidad.<\/p>\n\n\n\n<p class=\"wp-block-paragraph\">En respuesta a la CIDH, la presidenta Boluarte declar\u00f3 que su gobierno respeta los derechos humanos y promueve el di\u00e1logo y la paz social. Parec\u00eda que hablaba de otro gobierno, muy distinto al suyo. A pesar de las evidencias, insisti\u00f3 en negar responsabilidad en las muertes por la represi\u00f3n y volvi\u00f3 a culpar de las muertes durante las protestas a los manifestantes, que una vez m\u00e1s llam\u00f3 \u201cv\u00e1ndalos\u201d. \u201cRechazamos la supuesta existencia de ejecuciones extrajudiciales y la calificaci\u00f3n de masacre\u201d, se\u00f1al\u00f3, para referirse a la parte central del informe de la CIDH. Las evidencias dejan sin piso ese rechazo. Dijo que era consciente de la importancia de evitar que se repita lo sucedido, pero su gobierno felicita p\u00fablicamente y protege a los represores, lo que es una invitaci\u00f3n para que las violaciones a los derechos humanos se repitan.<\/p>\n\n\n\n<p class=\"wp-block-paragraph\">En declaraciones a P\u00e1gina\/12, Jennie Dador, secretaria ejecutiva de la Coordinadora Nacional de Derechos Humanos del Per\u00fa (CNDDHH), se\u00f1al\u00f3 que \u201ceste informe de la CIDH refuerza lo que hemos dicho los distintos organismos de derechos humanos nacionales e internacionales, que aqu\u00ed hubo ejecuciones extrajudiciales y masacres\u201d. Indic\u00f3 que el informe de la CIDH tiene \u201cun peso diferente\u201d a los anteriores de \u201corganizaciones muy respetadas de la sociedad civil\u201d porque se trata de un organismo que es parte de un tratado internacional que el pa\u00eds a suscrito.<\/p>\n\n\n\n<p class=\"wp-block-paragraph\">\u201cEs un informe bastante completo porque aborda un conjunto de elementos contextuales que ayudan a entender las movilizaciones sociales y explican muy bien lo que est\u00e1 ocurriendo en el pa\u00eds. Este informe nos permite tener una incidencia muy fuerte en el campo internacional respecto a la responsabilidad del Estado peruano. Es distinto que vayamos a diferentes pa\u00edses u organismos internacionales con nuestros informes de la sociedad civil, a que lo hagamos con un informe de la CIDH. Para las v\u00edctimas este informe es un elemento de referencia muy importante para presentarlo en las causas abiertas. Es el primer informe de la CIDH sobre el Per\u00fa desde el a\u00f1o 2000, lo que indica la gravedad de la situaci\u00f3n actual\u201d, afirm\u00f3 Dador.<\/p>\n\n\n\n<p class=\"wp-block-paragraph\">La secretaria ejecutiva de la CNDDHH apunt\u00f3 que las recomendaciones sobre acceso a la justicia \u201ctienen que darse en tiempo oportuno, no podemos esperar m\u00e1s de treinta a\u00f1os para una sentencia, como ha ocurrido en una serie de casos\u201d. En su opini\u00f3n, la responsabilidad penal de la c\u00fapula del gobierno, comenzando por Boluarte y su jefe de gabinete Alberto Ot\u00e1rola, traba el avance de las investigaciones judiciales.<\/p>\n\n\n\n<p class=\"wp-block-paragraph\">La CIDH no puede aplicar sanciones si no se cumplen sus recomendaciones, sentencias que s\u00ed puede imponer la Corte Interamericana. Para que el caso llegue a la Corte primero se debe agotar la v\u00eda judicial interna o demostrar que las condiciones en el pa\u00eds no permiten un ejercicio real de la justicia. \u201cSi no se cumple lo que demanda la CIDH, ser\u00eda un elemento para argumentar que las condiciones en el pa\u00eds imposibilitan avanzar en un proceso judicial y pedir la intervenci\u00f3n de la Corte\u201d, opin\u00f3 Dador.<\/p>\n\n\n\n<p class=\"wp-block-paragraph\">Legisladores de la derecha y la ultraderecha reaccionaron con la histeria que exhiben cuando se trata de responder a denuncias de violaciones a los derechos humanos. Saltaron para atacar a la CIDH y demandar que el Per\u00fa se retire del sistema interamericano de derechos humanos. <em>4 de mayo de 2023<\/em><\/p>\n","protected":false},"excerpt":{"rendered":"<p>Redacci\u00f3n de P\u00e1gina\/12, Argentina Lo acusa de estigmatizar a poblaciones ind\u00edgenas que protestan Denuncia disparos de las fuerzas de seguridad contra manifestantes y contra personas que no participaban en las movilizaciones, incluso contra brigadistas de salud que atend\u00edan a los\u2026<\/p>\n","protected":false},"author":2,"featured_media":0,"comment_status":"closed","ping_status":"open","sticky":false,"template":"","format":"standard","meta":{"footnotes":""},"categories":[1],"tags":[],"class_list":["post-22348","post","type-post","status-publish","format-standard","hentry","category-other-news"],"yoast_head":"<!-- This site is optimized with the Yoast SEO plugin v16.7 - https:\/\/yoast.com\/wordpress\/plugins\/seo\/ -->\n<title>Per\u00fa: la CIDH denunci\u00f3 graves violaciones a los derechos humanos - Other News - Voz en contra de la corriente<\/title>\n<meta name=\"robots\" content=\"index, follow, max-snippet:-1, max-image-preview:large, max-video-preview:-1\" \/>\n<link rel=\"canonical\" href=\"https:\/\/www.other-news.info\/noticias\/peru-la-cidh-denuncio-graves-violaciones-a-los-derechos-humanos\/\" \/>\n<meta property=\"og:locale\" content=\"es_ES\" \/>\n<meta property=\"og:type\" content=\"article\" \/>\n<meta property=\"og:title\" content=\"Per\u00fa: la CIDH denunci\u00f3 graves violaciones a los derechos humanos - Other News - Voz en contra de la corriente\" \/>\n<meta property=\"og:description\" content=\"Redacci\u00f3n de P\u00e1gina\/12, Argentina Lo acusa de estigmatizar a poblaciones ind\u00edgenas que protestan Denuncia disparos de las fuerzas de seguridad contra manifestantes y contra personas que no participaban en las movilizaciones, incluso contra brigadistas de salud que atend\u00edan a los\u2026\" \/>\n<meta property=\"og:url\" content=\"https:\/\/www.other-news.info\/noticias\/peru-la-cidh-denuncio-graves-violaciones-a-los-derechos-humanos\/\" \/>\n<meta property=\"og:site_name\" content=\"Other News - Voz en contra de la corriente\" \/>\n<meta property=\"article:published_time\" content=\"2023-05-04T16:44:17+00:00\" \/>\n<meta property=\"article:modified_time\" content=\"2023-05-04T16:44:18+00:00\" \/>\n<meta name=\"twitter:card\" content=\"summary_large_image\" \/>\n<meta name=\"twitter:label1\" content=\"Escrito por\" \/>\n\t<meta name=\"twitter:data1\" content=\"admin\" \/>\n\t<meta name=\"twitter:label2\" content=\"Tiempo de lectura\" \/>\n\t<meta name=\"twitter:data2\" content=\"7 minutos\" \/>\n<script type=\"application\/ld+json\" class=\"yoast-schema-graph\">{\"@context\":\"https:\/\/schema.org\",\"@graph\":[{\"@type\":\"WebSite\",\"@id\":\"https:\/\/www.other-news.info\/noticias\/#website\",\"url\":\"https:\/\/www.other-news.info\/noticias\/\",\"name\":\"Other News - Voz en contra de la corriente\",\"description\":\"Voz en contra de la corriente\",\"potentialAction\":[{\"@type\":\"SearchAction\",\"target\":{\"@type\":\"EntryPoint\",\"urlTemplate\":\"https:\/\/www.other-news.info\/noticias\/?s={search_term_string}\"},\"query-input\":\"required name=search_term_string\"}],\"inLanguage\":\"es\"},{\"@type\":\"WebPage\",\"@id\":\"https:\/\/www.other-news.info\/noticias\/peru-la-cidh-denuncio-graves-violaciones-a-los-derechos-humanos\/#webpage\",\"url\":\"https:\/\/www.other-news.info\/noticias\/peru-la-cidh-denuncio-graves-violaciones-a-los-derechos-humanos\/\",\"name\":\"Per\\u00fa: la CIDH denunci\\u00f3 graves violaciones a los derechos humanos - Other News - Voz en contra de la corriente\",\"isPartOf\":{\"@id\":\"https:\/\/www.other-news.info\/noticias\/#website\"},\"datePublished\":\"2023-05-04T16:44:17+00:00\",\"dateModified\":\"2023-05-04T16:44:18+00:00\",\"author\":{\"@id\":\"https:\/\/www.other-news.info\/noticias\/#\/schema\/person\/dd0ead9df8654b02034c4da003b9991b\"},\"breadcrumb\":{\"@id\":\"https:\/\/www.other-news.info\/noticias\/peru-la-cidh-denuncio-graves-violaciones-a-los-derechos-humanos\/#breadcrumb\"},\"inLanguage\":\"es\",\"potentialAction\":[{\"@type\":\"ReadAction\",\"target\":[\"https:\/\/www.other-news.info\/noticias\/peru-la-cidh-denuncio-graves-violaciones-a-los-derechos-humanos\/\"]}]},{\"@type\":\"BreadcrumbList\",\"@id\":\"https:\/\/www.other-news.info\/noticias\/peru-la-cidh-denuncio-graves-violaciones-a-los-derechos-humanos\/#breadcrumb\",\"itemListElement\":[{\"@type\":\"ListItem\",\"position\":1,\"name\":\"Home\",\"item\":\"https:\/\/www.other-news.info\/noticias\/\"},{\"@type\":\"ListItem\",\"position\":2,\"name\":\"Per\\u00fa: la CIDH denunci\\u00f3 graves violaciones a los derechos humanos\"}]},{\"@type\":\"Person\",\"@id\":\"https:\/\/www.other-news.info\/noticias\/#\/schema\/person\/dd0ead9df8654b02034c4da003b9991b\",\"name\":\"admin\",\"image\":{\"@type\":\"ImageObject\",\"@id\":\"https:\/\/www.other-news.info\/noticias\/#personlogo\",\"inLanguage\":\"es\",\"url\":\"https:\/\/secure.gravatar.com\/avatar\/e67344401a27ff9f91b2b48296aaa8fb9186ac51a3404ed4bdfbe790b6a9ee11?s=96&d=mm&r=g\",\"contentUrl\":\"https:\/\/secure.gravatar.com\/avatar\/e67344401a27ff9f91b2b48296aaa8fb9186ac51a3404ed4bdfbe790b6a9ee11?s=96&d=mm&r=g\",\"caption\":\"admin\"},\"url\":\"https:\/\/www.other-news.info\/noticias\/author\/admin\/\"}]}<\/script>\n<!-- \/ Yoast SEO plugin. -->","yoast_head_json":{"title":"Per\u00fa: la CIDH denunci\u00f3 graves violaciones a los derechos humanos - Other News - Voz en contra de la corriente","robots":{"index":"index","follow":"follow","max-snippet":"max-snippet:-1","max-image-preview":"max-image-preview:large","max-video-preview":"max-video-preview:-1"},"canonical":"https:\/\/www.other-news.info\/noticias\/peru-la-cidh-denuncio-graves-violaciones-a-los-derechos-humanos\/","og_locale":"es_ES","og_type":"article","og_title":"Per\u00fa: la CIDH denunci\u00f3 graves violaciones a los derechos humanos - Other News - Voz en contra de la corriente","og_description":"Redacci\u00f3n de P\u00e1gina\/12, Argentina Lo acusa de estigmatizar a poblaciones ind\u00edgenas que protestan Denuncia disparos de las fuerzas de seguridad contra manifestantes y contra personas que no participaban en las movilizaciones, incluso contra brigadistas de salud que atend\u00edan a los\u2026","og_url":"https:\/\/www.other-news.info\/noticias\/peru-la-cidh-denuncio-graves-violaciones-a-los-derechos-humanos\/","og_site_name":"Other News - Voz en contra de la corriente","article_published_time":"2023-05-04T16:44:17+00:00","article_modified_time":"2023-05-04T16:44:18+00:00","twitter_card":"summary_large_image","twitter_misc":{"Escrito por":"admin","Tiempo de lectura":"7 minutos"},"schema":{"@context":"https:\/\/schema.org","@graph":[{"@type":"WebSite","@id":"https:\/\/www.other-news.info\/noticias\/#website","url":"https:\/\/www.other-news.info\/noticias\/","name":"Other News - Voz en contra de la corriente","description":"Voz en contra de la corriente","potentialAction":[{"@type":"SearchAction","target":{"@type":"EntryPoint","urlTemplate":"https:\/\/www.other-news.info\/noticias\/?s={search_term_string}"},"query-input":"required name=search_term_string"}],"inLanguage":"es"},{"@type":"WebPage","@id":"https:\/\/www.other-news.info\/noticias\/peru-la-cidh-denuncio-graves-violaciones-a-los-derechos-humanos\/#webpage","url":"https:\/\/www.other-news.info\/noticias\/peru-la-cidh-denuncio-graves-violaciones-a-los-derechos-humanos\/","name":"Per\u00fa: la CIDH denunci\u00f3 graves violaciones a los derechos humanos - Other News - Voz en contra de la corriente","isPartOf":{"@id":"https:\/\/www.other-news.info\/noticias\/#website"},"datePublished":"2023-05-04T16:44:17+00:00","dateModified":"2023-05-04T16:44:18+00:00","author":{"@id":"https:\/\/www.other-news.info\/noticias\/#\/schema\/person\/dd0ead9df8654b02034c4da003b9991b"},"breadcrumb":{"@id":"https:\/\/www.other-news.info\/noticias\/peru-la-cidh-denuncio-graves-violaciones-a-los-derechos-humanos\/#breadcrumb"},"inLanguage":"es","potentialAction":[{"@type":"ReadAction","target":["https:\/\/www.other-news.info\/noticias\/peru-la-cidh-denuncio-graves-violaciones-a-los-derechos-humanos\/"]}]},{"@type":"BreadcrumbList","@id":"https:\/\/www.other-news.info\/noticias\/peru-la-cidh-denuncio-graves-violaciones-a-los-derechos-humanos\/#breadcrumb","itemListElement":[{"@type":"ListItem","position":1,"name":"Home","item":"https:\/\/www.other-news.info\/noticias\/"},{"@type":"ListItem","position":2,"name":"Per\u00fa: la CIDH denunci\u00f3 graves violaciones a los derechos humanos"}]},{"@type":"Person","@id":"https:\/\/www.other-news.info\/noticias\/#\/schema\/person\/dd0ead9df8654b02034c4da003b9991b","name":"admin","image":{"@type":"ImageObject","@id":"https:\/\/www.other-news.info\/noticias\/#personlogo","inLanguage":"es","url":"https:\/\/secure.gravatar.com\/avatar\/e67344401a27ff9f91b2b48296aaa8fb9186ac51a3404ed4bdfbe790b6a9ee11?s=96&d=mm&r=g","contentUrl":"https:\/\/secure.gravatar.com\/avatar\/e67344401a27ff9f91b2b48296aaa8fb9186ac51a3404ed4bdfbe790b6a9ee11?s=96&d=mm&r=g","caption":"admin"},"url":"https:\/\/www.other-news.info\/noticias\/author\/admin\/"}]}},"_links":{"self":[{"href":"https:\/\/www.other-news.info\/noticias\/wp-json\/wp\/v2\/posts\/22348","targetHints":{"allow":["GET"]}}],"collection":[{"href":"https:\/\/www.other-news.info\/noticias\/wp-json\/wp\/v2\/posts"}],"about":[{"href":"https:\/\/www.other-news.info\/noticias\/wp-json\/wp\/v2\/types\/post"}],"author":[{"embeddable":true,"href":"https:\/\/www.other-news.info\/noticias\/wp-json\/wp\/v2\/users\/2"}],"replies":[{"embeddable":true,"href":"https:\/\/www.other-news.info\/noticias\/wp-json\/wp\/v2\/comments?post=22348"}],"version-history":[{"count":1,"href":"https:\/\/www.other-news.info\/noticias\/wp-json\/wp\/v2\/posts\/22348\/revisions"}],"predecessor-version":[{"id":22349,"href":"https:\/\/www.other-news.info\/noticias\/wp-json\/wp\/v2\/posts\/22348\/revisions\/22349"}],"wp:attachment":[{"href":"https:\/\/www.other-news.info\/noticias\/wp-json\/wp\/v2\/media?parent=22348"}],"wp:term":[{"taxonomy":"category","embeddable":true,"href":"https:\/\/www.other-news.info\/noticias\/wp-json\/wp\/v2\/categories?post=22348"},{"taxonomy":"post_tag","embeddable":true,"href":"https:\/\/www.other-news.info\/noticias\/wp-json\/wp\/v2\/tags?post=22348"}],"curies":[{"name":"wp","href":"https:\/\/api.w.org\/{rel}","templated":true}]}}