{"id":22354,"date":"2023-05-05T18:50:29","date_gmt":"2023-05-05T16:50:29","guid":{"rendered":"https:\/\/www.other-news.info\/noticias\/?p=22354"},"modified":"2023-05-05T18:50:30","modified_gmt":"2023-05-05T16:50:30","slug":"gustavo-petro-el-cambio-es-mas-dificil-de-lo-que-pensabamos","status":"publish","type":"post","link":"https:\/\/www.other-news.info\/noticias\/gustavo-petro-el-cambio-es-mas-dificil-de-lo-que-pensabamos\/","title":{"rendered":"Gustavo Petro: \u201cEl cambio es m\u00e1s dif\u00edcil de lo que pens\u00e1bamos\u201d"},"content":{"rendered":"\n<p class=\"wp-block-paragraph\"><strong><em>Por Pepa Bueno, Directora de El Pa\u00eds<\/em><\/strong><\/p>\n\n\n\n<p class=\"wp-block-paragraph\"><em>El presidente de Colombia insta a la ciudadan\u00eda, en una entrevista con EL PA\u00cdS, a \u201cque se exprese\u201d sobre las reformas de su Gobierno y acusa a \u201cgrupos muy privilegiados\u201d de tratar de bloquearlas<\/em><\/p>\n\n\n\n<p class=\"wp-block-paragraph\">Acaba pr\u00e1cticamente de aterrizar en Espa\u00f1a el presidente de Colombia, Gustavo Petro (Ci\u00e9naga de Oro, C\u00f3rdoba, 63 a\u00f1os), cuando recibe el martes a EL PA\u00cdS en la Embajada de su pa\u00eds en Madrid. Afuera, en los jardines, suena m\u00fasica, huele a barbacoa y llega el bullicio de una feria de emprendimiento que han organizado para colombianos y espa\u00f1oles al aire libre con motivo de la visita del mandatario. Ha pasado por all\u00ed a saludar entre aplausos y selfis antes de sentarse a responder por sus nueve meses en el poder. Es poco tiempo para un programa muy ambicioso de reformas en un pa\u00eds que vot\u00f3 por el cambio sin darle mayor\u00eda absoluta. Aunque, como dir\u00e1 despu\u00e9s, las principales reformas ya est\u00e1n presentadas y est\u00e1 tropezando con tantas dificultades para aprobarlas que acaba de hacer una profunda crisis de gobierno porque, seg\u00fan asegura, necesita un Ejecutivo m\u00e1s homog\u00e9neo que trabaje por el cambio. Petro confiesa abiertamente que est\u00e1 siendo m\u00e1s dif\u00edcil de lo que pensaba.<\/p>\n\n\n\n<p class=\"wp-block-paragraph\">Pregunta. Usted es el primer presidente de izquierdas de la Colombia contempor\u00e1nea. Lleva algo m\u00e1s de nueve meses en el poder. \u00bfHa encontrado resistencias? \u00bfSiente que el poder tradicional se ha organizado contra usted?<\/p>\n\n\n\n<p class=\"wp-block-paragraph\">Respuesta. S\u00ed, claro. El cambio siempre provoca una resistencia. Al ser el primer presidente de izquierda elegido en Colombia, los \u00e1nimos de resistencia son altos, grandes, y provienen de grupos muy privilegiados, sobre todo por el dinero p\u00fablico. Cuando proponemos volver a un mayor peso de la pol\u00edtica p\u00fablica, de la sociedad, para garantizar los derechos de salud, de las pensiones\u2026 entonces estos grupos reaccionan, se organizan. No han contado todav\u00eda con respaldo popular, pero s\u00ed con la prensa, con partidos que tratan de ganar una mayor\u00eda relativa en el Congreso que impida que las leyes del cambio se aprueben. Y esa es la resistencia que hemos tenido hasta ahora.<\/p>\n\n\n\n<p class=\"wp-block-paragraph\">P. Y a pesar de todo ha afrontado grandes proyectos: el de la paz total, pero tambi\u00e9n una reforma de salud, de pensiones, laboral, tributaria e incluso pol\u00edtica. \u00bfQu\u00e9 har\u00e1 si no consigue mayor\u00eda parlamentaria para aprobarlas en el Congreso?<\/p>\n\n\n\n<p class=\"wp-block-paragraph\">R. Es el juego del poder. Indudablemente, hay una pretensi\u00f3n de cambio y hay una resistencia contra el cambio. \u00bfCu\u00e1l podr\u00e1 m\u00e1s? No lo podemos predeterminar. He invitado a la poblaci\u00f3n a salir, a expresar si est\u00e1 a favor o en contra porque en estos nueve meses ha faltado un protagonista fundamental: la gente. Quiero que la poblaci\u00f3n se exprese, casi ning\u00fan pa\u00eds se transforma sin la presencia protag\u00f3nica de la gente. Vamos a ver si ese elemento lo permite. Si no, quiere decir que la poblaci\u00f3n no mir\u00f3 el cambio como un proceso profundo, sino como una moda. Y desde esa perspectiva el Gobierno no tendr\u00eda mayores perspectivas de \u00e9xito.<\/p>\n\n\n\n<p class=\"wp-block-paragraph\">P. Cuando dice que la poblaci\u00f3n se exprese, \u00bfse refiere a manifestaciones en la calle o a la convocatoria de referendos que legitimen las reformas que no se aprueben en el Congreso?<\/p>\n\n\n\n<p class=\"wp-block-paragraph\">R. En la Constituci\u00f3n de Colombia los procesos plebiscitarios o constituyentes siempre pasan por el Congreso. Si puede cambiar las leyes, \u00bfpara qu\u00e9 el plebiscito? Yo espero que el Congreso apruebe leyes y los cambios fundamentales.<\/p>\n\n\n\n<p class=\"wp-block-paragraph\">P. En la primera entrevista que concedi\u00f3 a un medio internacional reci\u00e9n elegido, presidente, nos dijo a EL PA\u00cdS que las reformas hay que hacerlas en el primer a\u00f1o porque, si no, ya no se hacen. Quedan tres meses para ese primer aniversario. \u00bfHay reformas que no haya presentado todav\u00eda?<\/p>\n\n\n\n<p class=\"wp-block-paragraph\">R. S\u00ed, pero las que se han presentado son las fundamentales, las que tienen que ver con la salud, con las pensiones y la contrataci\u00f3n laboral. Su transcurso todav\u00eda es lento; de hecho, solo se ha presentado una votaci\u00f3n, que los partidos tradicionales trataron de que se hundiera, partidos que hab\u00edan estado en la coalici\u00f3n de gobierno, pero que no fueron capaces de resistir ante la presi\u00f3n de los due\u00f1os del capital, de los capitales p\u00fablicos manejados por sectores privados en el tema de la salud, pensiones\u2026<\/p>\n\n\n\n<p class=\"wp-block-paragraph\">P. En su discurso del Primero de Mayo dijo que Colombia se encamina hacia una gran batalla. \u00bfQu\u00e9 quiso decir exactamente con esa gran batalla?<\/p>\n\n\n\n<p class=\"wp-block-paragraph\">R. Pues es la batalla del cambio. Colombia ha sido un pa\u00eds conservador desde hace mucho tiempo. La \u00faltima gran transformaci\u00f3n del pa\u00eds, un intento modernizador y democr\u00e1tico, fue en un Gobierno liberal, el de Alfonso L\u00f3pez Pumarejo en los a\u00f1os 1934-1938 y un segundo Gobierno liderado por \u00e9l con mucha movilizaci\u00f3n popular. All\u00ed se presentan unas reformas muy avanzadas, pero salen derrotadas las fuerzas progresistas. Y empieza la violencia, que ya no termin\u00f3. Ha tenido fases, se volvi\u00f3 de izquierdas, insurgente&#8230; termin\u00f3 articulada al narcotr\u00e1fico en el momento m\u00e1s reciente. Son fases diferentes de la violencia que tienen un origen pol\u00edtico. En 1970 gana un candidato diferente a los partidos tradicionales la presidencia, y le roban las elecciones. De ah\u00ed surgi\u00f3 la primera presencia armada urbana de la que hice parte, el M-19.<\/p>\n\n\n\n<p class=\"wp-block-paragraph\">El pa\u00eds dej\u00f3 de tener una expresi\u00f3n hacia lo institucional y deriv\u00f3 en guerra. Desde entonces hablamos de construir un camino pac\u00edfico. Cuando yo convoco a la poblaci\u00f3n a expresarse, en el fondo estoy tratando de sacarla de esos procesos que terminan en la violencia. Mi elecci\u00f3n es eso. Cuando le dijimos a la gente que saliera de la barricada y usase las urnas, fui escuchado. La gente del estallido social, que es mayoritario entre la juventud, se volc\u00f3 en las urnas y me dio la victoria. Trato de que eso que se expres\u00f3 en las calles pac\u00edficamente se vuelva protagonista.<\/p>\n\n\n\n<p class=\"wp-block-paragraph\">P. Esa comparaci\u00f3n hist\u00f3rica con el periodo de los a\u00f1os treinta me da la medida de que usted ve muchas m\u00e1s resistencias al cambio de lo que me ha dicho al principio.<\/p>\n\n\n\n<p class=\"wp-block-paragraph\">R. Hay una porci\u00f3n de la poblaci\u00f3n que apuesta a no cambiar. Y un n\u00facleo de poder muy privilegiado, enriquecido a trav\u00e9s de orde\u00f1ar al Estado. Es una actitud parasitaria, rentista, tiene que ver m\u00e1s con el feudalismo que con el capitalismo. Pero que ha hecho crecer a este grupo de personas que fueron derrotadas por m\u00ed en las elecciones pasadas.<\/p>\n\n\n\n<p class=\"wp-block-paragraph\">P. \u00bfTeme fracasar?<\/p>\n\n\n\n<p class=\"wp-block-paragraph\">R. La historia trae triunfos y fracasos. De hecho, yo casi siempre perd\u00ed, perd\u00ed en las votaciones de leyes y antes, cuando fui combatiente. El M-19 fue la \u00fanica insurgencia querida por el pueblo, por eso yo estoy ac\u00e1. Mi vida ha sido de lucha, y las derrotas no se me hacen extra\u00f1as.<\/p>\n\n\n\n<p class=\"wp-block-paragraph\">P. Su mandato es de cuatro a\u00f1os. Con la Constituci\u00f3n actual, no hay reelecci\u00f3n. \u00bfEso no va a cambiar?<\/p>\n\n\n\n<p class=\"wp-block-paragraph\">R. Matem\u00e1ticamente, una reelecci\u00f3n vuelve en ocho un periodo de cuatro a\u00f1os. Hay otro camino matem\u00e1tico, es volver ocho a\u00f1os en cuatro duplicando las 12 horas de trabajo para volverlas 24. Matem\u00e1ticamente es lo mismo.<\/p>\n\n\n\n<p class=\"wp-block-paragraph\">P. \u00bfTrabaja entonces con cuatro a\u00f1os de mandato en la cabeza?<\/p>\n\n\n\n<p class=\"wp-block-paragraph\">R. S\u00ed.<\/p>\n\n\n\n<p class=\"wp-block-paragraph\">P. Acaba de cambiar el Gobierno. Han salido los ministros de la coalici\u00f3n con los partidos tradicionales, la derecha, pero tambi\u00e9n una ministra de su confianza, la de Salud. \u00bfSe equivoc\u00f3 con el primer Gobierno que hizo?<\/p>\n\n\n\n<p class=\"wp-block-paragraph\">R. Yo no hice un Gobierno de mis propias fuerzas. Busqu\u00e9 una especie de Gobierno de coalici\u00f3n, intentando precisamente tener una mayor\u00eda parlamentaria s\u00f3lida. El proceso no lleg\u00f3 hacia all\u00e1. Por una parte, porque los partidos que deber\u00edan estar apoyando la reforma dejaron de hacerlo. No entendieron qu\u00e9 era estar dentro del Gobierno. Por otra parte, algunas de las personas que convoqu\u00e9 al Gobierno, en lugar de plantear un di\u00e1logo serio, se dedicaron a hacer trampas. Ahora el Gobierno es m\u00e1s homog\u00e9neo, m\u00e1s de las fuerzas que ganaron las elecciones. Creo que vamos a tener una mayor\u00eda parlamentaria m\u00e1s d\u00e9bil, pero mayor\u00eda. Eso har\u00e1 menos costosa la aprobaci\u00f3n de leyes y quiz\u00e1s tendr\u00e1 una posibilidad de di\u00e1logo franco con la sociedad.<\/p>\n\n\n\n<p class=\"wp-block-paragraph\">P. Uno de sus grandes proyectos es la paz total. Usted acu\u00f1\u00f3 esta expresi\u00f3n para definir una ampl\u00edsima negociaci\u00f3n que intenta acabar con la violencia que ha desangrado su pa\u00eds durante d\u00e9cadas, desde la guerrilla hasta las bandas criminales. \u00bfCree que va a conseguir esa paz al t\u00e9rmino de su mandato?<\/p>\n\n\n\n<p class=\"wp-block-paragraph\">R. Hay una circunstancia, de la que a\u00fan no hemos podido encontrar la causa certeramente, pero que nos ayuda. El mayor consumo de coca\u00edna que exist\u00eda, el de los Estados Unidos, parece haberse desplomado. \u00bfPor qu\u00e9? La hip\u00f3tesis es que las nuevas drogas sint\u00e9ticas, qu\u00edmicas, parecen estar ganando el mercado. En el caso de los EE UU es el fentanilo, quiz\u00e1s la peor droga que se ha encontrado, que est\u00e1 tomando niveles de pandemia. Esta hip\u00f3tesis se demuestra un poco en diversas regiones de Colombia dedicadas a la producci\u00f3n de hoja de coca, donde ha cesado la demanda. Eso nos da una oportunidad. Al ya no ser un negocio de las dimensiones de antes, muchos de los sectores sociales que han estado viviendo de la coca\u00edna preferir\u00edan hoy tener otra opci\u00f3n. Si somos capaces r\u00e1pidamente de otorgarla, Colombia empezar\u00eda a desconectarse del mercado internacional de la droga y eso nos sirve para que muchos grupos que tienen armas dejen de tenerlas. De ah\u00ed que casi todos hayan dicho que s\u00ed a un proceso de paz total. Una cosa es decirlo y otra hacerlo, pero se comienza por ah\u00ed. Muchas bandas propiamente criminales, sin ra\u00edz pol\u00edtica, han dicho que quieren un proceso. A m\u00ed me da un cierto optimismo. Hay que aprovechar el momento.<\/p>\n\n\n\n<p class=\"wp-block-paragraph\">P. \u00bfHa encontrado en la Administraci\u00f3n Biden una actitud diferente en relaci\u00f3n a la guerra contra las drogas?<\/p>\n\n\n\n<p class=\"wp-block-paragraph\">R. S\u00ed, yo creo que los altos funcionarios dem\u00f3cratas de los EE UU son conscientes de que esa guerra fracas\u00f3. Se ha llevado unos 10 millones de personas, esas cuentas hay que hacerlas. Es una destrucci\u00f3n social enorme. Una separaci\u00f3n de la misma sociedad norteamericana, tambi\u00e9n la persecuci\u00f3n a la poblaci\u00f3n negra a partir de las drogas. La regi\u00f3n m\u00e1s violenta del mundo no est\u00e1 en Oriente Medio, no est\u00e1 en Ucrania. La regi\u00f3n que m\u00e1s mata es la regi\u00f3n por donde pasan las rutas de la coca\u00edna.<\/p>\n\n\n\n<p class=\"wp-block-paragraph\">P. Usted ha reanudado las relaciones diplom\u00e1ticas con Venezuela y es parte activa de un intento negociador entre el Gobierno y la oposici\u00f3n. \u00bfPor qu\u00e9 cuesta tanto que haya un acuerdo en Venezuela entre oposici\u00f3n y Gobierno?<\/p>\n\n\n\n<p class=\"wp-block-paragraph\">R. Hay un temor, un miedo inicial, y lo entiendo porque yo he sido tambi\u00e9n presa de ese miedo. Es la creencia de que, si el grupo en el poder lo pierde, lo exterminan. Lo mismo al rev\u00e9s. Entre oposici\u00f3n y Gobierno no hay confianza en lo m\u00ednimo.<\/p>\n\n\n\n<p class=\"wp-block-paragraph\">P. \u00bfQu\u00e9 debe ser antes, las elecciones libres o la rebaja de las sanciones?<\/p>\n\n\n\n<p class=\"wp-block-paragraph\">R. Lo que propusimos en Bogot\u00e1 es un camino paralelo de dos rieles. Paulatinamente, un plan de levantar sanciones y, al mismo tiempo, ir avanzando en el cronograma de elecciones con garant\u00edas. Ahora hay que ver si se puede concretar. Estados Unidos dijo que estaba dispuesto a levantar sanciones, que es un avance. La oposici\u00f3n dijo que estaba dispuesta a que se levantaran sanciones si hab\u00eda un proceso concreto electoral. Y el Gobierno de Maduro dijo tambi\u00e9n que estaba dispuesto a un cronograma de elecciones.<\/p>\n\n\n\n<p class=\"wp-block-paragraph\">P. \u00bfY?<\/p>\n\n\n\n<p class=\"wp-block-paragraph\">R. Bueno, habr\u00e1 que ver si eso se pone en pr\u00e1ctica. En esto, Europa puede jugar un papel mejor que el que ha jugado. Yo creo que todos los pa\u00edses que pusieron sanciones se dieron cuenta de que son como un bumer\u00e1n. Venezuela es un pueblo rico por el petr\u00f3leo. Estados Unidos golpe\u00f3 a esa base. Al principio, con las invasiones a Oriente Medio, ca\u00edan los aliados de Ch\u00e1vez; se desplomaba el precio del petr\u00f3leo. Despu\u00e9s, directamente contra Venezuela, ya estando Maduro, bloque\u00e1ndola. Ese bloqueo produjo el cierre del grifo por completo, es una ca\u00edda de la noche a la ma\u00f1ana del consumo que hizo que millones de venezolanos sintieran hambre, cosa que no hab\u00eda ocurrido nunca, y que los llev\u00f3 al \u00e9xodo, un \u00e9xodo muy grande a\u00fan sin contar con exactitud. Colombia es quien recibe el primer impacto, un mill\u00f3n, dos millones de personas que no estaban en sus cuentas que entran a la Rep\u00fablica y que producen tambi\u00e9n una desestabilizaci\u00f3n. Las sanciones no van contra los gobiernos, van contra los pueblos.<\/p>\n\n\n\n<p class=\"wp-block-paragraph\">P. \u00bfCu\u00e1l es el papel que puede jugar Europa con Venezuela?<\/p>\n\n\n\n<p class=\"wp-block-paragraph\">R. Poner a andar los dos rieles. Asegurar que haya un levantamiento sist\u00e9mico y paulatino de sanciones, mientras el Gobierno de Maduro avanza en un cronograma electoral con garant\u00edas.<\/p>\n\n\n\n<p class=\"wp-block-paragraph\">P. Presidente, viene a un continente donde hay una guerra cl\u00e1sica, imperialista, en la que un pa\u00eds invade a otro. El presidente de Brasil, Lula da Silva, que estuvo aqu\u00ed la semana pasada, lidera una iniciativa para intentar buscar una salida a esta invasi\u00f3n de Vlad\u00edmir Putin. \u00bfUsted comparte la iniciativa de Lula?<\/p>\n\n\n\n<p class=\"wp-block-paragraph\">R. En general, Am\u00e9rica Latina no ha tomado posici\u00f3n. La posici\u00f3n latinoamericana es que haya un acuerdo de paz porque nosotros hemos sufrido un incremento del hambre a partir de toda la subida del precio de los alimentos. No nos interesa que esa guerra contin\u00fae, pero no nos suena franco el discurso que habla de ir contra invasiones de unos pa\u00edses contra otros, cuando los mismos que est\u00e1n rechazando esas invasiones han realizado invasiones contra otros pa\u00edses. Y no me refiero solo a las del Medio Oriente, sino a las que ha sufrido Am\u00e9rica Latina. Tienes una Inglaterra que invade Malvinas. Tienes unos EE UU que han invadido Santo Domingo, que han invadido la isla de Granada, que han invadido Panam\u00e1\u2026<\/p>\n\n\n\n<p class=\"wp-block-paragraph\">P. Sin duda, pero \u00bflas invasiones de Estados Unidos justifican los bombardeos en Ucrania?<\/p>\n\n\n\n<p class=\"wp-block-paragraph\">R. El discurso de atacar a Rusia porque invade debi\u00f3 haber empezado por s\u00ed mismos. Nosotros alguna vez propusimos que el delito de invasi\u00f3n fuese considerado un crimen contra la humanidad. EE UU se opuso.<\/p>\n\n\n\n<p class=\"wp-block-paragraph\">P. Pero los europeos no hemos invadido. Tenemos una guerra en nuestro suelo y un pa\u00eds que nos pide ayuda. \u00bfHay que dar ayuda a un pa\u00eds vecino y al que invaden?<\/p>\n\n\n\n<p class=\"wp-block-paragraph\">R. No estoy muy seguro de esa afirmaci\u00f3n de que Europa no ha invadido. Europa se ha escudado en la OTAN, pero a trav\u00e9s de la OTAN ha invadido. \u00bfPor qu\u00e9 es buena la invasi\u00f3n a Libia y es mala la invasi\u00f3n de los rusos a Ucrania?<\/p>\n\n\n\n<p class=\"wp-block-paragraph\">P. Son malas todas. \u00bfEs mala tambi\u00e9n esta?<\/p>\n\n\n\n<p class=\"wp-block-paragraph\">R. Entonces, si son malas todas, la pol\u00edtica que hay que defender no es decir \u2018esta es mala\u2019 y aplaudir otras, sino colocar la agresi\u00f3n internacional como un crimen, h\u00e1galo quien lo haga. Eso ser\u00eda un discurso m\u00e1s serio y tendr\u00eda todo el apoyo de Am\u00e9rica Latina porque Am\u00e9rica Latina es un territorio que ha sufrido invasiones. Yo le dec\u00eda a Biden que \u00e9l, liderando la guerra en Ucrania, no iba a tener el liderazgo mundial que s\u00ed podr\u00eda tener si liderara el cambio de la deuda p\u00fablica de los pa\u00edses por acci\u00f3n clim\u00e1tica. La guerra sigue; incluso tiende a empeorar. Esa guerra se acaba f\u00e1cilmente si dejamos de ver a Ucrania como terreno de la OTAN. Entonces rusos y ucranianos tendr\u00edan m\u00e1s oportunidad de sentarse en una mesa y acabar la guerra.<\/p>\n\n\n\n<p class=\"wp-block-paragraph\">P. Nueve meses en el poder, \u00bfqu\u00e9 le han ense\u00f1ado a Gustavo Petro que no supiera?<\/p>\n\n\n\n<p class=\"wp-block-paragraph\">R. [R\u00ede] Digamos que me han ense\u00f1ado que el cambio es m\u00e1s dif\u00edcil de lo que pens\u00e1bamos. Si los cambios se dan, ser\u00e1 porque el pueblo quiere. Hasta donde el pueblo quiera. Ni un metro m\u00e1s, tampoco ni un metro menos. Hasta donde el pueblo quiera.<\/p>\n\n\n\n<p class=\"wp-block-paragraph\">\u2026\u2026\u2026\u2026\u2026\u2026\u2026\u2026.<\/p>\n\n\n\n<p class=\"wp-block-paragraph\">Relacionado:<\/p>\n\n\n\n<p class=\"wp-block-paragraph\"><strong>La extrema derecha intent\u00f3 boicotear la visita de Gustavo Petro a Espa\u00f1a&nbsp;&nbsp;<\/strong><\/p>\n\n\n\n<p class=\"wp-block-paragraph\"><em>La extrema derecha espa\u00f1ola&nbsp;sac\u00f3 a relucir este jueves sus estrechos v\u00ednculos con las organizaciones pol\u00edticas de su esfera ideol\u00f3gica al otro lado del Atl\u00e1ntico con un intento de boicot a la visita a Madrid del&nbsp;presidente colombiano, Gustavo Petro.&nbsp;Vox, en cuya fundaci\u00f3n jug\u00f3 un papel activo la secta ultracat\u00f3lica mexicana El Yunque, lleva tiempo intentando organizar y ponerse al frente de una internacional reaccionaria en el \u00e1mbito hispanohablante y aprovech\u00f3 la llegada de Petro en una visita de Estado a Espa\u00f1a para escenificar ese liderazgo.<\/em><\/p>\n\n\n\n<p class=\"wp-block-paragraph\"><a href=\"https:\/\/www.pagina12.com.ar\/545826-la-extrema-derecha-intento-boicotear-la-visita-de-gustavo-pe\">https:\/\/www.pagina12.com.ar\/545826-la-extrema-derecha-intento-boicotear-la-visita-de-gustavo-pe<\/a><\/p>\n","protected":false},"excerpt":{"rendered":"<p>Por Pepa Bueno, Directora de El Pa\u00eds El presidente de Colombia insta a la ciudadan\u00eda, en una entrevista con EL PA\u00cdS, a \u201cque se exprese\u201d sobre las reformas de su Gobierno y acusa a \u201cgrupos muy privilegiados\u201d de tratar de bloquearlas Acaba pr\u00e1cticamente de aterrizar en Espa\u00f1a el\u2026<\/p>\n","protected":false},"author":2,"featured_media":0,"comment_status":"closed","ping_status":"open","sticky":false,"template":"","format":"standard","meta":{"footnotes":""},"categories":[1],"tags":[],"class_list":["post-22354","post","type-post","status-publish","format-standard","hentry","category-other-news"],"yoast_head":"<!-- This site is optimized with the Yoast SEO plugin v16.7 - https:\/\/yoast.com\/wordpress\/plugins\/seo\/ -->\n<title>Gustavo Petro: \u201cEl cambio es m\u00e1s dif\u00edcil de lo que pens\u00e1bamos\u201d - Other News - Voz en contra de la corriente<\/title>\n<meta name=\"robots\" content=\"index, follow, max-snippet:-1, max-image-preview:large, max-video-preview:-1\" \/>\n<link rel=\"canonical\" href=\"https:\/\/www.other-news.info\/noticias\/gustavo-petro-el-cambio-es-mas-dificil-de-lo-que-pensabamos\/\" \/>\n<meta property=\"og:locale\" content=\"es_ES\" \/>\n<meta property=\"og:type\" content=\"article\" \/>\n<meta property=\"og:title\" content=\"Gustavo Petro: \u201cEl cambio es m\u00e1s dif\u00edcil de lo que pens\u00e1bamos\u201d - Other News - Voz en contra de la corriente\" \/>\n<meta property=\"og:description\" content=\"Por Pepa Bueno, Directora de El Pa\u00eds El presidente de Colombia insta a la ciudadan\u00eda, en una entrevista con EL PA\u00cdS, a \u201cque se exprese\u201d sobre las reformas de su Gobierno y acusa a \u201cgrupos muy privilegiados\u201d de tratar de bloquearlas Acaba pr\u00e1cticamente de aterrizar en Espa\u00f1a el\u2026\" \/>\n<meta property=\"og:url\" content=\"https:\/\/www.other-news.info\/noticias\/gustavo-petro-el-cambio-es-mas-dificil-de-lo-que-pensabamos\/\" \/>\n<meta property=\"og:site_name\" content=\"Other News - Voz en contra de la corriente\" \/>\n<meta property=\"article:published_time\" content=\"2023-05-05T16:50:29+00:00\" \/>\n<meta property=\"article:modified_time\" content=\"2023-05-05T16:50:30+00:00\" \/>\n<meta name=\"twitter:card\" content=\"summary_large_image\" \/>\n<meta name=\"twitter:label1\" content=\"Escrito por\" \/>\n\t<meta name=\"twitter:data1\" content=\"admin\" \/>\n\t<meta name=\"twitter:label2\" content=\"Tiempo de lectura\" \/>\n\t<meta name=\"twitter:data2\" content=\"15 minutos\" \/>\n<script type=\"application\/ld+json\" class=\"yoast-schema-graph\">{\"@context\":\"https:\/\/schema.org\",\"@graph\":[{\"@type\":\"WebSite\",\"@id\":\"https:\/\/www.other-news.info\/noticias\/#website\",\"url\":\"https:\/\/www.other-news.info\/noticias\/\",\"name\":\"Other News - Voz en contra de la corriente\",\"description\":\"Voz en contra de la corriente\",\"potentialAction\":[{\"@type\":\"SearchAction\",\"target\":{\"@type\":\"EntryPoint\",\"urlTemplate\":\"https:\/\/www.other-news.info\/noticias\/?s={search_term_string}\"},\"query-input\":\"required name=search_term_string\"}],\"inLanguage\":\"es\"},{\"@type\":\"WebPage\",\"@id\":\"https:\/\/www.other-news.info\/noticias\/gustavo-petro-el-cambio-es-mas-dificil-de-lo-que-pensabamos\/#webpage\",\"url\":\"https:\/\/www.other-news.info\/noticias\/gustavo-petro-el-cambio-es-mas-dificil-de-lo-que-pensabamos\/\",\"name\":\"Gustavo Petro: \\u201cEl cambio es m\\u00e1s dif\\u00edcil de lo que pens\\u00e1bamos\\u201d - Other News - Voz en contra de la corriente\",\"isPartOf\":{\"@id\":\"https:\/\/www.other-news.info\/noticias\/#website\"},\"datePublished\":\"2023-05-05T16:50:29+00:00\",\"dateModified\":\"2023-05-05T16:50:30+00:00\",\"author\":{\"@id\":\"https:\/\/www.other-news.info\/noticias\/#\/schema\/person\/dd0ead9df8654b02034c4da003b9991b\"},\"breadcrumb\":{\"@id\":\"https:\/\/www.other-news.info\/noticias\/gustavo-petro-el-cambio-es-mas-dificil-de-lo-que-pensabamos\/#breadcrumb\"},\"inLanguage\":\"es\",\"potentialAction\":[{\"@type\":\"ReadAction\",\"target\":[\"https:\/\/www.other-news.info\/noticias\/gustavo-petro-el-cambio-es-mas-dificil-de-lo-que-pensabamos\/\"]}]},{\"@type\":\"BreadcrumbList\",\"@id\":\"https:\/\/www.other-news.info\/noticias\/gustavo-petro-el-cambio-es-mas-dificil-de-lo-que-pensabamos\/#breadcrumb\",\"itemListElement\":[{\"@type\":\"ListItem\",\"position\":1,\"name\":\"Home\",\"item\":\"https:\/\/www.other-news.info\/noticias\/\"},{\"@type\":\"ListItem\",\"position\":2,\"name\":\"Gustavo Petro: \\u201cEl cambio es m\\u00e1s dif\\u00edcil de lo que pens\\u00e1bamos\\u201d\"}]},{\"@type\":\"Person\",\"@id\":\"https:\/\/www.other-news.info\/noticias\/#\/schema\/person\/dd0ead9df8654b02034c4da003b9991b\",\"name\":\"admin\",\"image\":{\"@type\":\"ImageObject\",\"@id\":\"https:\/\/www.other-news.info\/noticias\/#personlogo\",\"inLanguage\":\"es\",\"url\":\"https:\/\/secure.gravatar.com\/avatar\/e67344401a27ff9f91b2b48296aaa8fb9186ac51a3404ed4bdfbe790b6a9ee11?s=96&d=mm&r=g\",\"contentUrl\":\"https:\/\/secure.gravatar.com\/avatar\/e67344401a27ff9f91b2b48296aaa8fb9186ac51a3404ed4bdfbe790b6a9ee11?s=96&d=mm&r=g\",\"caption\":\"admin\"},\"url\":\"https:\/\/www.other-news.info\/noticias\/author\/admin\/\"}]}<\/script>\n<!-- \/ Yoast SEO plugin. -->","yoast_head_json":{"title":"Gustavo Petro: \u201cEl cambio es m\u00e1s dif\u00edcil de lo que pens\u00e1bamos\u201d - Other News - Voz en contra de la corriente","robots":{"index":"index","follow":"follow","max-snippet":"max-snippet:-1","max-image-preview":"max-image-preview:large","max-video-preview":"max-video-preview:-1"},"canonical":"https:\/\/www.other-news.info\/noticias\/gustavo-petro-el-cambio-es-mas-dificil-de-lo-que-pensabamos\/","og_locale":"es_ES","og_type":"article","og_title":"Gustavo Petro: \u201cEl cambio es m\u00e1s dif\u00edcil de lo que pens\u00e1bamos\u201d - Other News - Voz en contra de la corriente","og_description":"Por Pepa Bueno, Directora de El Pa\u00eds El presidente de Colombia insta a la ciudadan\u00eda, en una entrevista con EL PA\u00cdS, a \u201cque se exprese\u201d sobre las reformas de su Gobierno y acusa a \u201cgrupos muy privilegiados\u201d de tratar de bloquearlas Acaba pr\u00e1cticamente de aterrizar en Espa\u00f1a el\u2026","og_url":"https:\/\/www.other-news.info\/noticias\/gustavo-petro-el-cambio-es-mas-dificil-de-lo-que-pensabamos\/","og_site_name":"Other News - Voz en contra de la corriente","article_published_time":"2023-05-05T16:50:29+00:00","article_modified_time":"2023-05-05T16:50:30+00:00","twitter_card":"summary_large_image","twitter_misc":{"Escrito por":"admin","Tiempo de lectura":"15 minutos"},"schema":{"@context":"https:\/\/schema.org","@graph":[{"@type":"WebSite","@id":"https:\/\/www.other-news.info\/noticias\/#website","url":"https:\/\/www.other-news.info\/noticias\/","name":"Other News - Voz en contra de la corriente","description":"Voz en contra de la corriente","potentialAction":[{"@type":"SearchAction","target":{"@type":"EntryPoint","urlTemplate":"https:\/\/www.other-news.info\/noticias\/?s={search_term_string}"},"query-input":"required name=search_term_string"}],"inLanguage":"es"},{"@type":"WebPage","@id":"https:\/\/www.other-news.info\/noticias\/gustavo-petro-el-cambio-es-mas-dificil-de-lo-que-pensabamos\/#webpage","url":"https:\/\/www.other-news.info\/noticias\/gustavo-petro-el-cambio-es-mas-dificil-de-lo-que-pensabamos\/","name":"Gustavo Petro: \u201cEl cambio es m\u00e1s dif\u00edcil de lo que pens\u00e1bamos\u201d - Other News - Voz en contra de la corriente","isPartOf":{"@id":"https:\/\/www.other-news.info\/noticias\/#website"},"datePublished":"2023-05-05T16:50:29+00:00","dateModified":"2023-05-05T16:50:30+00:00","author":{"@id":"https:\/\/www.other-news.info\/noticias\/#\/schema\/person\/dd0ead9df8654b02034c4da003b9991b"},"breadcrumb":{"@id":"https:\/\/www.other-news.info\/noticias\/gustavo-petro-el-cambio-es-mas-dificil-de-lo-que-pensabamos\/#breadcrumb"},"inLanguage":"es","potentialAction":[{"@type":"ReadAction","target":["https:\/\/www.other-news.info\/noticias\/gustavo-petro-el-cambio-es-mas-dificil-de-lo-que-pensabamos\/"]}]},{"@type":"BreadcrumbList","@id":"https:\/\/www.other-news.info\/noticias\/gustavo-petro-el-cambio-es-mas-dificil-de-lo-que-pensabamos\/#breadcrumb","itemListElement":[{"@type":"ListItem","position":1,"name":"Home","item":"https:\/\/www.other-news.info\/noticias\/"},{"@type":"ListItem","position":2,"name":"Gustavo Petro: \u201cEl cambio es m\u00e1s dif\u00edcil de lo que pens\u00e1bamos\u201d"}]},{"@type":"Person","@id":"https:\/\/www.other-news.info\/noticias\/#\/schema\/person\/dd0ead9df8654b02034c4da003b9991b","name":"admin","image":{"@type":"ImageObject","@id":"https:\/\/www.other-news.info\/noticias\/#personlogo","inLanguage":"es","url":"https:\/\/secure.gravatar.com\/avatar\/e67344401a27ff9f91b2b48296aaa8fb9186ac51a3404ed4bdfbe790b6a9ee11?s=96&d=mm&r=g","contentUrl":"https:\/\/secure.gravatar.com\/avatar\/e67344401a27ff9f91b2b48296aaa8fb9186ac51a3404ed4bdfbe790b6a9ee11?s=96&d=mm&r=g","caption":"admin"},"url":"https:\/\/www.other-news.info\/noticias\/author\/admin\/"}]}},"_links":{"self":[{"href":"https:\/\/www.other-news.info\/noticias\/wp-json\/wp\/v2\/posts\/22354","targetHints":{"allow":["GET"]}}],"collection":[{"href":"https:\/\/www.other-news.info\/noticias\/wp-json\/wp\/v2\/posts"}],"about":[{"href":"https:\/\/www.other-news.info\/noticias\/wp-json\/wp\/v2\/types\/post"}],"author":[{"embeddable":true,"href":"https:\/\/www.other-news.info\/noticias\/wp-json\/wp\/v2\/users\/2"}],"replies":[{"embeddable":true,"href":"https:\/\/www.other-news.info\/noticias\/wp-json\/wp\/v2\/comments?post=22354"}],"version-history":[{"count":1,"href":"https:\/\/www.other-news.info\/noticias\/wp-json\/wp\/v2\/posts\/22354\/revisions"}],"predecessor-version":[{"id":22355,"href":"https:\/\/www.other-news.info\/noticias\/wp-json\/wp\/v2\/posts\/22354\/revisions\/22355"}],"wp:attachment":[{"href":"https:\/\/www.other-news.info\/noticias\/wp-json\/wp\/v2\/media?parent=22354"}],"wp:term":[{"taxonomy":"category","embeddable":true,"href":"https:\/\/www.other-news.info\/noticias\/wp-json\/wp\/v2\/categories?post=22354"},{"taxonomy":"post_tag","embeddable":true,"href":"https:\/\/www.other-news.info\/noticias\/wp-json\/wp\/v2\/tags?post=22354"}],"curies":[{"name":"wp","href":"https:\/\/api.w.org\/{rel}","templated":true}]}}