{"id":23020,"date":"2023-12-01T18:37:56","date_gmt":"2023-12-01T17:37:56","guid":{"rendered":"https:\/\/www.other-news.info\/noticias\/?p=23020"},"modified":"2023-12-01T18:37:56","modified_gmt":"2023-12-01T17:37:56","slug":"privatizar-la-politica-para-empobrecer-la-democracia","status":"publish","type":"post","link":"https:\/\/www.other-news.info\/noticias\/privatizar-la-politica-para-empobrecer-la-democracia\/","title":{"rendered":"Privatizar la pol\u00edtica para empobrecer la democracia"},"content":{"rendered":"\n<p class=\"wp-block-paragraph\"><strong><em>Por Od\u00f3n Elorza* &#8211; P\u00fablico.es<\/em><\/strong><\/p>\n\n\n\n<p class=\"wp-block-paragraph\">No hay mayor negocio que privatizar la pol\u00edtica. Dejarla fuera de la influencia y el control de la ciudadan\u00eda para que est\u00e9, m\u00e1s condicionada y mediatizada, en manos de los intereses privados de los grandes grupos econ\u00f3micos. Entre ellos, las&nbsp;corporaciones tecnol\u00f3gicas y los fondos de inversi\u00f3n.<\/p>\n\n\n\n<p class=\"wp-block-paragraph\">La ideolog\u00eda neoliberal, hoy representada por las variantes ultras y trumpistas, es la mayor beneficiada de esta deriva privatizadora que va socavando el prestigio y la eficacia del sistema democr\u00e1tico de gobierno y convivencia en todo el planeta. Por otra parte, en el marco del escenario de la globalizaci\u00f3n, los centros de los poderes econ\u00f3micos toman decisiones de gran trascendencia pol\u00edtica y econ\u00f3mica sin seguir las reglas de la democracia, en contra de los intereses generales y por encima de la soberan\u00eda de los Estados. Los \u00abemperadores tecnol\u00f3gicos\u00bb ya juegan un papel decisivo en las guerras.<\/p>\n\n\n\n<p class=\"wp-block-paragraph\">El avance de la privatizaci\u00f3n es tambi\u00e9n consecuencia de los&nbsp;procesos de jibarizaci\u00f3n de la democracia, hasta convertirla en una actividad intelectualmente m\u00e1s empobrecida y reducida a c\u00edrculos pol\u00edticos y \u00e9lites de poder. As\u00ed, se sustraen las grandes decisiones del debate p\u00fablico, del ejercicio de la transparencia y hasta de la capacidad decisoria real de los Parlamentos. Porque todos esos grupos persiguen, adem\u00e1s, la subordinaci\u00f3n del Parlamento soberano a objetivos que no son los de servicio p\u00fablico a la comunidad y a intereses que no son los generales.<\/p>\n\n\n\n<p class=\"wp-block-paragraph\">Existen, tambi\u00e9n, otros factores que favorecen esa privatizaci\u00f3n, como es el papel que juegan los&nbsp;intereses sectarios de los partidos pol\u00edticos&nbsp;en la toma de decisiones, bien para alcanzar y monopolizar el poder o bien al actuar con la l\u00f3gica de una empresa que busca la obtenci\u00f3n de un beneficio partidista. Esas razones y los consabidos vicios de la pol\u00edtica, como la corrupci\u00f3n, la mentira, la desconexi\u00f3n con la realidad social y las tendencias autoritarias o cesaristas,&nbsp; provocan el alejamiento y desinter\u00e9s de la sociedad por la pol\u00edtica.<\/p>\n\n\n\n<p class=\"wp-block-paragraph\">Las fuerzas de progreso, pero tambi\u00e9n la derecha liberal, tienen que responder defendiendo medidas de reforma e innovaci\u00f3n de la democracia representativa. Lo cual se traduce en promover v\u00edas la participaci\u00f3n, deliberaci\u00f3n, consulta y transparencia para fortalecer los derechos democr\u00e1ticos, la defensa de lo p\u00fablico y la condici\u00f3n de la pol\u00edtica como un patrimonio colectivo. Porque una democracia avanzada debe ofrecer cauces e instrumentos de participaci\u00f3n que poder votar cada cuatro a\u00f1os a unas listas cerradas.<\/p>\n\n\n\n<p class=\"wp-block-paragraph\">Por otra parte, es cada vez m\u00e1s patente en los partidos el uso de la mercadotecnia empresarial o puro marketing electoral, lo que unido a la escasa fiabilidad de compromisos electorales no verificables y al olvido de una pr\u00e1ctica pol\u00edtica basada en la \u00e9tica p\u00fablica, hacen que la confianza ciudadana en la pol\u00edtica sea residual. Sin embargo, las nuevas tecnolog\u00edas de la informaci\u00f3n y la comunicaci\u00f3n permiten a los poderes p\u00fablicos enormes posibilidades para abrir paso a una democracia deliberativa y controlable. Pero las instituciones no son conscientes de su trascendencia.<\/p>\n\n\n\n<p class=\"wp-block-paragraph\">En un tiempo de convulsiones, la vida pol\u00edtica se desarrolla con un&nbsp;alto grado de sectarismo, crispaci\u00f3n y polarizaci\u00f3n. Son fen\u00f3menos que provocan el alejamiento y la desafecci\u00f3n de gran parte de la poblaci\u00f3n hacia la vida pol\u00edtica.<\/p>\n\n\n\n<p class=\"wp-block-paragraph\">Vivimos una etapa peligrosa para la credibilidad de la pol\u00edtica y las democracias. Arrastramos fallos en el sistema de representaci\u00f3n pol\u00edtica y asistimos a un funcionamiento de los gobiernos cada vez m\u00e1s basado en el hiperliderazgo y el presidencialismo. Todo ello sucede mientras el di\u00e1logo para llegar a acuerdos, el debate con respeto al pluralismo y el contraste de ideas se consideran accesorios.<\/p>\n\n\n\n<p class=\"wp-block-paragraph\">De modo que si a los problemas sociales de desigualdad y precariedad y a la incertidumbre que provocan las crisis y los nuevos desaf\u00edos globales que afectan a toda la humanidad, se a\u00f1ade la privatizaci\u00f3n de la pol\u00edtica, la incredulidad y desconfianza hacia la pol\u00edtica y los partidos aumentar\u00e1n. Pongamos que tambi\u00e9n hablo de Espa\u00f1a.<\/p>\n\n\n\n<p class=\"wp-block-paragraph\"><em>\u2026\u2026\u2026\u2026\u2026\u2026<\/em><\/p>\n\n\n\n<p class=\"wp-block-paragraph\"><em>&nbsp;Exdiputado y miembro del Comit\u00e9 Federal del PSOE\u2026<\/em><\/p>\n","protected":false},"excerpt":{"rendered":"<p>Por Od\u00f3n Elorza* &#8211; P\u00fablico.es No hay mayor negocio que privatizar la pol\u00edtica. Dejarla fuera de la influencia y el control de la ciudadan\u00eda para que est\u00e9, m\u00e1s condicionada y mediatizada, en manos de los intereses privados de los grandes grupos econ\u00f3micos. Entre ellos\u2026<\/p>\n","protected":false},"author":2,"featured_media":0,"comment_status":"closed","ping_status":"open","sticky":false,"template":"","format":"standard","meta":{"footnotes":""},"categories":[1],"tags":[],"class_list":["post-23020","post","type-post","status-publish","format-standard","hentry","category-other-news"],"yoast_head":"<!-- This site is optimized with the Yoast SEO plugin v16.7 - https:\/\/yoast.com\/wordpress\/plugins\/seo\/ -->\n<title>Privatizar la pol\u00edtica para empobrecer la democracia - Other News - Voz en contra de la corriente<\/title>\n<meta name=\"robots\" content=\"index, follow, max-snippet:-1, max-image-preview:large, max-video-preview:-1\" \/>\n<link rel=\"canonical\" href=\"https:\/\/www.other-news.info\/noticias\/privatizar-la-politica-para-empobrecer-la-democracia\/\" \/>\n<meta property=\"og:locale\" content=\"es_ES\" \/>\n<meta property=\"og:type\" content=\"article\" \/>\n<meta property=\"og:title\" content=\"Privatizar la pol\u00edtica para empobrecer la democracia - Other News - Voz en contra de la corriente\" \/>\n<meta property=\"og:description\" content=\"Por Od\u00f3n Elorza* - P\u00fablico.es No hay mayor negocio que privatizar la pol\u00edtica. Dejarla fuera de la influencia y el control de la ciudadan\u00eda para que est\u00e9, m\u00e1s condicionada y mediatizada, en manos de los intereses privados de los grandes grupos econ\u00f3micos. Entre ellos\u2026\" \/>\n<meta property=\"og:url\" content=\"https:\/\/www.other-news.info\/noticias\/privatizar-la-politica-para-empobrecer-la-democracia\/\" \/>\n<meta property=\"og:site_name\" content=\"Other News - Voz en contra de la corriente\" \/>\n<meta property=\"article:published_time\" content=\"2023-12-01T17:37:56+00:00\" \/>\n<meta name=\"twitter:card\" content=\"summary_large_image\" \/>\n<meta name=\"twitter:label1\" content=\"Escrito por\" \/>\n\t<meta name=\"twitter:data1\" content=\"admin\" \/>\n\t<meta name=\"twitter:label2\" content=\"Tiempo de lectura\" \/>\n\t<meta name=\"twitter:data2\" content=\"4 minutos\" \/>\n<script type=\"application\/ld+json\" class=\"yoast-schema-graph\">{\"@context\":\"https:\/\/schema.org\",\"@graph\":[{\"@type\":\"WebSite\",\"@id\":\"https:\/\/www.other-news.info\/noticias\/#website\",\"url\":\"https:\/\/www.other-news.info\/noticias\/\",\"name\":\"Other News - Voz en contra de la corriente\",\"description\":\"Voz en contra de la corriente\",\"potentialAction\":[{\"@type\":\"SearchAction\",\"target\":{\"@type\":\"EntryPoint\",\"urlTemplate\":\"https:\/\/www.other-news.info\/noticias\/?s={search_term_string}\"},\"query-input\":\"required name=search_term_string\"}],\"inLanguage\":\"es\"},{\"@type\":\"WebPage\",\"@id\":\"https:\/\/www.other-news.info\/noticias\/privatizar-la-politica-para-empobrecer-la-democracia\/#webpage\",\"url\":\"https:\/\/www.other-news.info\/noticias\/privatizar-la-politica-para-empobrecer-la-democracia\/\",\"name\":\"Privatizar la pol\\u00edtica para empobrecer la democracia - Other News - Voz en contra de la corriente\",\"isPartOf\":{\"@id\":\"https:\/\/www.other-news.info\/noticias\/#website\"},\"datePublished\":\"2023-12-01T17:37:56+00:00\",\"dateModified\":\"2023-12-01T17:37:56+00:00\",\"author\":{\"@id\":\"https:\/\/www.other-news.info\/noticias\/#\/schema\/person\/dd0ead9df8654b02034c4da003b9991b\"},\"breadcrumb\":{\"@id\":\"https:\/\/www.other-news.info\/noticias\/privatizar-la-politica-para-empobrecer-la-democracia\/#breadcrumb\"},\"inLanguage\":\"es\",\"potentialAction\":[{\"@type\":\"ReadAction\",\"target\":[\"https:\/\/www.other-news.info\/noticias\/privatizar-la-politica-para-empobrecer-la-democracia\/\"]}]},{\"@type\":\"BreadcrumbList\",\"@id\":\"https:\/\/www.other-news.info\/noticias\/privatizar-la-politica-para-empobrecer-la-democracia\/#breadcrumb\",\"itemListElement\":[{\"@type\":\"ListItem\",\"position\":1,\"name\":\"Home\",\"item\":\"https:\/\/www.other-news.info\/noticias\/\"},{\"@type\":\"ListItem\",\"position\":2,\"name\":\"Privatizar la pol\\u00edtica para empobrecer la democracia\"}]},{\"@type\":\"Person\",\"@id\":\"https:\/\/www.other-news.info\/noticias\/#\/schema\/person\/dd0ead9df8654b02034c4da003b9991b\",\"name\":\"admin\",\"image\":{\"@type\":\"ImageObject\",\"@id\":\"https:\/\/www.other-news.info\/noticias\/#personlogo\",\"inLanguage\":\"es\",\"url\":\"https:\/\/secure.gravatar.com\/avatar\/e67344401a27ff9f91b2b48296aaa8fb9186ac51a3404ed4bdfbe790b6a9ee11?s=96&d=mm&r=g\",\"contentUrl\":\"https:\/\/secure.gravatar.com\/avatar\/e67344401a27ff9f91b2b48296aaa8fb9186ac51a3404ed4bdfbe790b6a9ee11?s=96&d=mm&r=g\",\"caption\":\"admin\"},\"url\":\"https:\/\/www.other-news.info\/noticias\/author\/admin\/\"}]}<\/script>\n<!-- \/ Yoast SEO plugin. -->","yoast_head_json":{"title":"Privatizar la pol\u00edtica para empobrecer la democracia - Other News - Voz en contra de la corriente","robots":{"index":"index","follow":"follow","max-snippet":"max-snippet:-1","max-image-preview":"max-image-preview:large","max-video-preview":"max-video-preview:-1"},"canonical":"https:\/\/www.other-news.info\/noticias\/privatizar-la-politica-para-empobrecer-la-democracia\/","og_locale":"es_ES","og_type":"article","og_title":"Privatizar la pol\u00edtica para empobrecer la democracia - Other News - Voz en contra de la corriente","og_description":"Por Od\u00f3n Elorza* - P\u00fablico.es No hay mayor negocio que privatizar la pol\u00edtica. Dejarla fuera de la influencia y el control de la ciudadan\u00eda para que est\u00e9, m\u00e1s condicionada y mediatizada, en manos de los intereses privados de los grandes grupos econ\u00f3micos. Entre ellos\u2026","og_url":"https:\/\/www.other-news.info\/noticias\/privatizar-la-politica-para-empobrecer-la-democracia\/","og_site_name":"Other News - Voz en contra de la corriente","article_published_time":"2023-12-01T17:37:56+00:00","twitter_card":"summary_large_image","twitter_misc":{"Escrito por":"admin","Tiempo de lectura":"4 minutos"},"schema":{"@context":"https:\/\/schema.org","@graph":[{"@type":"WebSite","@id":"https:\/\/www.other-news.info\/noticias\/#website","url":"https:\/\/www.other-news.info\/noticias\/","name":"Other News - Voz en contra de la corriente","description":"Voz en contra de la corriente","potentialAction":[{"@type":"SearchAction","target":{"@type":"EntryPoint","urlTemplate":"https:\/\/www.other-news.info\/noticias\/?s={search_term_string}"},"query-input":"required name=search_term_string"}],"inLanguage":"es"},{"@type":"WebPage","@id":"https:\/\/www.other-news.info\/noticias\/privatizar-la-politica-para-empobrecer-la-democracia\/#webpage","url":"https:\/\/www.other-news.info\/noticias\/privatizar-la-politica-para-empobrecer-la-democracia\/","name":"Privatizar la pol\u00edtica para empobrecer la democracia - Other News - Voz en contra de la corriente","isPartOf":{"@id":"https:\/\/www.other-news.info\/noticias\/#website"},"datePublished":"2023-12-01T17:37:56+00:00","dateModified":"2023-12-01T17:37:56+00:00","author":{"@id":"https:\/\/www.other-news.info\/noticias\/#\/schema\/person\/dd0ead9df8654b02034c4da003b9991b"},"breadcrumb":{"@id":"https:\/\/www.other-news.info\/noticias\/privatizar-la-politica-para-empobrecer-la-democracia\/#breadcrumb"},"inLanguage":"es","potentialAction":[{"@type":"ReadAction","target":["https:\/\/www.other-news.info\/noticias\/privatizar-la-politica-para-empobrecer-la-democracia\/"]}]},{"@type":"BreadcrumbList","@id":"https:\/\/www.other-news.info\/noticias\/privatizar-la-politica-para-empobrecer-la-democracia\/#breadcrumb","itemListElement":[{"@type":"ListItem","position":1,"name":"Home","item":"https:\/\/www.other-news.info\/noticias\/"},{"@type":"ListItem","position":2,"name":"Privatizar la pol\u00edtica para empobrecer la democracia"}]},{"@type":"Person","@id":"https:\/\/www.other-news.info\/noticias\/#\/schema\/person\/dd0ead9df8654b02034c4da003b9991b","name":"admin","image":{"@type":"ImageObject","@id":"https:\/\/www.other-news.info\/noticias\/#personlogo","inLanguage":"es","url":"https:\/\/secure.gravatar.com\/avatar\/e67344401a27ff9f91b2b48296aaa8fb9186ac51a3404ed4bdfbe790b6a9ee11?s=96&d=mm&r=g","contentUrl":"https:\/\/secure.gravatar.com\/avatar\/e67344401a27ff9f91b2b48296aaa8fb9186ac51a3404ed4bdfbe790b6a9ee11?s=96&d=mm&r=g","caption":"admin"},"url":"https:\/\/www.other-news.info\/noticias\/author\/admin\/"}]}},"_links":{"self":[{"href":"https:\/\/www.other-news.info\/noticias\/wp-json\/wp\/v2\/posts\/23020","targetHints":{"allow":["GET"]}}],"collection":[{"href":"https:\/\/www.other-news.info\/noticias\/wp-json\/wp\/v2\/posts"}],"about":[{"href":"https:\/\/www.other-news.info\/noticias\/wp-json\/wp\/v2\/types\/post"}],"author":[{"embeddable":true,"href":"https:\/\/www.other-news.info\/noticias\/wp-json\/wp\/v2\/users\/2"}],"replies":[{"embeddable":true,"href":"https:\/\/www.other-news.info\/noticias\/wp-json\/wp\/v2\/comments?post=23020"}],"version-history":[{"count":1,"href":"https:\/\/www.other-news.info\/noticias\/wp-json\/wp\/v2\/posts\/23020\/revisions"}],"predecessor-version":[{"id":23021,"href":"https:\/\/www.other-news.info\/noticias\/wp-json\/wp\/v2\/posts\/23020\/revisions\/23021"}],"wp:attachment":[{"href":"https:\/\/www.other-news.info\/noticias\/wp-json\/wp\/v2\/media?parent=23020"}],"wp:term":[{"taxonomy":"category","embeddable":true,"href":"https:\/\/www.other-news.info\/noticias\/wp-json\/wp\/v2\/categories?post=23020"},{"taxonomy":"post_tag","embeddable":true,"href":"https:\/\/www.other-news.info\/noticias\/wp-json\/wp\/v2\/tags?post=23020"}],"curies":[{"name":"wp","href":"https:\/\/api.w.org\/{rel}","templated":true}]}}