{"id":23022,"date":"2023-12-01T18:39:04","date_gmt":"2023-12-01T17:39:04","guid":{"rendered":"https:\/\/www.other-news.info\/noticias\/?p=23022"},"modified":"2023-12-01T18:39:04","modified_gmt":"2023-12-01T17:39:04","slug":"la-leve-gripe-de-francisco","status":"publish","type":"post","link":"https:\/\/www.other-news.info\/noticias\/la-leve-gripe-de-francisco\/","title":{"rendered":"La \u201cleve gripe\u201d de Francisco"},"content":{"rendered":"\n<p class=\"wp-block-paragraph\"><strong><em>Por&nbsp;Washington Uranga*<\/em><\/strong><\/p>\n\n\n\n<p class=\"wp-block-paragraph\">La cuesti\u00f3n de la salud del Papa se transforma en centro de atenci\u00f3n period\u00edstica y pol\u00edtica mundial. Pese al tono de los anuncios del Vaticano para quitarle trascendencia, la noticia se amplifica a partir de la decisi\u00f3n de Francisco de no asistir a la cumbre clim\u00e1tica mundial. En Dubai, Bergoglio ten\u00eda prevista una importante intervenci\u00f3n el 2 de diciembre.<\/p>\n\n\n\n<p class=\"wp-block-paragraph\">Desde siempre&nbsp;la salud de los papas ha sido un tema que, siendo crucial para la Iglesia Cat\u00f3lica, trasciende&nbsp;tambi\u00e9n&nbsp;los l\u00edmites de esa instituci\u00f3n.&nbsp;En tiempos modernos y por el alcance que la difusi\u00f3n de noticias ha tenido debido a los desarrollos tecnol\u00f3gicos cualquier anuncio en torno al tema adquiere relevancia internacional. En particular y debido que Francisco se convirti\u00f3 en una personalidad con alcance e influencia en el escenario internacional,&nbsp;la salud del Papa ocupa, preocupa y es tema en el Vaticano y en todo el mundo.<\/p>\n\n\n\n<p class=\"wp-block-paragraph\">Por ese motivo hay muchos ojos y o\u00eddos atentos a la evoluci\u00f3n de la salud de Jorge Bergoglio. Pero tambi\u00e9n y como l\u00f3gico resultado del hermetismo informativo con el que suele manejarse -en este y en otros temas- la Iglesia Cat\u00f3lica y el Vaticano en particular, se multiplican los rumores y trascendidos.<\/p>\n\n\n\n<p class=\"wp-block-paragraph\">La Oficina de Prensa del Vaticano inform\u00f3 esta semana sobre una \u201cleve gripe\u201d que afecta la salud del Papa, minimizando la trascendencia del dato. Pero el Papa, que est\u00e1 pr\u00f3ximo a cumplir 87 a\u00f1os y desde muchos a\u00f1os antes de acceder al pontificado&nbsp;sufre de una enfermedad pulmonar, suspendi\u00f3 luego las audiencias y no volvi\u00f3 a aparecer en p\u00fablico. El s\u00e1bado anterior la Oficina de Prensa vaticana se limit\u00f3 a informar que \u201clas audiencias del Santo Padre previstas para esta ma\u00f1ana han sido canceladas debido a&nbsp;un caso leve de gripe\u201d. El domingo Francisco decidi\u00f3 no rezar el tradicional Angelus desde la ventana del Palacio Apost\u00f3lico frente a la plaza de San Pedro y deleg\u00f3 la lectura del texto en uno de sus colaboradores. \u201cHoy no puedo hablar desde la ventana porque tengo este problema de inflamaci\u00f3n en los pulmones\u201d, admiti\u00f3 el propio Bergoglio.<\/p>\n\n\n\n<p class=\"wp-block-paragraph\">Pocas horas m\u00e1s tarde y despu\u00e9s de que se hab\u00eda difundido la agenda de Francisco en su traslado a Dubai para participar en la cumbre sobre ambiente (Cop28), las mismas fuentes anunciaron la&nbsp;cancelaci\u00f3n del viaje&nbsp;cuya iniciaci\u00f3n estaba prevista para el 1 de diciembre. El parte oficial habl\u00f3 entonces de \u201cestado gripal e inflamaci\u00f3n de las v\u00edas respiratorias\u201d.<\/p>\n\n\n\n<p class=\"wp-block-paragraph\">El martes, el&nbsp;cardenal Pietro Parolin, Secretario de Estado del Vaticano, utiliz\u00f3 un encuentro con periodistas durante un evento en la C\u00e1mara de Diputados de Italia, para comentar que \u201cel Papa est\u00e1 en v\u00edas de curaci\u00f3n, solo que no quer\u00eda exponerse a riesgos, esto seg\u00fan la indicaci\u00f3n dada por los m\u00e9dicos\u00bb.<\/p>\n\n\n\n<p class=\"wp-block-paragraph\">\u00abCreo que ha hecho esta elecci\u00f3n para evitar un empeoramiento y poder recuperarse lo antes posible\u00bb, explic\u00f3 Parolin a los periodistas.<\/p>\n\n\n\n<p class=\"wp-block-paragraph\">La \u201cleve gripe\u201d de Francisco le estaba impidiendo participar de un acontecimiento mundial que \u00e9l mismo ha considerado de enorme importancia.&nbsp;La cuesti\u00f3n ambiental est\u00e1 en el centro de las preocupaciones de Bergoglio, a tal punto que Francisco decidi\u00f3, en octubre pasado y teniendo la vista la Cop28 publicar una actualizaci\u00f3n se su enc\u00edclica&nbsp;<a href=\"https:\/\/www.vatican.va\/content\/francesco\/es\/encyclicals\/documents\/papa-francesco_20150524_enciclica-laudato-si.html\" target=\"_blank\" rel=\"noreferrer noopener\">\u201cLaudato si\u201d (2015)<\/a>&nbsp;en la que propone un modelo de ecolog\u00eda integral. Este a\u00f1o, en su nuevo texto denominado \u201c<a href=\"https:\/\/www.vatican.va\/content\/francesco\/es\/apost_exhortations\/documents\/20231004-laudate-deum.html\" target=\"_blank\" rel=\"noreferrer noopener\">Laudato Deum\u201d&nbsp;<\/a>, Francisco sostuvo que \u201cel inmenso crecimiento tecnol\u00f3gico no ha ido acompa\u00f1ado de un desarrollo del ser humano en cuanto a responsabilidad, valores y conciencia\u201d.<\/p>\n\n\n\n<p class=\"wp-block-paragraph\">Este es tenor del discurso que Francisco quer\u00eda pronunciar en Dubai&nbsp;el 2 de diciembre, en persona y ante los representantes de las potencias mundiales y utilizando todo el peso de su autoridad ganada en el tema y ejerciendo el poder simb\u00f3lico acumulado en sus a\u00f1os de pontificado.<\/p>\n\n\n\n<p class=\"wp-block-paragraph\">El periodista italiano Marco Politi, un importante analista de los asuntos pol\u00edticos del Vaticano, escribi\u00f3 en&nbsp;Il Fatto Quotidiano&nbsp;del 29 de noviembre que \u201cla \u2018gripe de Francisco\u2019 no es nada bueno. El pont\u00edfice no ir\u00e1 a Dubai. Los m\u00e9dicos se lo prohibieron. Francisco estaba muy interesado en estar presente y hablar en la conferencia clim\u00e1tica Cop28. Una conferencia crucial, convocada para abordar la cuesti\u00f3n mundial de los gases de efecto invernadero, verificando la posibilidad de contener el calentamiento global a 1,5 grados\u201d.<\/p>\n\n\n\n<p class=\"wp-block-paragraph\">En los diez a\u00f1os que lleva al frente de la Iglesia Cat\u00f3lica en todo el mundo, Jorge Bergoglio no cancel\u00f3 ning\u00fan viaje al extranjero que ya hab\u00eda sido anunciado. Si ocurri\u00f3 que en el 2021 los problemas de movilidad le impidieron desplazarse hasta Florencia, dentro de Italia. Y ese mismo a\u00f1o pospuso, tambi\u00e9n por razones de salud, un viaje Sud\u00e1n y la Rep\u00fablica Democr\u00e1tica del Congo, pero esa visita termin\u00f3 concret\u00e1ndose finalmente en 2023.<\/p>\n\n\n\n<p class=\"wp-block-paragraph\">Las noticias sobre la salud de Francisco encienden en Argentina todas las alarmas ante la posibilidad \u2013hasta el momento no confirmada- y las expectativas de que Francisco visite el pa\u00eds en 2024. 1 de diciembre de 2023<\/p>\n\n\n\n<p class=\"wp-block-paragraph\"><em>*Periodista argentino, docente e investigador de la comunicaci\u00f3n. Su campo de especializaci\u00f3n son los temas vinculados con la ciudadan\u00eda, la participaci\u00f3n, las pol\u00edticas p\u00fablicas y la planificaci\u00f3n de procesos comunicacionales.&nbsp;Columnista de P\u00e1gina\/12, Buenos Aires. Es uno de los m\u00e1s destacados expertos internacionales sobre la figura del Papa Francisco.<\/em><\/p>\n\n\n\n<p class=\"wp-block-paragraph\">\u2026\u2026..<\/p>\n\n\n\n<p class=\"wp-block-paragraph\">Lea tambi\u00e9n:<\/p>\n\n\n\n<p class=\"wp-block-paragraph\"><strong>El Papa Francisco llam\u00f3 a \u00abdesmasculinizar\u00bb la Iglesia<\/strong><\/p>\n\n\n\n<p class=\"wp-block-paragraph\"><em>\u00abSi no entendemos qu\u00e9 es una mujer, nunca entenderemos qu\u00e9 es la Iglesia\u00bb. En un discurso improvisado, el Sumo Pont\u00edfice destac\u00f3 la \u00abcapacidad teol\u00f3gica de las mujeres\u00bb y la diferenci\u00f3 de la de los hombres. Sin embargo, descart\u00f3 que que el tema se resuelva \u00abpor la v\u00eda ministerial\u00bb, en medio de los debates sobre el sacerdocio femenino.&nbsp;<\/em><\/p>\n\n\n\n<p class=\"wp-block-paragraph\"><a href=\"https:\/\/www.pagina12.com.ar\/690750-el-papa-francisco-llamo-a-desmasculinizar-la-iglesia-si-no-e\">https:\/\/www.pagina12.com.ar\/690750-el-papa-francisco-llamo-a-desmasculinizar-la-iglesia-si-no-e<\/a><\/p>\n","protected":false},"excerpt":{"rendered":"<p>Por&nbsp;Washington Uranga* La cuesti\u00f3n de la salud del Papa se transforma en centro de atenci\u00f3n period\u00edstica y pol\u00edtica mundial. Pese al tono de los anuncios del Vaticano para quitarle trascendencia, la noticia se amplifica a partir de la decisi\u00f3n de Francisco de no asistir a\u2026<\/p>\n","protected":false},"author":2,"featured_media":0,"comment_status":"closed","ping_status":"open","sticky":false,"template":"","format":"standard","meta":{"footnotes":""},"categories":[1],"tags":[],"class_list":["post-23022","post","type-post","status-publish","format-standard","hentry","category-other-news"],"yoast_head":"<!-- This site is optimized with the Yoast SEO plugin v16.7 - https:\/\/yoast.com\/wordpress\/plugins\/seo\/ -->\n<title>La \u201cleve gripe\u201d de Francisco - Other News - Voz en contra de la corriente<\/title>\n<meta name=\"robots\" content=\"index, follow, max-snippet:-1, max-image-preview:large, max-video-preview:-1\" \/>\n<link rel=\"canonical\" href=\"https:\/\/www.other-news.info\/noticias\/la-leve-gripe-de-francisco\/\" \/>\n<meta property=\"og:locale\" content=\"es_ES\" \/>\n<meta property=\"og:type\" content=\"article\" \/>\n<meta property=\"og:title\" content=\"La \u201cleve gripe\u201d de Francisco - Other News - Voz en contra de la corriente\" \/>\n<meta property=\"og:description\" content=\"Por&nbsp;Washington Uranga* La cuesti\u00f3n de la salud del Papa se transforma en centro de atenci\u00f3n period\u00edstica y pol\u00edtica mundial. Pese al tono de los anuncios del Vaticano para quitarle trascendencia, la noticia se amplifica a partir de la decisi\u00f3n de Francisco de no asistir a\u2026\" \/>\n<meta property=\"og:url\" content=\"https:\/\/www.other-news.info\/noticias\/la-leve-gripe-de-francisco\/\" \/>\n<meta property=\"og:site_name\" content=\"Other News - Voz en contra de la corriente\" \/>\n<meta property=\"article:published_time\" content=\"2023-12-01T17:39:04+00:00\" \/>\n<meta name=\"twitter:card\" content=\"summary_large_image\" \/>\n<meta name=\"twitter:label1\" content=\"Escrito por\" \/>\n\t<meta name=\"twitter:data1\" content=\"admin\" \/>\n\t<meta name=\"twitter:label2\" content=\"Tiempo de lectura\" \/>\n\t<meta name=\"twitter:data2\" content=\"5 minutos\" \/>\n<script type=\"application\/ld+json\" class=\"yoast-schema-graph\">{\"@context\":\"https:\/\/schema.org\",\"@graph\":[{\"@type\":\"WebSite\",\"@id\":\"https:\/\/www.other-news.info\/noticias\/#website\",\"url\":\"https:\/\/www.other-news.info\/noticias\/\",\"name\":\"Other News - Voz en contra de la corriente\",\"description\":\"Voz en contra de la corriente\",\"potentialAction\":[{\"@type\":\"SearchAction\",\"target\":{\"@type\":\"EntryPoint\",\"urlTemplate\":\"https:\/\/www.other-news.info\/noticias\/?s={search_term_string}\"},\"query-input\":\"required name=search_term_string\"}],\"inLanguage\":\"es\"},{\"@type\":\"WebPage\",\"@id\":\"https:\/\/www.other-news.info\/noticias\/la-leve-gripe-de-francisco\/#webpage\",\"url\":\"https:\/\/www.other-news.info\/noticias\/la-leve-gripe-de-francisco\/\",\"name\":\"La \\u201cleve gripe\\u201d de Francisco - Other News - Voz en contra de la corriente\",\"isPartOf\":{\"@id\":\"https:\/\/www.other-news.info\/noticias\/#website\"},\"datePublished\":\"2023-12-01T17:39:04+00:00\",\"dateModified\":\"2023-12-01T17:39:04+00:00\",\"author\":{\"@id\":\"https:\/\/www.other-news.info\/noticias\/#\/schema\/person\/dd0ead9df8654b02034c4da003b9991b\"},\"breadcrumb\":{\"@id\":\"https:\/\/www.other-news.info\/noticias\/la-leve-gripe-de-francisco\/#breadcrumb\"},\"inLanguage\":\"es\",\"potentialAction\":[{\"@type\":\"ReadAction\",\"target\":[\"https:\/\/www.other-news.info\/noticias\/la-leve-gripe-de-francisco\/\"]}]},{\"@type\":\"BreadcrumbList\",\"@id\":\"https:\/\/www.other-news.info\/noticias\/la-leve-gripe-de-francisco\/#breadcrumb\",\"itemListElement\":[{\"@type\":\"ListItem\",\"position\":1,\"name\":\"Home\",\"item\":\"https:\/\/www.other-news.info\/noticias\/\"},{\"@type\":\"ListItem\",\"position\":2,\"name\":\"La \\u201cleve gripe\\u201d de Francisco\"}]},{\"@type\":\"Person\",\"@id\":\"https:\/\/www.other-news.info\/noticias\/#\/schema\/person\/dd0ead9df8654b02034c4da003b9991b\",\"name\":\"admin\",\"image\":{\"@type\":\"ImageObject\",\"@id\":\"https:\/\/www.other-news.info\/noticias\/#personlogo\",\"inLanguage\":\"es\",\"url\":\"https:\/\/secure.gravatar.com\/avatar\/e67344401a27ff9f91b2b48296aaa8fb9186ac51a3404ed4bdfbe790b6a9ee11?s=96&d=mm&r=g\",\"contentUrl\":\"https:\/\/secure.gravatar.com\/avatar\/e67344401a27ff9f91b2b48296aaa8fb9186ac51a3404ed4bdfbe790b6a9ee11?s=96&d=mm&r=g\",\"caption\":\"admin\"},\"url\":\"https:\/\/www.other-news.info\/noticias\/author\/admin\/\"}]}<\/script>\n<!-- \/ Yoast SEO plugin. -->","yoast_head_json":{"title":"La \u201cleve gripe\u201d de Francisco - Other News - Voz en contra de la corriente","robots":{"index":"index","follow":"follow","max-snippet":"max-snippet:-1","max-image-preview":"max-image-preview:large","max-video-preview":"max-video-preview:-1"},"canonical":"https:\/\/www.other-news.info\/noticias\/la-leve-gripe-de-francisco\/","og_locale":"es_ES","og_type":"article","og_title":"La \u201cleve gripe\u201d de Francisco - Other News - Voz en contra de la corriente","og_description":"Por&nbsp;Washington Uranga* La cuesti\u00f3n de la salud del Papa se transforma en centro de atenci\u00f3n period\u00edstica y pol\u00edtica mundial. Pese al tono de los anuncios del Vaticano para quitarle trascendencia, la noticia se amplifica a partir de la decisi\u00f3n de Francisco de no asistir a\u2026","og_url":"https:\/\/www.other-news.info\/noticias\/la-leve-gripe-de-francisco\/","og_site_name":"Other News - Voz en contra de la corriente","article_published_time":"2023-12-01T17:39:04+00:00","twitter_card":"summary_large_image","twitter_misc":{"Escrito por":"admin","Tiempo de lectura":"5 minutos"},"schema":{"@context":"https:\/\/schema.org","@graph":[{"@type":"WebSite","@id":"https:\/\/www.other-news.info\/noticias\/#website","url":"https:\/\/www.other-news.info\/noticias\/","name":"Other News - Voz en contra de la corriente","description":"Voz en contra de la corriente","potentialAction":[{"@type":"SearchAction","target":{"@type":"EntryPoint","urlTemplate":"https:\/\/www.other-news.info\/noticias\/?s={search_term_string}"},"query-input":"required name=search_term_string"}],"inLanguage":"es"},{"@type":"WebPage","@id":"https:\/\/www.other-news.info\/noticias\/la-leve-gripe-de-francisco\/#webpage","url":"https:\/\/www.other-news.info\/noticias\/la-leve-gripe-de-francisco\/","name":"La \u201cleve gripe\u201d de Francisco - Other News - Voz en contra de la corriente","isPartOf":{"@id":"https:\/\/www.other-news.info\/noticias\/#website"},"datePublished":"2023-12-01T17:39:04+00:00","dateModified":"2023-12-01T17:39:04+00:00","author":{"@id":"https:\/\/www.other-news.info\/noticias\/#\/schema\/person\/dd0ead9df8654b02034c4da003b9991b"},"breadcrumb":{"@id":"https:\/\/www.other-news.info\/noticias\/la-leve-gripe-de-francisco\/#breadcrumb"},"inLanguage":"es","potentialAction":[{"@type":"ReadAction","target":["https:\/\/www.other-news.info\/noticias\/la-leve-gripe-de-francisco\/"]}]},{"@type":"BreadcrumbList","@id":"https:\/\/www.other-news.info\/noticias\/la-leve-gripe-de-francisco\/#breadcrumb","itemListElement":[{"@type":"ListItem","position":1,"name":"Home","item":"https:\/\/www.other-news.info\/noticias\/"},{"@type":"ListItem","position":2,"name":"La \u201cleve gripe\u201d de Francisco"}]},{"@type":"Person","@id":"https:\/\/www.other-news.info\/noticias\/#\/schema\/person\/dd0ead9df8654b02034c4da003b9991b","name":"admin","image":{"@type":"ImageObject","@id":"https:\/\/www.other-news.info\/noticias\/#personlogo","inLanguage":"es","url":"https:\/\/secure.gravatar.com\/avatar\/e67344401a27ff9f91b2b48296aaa8fb9186ac51a3404ed4bdfbe790b6a9ee11?s=96&d=mm&r=g","contentUrl":"https:\/\/secure.gravatar.com\/avatar\/e67344401a27ff9f91b2b48296aaa8fb9186ac51a3404ed4bdfbe790b6a9ee11?s=96&d=mm&r=g","caption":"admin"},"url":"https:\/\/www.other-news.info\/noticias\/author\/admin\/"}]}},"_links":{"self":[{"href":"https:\/\/www.other-news.info\/noticias\/wp-json\/wp\/v2\/posts\/23022","targetHints":{"allow":["GET"]}}],"collection":[{"href":"https:\/\/www.other-news.info\/noticias\/wp-json\/wp\/v2\/posts"}],"about":[{"href":"https:\/\/www.other-news.info\/noticias\/wp-json\/wp\/v2\/types\/post"}],"author":[{"embeddable":true,"href":"https:\/\/www.other-news.info\/noticias\/wp-json\/wp\/v2\/users\/2"}],"replies":[{"embeddable":true,"href":"https:\/\/www.other-news.info\/noticias\/wp-json\/wp\/v2\/comments?post=23022"}],"version-history":[{"count":1,"href":"https:\/\/www.other-news.info\/noticias\/wp-json\/wp\/v2\/posts\/23022\/revisions"}],"predecessor-version":[{"id":23023,"href":"https:\/\/www.other-news.info\/noticias\/wp-json\/wp\/v2\/posts\/23022\/revisions\/23023"}],"wp:attachment":[{"href":"https:\/\/www.other-news.info\/noticias\/wp-json\/wp\/v2\/media?parent=23022"}],"wp:term":[{"taxonomy":"category","embeddable":true,"href":"https:\/\/www.other-news.info\/noticias\/wp-json\/wp\/v2\/categories?post=23022"},{"taxonomy":"post_tag","embeddable":true,"href":"https:\/\/www.other-news.info\/noticias\/wp-json\/wp\/v2\/tags?post=23022"}],"curies":[{"name":"wp","href":"https:\/\/api.w.org\/{rel}","templated":true}]}}