{"id":23024,"date":"2023-12-04T18:07:06","date_gmt":"2023-12-04T17:07:06","guid":{"rendered":"https:\/\/www.other-news.info\/noticias\/?p=23024"},"modified":"2023-12-04T18:07:07","modified_gmt":"2023-12-04T17:07:07","slug":"no-solo-es-espana-otros-paises-europeos-que-han-chocado-con-israel","status":"publish","type":"post","link":"https:\/\/www.other-news.info\/noticias\/no-solo-es-espana-otros-paises-europeos-que-han-chocado-con-israel\/","title":{"rendered":"No solo es Espa\u00f1a: \u00a0otros pa\u00edses europeos que han chocado con Israel"},"content":{"rendered":"\n<p class=\"wp-block-paragraph\"><strong>Por Mar\u00eda G. Zornoza \u2013 P\u00fablico.es<\/strong><\/p>\n\n\n\n<p class=\"wp-block-paragraph\"><em>B\u00e9lgica, Irlanda, Francia o Polonia tambi\u00e9n han vivido choques diplom\u00e1ticos con Tel Aviv, que defiende en el \u00e1mbito global una postura de tolerancia cero con las voces cr\u00edticas<\/em><\/p>\n\n\n\n<p class=\"wp-block-paragraph\">La diplomacia israel\u00ed es conocida por ejercer una fuerte presi\u00f3n y por tener poca cintura con las cr\u00edticas.&nbsp;<a href=\"https:\/\/www.publico.es\/internacional\/israel-vuelve-llamar-consultas-embajadora-espanola-tilda-vergonzosas-palabras-sanchez.html#analytics-noticia:contenido-enlace\">Pedro S\u00e1nchez lo ha vivido en sus carnes<\/a>&nbsp;durante los \u00faltimos d\u00edas. Pero los tirones de oreja de Tel Aviv a aliados europeos no se limitan a Espa\u00f1a ni son exclusivos del contexto de guerra actual.&nbsp;Irlanda, B\u00e9lgica, Francia o Polonia&nbsp;tambi\u00e9n han vivido rifirrafes diplom\u00e1ticos.<\/p>\n\n\n\n<p class=\"wp-block-paragraph\">La semana pasada, el presidente del Gobierno espa\u00f1ol viaj\u00f3 a la regi\u00f3n junto al primer ministro belga. S\u00e1nchez lidera la actual&nbsp;Presidencia del Consejo de la UE. Y el belga lo har\u00e1 a partir del 1 de enero. Casualmente, son dos de los mandatarios europeos que m\u00e1s expl\u00edcitos han sido, junto a Irlanda, a la hora de pedir un alto al fuego y de&nbsp;<a href=\"https:\/\/www.publico.es\/internacional\/albares-responde-israel-acusaciones-son-falsas-e-inaceptables.html#analytics-noticia:contenido-enlace\">exigir a Israel que respete el Derecho Internacional<\/a>&nbsp;y, especialmente, del Derecho Internacional Humanitario.<\/p>\n\n\n\n<p class=\"wp-block-paragraph\">En las \u00faltimas horas, la tensi\u00f3n entre Israel y Espa\u00f1a ha escalado un nuevo pelda\u00f1o. El jueves, S\u00e1nchez cuestion\u00f3 en una entrevista en TVE que Israel estuviera respetando el&nbsp;Derecho Internacional. Unas palabras intolerables para los hebreos, que volvieron a llamar a consultas a la embajadora. A pesar de la presi\u00f3n, tanto S\u00e1nchez como De Croo se han reafirmado en sus declaraciones:&nbsp;<a href=\"https:\/\/www.publico.es\/politica\/sanchez-dice-condenar-muerte-civiles-palestinos-cuestion-humanidad.html#analytics-noticia:contenido-enlace\">el n\u00famero de civiles asesinados en Gaza es intolerable<\/a>.<\/p>\n\n\n\n<p class=\"wp-block-paragraph\">Trasladar este mensaje cara a cara a&nbsp;Benjam\u00edn Netanyahu&nbsp;se ha traducido en sendos pa\u00edses en protestas diplom\u00e1ticas y llamadas a sus respectivos embajadores para abroncarles. En paralelo, el primer ministro irland\u00e9s,&nbsp;Leo Varadkar, celebr\u00f3 a trav\u00e9s de X la liberaci\u00f3n de una reh\u00e9n con doble nacionalidad irlandesa-israel\u00ed. \u00abEstaba perdida y ha sido encontrada\u00bb, fue la f\u00f3rmula que emple\u00f3 y que&nbsp;<a href=\"https:\/\/www.publico.es\/internacional\/israel-acusa-al-primer-ministro-irlandes-legitimar-terrorismo.html#analytics-noticia:contenido-enlace\">desat\u00f3 la furia en Tel Aviv<\/a>. El ministro de Asuntos Exteriores hebreo, Eli Cohen, acus\u00f3 a los tres pa\u00edses de ser c\u00f3mplices y apoyar al terrorismo de Ham\u00e1s.<\/p>\n\n\n\n<p class=\"wp-block-paragraph\">El propio&nbsp;Emmanuel Macron, presidente de Francia, que ha mantenido una postura tibia y ambigua, tambi\u00e9n fue diana de las cr\u00edticas de la diplomacia hebrea. Pocos d\u00edas despu\u00e9s de&nbsp;<a href=\"https:\/\/www.publico.es\/internacional\/israel-declara-guerra-lanzamiento-cohetes-gaza.html#analytics-noticia:contenido-enlace\">la ofensiva de Israel en Gaza<\/a>, el inquilino del El\u00edseo pidi\u00f3 el fin de la intervenci\u00f3n militar israel\u00ed. En una entrevista con la BBC denunci\u00f3 que \u00abmuchas mujeres y ni\u00f1os estaban siendo asesinados en Gaza\u00bb.<\/p>\n\n\n\n<p class=\"wp-block-paragraph\">Antes de la guerra actual, el pa\u00eds europeo que m\u00e1s se ha chocado con Israel ha sido&nbsp;Polonia. El Gobierno polaco aprob\u00f3 en 2018 una ley que planteaba multas e incluso c\u00e1rcel para aquellas personas que relacionasen a Varsovia con la colaboraci\u00f3n con los nazis y con los campos de concentraci\u00f3n durante la&nbsp;Segunda Guerra Mundial.<\/p>\n\n\n\n<p class=\"wp-block-paragraph\">Durante a\u00f1os, la postura f\u00e9rrea del Ejecutivo ultranacionalista de&nbsp;Ley y Justicia&nbsp;(PiS) en torno a que su pa\u00eds fue invadido y no c\u00f3mplice de Hitler y los consencientes choques con Netanyahu por ello se han traducido en cruces de acusaciones, viajes oficiales cancelados o llamadas a consultas de sendos embajadores.<\/p>\n\n\n\n<p class=\"wp-block-paragraph\"><strong>La UE con Israel: mucha zanahoria y poco palo<\/strong><\/p>\n\n\n\n<p class=\"wp-block-paragraph\">Hay dos pa\u00edses que para los que toser a Israel no es una opci\u00f3n. El primero,&nbsp;Estados Unidos, el hermano mayor del Estado hebreo y su gran valedor pol\u00edtico, financiero y militar.&nbsp;<a href=\"https:\/\/www.publico.es\/internacional\/alemania-francia-prohiben-manifestaciones-apoyo-palestina.html#analytics-noticia:contenido-enlace\">El otro es Alemania<\/a>, que acarrea sobre sus hombros los fantasmas hist\u00f3ricos de la culpa por el Holocausto.<\/p>\n\n\n\n<p class=\"wp-block-paragraph\">Con el paso de los a\u00f1os,&nbsp;Washington&nbsp;ha frenado resoluciones de condena a Israel en la Asamblea General de Naciones Unidas. Y Alemania, junto a otros como&nbsp;Austria o Hungr\u00eda, han marcado el paso en el Consejo Europeo rebajando el tono de denuncia a Israel.<\/p>\n\n\n\n<p class=\"wp-block-paragraph\">\u00abSolo yo puedo evitar un Estado palestino despu\u00e9s de la guerra (&#8230;) Los estadounidenses no quer\u00edan una invasi\u00f3n terrestre y no quer\u00edan que entr\u00e1semos en el hospital&nbsp;Shifa. Hicimos ambas cosas. Conozco a Biden desde hace m\u00e1s de 40 a\u00f1os y s\u00e9 c\u00f3mo hablar a la opini\u00f3n p\u00fablica norteamericana\u00bb, afirm\u00f3 recientemente&nbsp;Benjam\u00edn Netanyahu, a los miembros del Likud, en palabras que recogen los medios locales.<\/p>\n\n\n\n<p class=\"wp-block-paragraph\">En estos momentos, Netanyahu lidera el Ejecutivo m\u00e1s&nbsp;belicista y ultranacionalista&nbsp;del Estado hebreo. Durante sus mandatos ha consolidado y reforzado la pol\u00edtica de extensi\u00f3n de los asentamientos ilegales, que se han multiplicado por tres desde la firma de&nbsp;<a href=\"https:\/\/www.publico.es\/internacional\/veinte-anos-frustracion-acuerdos-oslo.html#analytics-noticia:contenido-enlace\">los acuerdos de Oslo en 1993<\/a>. La explosi\u00f3n de los colonos en Cisjordania ha ido progresivamente agraviando la discontinuidad territorial de Palestina, siendo uno de los grandes y principales obst\u00e1culos para la consecuci\u00f3n de los dos Estados, que es la apuesta que los europeos defienden desde hace d\u00e9cadas.<\/p>\n\n\n\n<p class=\"wp-block-paragraph\">La ONU ha condenado en numerosas ocasiones la ilegalidad de la ocupaci\u00f3n. A pesar de ello, la&nbsp;Uni\u00f3n Europea&nbsp;ha adoptado con Israel una pol\u00edtica de zanahorias, pero ning\u00fan palo. La respuesta a las continuas vulneraciones del&nbsp;Derecho Internacional&nbsp;se ha respondido en Bruselas con comunicados que expresaban las \u00abgrandes preocupaciones\u00bb, pero con escasas o nulas medidas para presionar.<\/p>\n\n\n\n<p class=\"wp-block-paragraph\">Israel y la UE cuentan con un acuerdo de asociaci\u00f3n y el pa\u00eds forma parte de buena parte de los programas europeos. Pero en la capital comunitaria utilizar estas armas para presionar o coaccionar nunca ha sido una opci\u00f3n.<\/p>\n\n\n\n<p class=\"wp-block-paragraph\">Desde el inicio de la guerra que comenz\u00f3 el 7 de octubre con el ataque de Ham\u00e1s, la eurodiputada&nbsp;Idoia Villanueva, de Unidas Podemos, ha pedido en varias ocasiones medidas contundentes como la suspensi\u00f3n del acuerdo de asociaci\u00f3n, un embargo de armas, la retirada de contratos de armamento y sanciones a los \u00abresponsables del genocidio en Gaza y la violencia en Cisjordania\u00bb. Ninguna de esas opciones est\u00e1 sobre la mesa de los Veintisiete.<\/p>\n","protected":false},"excerpt":{"rendered":"<p>Zornoza \u2013 P\u00fablico.es B\u00e9lgica, Irlanda, Francia o Polonia tambi\u00e9n han vivido choques diplom\u00e1ticos con Tel Aviv, que defiende en el \u00e1mbito global una postura de tolerancia cero con las voces cr\u00edticas La diplomacia israel\u00ed es conocida por ejercer una fuerte presi\u00f3n y por tener poca\u2026<\/p>\n","protected":false},"author":2,"featured_media":0,"comment_status":"closed","ping_status":"open","sticky":false,"template":"","format":"standard","meta":{"footnotes":""},"categories":[1],"tags":[],"class_list":["post-23024","post","type-post","status-publish","format-standard","hentry","category-other-news"],"yoast_head":"<!-- This site is optimized with the Yoast SEO plugin v16.7 - https:\/\/yoast.com\/wordpress\/plugins\/seo\/ -->\n<title>No solo es Espa\u00f1a: \u00a0otros pa\u00edses europeos que han chocado con Israel - Other News - Voz en contra de la corriente<\/title>\n<meta name=\"robots\" content=\"index, follow, max-snippet:-1, max-image-preview:large, max-video-preview:-1\" \/>\n<link rel=\"canonical\" href=\"https:\/\/www.other-news.info\/noticias\/no-solo-es-espana-otros-paises-europeos-que-han-chocado-con-israel\/\" \/>\n<meta property=\"og:locale\" content=\"es_ES\" \/>\n<meta property=\"og:type\" content=\"article\" \/>\n<meta property=\"og:title\" content=\"No solo es Espa\u00f1a: \u00a0otros pa\u00edses europeos que han chocado con Israel - Other News - Voz en contra de la corriente\" \/>\n<meta property=\"og:description\" content=\"Zornoza \u2013 P\u00fablico.es B\u00e9lgica, Irlanda, Francia o Polonia tambi\u00e9n han vivido choques diplom\u00e1ticos con Tel Aviv, que defiende en el \u00e1mbito global una postura de tolerancia cero con las voces cr\u00edticas La diplomacia israel\u00ed es conocida por ejercer una fuerte presi\u00f3n y por tener poca\u2026\" \/>\n<meta property=\"og:url\" content=\"https:\/\/www.other-news.info\/noticias\/no-solo-es-espana-otros-paises-europeos-que-han-chocado-con-israel\/\" \/>\n<meta property=\"og:site_name\" content=\"Other News - Voz en contra de la corriente\" \/>\n<meta property=\"article:published_time\" content=\"2023-12-04T17:07:06+00:00\" \/>\n<meta property=\"article:modified_time\" content=\"2023-12-04T17:07:07+00:00\" \/>\n<meta name=\"twitter:card\" content=\"summary_large_image\" \/>\n<meta name=\"twitter:label1\" content=\"Escrito por\" \/>\n\t<meta name=\"twitter:data1\" content=\"admin\" \/>\n\t<meta name=\"twitter:label2\" content=\"Tiempo de lectura\" \/>\n\t<meta name=\"twitter:data2\" content=\"5 minutos\" \/>\n<script type=\"application\/ld+json\" class=\"yoast-schema-graph\">{\"@context\":\"https:\/\/schema.org\",\"@graph\":[{\"@type\":\"WebSite\",\"@id\":\"https:\/\/www.other-news.info\/noticias\/#website\",\"url\":\"https:\/\/www.other-news.info\/noticias\/\",\"name\":\"Other News - Voz en contra de la corriente\",\"description\":\"Voz en contra de la corriente\",\"potentialAction\":[{\"@type\":\"SearchAction\",\"target\":{\"@type\":\"EntryPoint\",\"urlTemplate\":\"https:\/\/www.other-news.info\/noticias\/?s={search_term_string}\"},\"query-input\":\"required name=search_term_string\"}],\"inLanguage\":\"es\"},{\"@type\":\"WebPage\",\"@id\":\"https:\/\/www.other-news.info\/noticias\/no-solo-es-espana-otros-paises-europeos-que-han-chocado-con-israel\/#webpage\",\"url\":\"https:\/\/www.other-news.info\/noticias\/no-solo-es-espana-otros-paises-europeos-que-han-chocado-con-israel\/\",\"name\":\"No solo es Espa\\u00f1a: \\u00a0otros pa\\u00edses europeos que han chocado con Israel - Other News - Voz en contra de la corriente\",\"isPartOf\":{\"@id\":\"https:\/\/www.other-news.info\/noticias\/#website\"},\"datePublished\":\"2023-12-04T17:07:06+00:00\",\"dateModified\":\"2023-12-04T17:07:07+00:00\",\"author\":{\"@id\":\"https:\/\/www.other-news.info\/noticias\/#\/schema\/person\/dd0ead9df8654b02034c4da003b9991b\"},\"breadcrumb\":{\"@id\":\"https:\/\/www.other-news.info\/noticias\/no-solo-es-espana-otros-paises-europeos-que-han-chocado-con-israel\/#breadcrumb\"},\"inLanguage\":\"es\",\"potentialAction\":[{\"@type\":\"ReadAction\",\"target\":[\"https:\/\/www.other-news.info\/noticias\/no-solo-es-espana-otros-paises-europeos-que-han-chocado-con-israel\/\"]}]},{\"@type\":\"BreadcrumbList\",\"@id\":\"https:\/\/www.other-news.info\/noticias\/no-solo-es-espana-otros-paises-europeos-que-han-chocado-con-israel\/#breadcrumb\",\"itemListElement\":[{\"@type\":\"ListItem\",\"position\":1,\"name\":\"Home\",\"item\":\"https:\/\/www.other-news.info\/noticias\/\"},{\"@type\":\"ListItem\",\"position\":2,\"name\":\"No solo es Espa\\u00f1a: \\u00a0otros pa\\u00edses europeos que han chocado con Israel\"}]},{\"@type\":\"Person\",\"@id\":\"https:\/\/www.other-news.info\/noticias\/#\/schema\/person\/dd0ead9df8654b02034c4da003b9991b\",\"name\":\"admin\",\"image\":{\"@type\":\"ImageObject\",\"@id\":\"https:\/\/www.other-news.info\/noticias\/#personlogo\",\"inLanguage\":\"es\",\"url\":\"https:\/\/secure.gravatar.com\/avatar\/e67344401a27ff9f91b2b48296aaa8fb9186ac51a3404ed4bdfbe790b6a9ee11?s=96&d=mm&r=g\",\"contentUrl\":\"https:\/\/secure.gravatar.com\/avatar\/e67344401a27ff9f91b2b48296aaa8fb9186ac51a3404ed4bdfbe790b6a9ee11?s=96&d=mm&r=g\",\"caption\":\"admin\"},\"url\":\"https:\/\/www.other-news.info\/noticias\/author\/admin\/\"}]}<\/script>\n<!-- \/ Yoast SEO plugin. -->","yoast_head_json":{"title":"No solo es Espa\u00f1a: \u00a0otros pa\u00edses europeos que han chocado con Israel - Other News - Voz en contra de la corriente","robots":{"index":"index","follow":"follow","max-snippet":"max-snippet:-1","max-image-preview":"max-image-preview:large","max-video-preview":"max-video-preview:-1"},"canonical":"https:\/\/www.other-news.info\/noticias\/no-solo-es-espana-otros-paises-europeos-que-han-chocado-con-israel\/","og_locale":"es_ES","og_type":"article","og_title":"No solo es Espa\u00f1a: \u00a0otros pa\u00edses europeos que han chocado con Israel - Other News - Voz en contra de la corriente","og_description":"Zornoza \u2013 P\u00fablico.es B\u00e9lgica, Irlanda, Francia o Polonia tambi\u00e9n han vivido choques diplom\u00e1ticos con Tel Aviv, que defiende en el \u00e1mbito global una postura de tolerancia cero con las voces cr\u00edticas La diplomacia israel\u00ed es conocida por ejercer una fuerte presi\u00f3n y por tener poca\u2026","og_url":"https:\/\/www.other-news.info\/noticias\/no-solo-es-espana-otros-paises-europeos-que-han-chocado-con-israel\/","og_site_name":"Other News - Voz en contra de la corriente","article_published_time":"2023-12-04T17:07:06+00:00","article_modified_time":"2023-12-04T17:07:07+00:00","twitter_card":"summary_large_image","twitter_misc":{"Escrito por":"admin","Tiempo de lectura":"5 minutos"},"schema":{"@context":"https:\/\/schema.org","@graph":[{"@type":"WebSite","@id":"https:\/\/www.other-news.info\/noticias\/#website","url":"https:\/\/www.other-news.info\/noticias\/","name":"Other News - Voz en contra de la corriente","description":"Voz en contra de la corriente","potentialAction":[{"@type":"SearchAction","target":{"@type":"EntryPoint","urlTemplate":"https:\/\/www.other-news.info\/noticias\/?s={search_term_string}"},"query-input":"required name=search_term_string"}],"inLanguage":"es"},{"@type":"WebPage","@id":"https:\/\/www.other-news.info\/noticias\/no-solo-es-espana-otros-paises-europeos-que-han-chocado-con-israel\/#webpage","url":"https:\/\/www.other-news.info\/noticias\/no-solo-es-espana-otros-paises-europeos-que-han-chocado-con-israel\/","name":"No solo es Espa\u00f1a: \u00a0otros pa\u00edses europeos que han chocado con Israel - Other News - Voz en contra de la corriente","isPartOf":{"@id":"https:\/\/www.other-news.info\/noticias\/#website"},"datePublished":"2023-12-04T17:07:06+00:00","dateModified":"2023-12-04T17:07:07+00:00","author":{"@id":"https:\/\/www.other-news.info\/noticias\/#\/schema\/person\/dd0ead9df8654b02034c4da003b9991b"},"breadcrumb":{"@id":"https:\/\/www.other-news.info\/noticias\/no-solo-es-espana-otros-paises-europeos-que-han-chocado-con-israel\/#breadcrumb"},"inLanguage":"es","potentialAction":[{"@type":"ReadAction","target":["https:\/\/www.other-news.info\/noticias\/no-solo-es-espana-otros-paises-europeos-que-han-chocado-con-israel\/"]}]},{"@type":"BreadcrumbList","@id":"https:\/\/www.other-news.info\/noticias\/no-solo-es-espana-otros-paises-europeos-que-han-chocado-con-israel\/#breadcrumb","itemListElement":[{"@type":"ListItem","position":1,"name":"Home","item":"https:\/\/www.other-news.info\/noticias\/"},{"@type":"ListItem","position":2,"name":"No solo es Espa\u00f1a: \u00a0otros pa\u00edses europeos que han chocado con Israel"}]},{"@type":"Person","@id":"https:\/\/www.other-news.info\/noticias\/#\/schema\/person\/dd0ead9df8654b02034c4da003b9991b","name":"admin","image":{"@type":"ImageObject","@id":"https:\/\/www.other-news.info\/noticias\/#personlogo","inLanguage":"es","url":"https:\/\/secure.gravatar.com\/avatar\/e67344401a27ff9f91b2b48296aaa8fb9186ac51a3404ed4bdfbe790b6a9ee11?s=96&d=mm&r=g","contentUrl":"https:\/\/secure.gravatar.com\/avatar\/e67344401a27ff9f91b2b48296aaa8fb9186ac51a3404ed4bdfbe790b6a9ee11?s=96&d=mm&r=g","caption":"admin"},"url":"https:\/\/www.other-news.info\/noticias\/author\/admin\/"}]}},"_links":{"self":[{"href":"https:\/\/www.other-news.info\/noticias\/wp-json\/wp\/v2\/posts\/23024","targetHints":{"allow":["GET"]}}],"collection":[{"href":"https:\/\/www.other-news.info\/noticias\/wp-json\/wp\/v2\/posts"}],"about":[{"href":"https:\/\/www.other-news.info\/noticias\/wp-json\/wp\/v2\/types\/post"}],"author":[{"embeddable":true,"href":"https:\/\/www.other-news.info\/noticias\/wp-json\/wp\/v2\/users\/2"}],"replies":[{"embeddable":true,"href":"https:\/\/www.other-news.info\/noticias\/wp-json\/wp\/v2\/comments?post=23024"}],"version-history":[{"count":1,"href":"https:\/\/www.other-news.info\/noticias\/wp-json\/wp\/v2\/posts\/23024\/revisions"}],"predecessor-version":[{"id":23025,"href":"https:\/\/www.other-news.info\/noticias\/wp-json\/wp\/v2\/posts\/23024\/revisions\/23025"}],"wp:attachment":[{"href":"https:\/\/www.other-news.info\/noticias\/wp-json\/wp\/v2\/media?parent=23024"}],"wp:term":[{"taxonomy":"category","embeddable":true,"href":"https:\/\/www.other-news.info\/noticias\/wp-json\/wp\/v2\/categories?post=23024"},{"taxonomy":"post_tag","embeddable":true,"href":"https:\/\/www.other-news.info\/noticias\/wp-json\/wp\/v2\/tags?post=23024"}],"curies":[{"name":"wp","href":"https:\/\/api.w.org\/{rel}","templated":true}]}}