{"id":23028,"date":"2023-12-05T18:39:03","date_gmt":"2023-12-05T17:39:03","guid":{"rendered":"https:\/\/www.other-news.info\/noticias\/?p=23028"},"modified":"2023-12-05T18:39:03","modified_gmt":"2023-12-05T17:39:03","slug":"2024-elecciones-en-76-paises-con-la-extrema-derecha-al-asalto","status":"publish","type":"post","link":"https:\/\/www.other-news.info\/noticias\/2024-elecciones-en-76-paises-con-la-extrema-derecha-al-asalto\/","title":{"rendered":"2024: elecciones en 76 pa\u00edses con la extrema derecha al asalto"},"content":{"rendered":"\n<p class=\"wp-block-paragraph\"><strong><em>Por Prof. Juan Torres L\u00f3pez*<\/em><\/strong><\/p>\n\n\n\n<p class=\"wp-block-paragraph\">Seg\u00fan el semanario&nbsp;<a href=\"https:\/\/www.economist.com\/interactive\/the-world-ahead\/2023\/11\/13\/2024-is-the-biggest-election-year-in-history\">The Economist<\/a>,&nbsp;en 2024 acudir\u00e1n a las urnas, en diferentes tipos de elecciones y en 76 pa\u00edses de todo el planeta, alrededor de 4.000 millones de personas, pr\u00e1cticamente la mitad de la poblaci\u00f3n mundial.<\/p>\n\n\n\n<p class=\"wp-block-paragraph\">Nunca a lo largo de la historia hab\u00edan votado tantas personas en un mismo a\u00f1o y, posiblemente, tampoco nunca hab\u00edan sido tan importantes las elecciones concentradas en un mismo periodo.<\/p>\n\n\n\n<p class=\"wp-block-paragraph\">Se trata de un fen\u00f3meno muy singular, por su magnitud, pero tambi\u00e9n muy preocupante por tres circunstancias en las que se va a producir y que afectar\u00e1n a los resultados de todos esos procesos electorales.<\/p>\n\n\n\n<p class=\"wp-block-paragraph\">La primera es que, en muchos de esos pa\u00edses, no se dan las condiciones adecuadas para que las elecciones se lleven a cabo con limpieza porque no se respetan los derechos civiles b\u00e1sicos. Eso quiere decir que cabe esperar que se fortalezcan reg\u00edmenes totalitarios en unos, o que la democracia empeore a\u00fan m\u00e1s, en otros. Un fen\u00f3meno que no s\u00f3lo podr\u00eda afectar, como quiz\u00e1 se pueda creer, a los pa\u00edses m\u00e1s atrasados, sino tambi\u00e9n a uno clave en nuestro planeta, Estados Unidos. All\u00ed se han ido produciendo multitud de cambios legislativos en los \u00faltimos a\u00f1os para limitar la capacidad de voto de millones de personas y favorecer as\u00ed a los candidatos republicanos m\u00e1s derechistas. Y la extrema polarizaci\u00f3n que se vive en ese pa\u00eds hace temer a cada vez m\u00e1s analistas y organismos de todo tipo que se produzca un aut\u00e9ntico cataclismo democr\u00e1tico tras las elecciones de noviembre, ganen dem\u00f3cratas o republicanos.<\/p>\n\n\n\n<p class=\"wp-block-paragraph\">Otra circunstancia peligrosa la vienen denunciando muchos organismos internacionales independientes: la limpieza electoral ni siquiera est\u00e1 garantizada en los pa\u00edses m\u00e1s plenamente democr\u00e1ticos porque no se han tomado medidas efectivas para impedir la injerencia de las plataformas digitales y los diversos medios de inteligencia artificial. No s\u00f3lo con anterioridad a las elecciones, para condicionar irregularmente el voto, sino una vez celebradas, para contribuir a que los resultados se pongan en cuesti\u00f3n si quien los controla considera que no le son propicios.<\/p>\n\n\n\n<p class=\"wp-block-paragraph\">Finalmente, siguen creciendo los factores que impulsan el cansancio de las clases trabajadoras ante la pol\u00edtica democr\u00e1tica que no mejora sus condiciones de vida, lo que alimenta sin cesar a las corrientes de la extrema derecha cuando las izquierdas no ofrecen respuestas pol\u00edticas capaces de ganarse su apoyo. Un proceso que, a su vez, radicaliza cada vez m\u00e1s a las derechas supuestamente m\u00e1s moderadas (como el PP en Espa\u00f1a) para no perder votos.<\/p>\n\n\n\n<p class=\"wp-block-paragraph\">La extrema derecha global prepara su asalto a las urnas, para gobernar en unos casos o para condicionar decisivamente las pol\u00edticas nacionales sin necesidad de ser la fuerza mayoritaria. Y si eso es preocupante, m\u00e1s a\u00fan lo es que, ante su ascenso, apenas haya respuestas efectivas y atractivas de las corrientes democr\u00e1ticas. Las de derecha est\u00e1n casi desapareciendo, absorbidas -como he dicho- por el ascenso de las extremistas; y las de izquierdas, como vengo denunciando desde hace tiempo, porque viven del presentismo y en el d\u00eda a d\u00eda; sin actuar -en la pr\u00e1ctica- con conciencia del peligro que amenaza a toda la sociedad; y sin ofrecer reflexiones o propuestas de medidas efectivas para hacerle frente a corto, medio y largo plazo.<\/p>\n\n\n\n<p class=\"wp-block-paragraph\">El PSOE acaba de anunciar que celebrar\u00e1 el pr\u00f3ximo mes de enero una conferencia pol\u00edtica para su rearme ideol\u00f3gico, precisamente ante el avance de la extrema derecha. Es de aplaudir, aunque cuesta creer que, con tan escaso tiempo de por medio y sin apenas reflexi\u00f3n colectiva anterior (que se conozca), se pueda llegar muy lejos a la hora de elaborar estrategias que vayan m\u00e1s all\u00e1 del marketing previo a las pr\u00f3ximas citas electorales. Ojal\u00e1 me equivoque, En cualquier caso, algo es algo; y eso siempre ser\u00e1 mejor que nada, que es lo que est\u00e1n ofreciendo los partidos que dicen ser m\u00e1s de izquierdas que el socialista.<\/p>\n\n\n\n<p class=\"wp-block-paragraph\">\u2026\u2026\u2026\u2026\u2026\u2026\u2026.<\/p>\n\n\n\n<p class=\"wp-block-paragraph\"><em>*Publicado en la p\u00e1gina WEB de Juan Torres L\u00f3pez, Catedr\u00e1tico de Econom\u00eda Aplicada de la Universidad de Sevilla. Dedicado al an\u00e1lisis y divulgaci\u00f3n de la realidad econ\u00f3mica, en los \u00faltimos a\u00f1os ha publicado alrededor de un millar de art\u00edculos de opini\u00f3n y numerosos libros que se han convertido en \u00e9xitos editoriales. Los dos \u00faltimos, \u2018Econom\u00eda para no dejarse enga\u00f1ar por los economistas\u2019 y \u2018La Renta B\u00e1sica. \u00bfQu\u00e9 es, cu\u00e1ntos tipos hay, c\u00f3mo se financia y qu\u00e9 efectos tiene?\u2019.&nbsp;<\/em><\/p>\n","protected":false},"excerpt":{"rendered":"<p>Por Prof. Juan Torres L\u00f3pez* Seg\u00fan el semanario&nbsp;The Economist,&nbsp;en 2024 acudir\u00e1n a las urnas, en diferentes tipos de elecciones y en 76 pa\u00edses de todo el planeta, alrededor de 4.000 millones de personas, pr\u00e1cticamente la mitad de la poblaci\u00f3n mundial. Nunca a lo largo\u2026<\/p>\n","protected":false},"author":2,"featured_media":0,"comment_status":"closed","ping_status":"open","sticky":false,"template":"","format":"standard","meta":{"footnotes":""},"categories":[1],"tags":[],"class_list":["post-23028","post","type-post","status-publish","format-standard","hentry","category-other-news"],"yoast_head":"<!-- This site is optimized with the Yoast SEO plugin v16.7 - https:\/\/yoast.com\/wordpress\/plugins\/seo\/ -->\n<title>2024: elecciones en 76 pa\u00edses con la extrema derecha al asalto - Other News - Voz en contra de la corriente<\/title>\n<meta name=\"robots\" content=\"index, follow, max-snippet:-1, max-image-preview:large, max-video-preview:-1\" \/>\n<link rel=\"canonical\" href=\"https:\/\/www.other-news.info\/noticias\/2024-elecciones-en-76-paises-con-la-extrema-derecha-al-asalto\/\" \/>\n<meta property=\"og:locale\" content=\"es_ES\" \/>\n<meta property=\"og:type\" content=\"article\" \/>\n<meta property=\"og:title\" content=\"2024: elecciones en 76 pa\u00edses con la extrema derecha al asalto - Other News - Voz en contra de la corriente\" \/>\n<meta property=\"og:description\" content=\"Por Prof. Juan Torres L\u00f3pez* Seg\u00fan el semanario&nbsp;The Economist,&nbsp;en 2024 acudir\u00e1n a las urnas, en diferentes tipos de elecciones y en 76 pa\u00edses de todo el planeta, alrededor de 4.000 millones de personas, pr\u00e1cticamente la mitad de la poblaci\u00f3n mundial. Nunca a lo largo\u2026\" \/>\n<meta property=\"og:url\" content=\"https:\/\/www.other-news.info\/noticias\/2024-elecciones-en-76-paises-con-la-extrema-derecha-al-asalto\/\" \/>\n<meta property=\"og:site_name\" content=\"Other News - Voz en contra de la corriente\" \/>\n<meta property=\"article:published_time\" content=\"2023-12-05T17:39:03+00:00\" \/>\n<meta name=\"twitter:card\" content=\"summary_large_image\" \/>\n<meta name=\"twitter:label1\" content=\"Escrito por\" \/>\n\t<meta name=\"twitter:data1\" content=\"admin\" \/>\n\t<meta name=\"twitter:label2\" content=\"Tiempo de lectura\" \/>\n\t<meta name=\"twitter:data2\" content=\"4 minutos\" \/>\n<script type=\"application\/ld+json\" class=\"yoast-schema-graph\">{\"@context\":\"https:\/\/schema.org\",\"@graph\":[{\"@type\":\"WebSite\",\"@id\":\"https:\/\/www.other-news.info\/noticias\/#website\",\"url\":\"https:\/\/www.other-news.info\/noticias\/\",\"name\":\"Other News - Voz en contra de la corriente\",\"description\":\"Voz en contra de la corriente\",\"potentialAction\":[{\"@type\":\"SearchAction\",\"target\":{\"@type\":\"EntryPoint\",\"urlTemplate\":\"https:\/\/www.other-news.info\/noticias\/?s={search_term_string}\"},\"query-input\":\"required name=search_term_string\"}],\"inLanguage\":\"es\"},{\"@type\":\"WebPage\",\"@id\":\"https:\/\/www.other-news.info\/noticias\/2024-elecciones-en-76-paises-con-la-extrema-derecha-al-asalto\/#webpage\",\"url\":\"https:\/\/www.other-news.info\/noticias\/2024-elecciones-en-76-paises-con-la-extrema-derecha-al-asalto\/\",\"name\":\"2024: elecciones en 76 pa\\u00edses con la extrema derecha al asalto - Other News - Voz en contra de la corriente\",\"isPartOf\":{\"@id\":\"https:\/\/www.other-news.info\/noticias\/#website\"},\"datePublished\":\"2023-12-05T17:39:03+00:00\",\"dateModified\":\"2023-12-05T17:39:03+00:00\",\"author\":{\"@id\":\"https:\/\/www.other-news.info\/noticias\/#\/schema\/person\/dd0ead9df8654b02034c4da003b9991b\"},\"breadcrumb\":{\"@id\":\"https:\/\/www.other-news.info\/noticias\/2024-elecciones-en-76-paises-con-la-extrema-derecha-al-asalto\/#breadcrumb\"},\"inLanguage\":\"es\",\"potentialAction\":[{\"@type\":\"ReadAction\",\"target\":[\"https:\/\/www.other-news.info\/noticias\/2024-elecciones-en-76-paises-con-la-extrema-derecha-al-asalto\/\"]}]},{\"@type\":\"BreadcrumbList\",\"@id\":\"https:\/\/www.other-news.info\/noticias\/2024-elecciones-en-76-paises-con-la-extrema-derecha-al-asalto\/#breadcrumb\",\"itemListElement\":[{\"@type\":\"ListItem\",\"position\":1,\"name\":\"Home\",\"item\":\"https:\/\/www.other-news.info\/noticias\/\"},{\"@type\":\"ListItem\",\"position\":2,\"name\":\"2024: elecciones en 76 pa\\u00edses con la extrema derecha al asalto\"}]},{\"@type\":\"Person\",\"@id\":\"https:\/\/www.other-news.info\/noticias\/#\/schema\/person\/dd0ead9df8654b02034c4da003b9991b\",\"name\":\"admin\",\"image\":{\"@type\":\"ImageObject\",\"@id\":\"https:\/\/www.other-news.info\/noticias\/#personlogo\",\"inLanguage\":\"es\",\"url\":\"https:\/\/secure.gravatar.com\/avatar\/e67344401a27ff9f91b2b48296aaa8fb9186ac51a3404ed4bdfbe790b6a9ee11?s=96&d=mm&r=g\",\"contentUrl\":\"https:\/\/secure.gravatar.com\/avatar\/e67344401a27ff9f91b2b48296aaa8fb9186ac51a3404ed4bdfbe790b6a9ee11?s=96&d=mm&r=g\",\"caption\":\"admin\"},\"url\":\"https:\/\/www.other-news.info\/noticias\/author\/admin\/\"}]}<\/script>\n<!-- \/ Yoast SEO plugin. -->","yoast_head_json":{"title":"2024: elecciones en 76 pa\u00edses con la extrema derecha al asalto - Other News - Voz en contra de la corriente","robots":{"index":"index","follow":"follow","max-snippet":"max-snippet:-1","max-image-preview":"max-image-preview:large","max-video-preview":"max-video-preview:-1"},"canonical":"https:\/\/www.other-news.info\/noticias\/2024-elecciones-en-76-paises-con-la-extrema-derecha-al-asalto\/","og_locale":"es_ES","og_type":"article","og_title":"2024: elecciones en 76 pa\u00edses con la extrema derecha al asalto - Other News - Voz en contra de la corriente","og_description":"Por Prof. Juan Torres L\u00f3pez* Seg\u00fan el semanario&nbsp;The Economist,&nbsp;en 2024 acudir\u00e1n a las urnas, en diferentes tipos de elecciones y en 76 pa\u00edses de todo el planeta, alrededor de 4.000 millones de personas, pr\u00e1cticamente la mitad de la poblaci\u00f3n mundial. Nunca a lo largo\u2026","og_url":"https:\/\/www.other-news.info\/noticias\/2024-elecciones-en-76-paises-con-la-extrema-derecha-al-asalto\/","og_site_name":"Other News - Voz en contra de la corriente","article_published_time":"2023-12-05T17:39:03+00:00","twitter_card":"summary_large_image","twitter_misc":{"Escrito por":"admin","Tiempo de lectura":"4 minutos"},"schema":{"@context":"https:\/\/schema.org","@graph":[{"@type":"WebSite","@id":"https:\/\/www.other-news.info\/noticias\/#website","url":"https:\/\/www.other-news.info\/noticias\/","name":"Other News - Voz en contra de la corriente","description":"Voz en contra de la corriente","potentialAction":[{"@type":"SearchAction","target":{"@type":"EntryPoint","urlTemplate":"https:\/\/www.other-news.info\/noticias\/?s={search_term_string}"},"query-input":"required name=search_term_string"}],"inLanguage":"es"},{"@type":"WebPage","@id":"https:\/\/www.other-news.info\/noticias\/2024-elecciones-en-76-paises-con-la-extrema-derecha-al-asalto\/#webpage","url":"https:\/\/www.other-news.info\/noticias\/2024-elecciones-en-76-paises-con-la-extrema-derecha-al-asalto\/","name":"2024: elecciones en 76 pa\u00edses con la extrema derecha al asalto - Other News - Voz en contra de la corriente","isPartOf":{"@id":"https:\/\/www.other-news.info\/noticias\/#website"},"datePublished":"2023-12-05T17:39:03+00:00","dateModified":"2023-12-05T17:39:03+00:00","author":{"@id":"https:\/\/www.other-news.info\/noticias\/#\/schema\/person\/dd0ead9df8654b02034c4da003b9991b"},"breadcrumb":{"@id":"https:\/\/www.other-news.info\/noticias\/2024-elecciones-en-76-paises-con-la-extrema-derecha-al-asalto\/#breadcrumb"},"inLanguage":"es","potentialAction":[{"@type":"ReadAction","target":["https:\/\/www.other-news.info\/noticias\/2024-elecciones-en-76-paises-con-la-extrema-derecha-al-asalto\/"]}]},{"@type":"BreadcrumbList","@id":"https:\/\/www.other-news.info\/noticias\/2024-elecciones-en-76-paises-con-la-extrema-derecha-al-asalto\/#breadcrumb","itemListElement":[{"@type":"ListItem","position":1,"name":"Home","item":"https:\/\/www.other-news.info\/noticias\/"},{"@type":"ListItem","position":2,"name":"2024: elecciones en 76 pa\u00edses con la extrema derecha al asalto"}]},{"@type":"Person","@id":"https:\/\/www.other-news.info\/noticias\/#\/schema\/person\/dd0ead9df8654b02034c4da003b9991b","name":"admin","image":{"@type":"ImageObject","@id":"https:\/\/www.other-news.info\/noticias\/#personlogo","inLanguage":"es","url":"https:\/\/secure.gravatar.com\/avatar\/e67344401a27ff9f91b2b48296aaa8fb9186ac51a3404ed4bdfbe790b6a9ee11?s=96&d=mm&r=g","contentUrl":"https:\/\/secure.gravatar.com\/avatar\/e67344401a27ff9f91b2b48296aaa8fb9186ac51a3404ed4bdfbe790b6a9ee11?s=96&d=mm&r=g","caption":"admin"},"url":"https:\/\/www.other-news.info\/noticias\/author\/admin\/"}]}},"_links":{"self":[{"href":"https:\/\/www.other-news.info\/noticias\/wp-json\/wp\/v2\/posts\/23028","targetHints":{"allow":["GET"]}}],"collection":[{"href":"https:\/\/www.other-news.info\/noticias\/wp-json\/wp\/v2\/posts"}],"about":[{"href":"https:\/\/www.other-news.info\/noticias\/wp-json\/wp\/v2\/types\/post"}],"author":[{"embeddable":true,"href":"https:\/\/www.other-news.info\/noticias\/wp-json\/wp\/v2\/users\/2"}],"replies":[{"embeddable":true,"href":"https:\/\/www.other-news.info\/noticias\/wp-json\/wp\/v2\/comments?post=23028"}],"version-history":[{"count":1,"href":"https:\/\/www.other-news.info\/noticias\/wp-json\/wp\/v2\/posts\/23028\/revisions"}],"predecessor-version":[{"id":23029,"href":"https:\/\/www.other-news.info\/noticias\/wp-json\/wp\/v2\/posts\/23028\/revisions\/23029"}],"wp:attachment":[{"href":"https:\/\/www.other-news.info\/noticias\/wp-json\/wp\/v2\/media?parent=23028"}],"wp:term":[{"taxonomy":"category","embeddable":true,"href":"https:\/\/www.other-news.info\/noticias\/wp-json\/wp\/v2\/categories?post=23028"},{"taxonomy":"post_tag","embeddable":true,"href":"https:\/\/www.other-news.info\/noticias\/wp-json\/wp\/v2\/tags?post=23028"}],"curies":[{"name":"wp","href":"https:\/\/api.w.org\/{rel}","templated":true}]}}