{"id":23039,"date":"2023-12-07T17:36:09","date_gmt":"2023-12-07T16:36:09","guid":{"rendered":"https:\/\/www.other-news.info\/noticias\/?p=23039"},"modified":"2023-12-07T17:36:10","modified_gmt":"2023-12-07T16:36:10","slug":"israel-lanza-en-el-sur-de-gaza-su-operacion-mas-sangrienta-desde-que-empezo-la-guerra-hace-dos-meses","status":"publish","type":"post","link":"https:\/\/www.other-news.info\/noticias\/israel-lanza-en-el-sur-de-gaza-su-operacion-mas-sangrienta-desde-que-empezo-la-guerra-hace-dos-meses\/","title":{"rendered":"Israel lanza en el sur de Gaza su operaci\u00f3n m\u00e1s sangrienta desde que empez\u00f3 la guerra hace dos meses"},"content":{"rendered":"\n<p class=\"wp-block-paragraph\"><strong><em>Por Juan Antonio Sanz* \u2013&nbsp; P\u00fablico.es&nbsp;<\/em><\/strong><\/p>\n\n\n\n<p class=\"wp-block-paragraph\"><em>El secretario general de Naciones Unidas, Ant\u00f3nio Guterres apela al Art\u00edculo 99 de la Carta de la ONU para reclamar \u00abun alto el fuego humanitario\u00bb en la Franja, al borde del colapso.<\/em><\/p>\n\n\n\n<p class=\"wp-block-paragraph\">La ONU denuncia el deterioro imparable de las condiciones de vida de los casi dos millones de desplazados palestinos en Gaza y afirma que la poblaci\u00f3n en este territorio&nbsp;vive una \u00absituaci\u00f3n apocal\u00edptica\u00bb ante el&nbsp;<a href=\"https:\/\/www.publico.es\/internacional\/ofensiva-israeli-sur-gaza-arrincona-poblacion-palestina-trampa-mortal.html#analytics-noticia:contenido-enlace\">avance por la Franja<\/a>&nbsp;del ej\u00e9rcito israel\u00ed, que ha matado a casi 16.500 personas, de ellas 7.000 ni\u00f1os y 5.000 mujeres, en dos meses de contienda.<\/p>\n\n\n\n<p class=\"wp-block-paragraph\">El secretario general de Naciones Unidas, Ant\u00f3nio Guterres, pidi\u00f3 este mi\u00e9rcoles al Consejo de Seguridad de la ONU, recurriendo a la potestad que le confiere el art\u00edculo 99 de la carta esa organizaci\u00f3n, que&nbsp;reclame \u00abun alto el fuego humanitario\u00bb en Gaza, al borde del colapso.<\/p>\n\n\n\n<p class=\"wp-block-paragraph\">\u00abNing\u00fan lugar en Gaza es seguro\u00bb, afirmaba Guterres ante la nueva ofensiva militar israel\u00ed, que, al igual que ya hizo con el norte de la Franja, ahora&nbsp;se concentra con toda su sa\u00f1a en el sur&nbsp;de este territorio palestino.<\/p>\n\n\n\n<p class=\"wp-block-paragraph\"><strong>El nuevo blanco israel\u00ed es Jan Yunis<\/strong><\/p>\n\n\n\n<p class=\"wp-block-paragraph\">El objetivo de Israel ahora es Jan Yunis,&nbsp;el \u00faltimo basti\u00f3n de la organizaci\u00f3n islamista palestina Ham\u00e1s, cuyo ataque contra territorio israel\u00ed caus\u00f3 el pasado 7 de octubre 1.200 muertos, la captura de 240 rehenes y desencaden\u00f3 la brutal respuesta de Israel. Un centenar de estos rehenes fueron intercambiados por&nbsp;<a href=\"https:\/\/www.publico.es\/internacional\/quienes-son-palestinos-liberados-israel-ninos-adolescentes-cargos-mujeres-juzgadas-tribunales-militares.html#analytics-noticia:contenido-enlace\">ni\u00f1os y mujeres palestinas<\/a>&nbsp;en prisi\u00f3n en c\u00e1rceles de Israel en la tregua de siete d\u00edas que tuvo lugar la semana pasada.<\/p>\n\n\n\n<p class=\"wp-block-paragraph\">Israel aprovech\u00f3 el fin del alto el fuego para&nbsp;obviar sus propios compromisos de reducir los ataques sobre el sur de Gaza&nbsp;y lanzar una ofensiva a gran escala sobre esta parte de la Franja, a donde se hab\u00edan dirigido&nbsp;<a href=\"https:\/\/www.publico.es\/internacional\/familias-gaza-vez-acorraladas-feroz-avance-israel.html#analytics-noticia:contenido-enlace\">cientos de miles de desplazados<\/a>&nbsp;por la campa\u00f1a israel\u00ed en el norte, que bombarde\u00f3 sus hogares, destruy\u00f3 todas las infraestructuras civiles y caus\u00f3 decenas de miles de v\u00edctimas.<\/p>\n\n\n\n<p class=\"wp-block-paragraph\">Inmediatamente, el ej\u00e9rcito israel\u00ed&nbsp;rode\u00f3 Jan Yunis e introdujo a sus fuerzas en esta localidad&nbsp;y su campo de refugiados. La lucha es calle por calle contra las milicias de Ham\u00e1s, con la consiguiente huida precipitada de sus habitantes hacia la frontera con Egipto, taponada por las fuerzas de seguridad de este pa\u00eds, las propias milicias palestinas y los ataques israel\u00edes.<\/p>\n\n\n\n<p class=\"wp-block-paragraph\">Este martes, seg\u00fan reconoci\u00f3 el comandante israel\u00ed del Mando Sur, Yaron Finkelman, fue el m\u00e1s intenso desde el comienzo de la&nbsp;<a href=\"https:\/\/www.publico.es\/internacional\/israel-reanuda-matanzas-gaza-utiliza-tregua-acallar-errores-crisis-palestina.html#analytics-noticia:contenido-enlace\">operaci\u00f3n terrestre<\/a>, con una triple ofensiva en Jan Yunis, el campamento de refugiados de Yabalia, en el norte de la Franja, y, no lejos de esta \u00e1rea, en el barrio de Shujaiya, en ciudad de Gaza.<\/p>\n\n\n\n<p class=\"wp-block-paragraph\">En las \u00faltimas horas, los aviones de combate israel\u00edes&nbsp;tambi\u00e9n han bombardeado las localidades palestinas de la costa de Gaza, una zona muy densamente poblada. Los testigos indican que Israel est\u00e1 bombardeando aquellos lugares a los que previamente hab\u00eda conminado a la poblaci\u00f3n para que se dirigiera a ellos.<\/p>\n\n\n\n<p class=\"wp-block-paragraph\">Los ataques sobre Jan Yunis&nbsp;han desplazado mucha m\u00e1s poblaci\u00f3n hacia el sur, en direcci\u00f3n a la localidad fronteriza de Rafah, que ya no puede albergar m\u00e1s gente. Son 1,9 millones los gazat\u00edes arrancados de sus hogares y todos marchan hacia el sur, con la vana esperanza de escapar a los ataques israel\u00edes.<\/p>\n\n\n\n<p class=\"wp-block-paragraph\"><strong>El horror total<\/strong><\/p>\n\n\n\n<p class=\"wp-block-paragraph\">Sin embargo, \u00abno hay lugar a donde ir\u00bb, afirm\u00f3 tambi\u00e9n este mi\u00e9rcoles el alto comisionado de Naciones Unidas para los Derechos Humanos, Volker T\u00fcrk.&nbsp;Los palestinos est\u00e1n viviendo \u00aben el horror total\u00bb&nbsp;en Gaza, donde el bombardeo sin tregua se ha convertido en \u00abun castigo colectivo\u00bb para los civiles de ese territorio, agreg\u00f3 el alto comisionado.<\/p>\n\n\n\n<p class=\"wp-block-paragraph\">\u00abLa situaci\u00f3n en Gaza es catastr\u00f3fica, apocal\u00edptica\u00bb, asegur\u00f3. El Programa Mundial de Alimentos de la ONU ha informado de que&nbsp;es imposible en estos momentos hacer llegar comida&nbsp;a la poblaci\u00f3n civil desde el paso de Rafah. Es de temer \u00abuna propagaci\u00f3n generalizada del hambre y las enfermedades\u00bb, dijo T\u00fcrk al respecto.<\/p>\n\n\n\n<p class=\"wp-block-paragraph\"><strong>Cr\u00edmenes de guerra y contra la humanidad<\/strong><\/p>\n\n\n\n<p class=\"wp-block-paragraph\">La ONU tambi\u00e9n advirti\u00f3 de que&nbsp;<a href=\"https:\/\/www.publico.es\/internacional\/netanyahu-halcones-defienden-guerra-frente-exigencia-internacional-tregua-duradera.html#analytics-noticia:contenido-enlace\">las tropas israel\u00edes<\/a>&nbsp;pueden estar cometiendo&nbsp;\u00abatrocidades\u00bb, \u00abcr\u00edmenes de guerra\u00bb y \u00abcr\u00edmenes contra la humanidad\u00bb. Israel ha deso\u00eddo hasta el momento todas las peticiones por parte de la ONU para enviar observadores internacionales a la zona de guerra y as\u00ed poder verificar si se est\u00e1n cometiendo tales violaciones de los derechos humanos, que incluso podr\u00edan rozar el genocidio.<\/p>\n\n\n\n<p class=\"wp-block-paragraph\">Naciones Unidas repite as\u00ed las denuncias que desde que se rompi\u00f3 la endeble tregua vienen haciendo ONG que trabajan con la poblaci\u00f3n palestina. En una carta abierta publicada en las redes sociales, M\u00e9dicos Sin Fronteras denunci\u00f3 esta semana que \u00abla poblaci\u00f3n de Gaza ha recibido una sentencia de muerte\u00bb, con una actuaci\u00f3n, la de Israel, \u00abinhumana\u00bb e \u00abindefendible\u00bb.<\/p>\n\n\n\n<p class=\"wp-block-paragraph\">\u00abSomos testigos de&nbsp;c\u00f3mo se deshonra abiertamente el principio fundamental de humanidad\u00bb, se\u00f1ala la acusaci\u00f3n de MSF.<\/p>\n\n\n\n<p class=\"wp-block-paragraph\">Los rehenes israel\u00edes en Gaza, a merced de las bombas de su ej\u00e9rcito<\/p>\n\n\n\n<p class=\"wp-block-paragraph\">Pero los bombardeos y ataques indiscriminados del ej\u00e9rcito de Israel contra la poblaci\u00f3n&nbsp;tambi\u00e9n amenazan la vida de los cerca de 138 rehenes israel\u00edes&nbsp;y de otras nacionalidades que pueden permanecer a\u00fan en manos de Ham\u00e1s.<\/p>\n\n\n\n<p class=\"wp-block-paragraph\">Seg\u00fan se van conociendo los detalles de la reuni\u00f3n que mantuvieron este martes parientes y allegados&nbsp;<a href=\"https:\/\/www.publico.es\/internacional\/hamas-libera-17-rehenes-y-espera-excarcelacion-39-presos-palestinos-parte-israel.html#analytics-noticia:contenido-enlace\">de los rehenes<\/a>&nbsp;con el primer ministro de Israel, Benjamin Netanyahu,&nbsp;crecen las dudas incluso entre la poblaci\u00f3n israel\u00ed&nbsp;sobre las acciones de su ej\u00e9rcito en Gaza.<\/p>\n\n\n\n<p class=\"wp-block-paragraph\">Algunas filtraciones de las conversaciones aparecidas en el canal israel\u00ed de noticias Ynet revelan no solo el terror vivido por los rehenes liberados en la tregua y que han podido contar su ordal\u00eda, sino tambi\u00e9n&nbsp;el manejo chapucero rozando lo criminal por parte del ej\u00e9rcito de Israel&nbsp;de las operaciones militares para intentar, en vano, ponerlos en libertad. Los rehenes eran tambi\u00e9n v\u00edctimas de los mismos bombardeos que a la poblaci\u00f3n palestina.<\/p>\n\n\n\n<p class=\"wp-block-paragraph\">Uno de los rehenes liberados, habitante del kibutz Nir Otz&nbsp;fue muy cr\u00edtico con el uso desproporcionado y sin miramientos de la fuerza&nbsp;por parte del ej\u00e9rcito israel\u00ed. \u00abEst\u00e1bamos en t\u00faneles, aterrorizados de que no fuera Ham\u00e1s, sino Israel quien nos matara y que luego dir\u00edan que fue Ham\u00e1s quien nos mat\u00f3. Insto, encarecidamente, a que el intercambio de prisioneros se produzca lo antes posible. Todos deben regresar a casa, sin jerarqu\u00edas. Todos son igualmente importantes\u00bb, asever\u00f3.<\/p>\n\n\n\n<p class=\"wp-block-paragraph\"><strong>V\u00edctimas del \u00abfuego amigo\u00bb<\/strong><\/p>\n\n\n\n<p class=\"wp-block-paragraph\">Otra exreh\u00e9n liberada con sus hijos, pero cuyo marido permanece cautivo, explic\u00f3 su impotencia durante el tiempo en que estuvieron en poder de Ham\u00e1s, al tiempo que&nbsp;eran bombardeados por sus propios compatriotas. \u00abSent\u00edamos que nadie estaba haciendo nada por nosotros. Yo estaba en un escondite que fue bombardeado y nos convertimos en refugiados heridos\u00bb.<\/p>\n\n\n\n<p class=\"wp-block-paragraph\">Seg\u00fan la mujer,&nbsp;un helic\u00f3ptero israel\u00ed les dispar\u00f3 sin discernir si eran rehenes o no. La ex cautiva se dirigi\u00f3 con ira a Netanyahu por la brutalidad del ej\u00e9rcito israel\u00ed: \u00abUsted afirma que hay informaci\u00f3n de inteligencia (sobre los rehenes), pero la realidad es que est\u00e1bamos siendo bombardeados\u00bb.<\/p>\n\n\n\n<p class=\"wp-block-paragraph\">Agreg\u00f3 que en un momento determinado su marido fue separado y llevado a unos de los t\u00faneles donde opera Ham\u00e1s en Gaza: \u00ab\u00bfY usted est\u00e1 hablando de inundar los t\u00faneles con agua del mar?&nbsp;\u00a1Est\u00e1 bombardeando las rutas de los t\u00faneles exactamente donde est\u00e1n ubicados! (los rehenes)\u00bb, le imprec\u00f3 al primer ministro.<\/p>\n\n\n\n<p class=\"wp-block-paragraph\">\u00ab\u00a1Verg\u00fcenza, verg\u00fcenza\u00bb, exclamaron otros parientes de los rehenes a Netanyahu y los miembros de su Gabinete presentes en la reuni\u00f3n. La mujer liberada fue m\u00e1s all\u00e1 y&nbsp;acus\u00f3 al primer ministro de querer derrocar a Ham\u00e1s&nbsp;simplemente para demostrar que tiene m\u00e1s \u00abpelotas\u00bb que los guerrilleros.<\/p>\n\n\n\n<p class=\"wp-block-paragraph\">\u00ab\u00a1Le han abandonado!\u00bb, manifest\u00f3 a Netanyahu&nbsp;el padre de otro de los rehenes&nbsp;a\u00fan en poder de Ham\u00e1s.<\/p>\n\n\n\n<p class=\"wp-block-paragraph\"><strong>\u00bfNegligencia o conspiraci\u00f3n criminal?<\/strong><\/p>\n\n\n\n<p class=\"wp-block-paragraph\">Este esc\u00e1ndalo de los rehenes&nbsp;est\u00e1 sacudiendo al Gobierno de Netanyahu&nbsp;dentro de Israel y se une a las acusaciones de negligencia, ineptitud e incluso de connivencia con el enemigo por la incapacidad de la inteligencia y el ej\u00e9rcito israel\u00ed para prever y detener el ataque de Ham\u00e1s del 7 de octubre.<\/p>\n\n\n\n<p class=\"wp-block-paragraph\">M\u00e1s a\u00fan cuando se van conociendo nuevos informes sobre la existencia de&nbsp;alertas previas a los ataques de Ham\u00e1s que fueron deso\u00eddas&nbsp;en la c\u00fapula militar israel\u00ed y posiblemente en el Ministerio de Defensa, dirigido por Yoav Gallant, uno de los halcones de Netanyahu y partidario de la l\u00ednea m\u00e1s dura en la ofensiva contra Gaza cueste lo que cueste la victoria.<\/p>\n\n\n\n<p class=\"wp-block-paragraph\">O al tiempo que salen a la luz otras informaciones sobre la posibilidad de que algunos&nbsp;<a href=\"https:\/\/www.publico.es\/internacional\/informe-sostiene-varios-inversores-sabian-hamas-iba-atacar-israel-y-beneficiaron-ello-bolsa.html#analytics-noticia:contenido-enlace\">inversores financieros<\/a>&nbsp;conocieran con antelaci\u00f3n&nbsp;que se iban a producir los ataques de Ham\u00e1s y se beneficiaran de ello en la Bolsa israel\u00ed, tal y como denuncia una investigaci\u00f3n publicada en Estados Unidos bajo el t\u00edtulo \u00abComercio con el terrorismo\u00bb.<\/p>\n\n\n\n<p class=\"wp-block-paragraph\">\u00abD\u00edas antes del atentado, los operadores&nbsp;parec\u00edan anticiparse a los acontecimientos que se avecinaban\u00bb, explican los autores de la investigaci\u00f3n, Robert Jackson Jr., de la Universidad de Nueva York, y Joshua Mitts, de la Universidad de Columbia. Tales implicaciones pondr\u00edan al pie de los caballos a los servicios de inteligencia israel\u00edes y, sobre todo, al Gobierno de Netanyahu.<\/p>\n\n\n\n<p class=\"wp-block-paragraph\">La guerra en Gaza tiene cada vez m\u00e1s frentes y&nbsp;algunos de ellos amenazan directamente al primer ministro&nbsp;ultraderechista, dispuesto tambi\u00e9n a todo para ganar una cruzada contra Ham\u00e1s que, como un bumer\u00e1n, podr\u00eda conllevar su condena pol\u00edtica e incluso criminal en su propio pa\u00eds.<\/p>\n\n\n\n<p class=\"wp-block-paragraph\">\u2026\u2026\u2026\u2026..<\/p>\n\n\n\n<p class=\"wp-block-paragraph\">Anexo de El Pa\u00eds:<\/p>\n\n\n\n<p class=\"wp-block-paragraph\"><strong>Amnist\u00eda Internacional pide que la muerte del periodista de Reuters Issam Abdallah en un ataque israel\u00ed se investigue como crimen de guerra<\/strong><\/p>\n\n\n\n<p class=\"wp-block-paragraph\">Los ataques israel\u00edes del 13 de octubre en L\u00edbano en los que muri\u00f3 el periodista de Reuters Issam Abdallah y otros seis periodistas resultaron heridos fueron \u00abprobablemente un ataque directo contra civiles que debe ser investigado como crimen de guerra\u00bb, ha afirmado Amnist\u00eda Internacional. La organizaci\u00f3n ha verificado m\u00e1s de 100 v\u00eddeos y fotograf\u00edas, ha analizado fragmentos de armas en el lugar y entrevistado a nueve testigos. \u00abLos hallazgos indican que el grupo era visiblemente identificable como periodistas y que el ej\u00e9rcito israel\u00ed sab\u00eda o deber\u00eda haber sabido que eran civiles, pero los atac\u00f3 de todos modos en dos ataques separados con 37 segundos de diferencia\u00bb, explica Amnist\u00eda Internacional en un comunicado.&nbsp;<\/p>\n\n\n\n<p class=\"wp-block-paragraph\">\u00abNuestra investigaci\u00f3n del incidente descubre pruebas espeluznantes que apuntan a un ataque a un grupo de periodistas internacionales que estaban desempe\u00f1ando su trabajo informando sobre las hostilidades. Los ataques directos contra civiles y los ataques indiscriminados est\u00e1n absolutamente prohibidos por el derecho internacional humanitario y pueden constituir cr\u00edmenes de guerra\u00bb, ha afirmado Aya Majzoub, directora adjunta del Programa Regional para Oriente Pr\u00f3ximo y Norte de \u00c1frica de esta organizaci\u00f3n. \u00abNing\u00fan periodista deber\u00eda ser atacado o asesinado simplemente por hacer su trabajo. Israel no puede permitir que se mate y ataque a periodistas con impunidad. Debe haber una investigaci\u00f3n independiente e imparcial sobre este ataque mortal\u00bb, ha a\u00f1adido.&nbsp;<\/p>\n","protected":false},"excerpt":{"rendered":"<p>Por Juan Antonio Sanz* \u2013&nbsp; P\u00fablico.es&nbsp; El secretario general de Naciones Unidas, Ant\u00f3nio Guterres apela al Art\u00edculo 99 de la Carta de la ONU para reclamar \u00abun alto el fuego humanitario\u00bb en la Franja, al borde del colapso. La ONU denuncia el deterioro imparable de las\u2026<\/p>\n","protected":false},"author":2,"featured_media":0,"comment_status":"closed","ping_status":"open","sticky":false,"template":"","format":"standard","meta":{"footnotes":""},"categories":[1],"tags":[],"class_list":["post-23039","post","type-post","status-publish","format-standard","hentry","category-other-news"],"yoast_head":"<!-- This site is optimized with the Yoast SEO plugin v16.7 - https:\/\/yoast.com\/wordpress\/plugins\/seo\/ -->\n<title>Israel lanza en el sur de Gaza su operaci\u00f3n m\u00e1s sangrienta desde que empez\u00f3 la guerra hace dos meses - Other News - Voz en contra de la corriente<\/title>\n<meta name=\"robots\" content=\"index, follow, max-snippet:-1, max-image-preview:large, max-video-preview:-1\" \/>\n<link rel=\"canonical\" href=\"https:\/\/www.other-news.info\/noticias\/israel-lanza-en-el-sur-de-gaza-su-operacion-mas-sangrienta-desde-que-empezo-la-guerra-hace-dos-meses\/\" \/>\n<meta property=\"og:locale\" content=\"es_ES\" \/>\n<meta property=\"og:type\" content=\"article\" \/>\n<meta property=\"og:title\" content=\"Israel lanza en el sur de Gaza su operaci\u00f3n m\u00e1s sangrienta desde que empez\u00f3 la guerra hace dos meses - Other News - Voz en contra de la corriente\" \/>\n<meta property=\"og:description\" content=\"Por Juan Antonio Sanz* \u2013&nbsp; P\u00fablico.es&nbsp; El secretario general de Naciones Unidas, Ant\u00f3nio Guterres apela al Art\u00edculo 99 de la Carta de la ONU para reclamar &quot;un alto el fuego humanitario&quot; en la Franja, al borde del colapso. La ONU denuncia el deterioro imparable de las\u2026\" \/>\n<meta property=\"og:url\" content=\"https:\/\/www.other-news.info\/noticias\/israel-lanza-en-el-sur-de-gaza-su-operacion-mas-sangrienta-desde-que-empezo-la-guerra-hace-dos-meses\/\" \/>\n<meta property=\"og:site_name\" content=\"Other News - Voz en contra de la corriente\" \/>\n<meta property=\"article:published_time\" content=\"2023-12-07T16:36:09+00:00\" \/>\n<meta property=\"article:modified_time\" content=\"2023-12-07T16:36:10+00:00\" \/>\n<meta name=\"twitter:card\" content=\"summary_large_image\" \/>\n<meta name=\"twitter:label1\" content=\"Escrito por\" \/>\n\t<meta name=\"twitter:data1\" content=\"admin\" \/>\n\t<meta name=\"twitter:label2\" content=\"Tiempo de lectura\" \/>\n\t<meta name=\"twitter:data2\" content=\"10 minutos\" \/>\n<script type=\"application\/ld+json\" class=\"yoast-schema-graph\">{\"@context\":\"https:\/\/schema.org\",\"@graph\":[{\"@type\":\"WebSite\",\"@id\":\"https:\/\/www.other-news.info\/noticias\/#website\",\"url\":\"https:\/\/www.other-news.info\/noticias\/\",\"name\":\"Other News - Voz en contra de la corriente\",\"description\":\"Voz en contra de la corriente\",\"potentialAction\":[{\"@type\":\"SearchAction\",\"target\":{\"@type\":\"EntryPoint\",\"urlTemplate\":\"https:\/\/www.other-news.info\/noticias\/?s={search_term_string}\"},\"query-input\":\"required name=search_term_string\"}],\"inLanguage\":\"es\"},{\"@type\":\"WebPage\",\"@id\":\"https:\/\/www.other-news.info\/noticias\/israel-lanza-en-el-sur-de-gaza-su-operacion-mas-sangrienta-desde-que-empezo-la-guerra-hace-dos-meses\/#webpage\",\"url\":\"https:\/\/www.other-news.info\/noticias\/israel-lanza-en-el-sur-de-gaza-su-operacion-mas-sangrienta-desde-que-empezo-la-guerra-hace-dos-meses\/\",\"name\":\"Israel lanza en el sur de Gaza su operaci\\u00f3n m\\u00e1s sangrienta desde que empez\\u00f3 la guerra hace dos meses - Other News - Voz en contra de la corriente\",\"isPartOf\":{\"@id\":\"https:\/\/www.other-news.info\/noticias\/#website\"},\"datePublished\":\"2023-12-07T16:36:09+00:00\",\"dateModified\":\"2023-12-07T16:36:10+00:00\",\"author\":{\"@id\":\"https:\/\/www.other-news.info\/noticias\/#\/schema\/person\/dd0ead9df8654b02034c4da003b9991b\"},\"breadcrumb\":{\"@id\":\"https:\/\/www.other-news.info\/noticias\/israel-lanza-en-el-sur-de-gaza-su-operacion-mas-sangrienta-desde-que-empezo-la-guerra-hace-dos-meses\/#breadcrumb\"},\"inLanguage\":\"es\",\"potentialAction\":[{\"@type\":\"ReadAction\",\"target\":[\"https:\/\/www.other-news.info\/noticias\/israel-lanza-en-el-sur-de-gaza-su-operacion-mas-sangrienta-desde-que-empezo-la-guerra-hace-dos-meses\/\"]}]},{\"@type\":\"BreadcrumbList\",\"@id\":\"https:\/\/www.other-news.info\/noticias\/israel-lanza-en-el-sur-de-gaza-su-operacion-mas-sangrienta-desde-que-empezo-la-guerra-hace-dos-meses\/#breadcrumb\",\"itemListElement\":[{\"@type\":\"ListItem\",\"position\":1,\"name\":\"Home\",\"item\":\"https:\/\/www.other-news.info\/noticias\/\"},{\"@type\":\"ListItem\",\"position\":2,\"name\":\"Israel lanza en el sur de Gaza su operaci\\u00f3n m\\u00e1s sangrienta desde que empez\\u00f3 la guerra hace dos meses\"}]},{\"@type\":\"Person\",\"@id\":\"https:\/\/www.other-news.info\/noticias\/#\/schema\/person\/dd0ead9df8654b02034c4da003b9991b\",\"name\":\"admin\",\"image\":{\"@type\":\"ImageObject\",\"@id\":\"https:\/\/www.other-news.info\/noticias\/#personlogo\",\"inLanguage\":\"es\",\"url\":\"https:\/\/secure.gravatar.com\/avatar\/e67344401a27ff9f91b2b48296aaa8fb9186ac51a3404ed4bdfbe790b6a9ee11?s=96&d=mm&r=g\",\"contentUrl\":\"https:\/\/secure.gravatar.com\/avatar\/e67344401a27ff9f91b2b48296aaa8fb9186ac51a3404ed4bdfbe790b6a9ee11?s=96&d=mm&r=g\",\"caption\":\"admin\"},\"url\":\"https:\/\/www.other-news.info\/noticias\/author\/admin\/\"}]}<\/script>\n<!-- \/ Yoast SEO plugin. -->","yoast_head_json":{"title":"Israel lanza en el sur de Gaza su operaci\u00f3n m\u00e1s sangrienta desde que empez\u00f3 la guerra hace dos meses - Other News - Voz en contra de la corriente","robots":{"index":"index","follow":"follow","max-snippet":"max-snippet:-1","max-image-preview":"max-image-preview:large","max-video-preview":"max-video-preview:-1"},"canonical":"https:\/\/www.other-news.info\/noticias\/israel-lanza-en-el-sur-de-gaza-su-operacion-mas-sangrienta-desde-que-empezo-la-guerra-hace-dos-meses\/","og_locale":"es_ES","og_type":"article","og_title":"Israel lanza en el sur de Gaza su operaci\u00f3n m\u00e1s sangrienta desde que empez\u00f3 la guerra hace dos meses - Other News - Voz en contra de la corriente","og_description":"Por Juan Antonio Sanz* \u2013&nbsp; P\u00fablico.es&nbsp; El secretario general de Naciones Unidas, Ant\u00f3nio Guterres apela al Art\u00edculo 99 de la Carta de la ONU para reclamar \"un alto el fuego humanitario\" en la Franja, al borde del colapso. La ONU denuncia el deterioro imparable de las\u2026","og_url":"https:\/\/www.other-news.info\/noticias\/israel-lanza-en-el-sur-de-gaza-su-operacion-mas-sangrienta-desde-que-empezo-la-guerra-hace-dos-meses\/","og_site_name":"Other News - Voz en contra de la corriente","article_published_time":"2023-12-07T16:36:09+00:00","article_modified_time":"2023-12-07T16:36:10+00:00","twitter_card":"summary_large_image","twitter_misc":{"Escrito por":"admin","Tiempo de lectura":"10 minutos"},"schema":{"@context":"https:\/\/schema.org","@graph":[{"@type":"WebSite","@id":"https:\/\/www.other-news.info\/noticias\/#website","url":"https:\/\/www.other-news.info\/noticias\/","name":"Other News - Voz en contra de la corriente","description":"Voz en contra de la corriente","potentialAction":[{"@type":"SearchAction","target":{"@type":"EntryPoint","urlTemplate":"https:\/\/www.other-news.info\/noticias\/?s={search_term_string}"},"query-input":"required name=search_term_string"}],"inLanguage":"es"},{"@type":"WebPage","@id":"https:\/\/www.other-news.info\/noticias\/israel-lanza-en-el-sur-de-gaza-su-operacion-mas-sangrienta-desde-que-empezo-la-guerra-hace-dos-meses\/#webpage","url":"https:\/\/www.other-news.info\/noticias\/israel-lanza-en-el-sur-de-gaza-su-operacion-mas-sangrienta-desde-que-empezo-la-guerra-hace-dos-meses\/","name":"Israel lanza en el sur de Gaza su operaci\u00f3n m\u00e1s sangrienta desde que empez\u00f3 la guerra hace dos meses - Other News - Voz en contra de la corriente","isPartOf":{"@id":"https:\/\/www.other-news.info\/noticias\/#website"},"datePublished":"2023-12-07T16:36:09+00:00","dateModified":"2023-12-07T16:36:10+00:00","author":{"@id":"https:\/\/www.other-news.info\/noticias\/#\/schema\/person\/dd0ead9df8654b02034c4da003b9991b"},"breadcrumb":{"@id":"https:\/\/www.other-news.info\/noticias\/israel-lanza-en-el-sur-de-gaza-su-operacion-mas-sangrienta-desde-que-empezo-la-guerra-hace-dos-meses\/#breadcrumb"},"inLanguage":"es","potentialAction":[{"@type":"ReadAction","target":["https:\/\/www.other-news.info\/noticias\/israel-lanza-en-el-sur-de-gaza-su-operacion-mas-sangrienta-desde-que-empezo-la-guerra-hace-dos-meses\/"]}]},{"@type":"BreadcrumbList","@id":"https:\/\/www.other-news.info\/noticias\/israel-lanza-en-el-sur-de-gaza-su-operacion-mas-sangrienta-desde-que-empezo-la-guerra-hace-dos-meses\/#breadcrumb","itemListElement":[{"@type":"ListItem","position":1,"name":"Home","item":"https:\/\/www.other-news.info\/noticias\/"},{"@type":"ListItem","position":2,"name":"Israel lanza en el sur de Gaza su operaci\u00f3n m\u00e1s sangrienta desde que empez\u00f3 la guerra hace dos meses"}]},{"@type":"Person","@id":"https:\/\/www.other-news.info\/noticias\/#\/schema\/person\/dd0ead9df8654b02034c4da003b9991b","name":"admin","image":{"@type":"ImageObject","@id":"https:\/\/www.other-news.info\/noticias\/#personlogo","inLanguage":"es","url":"https:\/\/secure.gravatar.com\/avatar\/e67344401a27ff9f91b2b48296aaa8fb9186ac51a3404ed4bdfbe790b6a9ee11?s=96&d=mm&r=g","contentUrl":"https:\/\/secure.gravatar.com\/avatar\/e67344401a27ff9f91b2b48296aaa8fb9186ac51a3404ed4bdfbe790b6a9ee11?s=96&d=mm&r=g","caption":"admin"},"url":"https:\/\/www.other-news.info\/noticias\/author\/admin\/"}]}},"_links":{"self":[{"href":"https:\/\/www.other-news.info\/noticias\/wp-json\/wp\/v2\/posts\/23039","targetHints":{"allow":["GET"]}}],"collection":[{"href":"https:\/\/www.other-news.info\/noticias\/wp-json\/wp\/v2\/posts"}],"about":[{"href":"https:\/\/www.other-news.info\/noticias\/wp-json\/wp\/v2\/types\/post"}],"author":[{"embeddable":true,"href":"https:\/\/www.other-news.info\/noticias\/wp-json\/wp\/v2\/users\/2"}],"replies":[{"embeddable":true,"href":"https:\/\/www.other-news.info\/noticias\/wp-json\/wp\/v2\/comments?post=23039"}],"version-history":[{"count":1,"href":"https:\/\/www.other-news.info\/noticias\/wp-json\/wp\/v2\/posts\/23039\/revisions"}],"predecessor-version":[{"id":23040,"href":"https:\/\/www.other-news.info\/noticias\/wp-json\/wp\/v2\/posts\/23039\/revisions\/23040"}],"wp:attachment":[{"href":"https:\/\/www.other-news.info\/noticias\/wp-json\/wp\/v2\/media?parent=23039"}],"wp:term":[{"taxonomy":"category","embeddable":true,"href":"https:\/\/www.other-news.info\/noticias\/wp-json\/wp\/v2\/categories?post=23039"},{"taxonomy":"post_tag","embeddable":true,"href":"https:\/\/www.other-news.info\/noticias\/wp-json\/wp\/v2\/tags?post=23039"}],"curies":[{"name":"wp","href":"https:\/\/api.w.org\/{rel}","templated":true}]}}