{"id":23041,"date":"2023-12-08T17:42:02","date_gmt":"2023-12-08T16:42:02","guid":{"rendered":"https:\/\/www.other-news.info\/noticias\/?p=23041"},"modified":"2023-12-08T17:42:03","modified_gmt":"2023-12-08T16:42:03","slug":"un-nuevo-lawfare-en-marcha-en-latinoamerica-la-advertencia-de-ernesto-samper","status":"publish","type":"post","link":"https:\/\/www.other-news.info\/noticias\/un-nuevo-lawfare-en-marcha-en-latinoamerica-la-advertencia-de-ernesto-samper\/","title":{"rendered":"\u00bfUn nuevo &#8216;lawfare&#8217; en marcha en Latinoam\u00e9rica? La advertencia de Ernesto Samper"},"content":{"rendered":"\n<p class=\"wp-block-paragraph\"><strong><em>Por Nathali &nbsp;G\u00f3mez\u2013 RT<\/em><\/strong><\/p>\n\n\n\n<p class=\"wp-block-paragraph\"><em>El expresidente colombiano ha alertado sobre una supuesta componenda de los poderes p\u00fablicos en su pa\u00eds para ubicarse del lado de la oposici\u00f3n<\/em><\/p>\n\n\n\n<p class=\"wp-block-paragraph\">El expresidente colombiano Ernesto Samper (1994-1998) le puso nombre a una denuncia reiterada del mandatario Gustavo Petro sobre la&nbsp;postura abiertamente opositora&nbsp;a su Gobierno que han asumido la Fiscal\u00eda y la Procuradur\u00eda, como un mecanismo subrepticio para sacarlo del cargo e impedir que cumpla sus funciones.<\/p>\n\n\n\n<p class=\"wp-block-paragraph\">En su cuenta en la plataforma X, Samper&nbsp;<a href=\"https:\/\/twitter.com\/ernestosamperp\/status\/1731769522439266620\" target=\"_blank\" rel=\"noreferrer noopener\">se refiri\u00f3<\/a>&nbsp;a la \u00abjudicializaci\u00f3n de la pol\u00edtica\u00bb o &#8216;lawfare&#8217;, una&nbsp;<a href=\"https:\/\/actualidad.rt.com\/actualidad\/270172-fabrica-presidente-corrupto-america-latina\" target=\"_blank\" rel=\"noreferrer noopener\">pr\u00e1ctica<\/a>&nbsp;recurrente&nbsp;en Am\u00e9rica Latina y que por varios a\u00f1os se ha enfilado en contra de los mandatarios progresistas de la regi\u00f3n.<\/p>\n\n\n\n<p class=\"wp-block-paragraph\">En sus interacciones anteriores, el pol\u00edtico liberal colombiano&nbsp;ha mencionado&nbsp;los casos que afectaron al actual presidente de Brasil,&nbsp;<a href=\"https:\/\/actualidad.rt.com\/actualidad\/422360-democracia-dignidad-lula-terreno-presidencia-cargos\" target=\"_blank\" rel=\"noreferrer noopener\">Luiz In\u00e1cio Lula da Silva<\/a>; al exmandatario boliviano&nbsp;<a href=\"https:\/\/actualidad.rt.com\/programas\/conversando-correa\/488703-evo-morales-rafael-correa-renunciaba\" target=\"_blank\" rel=\"noreferrer noopener\">Evo Morales<\/a>; a la senadora argentina&nbsp;<a href=\"https:\/\/actualidad.rt.com\/actualidad\/439362-marchas-favor-respaldo-lideres-internacionales\" target=\"_blank\" rel=\"noreferrer noopener\">Cristina Fern\u00e1ndez de Kirchner<\/a>; al exjefe de Estado peruano,&nbsp;<a href=\"https:\/\/actualidad.rt.com\/actualidad\/491124-pedro-castillo-buscar-excarcelacion-tribunal-constitucional\" target=\"_blank\" rel=\"noreferrer noopener\">Pedro Castillo<\/a>&nbsp;y al&nbsp;exvicepresidente ecuatoriano&nbsp;<a href=\"https:\/\/actualidad.rt.com\/actualidad\/274936-jorge-glas-preso-politico-ecuador-lawfare\" target=\"_blank\" rel=\"noreferrer noopener\">Jorge Glas<\/a>.&nbsp;<\/p>\n\n\n\n<p class=\"wp-block-paragraph\">Adem\u00e1s de esos nombres, incluso el Papa Francisco se ha&nbsp;<a href=\"https:\/\/actualidad.rt.com\/actualidad\/462664-papa-francisco-denuncia-lawfare-latinoamerica\" target=\"_blank\" rel=\"noreferrer noopener\">referido<\/a>&nbsp;a la exmandataria brasile\u00f1a Dilma Rousseff como una v\u00edctima de esta pr\u00e1ctica a la que han recurrido&nbsp;algunos sectores de la derecha \u2013cuya incidencia en las instituciones de poder ha quedado demostrada\u2013 con la finalidad de que los presidentes con propuestas&nbsp;alternativas sean sacados del Gobierno.<\/p>\n\n\n\n<p class=\"wp-block-paragraph\"><strong>Los \u00abgolpes pasivos\u00bb<\/strong><\/p>\n\n\n\n<p class=\"wp-block-paragraph\">En una interacci\u00f3n de marzo de este a\u00f1o, el tambi\u00e9n abogado colombiano escribi\u00f3 que el &#8216;lawfare&#8217; \u00abcambia el sistema de justicia\u00bb y hace que no se presuma la inocencia ni se respeten las garant\u00edas procesales.<\/p>\n\n\n\n<p class=\"wp-block-paragraph\">\u00abAhora es un sistema neoliberal de testigos falsos, falsas noticias, declaraciones anticipadas de culpabilidad y negociaci\u00f3n de testigos\u00bb, reflexion\u00f3 en esa oportunidad.<\/p>\n\n\n\n<p class=\"wp-block-paragraph\">El tambi\u00e9n integrante del Grupo de Puebla fue entrevistado en el m\u00e1s reciente episodio de&nbsp;&#8216;<a href=\"https:\/\/actualidad.rt.com\/programas\/promo\/479069-conversando-correa-golpes\" target=\"_blank\" rel=\"noreferrer noopener\">Conversando con Correa. Golpes de Estado<\/a>&#8216;, conducido por el expresidente ecuatoriano Rafael Correa, quien fue&nbsp;<a href=\"https:\/\/actualidad.rt.com\/actualidad\/365831-justicia-ecuador-ratifica-condena-correa-causa-sobornos\" target=\"_blank\" rel=\"noreferrer noopener\">condenado<\/a>&nbsp;a ocho a\u00f1os de prisi\u00f3n por la Justicia de su pa\u00eds, lo que tambi\u00e9n ha sido calificado como una persecuci\u00f3n judicial.<\/p>\n\n\n\n<p class=\"wp-block-paragraph\">En sus declaraciones, Samper&nbsp;revel\u00f3 que considera que los golpes de Estado tradicionales son inviables en Sudam\u00e9rica&nbsp;pero que actualmente&nbsp;existen otras formas de desestabilizaci\u00f3n y que pueden llegar a producirse \u00abgolpes pasivos\u00bb en vez de militares.<\/p>\n\n\n\n<p class=\"wp-block-paragraph\"><strong>\u00bfQu\u00e9 ocurre en Colombia?<\/strong><\/p>\n\n\n\n<p class=\"wp-block-paragraph\">El expresidente colombiano catalog\u00f3 de \u00abpeligroso\u00bb y \u00abvergonzoso\u00bb el papel del Ministerio P\u00fablico y de la Procuradur\u00eda que, en su opini\u00f3n, se han convertido \u00ababiertamente en contradictores pol\u00edticos del Gobierno\u00bb.<\/p>\n\n\n\n<p class=\"wp-block-paragraph\">\u00abAqu\u00ed hay un evidente caso de judicializaci\u00f3n de la pol\u00edtica (&#8216;lawfare&#8217;) que deber\u00eda llevar a la Corte Suprema a elegir antes de terminar este a\u00f1o la sucesora del fiscal (Francisco) Barbosa\u00bb, agreg\u00f3.<\/p>\n\n\n\n<p class=\"wp-block-paragraph\">Con esta afirmaci\u00f3n, Samper pone el acento en los sucesivos desencuentros y cruces de declaraciones entre el titular de la Fiscal\u00eda y la procuradora general, Margarita Cabello.<\/p>\n\n\n\n<p class=\"wp-block-paragraph\">Petro ha advertido en varias ocasiones que desde la Fiscal\u00eda se&nbsp;<a href=\"https:\/\/actualidad.rt.com\/actualidad\/466105-nueva-disputa-petro-fiscal-asesinatos\" target=\"_blank\" rel=\"noreferrer noopener\">protegen<\/a>&nbsp;a personas relacionadas con homicidios, organizaciones criminales y de narcotr\u00e1fico. Por su parte,&nbsp;desde&nbsp;el ente acusador se ha hecho el mismo&nbsp;<a href=\"https:\/\/actualidad.rt.com\/actualidad\/489318-proteger-narcotraficantes-vicefiscal-petro\" target=\"_blank\" rel=\"noreferrer noopener\">se\u00f1alamiento<\/a>&nbsp;contra la Casa de Nari\u00f1o, lo que ha sido respaldado por Barbosa.<\/p>\n\n\n\n<p class=\"wp-block-paragraph\">A la cabeza de las cr\u00edticas contra la gesti\u00f3n del mandatario se encuentra el titular del Ministerio P\u00fablico, quien&nbsp;incluso ha&nbsp;<a href=\"https:\/\/actualidad.rt.com\/actualidad\/466105-nueva-disputa-petro-fiscal-asesinatos\" target=\"_blank\" rel=\"noreferrer noopener\">planteado<\/a>&nbsp;la propuesta de un&nbsp;plebiscito para&nbsp;dejar sin efecto&nbsp;la ley de &#8216;paz total&#8217;, impulsada por el l\u00edder del Pacto Hist\u00f3rico, por considerar que permite una convivencia con los grupos armados y delincuenciales.<\/p>\n\n\n\n<p class=\"wp-block-paragraph\">Mientras que Barbosa ha dicho que el Gobierno de Petro est\u00e1 deviniendo en una \u00abdictadura\u00bb, el presidente ha&nbsp;<a href=\"https:\/\/actualidad.rt.com\/actualidad\/467064-petro-desvela-plan-oposicion-derribar-gobierno\" target=\"_blank\" rel=\"noreferrer noopener\">afirmado<\/a>&nbsp;que el fiscal forma parte de un plan para derrocarlo.&nbsp;<\/p>\n\n\n\n<p class=\"wp-block-paragraph\">Las actuaciones del Ministerio P\u00fablico y de la Procuradur\u00eda han sido precedidas, en buena parte de los casos, por publicaciones del medio opositor Semana donde se presentan investigaciones propias que han hecho que&nbsp;los entes p\u00fablicos abran procesos indagatorios.<\/p>\n\n\n\n<p class=\"wp-block-paragraph\"><strong>\u00abLes aterroriza que acabemos la impunidad\u00bb<\/strong><\/p>\n\n\n\n<p class=\"wp-block-paragraph\">El jefe de Estado&nbsp;<a href=\"https:\/\/twitter.com\/petrogustavo\/status\/1657774958448201728\" target=\"_blank\" rel=\"noreferrer noopener\">ha dicho<\/a>, como lo expres\u00f3 Samper, que su salida del poder tendr\u00eda la intenci\u00f3n de impedir que una nueva fiscal, de la&nbsp;<a href=\"https:\/\/actualidad.rt.com\/actualidad\/481228-petro-corte-suprema-nueva-terna-fiscalia\" target=\"_blank\" rel=\"noreferrer noopener\">terna<\/a>&nbsp;de tres juristas que le propuso a la Corte Suprema de Justicia, sea electa y asuma funciones en 2024.<\/p>\n\n\n\n<p class=\"wp-block-paragraph\">En una interacci\u00f3n en las redes, Petro asegur\u00f3&nbsp;que los sectores pol\u00edticos y empresariales, \u00abuntados hasta el cuello de dineros de la coca\u00edna y la corrupci\u00f3n\u00bb, temen que una nueva fiscal&nbsp;\u00abacabe la corrupci\u00f3n\u00bb.<\/p>\n\n\n\n<p class=\"wp-block-paragraph\">El&nbsp;mandatario ha se\u00f1alado en distintas oportunidades al titular del Ministerio P\u00fablico de defender los intereses de las \u00e9lites colombianas vinculadas con el narcotr\u00e1fico e irregularidades administrativas.<\/p>\n\n\n\n<p class=\"wp-block-paragraph\">Adem\u00e1s, sobre Barbosa recae la sombra de no haber investigado la supuesta&nbsp;<a href=\"https:\/\/actualidad.rt.com\/actualidad\/345029-fiscalia-colombiana-compra-votos-ivan-duque\" target=\"_blank\" rel=\"noreferrer noopener\">compra<\/a>&nbsp;de votos del expresidente, Iv\u00e1n Duque, donde estar\u00eda involucrado el fallecido narcotraficante Jos\u00e9 Guillermo Hern\u00e1ndez, alias&nbsp;&#8216;\u00d1e\u00f1e&#8217; Hern\u00e1ndez, quien habr\u00eda actuado bajo las \u00f3rdenes del exmandatario \u00c1lvaro Uribe.<\/p>\n\n\n\n<p class=\"wp-block-paragraph\">\u00ab\u00bfPor qu\u00e9 conspiran para un golpe de Estado? Porque&nbsp;les aterroriza que acabemos la impunidad.&nbsp;La verdad los acobarda tanto que van al desespero. Ocultan judicialmente lo que ya la sociedad sabe: la&nbsp;<a href=\"https:\/\/actualidad.rt.com\/actualidad\/466635-apuesta-petro-frenar-corrupcion-altos-mandos-policia-militar-colombia\" target=\"_blank\" rel=\"noreferrer noopener\">corrupci\u00f3n<\/a>&nbsp;enorme en el Estado y el genocidio, la violencia y el terror desatados sobre el pueblo, son dos caras de la misma moneda\u00bb, advirti\u00f3 Petro en una&nbsp;<a href=\"https:\/\/twitter.com\/petrogustavo\/status\/1656750941347934208\" target=\"_blank\" rel=\"noreferrer noopener\">interacci\u00f3n<\/a>&nbsp;de mayo pasado.<\/p>\n","protected":false},"excerpt":{"rendered":"<p>Por Nathali &nbsp;G\u00f3mez\u2013 RT El expresidente colombiano ha alertado sobre una supuesta componenda de los poderes p\u00fablicos en su pa\u00eds para ubicarse del lado de la oposici\u00f3n El expresidente colombiano Ernesto Samper (1994-1998) le puso nombre a una denuncia reiterada del mandatario\u2026<\/p>\n","protected":false},"author":2,"featured_media":0,"comment_status":"closed","ping_status":"open","sticky":false,"template":"","format":"standard","meta":{"footnotes":""},"categories":[1],"tags":[],"class_list":["post-23041","post","type-post","status-publish","format-standard","hentry","category-other-news"],"yoast_head":"<!-- This site is optimized with the Yoast SEO plugin v16.7 - https:\/\/yoast.com\/wordpress\/plugins\/seo\/ -->\n<title>\u00bfUn nuevo &#039;lawfare&#039; en marcha en Latinoam\u00e9rica? La advertencia de Ernesto Samper - Other News - Voz en contra de la corriente<\/title>\n<meta name=\"robots\" content=\"index, follow, max-snippet:-1, max-image-preview:large, max-video-preview:-1\" \/>\n<link rel=\"canonical\" href=\"https:\/\/www.other-news.info\/noticias\/un-nuevo-lawfare-en-marcha-en-latinoamerica-la-advertencia-de-ernesto-samper\/\" \/>\n<meta property=\"og:locale\" content=\"es_ES\" \/>\n<meta property=\"og:type\" content=\"article\" \/>\n<meta property=\"og:title\" content=\"\u00bfUn nuevo &#039;lawfare&#039; en marcha en Latinoam\u00e9rica? La advertencia de Ernesto Samper - Other News - Voz en contra de la corriente\" \/>\n<meta property=\"og:description\" content=\"Por Nathali &nbsp;G\u00f3mez\u2013 RT El expresidente colombiano ha alertado sobre una supuesta componenda de los poderes p\u00fablicos en su pa\u00eds para ubicarse del lado de la oposici\u00f3n El expresidente colombiano Ernesto Samper (1994-1998) le puso nombre a una denuncia reiterada del mandatario\u2026\" \/>\n<meta property=\"og:url\" content=\"https:\/\/www.other-news.info\/noticias\/un-nuevo-lawfare-en-marcha-en-latinoamerica-la-advertencia-de-ernesto-samper\/\" \/>\n<meta property=\"og:site_name\" content=\"Other News - Voz en contra de la corriente\" \/>\n<meta property=\"article:published_time\" content=\"2023-12-08T16:42:02+00:00\" \/>\n<meta property=\"article:modified_time\" content=\"2023-12-08T16:42:03+00:00\" \/>\n<meta name=\"twitter:card\" content=\"summary_large_image\" \/>\n<meta name=\"twitter:label1\" content=\"Escrito por\" \/>\n\t<meta name=\"twitter:data1\" content=\"admin\" \/>\n\t<meta name=\"twitter:label2\" content=\"Tiempo de lectura\" \/>\n\t<meta name=\"twitter:data2\" content=\"5 minutos\" \/>\n<script type=\"application\/ld+json\" class=\"yoast-schema-graph\">{\"@context\":\"https:\/\/schema.org\",\"@graph\":[{\"@type\":\"WebSite\",\"@id\":\"https:\/\/www.other-news.info\/noticias\/#website\",\"url\":\"https:\/\/www.other-news.info\/noticias\/\",\"name\":\"Other News - Voz en contra de la corriente\",\"description\":\"Voz en contra de la corriente\",\"potentialAction\":[{\"@type\":\"SearchAction\",\"target\":{\"@type\":\"EntryPoint\",\"urlTemplate\":\"https:\/\/www.other-news.info\/noticias\/?s={search_term_string}\"},\"query-input\":\"required name=search_term_string\"}],\"inLanguage\":\"es\"},{\"@type\":\"WebPage\",\"@id\":\"https:\/\/www.other-news.info\/noticias\/un-nuevo-lawfare-en-marcha-en-latinoamerica-la-advertencia-de-ernesto-samper\/#webpage\",\"url\":\"https:\/\/www.other-news.info\/noticias\/un-nuevo-lawfare-en-marcha-en-latinoamerica-la-advertencia-de-ernesto-samper\/\",\"name\":\"\\u00bfUn nuevo 'lawfare' en marcha en Latinoam\\u00e9rica? La advertencia de Ernesto Samper - Other News - Voz en contra de la corriente\",\"isPartOf\":{\"@id\":\"https:\/\/www.other-news.info\/noticias\/#website\"},\"datePublished\":\"2023-12-08T16:42:02+00:00\",\"dateModified\":\"2023-12-08T16:42:03+00:00\",\"author\":{\"@id\":\"https:\/\/www.other-news.info\/noticias\/#\/schema\/person\/dd0ead9df8654b02034c4da003b9991b\"},\"breadcrumb\":{\"@id\":\"https:\/\/www.other-news.info\/noticias\/un-nuevo-lawfare-en-marcha-en-latinoamerica-la-advertencia-de-ernesto-samper\/#breadcrumb\"},\"inLanguage\":\"es\",\"potentialAction\":[{\"@type\":\"ReadAction\",\"target\":[\"https:\/\/www.other-news.info\/noticias\/un-nuevo-lawfare-en-marcha-en-latinoamerica-la-advertencia-de-ernesto-samper\/\"]}]},{\"@type\":\"BreadcrumbList\",\"@id\":\"https:\/\/www.other-news.info\/noticias\/un-nuevo-lawfare-en-marcha-en-latinoamerica-la-advertencia-de-ernesto-samper\/#breadcrumb\",\"itemListElement\":[{\"@type\":\"ListItem\",\"position\":1,\"name\":\"Home\",\"item\":\"https:\/\/www.other-news.info\/noticias\/\"},{\"@type\":\"ListItem\",\"position\":2,\"name\":\"\\u00bfUn nuevo &#8216;lawfare&#8217; en marcha en Latinoam\\u00e9rica? La advertencia de Ernesto Samper\"}]},{\"@type\":\"Person\",\"@id\":\"https:\/\/www.other-news.info\/noticias\/#\/schema\/person\/dd0ead9df8654b02034c4da003b9991b\",\"name\":\"admin\",\"image\":{\"@type\":\"ImageObject\",\"@id\":\"https:\/\/www.other-news.info\/noticias\/#personlogo\",\"inLanguage\":\"es\",\"url\":\"https:\/\/secure.gravatar.com\/avatar\/e67344401a27ff9f91b2b48296aaa8fb9186ac51a3404ed4bdfbe790b6a9ee11?s=96&d=mm&r=g\",\"contentUrl\":\"https:\/\/secure.gravatar.com\/avatar\/e67344401a27ff9f91b2b48296aaa8fb9186ac51a3404ed4bdfbe790b6a9ee11?s=96&d=mm&r=g\",\"caption\":\"admin\"},\"url\":\"https:\/\/www.other-news.info\/noticias\/author\/admin\/\"}]}<\/script>\n<!-- \/ Yoast SEO plugin. -->","yoast_head_json":{"title":"\u00bfUn nuevo 'lawfare' en marcha en Latinoam\u00e9rica? La advertencia de Ernesto Samper - Other News - Voz en contra de la corriente","robots":{"index":"index","follow":"follow","max-snippet":"max-snippet:-1","max-image-preview":"max-image-preview:large","max-video-preview":"max-video-preview:-1"},"canonical":"https:\/\/www.other-news.info\/noticias\/un-nuevo-lawfare-en-marcha-en-latinoamerica-la-advertencia-de-ernesto-samper\/","og_locale":"es_ES","og_type":"article","og_title":"\u00bfUn nuevo 'lawfare' en marcha en Latinoam\u00e9rica? La advertencia de Ernesto Samper - Other News - Voz en contra de la corriente","og_description":"Por Nathali &nbsp;G\u00f3mez\u2013 RT El expresidente colombiano ha alertado sobre una supuesta componenda de los poderes p\u00fablicos en su pa\u00eds para ubicarse del lado de la oposici\u00f3n El expresidente colombiano Ernesto Samper (1994-1998) le puso nombre a una denuncia reiterada del mandatario\u2026","og_url":"https:\/\/www.other-news.info\/noticias\/un-nuevo-lawfare-en-marcha-en-latinoamerica-la-advertencia-de-ernesto-samper\/","og_site_name":"Other News - Voz en contra de la corriente","article_published_time":"2023-12-08T16:42:02+00:00","article_modified_time":"2023-12-08T16:42:03+00:00","twitter_card":"summary_large_image","twitter_misc":{"Escrito por":"admin","Tiempo de lectura":"5 minutos"},"schema":{"@context":"https:\/\/schema.org","@graph":[{"@type":"WebSite","@id":"https:\/\/www.other-news.info\/noticias\/#website","url":"https:\/\/www.other-news.info\/noticias\/","name":"Other News - Voz en contra de la corriente","description":"Voz en contra de la corriente","potentialAction":[{"@type":"SearchAction","target":{"@type":"EntryPoint","urlTemplate":"https:\/\/www.other-news.info\/noticias\/?s={search_term_string}"},"query-input":"required name=search_term_string"}],"inLanguage":"es"},{"@type":"WebPage","@id":"https:\/\/www.other-news.info\/noticias\/un-nuevo-lawfare-en-marcha-en-latinoamerica-la-advertencia-de-ernesto-samper\/#webpage","url":"https:\/\/www.other-news.info\/noticias\/un-nuevo-lawfare-en-marcha-en-latinoamerica-la-advertencia-de-ernesto-samper\/","name":"\u00bfUn nuevo 'lawfare' en marcha en Latinoam\u00e9rica? La advertencia de Ernesto Samper - Other News - Voz en contra de la corriente","isPartOf":{"@id":"https:\/\/www.other-news.info\/noticias\/#website"},"datePublished":"2023-12-08T16:42:02+00:00","dateModified":"2023-12-08T16:42:03+00:00","author":{"@id":"https:\/\/www.other-news.info\/noticias\/#\/schema\/person\/dd0ead9df8654b02034c4da003b9991b"},"breadcrumb":{"@id":"https:\/\/www.other-news.info\/noticias\/un-nuevo-lawfare-en-marcha-en-latinoamerica-la-advertencia-de-ernesto-samper\/#breadcrumb"},"inLanguage":"es","potentialAction":[{"@type":"ReadAction","target":["https:\/\/www.other-news.info\/noticias\/un-nuevo-lawfare-en-marcha-en-latinoamerica-la-advertencia-de-ernesto-samper\/"]}]},{"@type":"BreadcrumbList","@id":"https:\/\/www.other-news.info\/noticias\/un-nuevo-lawfare-en-marcha-en-latinoamerica-la-advertencia-de-ernesto-samper\/#breadcrumb","itemListElement":[{"@type":"ListItem","position":1,"name":"Home","item":"https:\/\/www.other-news.info\/noticias\/"},{"@type":"ListItem","position":2,"name":"\u00bfUn nuevo &#8216;lawfare&#8217; en marcha en Latinoam\u00e9rica? La advertencia de Ernesto Samper"}]},{"@type":"Person","@id":"https:\/\/www.other-news.info\/noticias\/#\/schema\/person\/dd0ead9df8654b02034c4da003b9991b","name":"admin","image":{"@type":"ImageObject","@id":"https:\/\/www.other-news.info\/noticias\/#personlogo","inLanguage":"es","url":"https:\/\/secure.gravatar.com\/avatar\/e67344401a27ff9f91b2b48296aaa8fb9186ac51a3404ed4bdfbe790b6a9ee11?s=96&d=mm&r=g","contentUrl":"https:\/\/secure.gravatar.com\/avatar\/e67344401a27ff9f91b2b48296aaa8fb9186ac51a3404ed4bdfbe790b6a9ee11?s=96&d=mm&r=g","caption":"admin"},"url":"https:\/\/www.other-news.info\/noticias\/author\/admin\/"}]}},"_links":{"self":[{"href":"https:\/\/www.other-news.info\/noticias\/wp-json\/wp\/v2\/posts\/23041","targetHints":{"allow":["GET"]}}],"collection":[{"href":"https:\/\/www.other-news.info\/noticias\/wp-json\/wp\/v2\/posts"}],"about":[{"href":"https:\/\/www.other-news.info\/noticias\/wp-json\/wp\/v2\/types\/post"}],"author":[{"embeddable":true,"href":"https:\/\/www.other-news.info\/noticias\/wp-json\/wp\/v2\/users\/2"}],"replies":[{"embeddable":true,"href":"https:\/\/www.other-news.info\/noticias\/wp-json\/wp\/v2\/comments?post=23041"}],"version-history":[{"count":1,"href":"https:\/\/www.other-news.info\/noticias\/wp-json\/wp\/v2\/posts\/23041\/revisions"}],"predecessor-version":[{"id":23042,"href":"https:\/\/www.other-news.info\/noticias\/wp-json\/wp\/v2\/posts\/23041\/revisions\/23042"}],"wp:attachment":[{"href":"https:\/\/www.other-news.info\/noticias\/wp-json\/wp\/v2\/media?parent=23041"}],"wp:term":[{"taxonomy":"category","embeddable":true,"href":"https:\/\/www.other-news.info\/noticias\/wp-json\/wp\/v2\/categories?post=23041"},{"taxonomy":"post_tag","embeddable":true,"href":"https:\/\/www.other-news.info\/noticias\/wp-json\/wp\/v2\/tags?post=23041"}],"curies":[{"name":"wp","href":"https:\/\/api.w.org\/{rel}","templated":true}]}}