{"id":23046,"date":"2023-12-08T18:04:33","date_gmt":"2023-12-08T17:04:33","guid":{"rendered":"https:\/\/www.other-news.info\/noticias\/?p=23046"},"modified":"2023-12-08T18:04:34","modified_gmt":"2023-12-08T17:04:34","slug":"la-patrana-de-los-valores-occidentales","status":"publish","type":"post","link":"https:\/\/www.other-news.info\/noticias\/la-patrana-de-los-valores-occidentales\/","title":{"rendered":"La patra\u00f1a de los valores occidentales"},"content":{"rendered":"\n<p class=\"wp-block-paragraph\"><strong><em>Por Noelia Id\u00e1\u00f1ez* &#8211; P\u00fablico.es<\/em><\/strong><\/p>\n\n\n\n<p class=\"wp-block-paragraph\">En medio de la desproporcionada ofensiva militar que el Estado de&nbsp;Israel&nbsp;est\u00e1 llevando a cabo en&nbsp;Gaza&nbsp;a ra\u00edz de los atentados de Ham\u00e1s del pasado 7 de octubre, se ha conmemorado el cincuenta y seis aniversario de la masacre de&nbsp;Kafr Qasim. El 29 de octubre de 1956 cuarenta y ocho personas fueron asesinadas en un pueblo \u00e1rabe israel\u00ed en la frontera entre&nbsp;Israel y Cisjordania. La matanza fue perpetrada por la polic\u00eda israel\u00ed de frontera que dispar\u00f3 indiscriminadamente a ciudadanos \u00e1rabes que se saltaban un toque de queda impuesto ese mismo d\u00eda como consecuencia de la crisis de&nbsp;Suez, y del que estos civiles muy probablemente no ten\u00edan conocimiento alguno. Entre los asesinados hab\u00eda veintitr\u00e9s ni\u00f1os y un beb\u00e9 nonato en el vientre de su madre, que junto con otras cinco mujeres tambi\u00e9n result\u00f3 muerta.<\/p>\n\n\n\n<p class=\"wp-block-paragraph\">El actual presidente de Israel,&nbsp;Isaac Herzog, l\u00edder durante a\u00f1os del&nbsp;Partido Laborista&nbsp;y de la oposici\u00f3n en la Kneset, acudi\u00f3 en 2021 a rendir tributo a las v\u00edctimas de la masacre en nombre del Estado de Israel y pidi\u00f3 perd\u00f3n por lo sucedido. Dijo: \u00abEst\u00e1 claro para todos nosotros: la matanza y el da\u00f1o a inocentes est\u00e1 absolutamente prohibido. Eso debe estar por encima de cualquier argumento pol\u00edtico\u00bb. Isaac Herzog, que ha sido un firme partidario de la soluci\u00f3n de los dos Estados, tambi\u00e9n dijo: \u00abEsta es nuestra oportunidad, como sociedad, de decir no a los prejuicios. Esta es nuestra oportunidad, como sociedad humana, de potenciar lo que tenemos en com\u00fan como ciudadanos y vecinos\u00bb.&nbsp;\u00abEsto no es un decreto del destino, sino una asociaci\u00f3n del destino. Esta es nuestra oportunidad para erradicar la discriminaci\u00f3n y el odio\u00bb.<\/p>\n\n\n\n<p class=\"wp-block-paragraph\">Esta semana Herzog ha conversado con la cadena norteamericana de televisi\u00f3n&nbsp;MSNBC. Preguntado por lo que persigue Israel con esta acci\u00f3n militar cruenta en Gaza, Herzog ha explicado que los terroristas de Ham\u00e1s se esconden en toda la Franja y que se ha alertado a la poblaci\u00f3n civil para que se ponga a salvo de un ataque que reconoce indiscriminado por la dificultad de actuar de otra manera para alcanzar el objetivo de dar caza a los terroristas infiltrados entre la poblaci\u00f3n civil. Fatigado y un tanto contrariado por las preguntas a las que contest\u00f3 con una precisi\u00f3n ling\u00fc\u00edstica ensayada e incompatible con la realidad de los hechos que describe -puesto que no se ha proporcionado a los gazat\u00edes ni refugio, ni descanso ni ayuda humanitaria y dado que el n\u00famero de muertos nos habla de lo que&nbsp;Naciones Unidas&nbsp;califica de castigo colectivo- Herzog trata de describir la indefendible ofensiva israel\u00ed gesticulando con las manos, dibujando un trazado imaginario de la Franja como si quisiera dar a entender que lo que se dirime en Gaza no es la vida de cientos de miles de seres humanos, sino el territorio bald\u00edo al interior de las rayas dibujadas en un mapa. Durante la entrevista Gaza est\u00e1 en las manos de Herzog -otrora un hombre de paz- y ahora ya solo es un dibujo en el aire, un trazado en un mapa de guerra, un asunto de geometr\u00eda.<\/p>\n\n\n\n<p class=\"wp-block-paragraph\">Inquirido entonces por la evidente desproporci\u00f3n que existe entre el n\u00famero de v\u00edctimas israel\u00edes ocasionadas por los atentados de Ham\u00e1s (en torno a 1200 personas) y el n\u00famero de muertos palestinos como consecuencia de la ofensiva militar que el Estado de Israel ha desplegado en los dos \u00faltimos meses (alrededor de 15000), el presidente Isaac Herzog responde que la guerra que Israel est\u00e1 librando en Gaza es en defensa de los \u00abvalores occidentales\u00bb frente a la amenaza de un&nbsp;yihadismo global&nbsp;con sede en&nbsp;Teher\u00e1n.<\/p>\n\n\n\n<p class=\"wp-block-paragraph\">Ya no se trata entonces de luchar contra una organizaci\u00f3n terrorista palestina o de vengar una acci\u00f3n concreta. Tampoco de actuar conforme al tan tra\u00eddo y llevado derecho a la leg\u00edtima defensa. Se trata de desplegar una estrategia de neutralizaci\u00f3n de la amenaza yihadista en defensa de Occidente y sus valores. El marco de Herzog es, como es evidente, un marco de guerra en el que los as\u00ed llamados valores occidentales son la coartada con la que negociar la indiferencia de unos y el apoyo sostenido de otros al&nbsp;supremacismo y el militarismo de Israel. Hace apenas dos a\u00f1os Herzog hablaba de superar el odio y la discriminaci\u00f3n en favor de la concordia y expresaba su condena a unos hechos execrables acaecidos hace m\u00e1s de cincuenta a\u00f1os. Se mostraba partidario del respeto a la vida, la paz y la convivencia. Hoy Herzog invoca los valores occidentales para justificar una acci\u00f3n de guerra desproporcionada que Israel est\u00e1 llevando a cabo, seg\u00fan sus propias palabras, \u00abpor el bien del mundo entero\u00bb. Es decir, hace un llamamiento a que asumamos su marco de guerra, demos por buena la existencia de una amenaza yihadista global de la que somos objetivo como Israel lo ha sido de los atentados de Ham\u00e1s. Los valores occidentales son la marca con la que Israel pretende validar su marco de guerra ahora que el derecho a la leg\u00edtima defensa empieza a hacer aguas, a transparentar su inconsistencia toda vez que legitimidad y desproporci\u00f3n, defensa y genocidio son parejas de conceptos antit\u00e9ticas.<\/p>\n\n\n\n<p class=\"wp-block-paragraph\">Los valores occidentales estuvieron muy presentes en la narrativa sobre la guerra iniciada en febrero de 2021 con la invasi\u00f3n ordenada por&nbsp;Putin&nbsp;en territorio de Ucrania. En su nombre se justific\u00f3 el env\u00edo de armas y tuvo lugar una especie de revival de la&nbsp;OTAN. Muchas criticamos entonces aquellas apelaciones beligerantes que se sustentaban en visiones etnoc\u00e9ntricas, coloniales y equ\u00edvocas sobre modelos civilizatorios y otras formas poco amables de jerarquizar el mundo. Los mismos valores occidentales que no nos interpelaron para movilizar los apoyos que hab\u00eda que brindar a, en aquel caso, el Estado agredido y oponernos como hicimos a la Rusia de Putin por convicciones pacifistas que se nos afearon y fueron ridiculizadas (expulsando por cierto al pacifismo de la n\u00f3mina de los valores occidentales), sirven menos si cabe cuando de lo que se trata es de dar por bueno que Israel los utilice para esconder sus intenciones supremacistas y genocidas. Si la&nbsp;Uni\u00f3n Europea y Estados Unidos&nbsp;contin\u00faan legitimando y apoyando la guerra que Israel libra contra el pueblo palestino en nombre de los valores occidentales se evidenciar\u00e1 m\u00e1s si cabe lo que estos valores son: una aut\u00e9ntica patra\u00f1a.<\/p>\n\n\n\n<p class=\"wp-block-paragraph\">\u2026\u2026\u2026\u2026\u2026.<\/p>\n\n\n\n<p class=\"wp-block-paragraph\"><em>*Doctora en Ciencias Pol\u00edticas y Sociolog\u00eda. MBA en gesti\u00f3n cultural. Editora y ensayista<\/em><\/p>\n","protected":false},"excerpt":{"rendered":"<p>Por Noelia Id\u00e1\u00f1ez* &#8211; P\u00fablico.es En medio de la desproporcionada ofensiva militar que el Estado de&nbsp;Israel&nbsp;est\u00e1 llevando a cabo en&nbsp;Gaza&nbsp;a ra\u00edz de los atentados de Ham\u00e1s del pasado 7 de octubre, se ha conmemorado el cincuenta y seis aniversario de la masacre\u2026<\/p>\n","protected":false},"author":2,"featured_media":0,"comment_status":"closed","ping_status":"open","sticky":false,"template":"","format":"standard","meta":{"footnotes":""},"categories":[1],"tags":[],"class_list":["post-23046","post","type-post","status-publish","format-standard","hentry","category-other-news"],"yoast_head":"<!-- This site is optimized with the Yoast SEO plugin v16.7 - https:\/\/yoast.com\/wordpress\/plugins\/seo\/ -->\n<title>La patra\u00f1a de los valores occidentales - Other News - Voz en contra de la corriente<\/title>\n<meta name=\"robots\" content=\"index, follow, max-snippet:-1, max-image-preview:large, max-video-preview:-1\" \/>\n<link rel=\"canonical\" href=\"https:\/\/www.other-news.info\/noticias\/la-patrana-de-los-valores-occidentales\/\" \/>\n<meta property=\"og:locale\" content=\"es_ES\" \/>\n<meta property=\"og:type\" content=\"article\" \/>\n<meta property=\"og:title\" content=\"La patra\u00f1a de los valores occidentales - Other News - Voz en contra de la corriente\" \/>\n<meta property=\"og:description\" content=\"Por Noelia Id\u00e1\u00f1ez* - P\u00fablico.es En medio de la desproporcionada ofensiva militar que el Estado de&nbsp;Israel&nbsp;est\u00e1 llevando a cabo en&nbsp;Gaza&nbsp;a ra\u00edz de los atentados de Ham\u00e1s del pasado 7 de octubre, se ha conmemorado el cincuenta y seis aniversario de la masacre\u2026\" \/>\n<meta property=\"og:url\" content=\"https:\/\/www.other-news.info\/noticias\/la-patrana-de-los-valores-occidentales\/\" \/>\n<meta property=\"og:site_name\" content=\"Other News - Voz en contra de la corriente\" \/>\n<meta property=\"article:published_time\" content=\"2023-12-08T17:04:33+00:00\" \/>\n<meta property=\"article:modified_time\" content=\"2023-12-08T17:04:34+00:00\" \/>\n<meta name=\"twitter:card\" content=\"summary_large_image\" \/>\n<meta name=\"twitter:label1\" content=\"Escrito por\" \/>\n\t<meta name=\"twitter:data1\" content=\"admin\" \/>\n\t<meta name=\"twitter:label2\" content=\"Tiempo de lectura\" \/>\n\t<meta name=\"twitter:data2\" content=\"6 minutos\" \/>\n<script type=\"application\/ld+json\" class=\"yoast-schema-graph\">{\"@context\":\"https:\/\/schema.org\",\"@graph\":[{\"@type\":\"WebSite\",\"@id\":\"https:\/\/www.other-news.info\/noticias\/#website\",\"url\":\"https:\/\/www.other-news.info\/noticias\/\",\"name\":\"Other News - Voz en contra de la corriente\",\"description\":\"Voz en contra de la corriente\",\"potentialAction\":[{\"@type\":\"SearchAction\",\"target\":{\"@type\":\"EntryPoint\",\"urlTemplate\":\"https:\/\/www.other-news.info\/noticias\/?s={search_term_string}\"},\"query-input\":\"required name=search_term_string\"}],\"inLanguage\":\"es\"},{\"@type\":\"WebPage\",\"@id\":\"https:\/\/www.other-news.info\/noticias\/la-patrana-de-los-valores-occidentales\/#webpage\",\"url\":\"https:\/\/www.other-news.info\/noticias\/la-patrana-de-los-valores-occidentales\/\",\"name\":\"La patra\\u00f1a de los valores occidentales - Other News - Voz en contra de la corriente\",\"isPartOf\":{\"@id\":\"https:\/\/www.other-news.info\/noticias\/#website\"},\"datePublished\":\"2023-12-08T17:04:33+00:00\",\"dateModified\":\"2023-12-08T17:04:34+00:00\",\"author\":{\"@id\":\"https:\/\/www.other-news.info\/noticias\/#\/schema\/person\/dd0ead9df8654b02034c4da003b9991b\"},\"breadcrumb\":{\"@id\":\"https:\/\/www.other-news.info\/noticias\/la-patrana-de-los-valores-occidentales\/#breadcrumb\"},\"inLanguage\":\"es\",\"potentialAction\":[{\"@type\":\"ReadAction\",\"target\":[\"https:\/\/www.other-news.info\/noticias\/la-patrana-de-los-valores-occidentales\/\"]}]},{\"@type\":\"BreadcrumbList\",\"@id\":\"https:\/\/www.other-news.info\/noticias\/la-patrana-de-los-valores-occidentales\/#breadcrumb\",\"itemListElement\":[{\"@type\":\"ListItem\",\"position\":1,\"name\":\"Home\",\"item\":\"https:\/\/www.other-news.info\/noticias\/\"},{\"@type\":\"ListItem\",\"position\":2,\"name\":\"La patra\\u00f1a de los valores occidentales\"}]},{\"@type\":\"Person\",\"@id\":\"https:\/\/www.other-news.info\/noticias\/#\/schema\/person\/dd0ead9df8654b02034c4da003b9991b\",\"name\":\"admin\",\"image\":{\"@type\":\"ImageObject\",\"@id\":\"https:\/\/www.other-news.info\/noticias\/#personlogo\",\"inLanguage\":\"es\",\"url\":\"https:\/\/secure.gravatar.com\/avatar\/e67344401a27ff9f91b2b48296aaa8fb9186ac51a3404ed4bdfbe790b6a9ee11?s=96&d=mm&r=g\",\"contentUrl\":\"https:\/\/secure.gravatar.com\/avatar\/e67344401a27ff9f91b2b48296aaa8fb9186ac51a3404ed4bdfbe790b6a9ee11?s=96&d=mm&r=g\",\"caption\":\"admin\"},\"url\":\"https:\/\/www.other-news.info\/noticias\/author\/admin\/\"}]}<\/script>\n<!-- \/ Yoast SEO plugin. -->","yoast_head_json":{"title":"La patra\u00f1a de los valores occidentales - Other News - Voz en contra de la corriente","robots":{"index":"index","follow":"follow","max-snippet":"max-snippet:-1","max-image-preview":"max-image-preview:large","max-video-preview":"max-video-preview:-1"},"canonical":"https:\/\/www.other-news.info\/noticias\/la-patrana-de-los-valores-occidentales\/","og_locale":"es_ES","og_type":"article","og_title":"La patra\u00f1a de los valores occidentales - Other News - Voz en contra de la corriente","og_description":"Por Noelia Id\u00e1\u00f1ez* - P\u00fablico.es En medio de la desproporcionada ofensiva militar que el Estado de&nbsp;Israel&nbsp;est\u00e1 llevando a cabo en&nbsp;Gaza&nbsp;a ra\u00edz de los atentados de Ham\u00e1s del pasado 7 de octubre, se ha conmemorado el cincuenta y seis aniversario de la masacre\u2026","og_url":"https:\/\/www.other-news.info\/noticias\/la-patrana-de-los-valores-occidentales\/","og_site_name":"Other News - Voz en contra de la corriente","article_published_time":"2023-12-08T17:04:33+00:00","article_modified_time":"2023-12-08T17:04:34+00:00","twitter_card":"summary_large_image","twitter_misc":{"Escrito por":"admin","Tiempo de lectura":"6 minutos"},"schema":{"@context":"https:\/\/schema.org","@graph":[{"@type":"WebSite","@id":"https:\/\/www.other-news.info\/noticias\/#website","url":"https:\/\/www.other-news.info\/noticias\/","name":"Other News - Voz en contra de la corriente","description":"Voz en contra de la corriente","potentialAction":[{"@type":"SearchAction","target":{"@type":"EntryPoint","urlTemplate":"https:\/\/www.other-news.info\/noticias\/?s={search_term_string}"},"query-input":"required name=search_term_string"}],"inLanguage":"es"},{"@type":"WebPage","@id":"https:\/\/www.other-news.info\/noticias\/la-patrana-de-los-valores-occidentales\/#webpage","url":"https:\/\/www.other-news.info\/noticias\/la-patrana-de-los-valores-occidentales\/","name":"La patra\u00f1a de los valores occidentales - Other News - Voz en contra de la corriente","isPartOf":{"@id":"https:\/\/www.other-news.info\/noticias\/#website"},"datePublished":"2023-12-08T17:04:33+00:00","dateModified":"2023-12-08T17:04:34+00:00","author":{"@id":"https:\/\/www.other-news.info\/noticias\/#\/schema\/person\/dd0ead9df8654b02034c4da003b9991b"},"breadcrumb":{"@id":"https:\/\/www.other-news.info\/noticias\/la-patrana-de-los-valores-occidentales\/#breadcrumb"},"inLanguage":"es","potentialAction":[{"@type":"ReadAction","target":["https:\/\/www.other-news.info\/noticias\/la-patrana-de-los-valores-occidentales\/"]}]},{"@type":"BreadcrumbList","@id":"https:\/\/www.other-news.info\/noticias\/la-patrana-de-los-valores-occidentales\/#breadcrumb","itemListElement":[{"@type":"ListItem","position":1,"name":"Home","item":"https:\/\/www.other-news.info\/noticias\/"},{"@type":"ListItem","position":2,"name":"La patra\u00f1a de los valores occidentales"}]},{"@type":"Person","@id":"https:\/\/www.other-news.info\/noticias\/#\/schema\/person\/dd0ead9df8654b02034c4da003b9991b","name":"admin","image":{"@type":"ImageObject","@id":"https:\/\/www.other-news.info\/noticias\/#personlogo","inLanguage":"es","url":"https:\/\/secure.gravatar.com\/avatar\/e67344401a27ff9f91b2b48296aaa8fb9186ac51a3404ed4bdfbe790b6a9ee11?s=96&d=mm&r=g","contentUrl":"https:\/\/secure.gravatar.com\/avatar\/e67344401a27ff9f91b2b48296aaa8fb9186ac51a3404ed4bdfbe790b6a9ee11?s=96&d=mm&r=g","caption":"admin"},"url":"https:\/\/www.other-news.info\/noticias\/author\/admin\/"}]}},"_links":{"self":[{"href":"https:\/\/www.other-news.info\/noticias\/wp-json\/wp\/v2\/posts\/23046","targetHints":{"allow":["GET"]}}],"collection":[{"href":"https:\/\/www.other-news.info\/noticias\/wp-json\/wp\/v2\/posts"}],"about":[{"href":"https:\/\/www.other-news.info\/noticias\/wp-json\/wp\/v2\/types\/post"}],"author":[{"embeddable":true,"href":"https:\/\/www.other-news.info\/noticias\/wp-json\/wp\/v2\/users\/2"}],"replies":[{"embeddable":true,"href":"https:\/\/www.other-news.info\/noticias\/wp-json\/wp\/v2\/comments?post=23046"}],"version-history":[{"count":1,"href":"https:\/\/www.other-news.info\/noticias\/wp-json\/wp\/v2\/posts\/23046\/revisions"}],"predecessor-version":[{"id":23047,"href":"https:\/\/www.other-news.info\/noticias\/wp-json\/wp\/v2\/posts\/23046\/revisions\/23047"}],"wp:attachment":[{"href":"https:\/\/www.other-news.info\/noticias\/wp-json\/wp\/v2\/media?parent=23046"}],"wp:term":[{"taxonomy":"category","embeddable":true,"href":"https:\/\/www.other-news.info\/noticias\/wp-json\/wp\/v2\/categories?post=23046"},{"taxonomy":"post_tag","embeddable":true,"href":"https:\/\/www.other-news.info\/noticias\/wp-json\/wp\/v2\/tags?post=23046"}],"curies":[{"name":"wp","href":"https:\/\/api.w.org\/{rel}","templated":true}]}}