{"id":23048,"date":"2023-12-11T19:03:55","date_gmt":"2023-12-11T18:03:55","guid":{"rendered":"https:\/\/www.other-news.info\/noticias\/?p=23048"},"modified":"2023-12-11T19:03:56","modified_gmt":"2023-12-11T18:03:56","slug":"argentina-al-precipicio","status":"publish","type":"post","link":"https:\/\/www.other-news.info\/noticias\/argentina-al-precipicio\/","title":{"rendered":"&#8216;Argentina, al precipicio&#8217;"},"content":{"rendered":"\n<p class=\"wp-block-paragraph\"><strong><em>Editorial \u2013 La Jornada de M\u00e9xico<\/em><\/strong><\/p>\n\n\n\n<p class=\"wp-block-paragraph\">Javier Milei hizo algo&nbsp;in\u00e9dito en la historia de las democracias formales: durante su primer discurso como presidente anunci\u00f3 a sus simpatizantes que ser\u00e1n ellos quienes paguen la terapia de&nbsp;<em>shock<\/em>&nbsp;en que consiste su plan econ\u00f3mico, mientras los beneficios ir\u00e1n para la iniciativa privada. El mandatario ultraderechista recurri\u00f3 a la infame frase de la destructora del Estado de bienestar brit\u00e1nico, Margaret Thatcher:&nbsp;no hay alternativa&nbsp;(\u201c&nbsp;<em>there is no alternative<\/em>\u201d), dijo, para confirmar que llevar\u00e1 a cabo un ajuste fiscal de 5 por ciento del producto interno bruto, todo el cual ser\u00e1 absorbido por el Estado a trav\u00e9s de recortes brutales a los programas sociales y en multitud de ramas del gobierno. El monto equivale al gasto gubernamental de cinco meses, lo cual significa que de un d\u00eda para el otro desaparecer\u00e1n cuatro de cada 10 pesos del presupuesto.<\/p>\n\n\n\n<p class=\"wp-block-paragraph\">Este economista pertenece a la corriente ideol\u00f3gica denominada posfascismo, porque retoma el agresivo conservadurismo social de los fascismos del siglo XX (con misoginia disfrazada de&nbsp;defensa de la familia, racismo abierto, xeno, aporo y homofobia); pero sin las garant\u00edas de empleo y m\u00ednimos de bienestar que aquellos ofrec\u00edan a las clases trabajadoras, pol\u00edticas que son remplazadas por el neoliberalismo m\u00e1s ortodoxo y plutocr\u00e1tico.<\/p>\n\n\n\n<p class=\"wp-block-paragraph\">Como todos los neoliberales, Milei impondr\u00e1&nbsp;supremos esfuerzos y dolorosos sacrificios&nbsp;al pueblo, mientras la c\u00fapula mantiene todos sus privilegios: no s\u00f3lo no ha hablado de disminuir su propio sueldo, sino que ya dio rienda suelta a sus desplantes de exhibicionismo (pidi\u00f3 ser trasladado en un auto descapotable en su primer trayecto oficial) y a su intenci\u00f3n de llevar una vida fara\u00f3nica a expensas del erario. Por ejemplo, emprender\u00e1 una millonaria remodelaci\u00f3n de la Casa Rosada a fin de instalar all\u00ed a sus cuatro perros.<\/p>\n\n\n\n<p class=\"wp-block-paragraph\">El l\u00edder, caracterizado de&nbsp;pol\u00e9mico&nbsp;por los medios que eluden llamar fascistas a los pol\u00edticos amigables con las oligarqu\u00edas, ha insistido en que su ascenso marca un hito en Argentina. Sin embargo, todo indica que su periodo ser\u00e1, en el mejor de los casos, un bache, y en el peor, una redici\u00f3n de la catastr\u00f3fica crisis de 1999-2003 en que concluy\u00f3 el embate neoliberal de Carlos Sa\u00fal Menem, a cuyo sobrino Milei nomin\u00f3 para presidir la C\u00e1mara de Diputados.<\/p>\n\n\n\n<p class=\"wp-block-paragraph\">Si las posturas que ha externado desde que salt\u00f3 a la fama y durante su campa\u00f1a electoral generaron alarma por la radicalidad de su programa de desmantelamiento del Estado, las decisiones adoptadas desde que se alz\u00f3 con el triunfo en segunda vuelta hacen ver que, m\u00e1s que ganar la presidencia para s\u00ed, consigui\u00f3 la relecci\u00f3n del ex presidente Mauricio Macri (2015-2019): los puestos m\u00e1s importantes de su gabinete los ocupar\u00e1n funcionarios del macrismo, del que adem\u00e1s depende por completo Milei si espera sacar adelante cualquier iniciativa en el Congreso. Para completar su traici\u00f3n a la promesa que le atrajo m\u00e1s simpat\u00edas, sacar de manera definitiva del poder a la&nbsp;casta&nbsp;pol\u00edtica, tambi\u00e9n integr\u00f3 a su c\u00edrculo al peronismo de derecha, de donde provienen los Menem.<\/p>\n\n\n\n<p class=\"wp-block-paragraph\">Se ha repetido sin parar que la victoria electoral de este siniestro personaje es resultado del&nbsp;voto bronca, es decir, del descontento con la inflaci\u00f3n desbocada, la devaluaci\u00f3n y la p\u00e9rdida de poder adquisitivo durante los cuatro a\u00f1os del peronista Alberto Fern\u00e1ndez. Pero ser\u00eda m\u00e1s correcto llamarlo&nbsp;voto amnesia, pues los votantes olvidaron que el desquiciamiento de la econom\u00eda se origin\u00f3 justamente durante el gobierno de Macri, quien destruy\u00f3 los salarios y contrat\u00f3 con el FMI una deuda de 45 mil millones de d\u00f3lares que entreg\u00f3 a los especuladores.<\/p>\n\n\n\n<p class=\"wp-block-paragraph\">El mismo organismo admiti\u00f3 en un informe de 2021 que m\u00e1s de la mitad del mayor pr\u00e9stamo que ha otorgado en su historia se us\u00f3 para financiar la fuga de capitales. Los avisos de que la administraci\u00f3n entrante desregular\u00e1 la econom\u00eda y pondr\u00e1 fin a los controles cambiarios anticipan una nueva ronda de expolio mediante la evasi\u00f3n fiscal, el blanqueo de capitales y la especulaci\u00f3n con las divisas.<\/p>\n\n\n\n<p class=\"wp-block-paragraph\">Cuando Argentina despierte del embrujo demag\u00f3gico se encontrar\u00e1 con que sus bienes fueron regalados a saqueadores locales y for\u00e1neos; el crecimiento macroecon\u00f3mico (si es que llega a haberlo) se consigui\u00f3 empobreciendo a nueve d\u00e9cimas partes de la poblaci\u00f3n, el mandatario, su entorno y quienes ya ostentaban las mayores fortunas se enriquecieron de manera fabulosa, las clases medias que votaron cegadas por el odio a un comunismo inexistente asistieron a una ca\u00edda dram\u00e1tica de su calidad de vida porque deber\u00e1n pagar servicios b\u00e1sicos que antes eran provistos por el Estado a los precios exorbitados que fijen los privados, y el margen de maniobra para salir de este infierno se habr\u00e1 reducido a cero porque se dinamitaron todos los instrumentos para pilotar el pa\u00eds.<\/p>\n\n\n\n<p class=\"wp-block-paragraph\">Las \u00fanicas esperanzas de conjurar este escenario son la movilizaci\u00f3n masiva e incesante de las clases populares (a las cuales Milei ya amenaz\u00f3 con reprimir ante cualquier protesta), y la unidad de la oposici\u00f3n para frenar en el Legislativo los desprop\u00f3sitos de la ultraderecha.<\/p>\n","protected":false},"excerpt":{"rendered":"<p>Editorial \u2013 La Jornada de M\u00e9xico Javier Milei hizo algo&nbsp;in\u00e9dito en la historia de las democracias formales: durante su primer discurso como presidente anunci\u00f3 a sus simpatizantes que ser\u00e1n ellos quienes paguen la terapia de&nbsp;shock&nbsp;en que consiste su plan econ\u00f3mico\u2026<\/p>\n","protected":false},"author":2,"featured_media":0,"comment_status":"closed","ping_status":"open","sticky":false,"template":"","format":"standard","meta":{"footnotes":""},"categories":[1],"tags":[],"class_list":["post-23048","post","type-post","status-publish","format-standard","hentry","category-other-news"],"yoast_head":"<!-- This site is optimized with the Yoast SEO plugin v16.7 - https:\/\/yoast.com\/wordpress\/plugins\/seo\/ -->\n<title>&#039;Argentina, al precipicio&#039; - Other News - Voz en contra de la corriente<\/title>\n<meta name=\"robots\" content=\"index, follow, max-snippet:-1, max-image-preview:large, max-video-preview:-1\" \/>\n<link rel=\"canonical\" href=\"https:\/\/www.other-news.info\/noticias\/argentina-al-precipicio\/\" \/>\n<meta property=\"og:locale\" content=\"es_ES\" \/>\n<meta property=\"og:type\" content=\"article\" \/>\n<meta property=\"og:title\" content=\"&#039;Argentina, al precipicio&#039; - Other News - Voz en contra de la corriente\" \/>\n<meta property=\"og:description\" content=\"Editorial \u2013 La Jornada de M\u00e9xico Javier Milei hizo algo&nbsp;in\u00e9dito en la historia de las democracias formales: durante su primer discurso como presidente anunci\u00f3 a sus simpatizantes que ser\u00e1n ellos quienes paguen la terapia de&nbsp;shock&nbsp;en que consiste su plan econ\u00f3mico\u2026\" \/>\n<meta property=\"og:url\" content=\"https:\/\/www.other-news.info\/noticias\/argentina-al-precipicio\/\" \/>\n<meta property=\"og:site_name\" content=\"Other News - Voz en contra de la corriente\" \/>\n<meta property=\"article:published_time\" content=\"2023-12-11T18:03:55+00:00\" \/>\n<meta property=\"article:modified_time\" content=\"2023-12-11T18:03:56+00:00\" \/>\n<meta name=\"twitter:card\" content=\"summary_large_image\" \/>\n<meta name=\"twitter:label1\" content=\"Escrito por\" \/>\n\t<meta name=\"twitter:data1\" content=\"admin\" \/>\n\t<meta name=\"twitter:label2\" content=\"Tiempo de lectura\" \/>\n\t<meta name=\"twitter:data2\" content=\"4 minutos\" \/>\n<script type=\"application\/ld+json\" class=\"yoast-schema-graph\">{\"@context\":\"https:\/\/schema.org\",\"@graph\":[{\"@type\":\"WebSite\",\"@id\":\"https:\/\/www.other-news.info\/noticias\/#website\",\"url\":\"https:\/\/www.other-news.info\/noticias\/\",\"name\":\"Other News - Voz en contra de la corriente\",\"description\":\"Voz en contra de la corriente\",\"potentialAction\":[{\"@type\":\"SearchAction\",\"target\":{\"@type\":\"EntryPoint\",\"urlTemplate\":\"https:\/\/www.other-news.info\/noticias\/?s={search_term_string}\"},\"query-input\":\"required name=search_term_string\"}],\"inLanguage\":\"es\"},{\"@type\":\"WebPage\",\"@id\":\"https:\/\/www.other-news.info\/noticias\/argentina-al-precipicio\/#webpage\",\"url\":\"https:\/\/www.other-news.info\/noticias\/argentina-al-precipicio\/\",\"name\":\"'Argentina, al precipicio' - Other News - Voz en contra de la corriente\",\"isPartOf\":{\"@id\":\"https:\/\/www.other-news.info\/noticias\/#website\"},\"datePublished\":\"2023-12-11T18:03:55+00:00\",\"dateModified\":\"2023-12-11T18:03:56+00:00\",\"author\":{\"@id\":\"https:\/\/www.other-news.info\/noticias\/#\/schema\/person\/dd0ead9df8654b02034c4da003b9991b\"},\"breadcrumb\":{\"@id\":\"https:\/\/www.other-news.info\/noticias\/argentina-al-precipicio\/#breadcrumb\"},\"inLanguage\":\"es\",\"potentialAction\":[{\"@type\":\"ReadAction\",\"target\":[\"https:\/\/www.other-news.info\/noticias\/argentina-al-precipicio\/\"]}]},{\"@type\":\"BreadcrumbList\",\"@id\":\"https:\/\/www.other-news.info\/noticias\/argentina-al-precipicio\/#breadcrumb\",\"itemListElement\":[{\"@type\":\"ListItem\",\"position\":1,\"name\":\"Home\",\"item\":\"https:\/\/www.other-news.info\/noticias\/\"},{\"@type\":\"ListItem\",\"position\":2,\"name\":\"&#8216;Argentina, al precipicio&#8217;\"}]},{\"@type\":\"Person\",\"@id\":\"https:\/\/www.other-news.info\/noticias\/#\/schema\/person\/dd0ead9df8654b02034c4da003b9991b\",\"name\":\"admin\",\"image\":{\"@type\":\"ImageObject\",\"@id\":\"https:\/\/www.other-news.info\/noticias\/#personlogo\",\"inLanguage\":\"es\",\"url\":\"https:\/\/secure.gravatar.com\/avatar\/e67344401a27ff9f91b2b48296aaa8fb9186ac51a3404ed4bdfbe790b6a9ee11?s=96&d=mm&r=g\",\"contentUrl\":\"https:\/\/secure.gravatar.com\/avatar\/e67344401a27ff9f91b2b48296aaa8fb9186ac51a3404ed4bdfbe790b6a9ee11?s=96&d=mm&r=g\",\"caption\":\"admin\"},\"url\":\"https:\/\/www.other-news.info\/noticias\/author\/admin\/\"}]}<\/script>\n<!-- \/ Yoast SEO plugin. -->","yoast_head_json":{"title":"'Argentina, al precipicio' - Other News - Voz en contra de la corriente","robots":{"index":"index","follow":"follow","max-snippet":"max-snippet:-1","max-image-preview":"max-image-preview:large","max-video-preview":"max-video-preview:-1"},"canonical":"https:\/\/www.other-news.info\/noticias\/argentina-al-precipicio\/","og_locale":"es_ES","og_type":"article","og_title":"'Argentina, al precipicio' - Other News - Voz en contra de la corriente","og_description":"Editorial \u2013 La Jornada de M\u00e9xico Javier Milei hizo algo&nbsp;in\u00e9dito en la historia de las democracias formales: durante su primer discurso como presidente anunci\u00f3 a sus simpatizantes que ser\u00e1n ellos quienes paguen la terapia de&nbsp;shock&nbsp;en que consiste su plan econ\u00f3mico\u2026","og_url":"https:\/\/www.other-news.info\/noticias\/argentina-al-precipicio\/","og_site_name":"Other News - Voz en contra de la corriente","article_published_time":"2023-12-11T18:03:55+00:00","article_modified_time":"2023-12-11T18:03:56+00:00","twitter_card":"summary_large_image","twitter_misc":{"Escrito por":"admin","Tiempo de lectura":"4 minutos"},"schema":{"@context":"https:\/\/schema.org","@graph":[{"@type":"WebSite","@id":"https:\/\/www.other-news.info\/noticias\/#website","url":"https:\/\/www.other-news.info\/noticias\/","name":"Other News - Voz en contra de la corriente","description":"Voz en contra de la corriente","potentialAction":[{"@type":"SearchAction","target":{"@type":"EntryPoint","urlTemplate":"https:\/\/www.other-news.info\/noticias\/?s={search_term_string}"},"query-input":"required name=search_term_string"}],"inLanguage":"es"},{"@type":"WebPage","@id":"https:\/\/www.other-news.info\/noticias\/argentina-al-precipicio\/#webpage","url":"https:\/\/www.other-news.info\/noticias\/argentina-al-precipicio\/","name":"'Argentina, al precipicio' - Other News - Voz en contra de la corriente","isPartOf":{"@id":"https:\/\/www.other-news.info\/noticias\/#website"},"datePublished":"2023-12-11T18:03:55+00:00","dateModified":"2023-12-11T18:03:56+00:00","author":{"@id":"https:\/\/www.other-news.info\/noticias\/#\/schema\/person\/dd0ead9df8654b02034c4da003b9991b"},"breadcrumb":{"@id":"https:\/\/www.other-news.info\/noticias\/argentina-al-precipicio\/#breadcrumb"},"inLanguage":"es","potentialAction":[{"@type":"ReadAction","target":["https:\/\/www.other-news.info\/noticias\/argentina-al-precipicio\/"]}]},{"@type":"BreadcrumbList","@id":"https:\/\/www.other-news.info\/noticias\/argentina-al-precipicio\/#breadcrumb","itemListElement":[{"@type":"ListItem","position":1,"name":"Home","item":"https:\/\/www.other-news.info\/noticias\/"},{"@type":"ListItem","position":2,"name":"&#8216;Argentina, al precipicio&#8217;"}]},{"@type":"Person","@id":"https:\/\/www.other-news.info\/noticias\/#\/schema\/person\/dd0ead9df8654b02034c4da003b9991b","name":"admin","image":{"@type":"ImageObject","@id":"https:\/\/www.other-news.info\/noticias\/#personlogo","inLanguage":"es","url":"https:\/\/secure.gravatar.com\/avatar\/e67344401a27ff9f91b2b48296aaa8fb9186ac51a3404ed4bdfbe790b6a9ee11?s=96&d=mm&r=g","contentUrl":"https:\/\/secure.gravatar.com\/avatar\/e67344401a27ff9f91b2b48296aaa8fb9186ac51a3404ed4bdfbe790b6a9ee11?s=96&d=mm&r=g","caption":"admin"},"url":"https:\/\/www.other-news.info\/noticias\/author\/admin\/"}]}},"_links":{"self":[{"href":"https:\/\/www.other-news.info\/noticias\/wp-json\/wp\/v2\/posts\/23048","targetHints":{"allow":["GET"]}}],"collection":[{"href":"https:\/\/www.other-news.info\/noticias\/wp-json\/wp\/v2\/posts"}],"about":[{"href":"https:\/\/www.other-news.info\/noticias\/wp-json\/wp\/v2\/types\/post"}],"author":[{"embeddable":true,"href":"https:\/\/www.other-news.info\/noticias\/wp-json\/wp\/v2\/users\/2"}],"replies":[{"embeddable":true,"href":"https:\/\/www.other-news.info\/noticias\/wp-json\/wp\/v2\/comments?post=23048"}],"version-history":[{"count":1,"href":"https:\/\/www.other-news.info\/noticias\/wp-json\/wp\/v2\/posts\/23048\/revisions"}],"predecessor-version":[{"id":23049,"href":"https:\/\/www.other-news.info\/noticias\/wp-json\/wp\/v2\/posts\/23048\/revisions\/23049"}],"wp:attachment":[{"href":"https:\/\/www.other-news.info\/noticias\/wp-json\/wp\/v2\/media?parent=23048"}],"wp:term":[{"taxonomy":"category","embeddable":true,"href":"https:\/\/www.other-news.info\/noticias\/wp-json\/wp\/v2\/categories?post=23048"},{"taxonomy":"post_tag","embeddable":true,"href":"https:\/\/www.other-news.info\/noticias\/wp-json\/wp\/v2\/tags?post=23048"}],"curies":[{"name":"wp","href":"https:\/\/api.w.org\/{rel}","templated":true}]}}