{"id":23050,"date":"2023-12-11T19:05:13","date_gmt":"2023-12-11T18:05:13","guid":{"rendered":"https:\/\/www.other-news.info\/noticias\/?p=23050"},"modified":"2023-12-11T19:05:14","modified_gmt":"2023-12-11T18:05:14","slug":"guterres-promete-que-no-cesara-en-su-empeno-de-que-la-onu-detenga-la-guerra-en-gaza","status":"publish","type":"post","link":"https:\/\/www.other-news.info\/noticias\/guterres-promete-que-no-cesara-en-su-empeno-de-que-la-onu-detenga-la-guerra-en-gaza\/","title":{"rendered":"Guterres promete que no cesar\u00e1 en su empe\u00f1o de que la ONU detenga la guerra en Gaza"},"content":{"rendered":"\n<p class=\"wp-block-paragraph\"><strong><em>Por Francesca Cicardi \u2013 el.diario.es<\/em><\/strong><\/p>\n\n\n\n<p class=\"wp-block-paragraph\"><em>Despu\u00e9s de que el viernes EEUU vetara una resoluci\u00f3n del Consejo de Seguridad de la ONU para un alto el fuego en Gaza, el secretario general del organismo afirma que no abandonar\u00e1 su misi\u00f3n<\/em><\/p>\n\n\n\n<p class=\"wp-block-paragraph\">El secretario general de la ONU, Ant\u00f3nio Guterres, ha prometido este domingo \u2013despu\u00e9s de que el viernes el Consejo de Seguridad de la ONU no lograra aprobar una resoluci\u00f3n para un alto de fuego en Gaza\u2013 que no cesar\u00e1 en su intento de detener la violencia.<\/p>\n\n\n\n<p class=\"wp-block-paragraph\">En la inauguraci\u00f3n del Foro de Doha, que organiza Qatar,&nbsp;<a href=\"https:\/\/www.eldiario.es\/internacional\/qatar-juega-papel-clave-liberacion-rehenes-gaza_1_10625982.html\">el principal mediador<\/a>&nbsp;en el conflicto entre Israel y Ham\u00e1s, un Guterres aparentemente cansado ha vuelto a hacer un llamamiento a la comunidad internacional, admitiendo que las instituciones multilaterales no est\u00e1n a la altura de la \u201ctormenta perfecta\u201d que est\u00e1 golpeando el mundo.<\/p>\n\n\n\n<p class=\"wp-block-paragraph\">Guterres ha recordado que la semana pasada tuvo que recurrir al art\u00edculo 99 de la Carta de Naciones Unidas por primera vez desde que fue nombrado secretario general, en 2017. \u201cDurante mi mandato, el n\u00famero de v\u00edctimas civiles en Gaza en este breve periodo de tiempo no tiene precedentes\u201d, ha lamentado, agregando que no existe protecci\u00f3n efectiva para la poblaci\u00f3n de la Franja y que la situaci\u00f3n puede colapsar \u201cpronto\u201d y puede degenerar, con la aparici\u00f3n de epidemias y el desplazamiento masivo de los palestinos a Egipto.<\/p>\n\n\n\n<p class=\"wp-block-paragraph\">\u201cHe dicho que nos enfrentamos a un grave riesgo de colapso del sistema humanitario. La situaci\u00f3n se est\u00e1 deteriorando r\u00e1pidamente en una cat\u00e1strofe con implicaciones potencialmente irresversibles para los palestinos y para la seguridad y la paz en la regi\u00f3n\u201d de Oriente Medio, ha alertado ante un p\u00fablico que ha aplaudido en varias ocasiones.<\/p>\n\n\n\n<p class=\"wp-block-paragraph\">\u201cHe urgido al Consejo de Seguridad que presione para evitar una cat\u00e1strofe humanitaria y he reiterado mi llamamiento para que se declare un alto el fuego humanitario\u201d. \u201cLamentablemente, el Consejo de Seguridad ha fracasado, pero eso no hace que sea menos necesario (ahora). No voy a abandonar\u201d, ha asegurado.<\/p>\n\n\n\n<p class=\"wp-block-paragraph\">Por ello, ha agradecido la labor de mediaci\u00f3n de Qatar, cuyo emir ha asistido tambi\u00e9n a la inauguraci\u00f3n del Foro de dos d\u00edas que, inevitablemente, gira en torno a la guerra de Gaza y a sus repercusiones en el mundo \u00e1rabe. El primer ministro y ministro de Exteriores qatar\u00ed, Mohammed bin Abdulrahman Al Thani, ha cargado contra aquellos que no pueden pedir un alto el fuego, en referencia al&nbsp;<a href=\"https:\/\/www.eldiario.es\/internacional\/guterres-consejo-seguridad-llamada-urgente-alto-fuego-gaza-poblacion-asoma-abismo_1_10752065.html\">veto estadounidense en el Consejo de Seguridad de la ONU<\/a>, pero ha afirmado que Qatar seguir\u00e1 haciendo todos los esfuerzos para lograr un alto el fuego en Gaza. \u201cQatar cree en el di\u00e1logo para solucionar los conflictos (&#8230;) y no ha ahorrado esfuerzos con sus socios en la regi\u00f3n\u201d para poner fin a la violencia en el enclave palestino, donde ya han muerto casi 18.000 personas, la gran mayor\u00eda civiles, incluidos miles de ni\u00f1os.<\/p>\n\n\n\n<p class=\"wp-block-paragraph\">Precisamente, el Gobierno de Doha logr\u00f3 cerrar un acuerdo para&nbsp;<a href=\"https:\/\/www.eldiario.es\/internacional\/israel-hamas-acuerdan-tregua-cuatro-dias-gaza-liberacion-50-rehenes_1_10705152.html\">una tregua humanitaria de seis d\u00edas<\/a>&nbsp;a finales de noviembre, con la ayuda de Egipto y EEUU, pero desde entonces las dos partes beligerantes (Israel y el grupo islamista Ham\u00e1s) est\u00e1n menos dispuestas a negociar, ha admitido Al Thani. \u201cNo importa el tiempo que tome, si sirve para salvar vidas, vamos a tomar el que haga falta\u201d, ha prometido ante cientos de invitados. \u201cEstamos comprometidos a parar esta guerra y a parar el bombardeo contra los palestinos inocentes\u201d, ha remachado.<\/p>\n\n\n\n<p class=\"wp-block-paragraph\">Tambi\u00e9n ha se\u00f1alado que en su Gobierno est\u00e1n \u201cpreocupados m\u00e1s all\u00e1 de Gaza\u201d: \u201cla cuesti\u00f3n palestina est\u00e1 en el centro de todos los conflictos en la regi\u00f3n (de Oriente Medio); vamos a hacer todo lo posible para contenerlo y que no se expanda a L\u00edbano u otros pa\u00edses\u201d.<\/p>\n\n\n\n<p class=\"wp-block-paragraph\">Esa misma preocupaci\u00f3n ha sido trasladada por el ministro de Exteriores jordano, Ayman Al Safadi, quien ha advertido de la peligrosidad del conflicto y su expansi\u00f3n a toda la regi\u00f3n, recordando que la violencia ha estado en sus niveles m\u00e1s altos tambi\u00e9n en los territorios ocupados de Cisjordania este a\u00f1o.<\/p>\n\n\n\n<p class=\"wp-block-paragraph\">\u201cTodos en la regi\u00f3n queremos una soluci\u00f3n al conflicto y la \u00fanica forma es poner fin a la ocupaci\u00f3n y que haya un Estado palestino\u201d, ha afirmado Al Safadi, quien ha alertado varias veces durante su intervenci\u00f3n sobre \u201cla nueva realidad que Israel quiere imponer\u201d, tal y como ha hecho en Cisjordania desde hace a\u00f1os con la expansi\u00f3n de los asentamientos y la expulsi\u00f3n de los residentes palestinos, o&nbsp;<a href=\"https:\/\/www.eldiario.es\/internacional\/theguardian\/olivos-trabajo-agricultores-cisjordania-denuncian-israel-arruinando-cosecha_1_10750183.html\">los obst\u00e1culos al cultivo de sus tierras<\/a>, etc. El jordano ha descrito esa realidad como \u201cun solo Estado, que es un Estado de apartheid, es la &#8216;sudafricanizaci\u00f3n&#8217; de Palestina\u201d.<\/p>\n\n\n\n<p class=\"wp-block-paragraph\">Al Safadi ha vuelto a denunciar lo que, en su opini\u00f3n, es \u201cuna pol\u00edtica sistem\u00e1tica para expulsar a los palestinos de Gaza\u201d, algo que tanto Jordania como Egipto han dicho que no aceptar\u00e1n, al igual que no est\u00e1n permitiendo y no permitir\u00e1n la entrada de refugiados palestinos, desde Gaza o Cisjordania.<\/p>\n","protected":false},"excerpt":{"rendered":"<p>Por Francesca Cicardi \u2013 el.diario.es Despu\u00e9s de que el viernes EEUU vetara una resoluci\u00f3n del Consejo de Seguridad de la ONU para un alto el fuego en Gaza, el secretario general del organismo afirma que no abandonar\u00e1 su misi\u00f3n El secretario general de la ONU, Ant\u00f3nio Guterres\u2026<\/p>\n","protected":false},"author":2,"featured_media":0,"comment_status":"closed","ping_status":"open","sticky":false,"template":"","format":"standard","meta":{"footnotes":""},"categories":[1],"tags":[],"class_list":["post-23050","post","type-post","status-publish","format-standard","hentry","category-other-news"],"yoast_head":"<!-- This site is optimized with the Yoast SEO plugin v16.7 - https:\/\/yoast.com\/wordpress\/plugins\/seo\/ -->\n<title>Guterres promete que no cesar\u00e1 en su empe\u00f1o de que la ONU detenga la guerra en Gaza - Other News - Voz en contra de la corriente<\/title>\n<meta name=\"robots\" content=\"index, follow, max-snippet:-1, max-image-preview:large, max-video-preview:-1\" \/>\n<link rel=\"canonical\" href=\"https:\/\/www.other-news.info\/noticias\/guterres-promete-que-no-cesara-en-su-empeno-de-que-la-onu-detenga-la-guerra-en-gaza\/\" \/>\n<meta property=\"og:locale\" content=\"es_ES\" \/>\n<meta property=\"og:type\" content=\"article\" \/>\n<meta property=\"og:title\" content=\"Guterres promete que no cesar\u00e1 en su empe\u00f1o de que la ONU detenga la guerra en Gaza - Other News - Voz en contra de la corriente\" \/>\n<meta property=\"og:description\" content=\"Por Francesca Cicardi \u2013 el.diario.es Despu\u00e9s de que el viernes EEUU vetara una resoluci\u00f3n del Consejo de Seguridad de la ONU para un alto el fuego en Gaza, el secretario general del organismo afirma que no abandonar\u00e1 su misi\u00f3n El secretario general de la ONU, Ant\u00f3nio Guterres\u2026\" \/>\n<meta property=\"og:url\" content=\"https:\/\/www.other-news.info\/noticias\/guterres-promete-que-no-cesara-en-su-empeno-de-que-la-onu-detenga-la-guerra-en-gaza\/\" \/>\n<meta property=\"og:site_name\" content=\"Other News - Voz en contra de la corriente\" \/>\n<meta property=\"article:published_time\" content=\"2023-12-11T18:05:13+00:00\" \/>\n<meta property=\"article:modified_time\" content=\"2023-12-11T18:05:14+00:00\" \/>\n<meta name=\"twitter:card\" content=\"summary_large_image\" \/>\n<meta name=\"twitter:label1\" content=\"Escrito por\" \/>\n\t<meta name=\"twitter:data1\" content=\"admin\" \/>\n\t<meta name=\"twitter:label2\" content=\"Tiempo de lectura\" \/>\n\t<meta name=\"twitter:data2\" content=\"4 minutos\" \/>\n<script type=\"application\/ld+json\" class=\"yoast-schema-graph\">{\"@context\":\"https:\/\/schema.org\",\"@graph\":[{\"@type\":\"WebSite\",\"@id\":\"https:\/\/www.other-news.info\/noticias\/#website\",\"url\":\"https:\/\/www.other-news.info\/noticias\/\",\"name\":\"Other News - Voz en contra de la corriente\",\"description\":\"Voz en contra de la corriente\",\"potentialAction\":[{\"@type\":\"SearchAction\",\"target\":{\"@type\":\"EntryPoint\",\"urlTemplate\":\"https:\/\/www.other-news.info\/noticias\/?s={search_term_string}\"},\"query-input\":\"required name=search_term_string\"}],\"inLanguage\":\"es\"},{\"@type\":\"WebPage\",\"@id\":\"https:\/\/www.other-news.info\/noticias\/guterres-promete-que-no-cesara-en-su-empeno-de-que-la-onu-detenga-la-guerra-en-gaza\/#webpage\",\"url\":\"https:\/\/www.other-news.info\/noticias\/guterres-promete-que-no-cesara-en-su-empeno-de-que-la-onu-detenga-la-guerra-en-gaza\/\",\"name\":\"Guterres promete que no cesar\\u00e1 en su empe\\u00f1o de que la ONU detenga la guerra en Gaza - Other News - Voz en contra de la corriente\",\"isPartOf\":{\"@id\":\"https:\/\/www.other-news.info\/noticias\/#website\"},\"datePublished\":\"2023-12-11T18:05:13+00:00\",\"dateModified\":\"2023-12-11T18:05:14+00:00\",\"author\":{\"@id\":\"https:\/\/www.other-news.info\/noticias\/#\/schema\/person\/dd0ead9df8654b02034c4da003b9991b\"},\"breadcrumb\":{\"@id\":\"https:\/\/www.other-news.info\/noticias\/guterres-promete-que-no-cesara-en-su-empeno-de-que-la-onu-detenga-la-guerra-en-gaza\/#breadcrumb\"},\"inLanguage\":\"es\",\"potentialAction\":[{\"@type\":\"ReadAction\",\"target\":[\"https:\/\/www.other-news.info\/noticias\/guterres-promete-que-no-cesara-en-su-empeno-de-que-la-onu-detenga-la-guerra-en-gaza\/\"]}]},{\"@type\":\"BreadcrumbList\",\"@id\":\"https:\/\/www.other-news.info\/noticias\/guterres-promete-que-no-cesara-en-su-empeno-de-que-la-onu-detenga-la-guerra-en-gaza\/#breadcrumb\",\"itemListElement\":[{\"@type\":\"ListItem\",\"position\":1,\"name\":\"Home\",\"item\":\"https:\/\/www.other-news.info\/noticias\/\"},{\"@type\":\"ListItem\",\"position\":2,\"name\":\"Guterres promete que no cesar\\u00e1 en su empe\\u00f1o de que la ONU detenga la guerra en Gaza\"}]},{\"@type\":\"Person\",\"@id\":\"https:\/\/www.other-news.info\/noticias\/#\/schema\/person\/dd0ead9df8654b02034c4da003b9991b\",\"name\":\"admin\",\"image\":{\"@type\":\"ImageObject\",\"@id\":\"https:\/\/www.other-news.info\/noticias\/#personlogo\",\"inLanguage\":\"es\",\"url\":\"https:\/\/secure.gravatar.com\/avatar\/e67344401a27ff9f91b2b48296aaa8fb9186ac51a3404ed4bdfbe790b6a9ee11?s=96&d=mm&r=g\",\"contentUrl\":\"https:\/\/secure.gravatar.com\/avatar\/e67344401a27ff9f91b2b48296aaa8fb9186ac51a3404ed4bdfbe790b6a9ee11?s=96&d=mm&r=g\",\"caption\":\"admin\"},\"url\":\"https:\/\/www.other-news.info\/noticias\/author\/admin\/\"}]}<\/script>\n<!-- \/ Yoast SEO plugin. -->","yoast_head_json":{"title":"Guterres promete que no cesar\u00e1 en su empe\u00f1o de que la ONU detenga la guerra en Gaza - Other News - Voz en contra de la corriente","robots":{"index":"index","follow":"follow","max-snippet":"max-snippet:-1","max-image-preview":"max-image-preview:large","max-video-preview":"max-video-preview:-1"},"canonical":"https:\/\/www.other-news.info\/noticias\/guterres-promete-que-no-cesara-en-su-empeno-de-que-la-onu-detenga-la-guerra-en-gaza\/","og_locale":"es_ES","og_type":"article","og_title":"Guterres promete que no cesar\u00e1 en su empe\u00f1o de que la ONU detenga la guerra en Gaza - Other News - Voz en contra de la corriente","og_description":"Por Francesca Cicardi \u2013 el.diario.es Despu\u00e9s de que el viernes EEUU vetara una resoluci\u00f3n del Consejo de Seguridad de la ONU para un alto el fuego en Gaza, el secretario general del organismo afirma que no abandonar\u00e1 su misi\u00f3n El secretario general de la ONU, Ant\u00f3nio Guterres\u2026","og_url":"https:\/\/www.other-news.info\/noticias\/guterres-promete-que-no-cesara-en-su-empeno-de-que-la-onu-detenga-la-guerra-en-gaza\/","og_site_name":"Other News - Voz en contra de la corriente","article_published_time":"2023-12-11T18:05:13+00:00","article_modified_time":"2023-12-11T18:05:14+00:00","twitter_card":"summary_large_image","twitter_misc":{"Escrito por":"admin","Tiempo de lectura":"4 minutos"},"schema":{"@context":"https:\/\/schema.org","@graph":[{"@type":"WebSite","@id":"https:\/\/www.other-news.info\/noticias\/#website","url":"https:\/\/www.other-news.info\/noticias\/","name":"Other News - Voz en contra de la corriente","description":"Voz en contra de la corriente","potentialAction":[{"@type":"SearchAction","target":{"@type":"EntryPoint","urlTemplate":"https:\/\/www.other-news.info\/noticias\/?s={search_term_string}"},"query-input":"required name=search_term_string"}],"inLanguage":"es"},{"@type":"WebPage","@id":"https:\/\/www.other-news.info\/noticias\/guterres-promete-que-no-cesara-en-su-empeno-de-que-la-onu-detenga-la-guerra-en-gaza\/#webpage","url":"https:\/\/www.other-news.info\/noticias\/guterres-promete-que-no-cesara-en-su-empeno-de-que-la-onu-detenga-la-guerra-en-gaza\/","name":"Guterres promete que no cesar\u00e1 en su empe\u00f1o de que la ONU detenga la guerra en Gaza - Other News - Voz en contra de la corriente","isPartOf":{"@id":"https:\/\/www.other-news.info\/noticias\/#website"},"datePublished":"2023-12-11T18:05:13+00:00","dateModified":"2023-12-11T18:05:14+00:00","author":{"@id":"https:\/\/www.other-news.info\/noticias\/#\/schema\/person\/dd0ead9df8654b02034c4da003b9991b"},"breadcrumb":{"@id":"https:\/\/www.other-news.info\/noticias\/guterres-promete-que-no-cesara-en-su-empeno-de-que-la-onu-detenga-la-guerra-en-gaza\/#breadcrumb"},"inLanguage":"es","potentialAction":[{"@type":"ReadAction","target":["https:\/\/www.other-news.info\/noticias\/guterres-promete-que-no-cesara-en-su-empeno-de-que-la-onu-detenga-la-guerra-en-gaza\/"]}]},{"@type":"BreadcrumbList","@id":"https:\/\/www.other-news.info\/noticias\/guterres-promete-que-no-cesara-en-su-empeno-de-que-la-onu-detenga-la-guerra-en-gaza\/#breadcrumb","itemListElement":[{"@type":"ListItem","position":1,"name":"Home","item":"https:\/\/www.other-news.info\/noticias\/"},{"@type":"ListItem","position":2,"name":"Guterres promete que no cesar\u00e1 en su empe\u00f1o de que la ONU detenga la guerra en Gaza"}]},{"@type":"Person","@id":"https:\/\/www.other-news.info\/noticias\/#\/schema\/person\/dd0ead9df8654b02034c4da003b9991b","name":"admin","image":{"@type":"ImageObject","@id":"https:\/\/www.other-news.info\/noticias\/#personlogo","inLanguage":"es","url":"https:\/\/secure.gravatar.com\/avatar\/e67344401a27ff9f91b2b48296aaa8fb9186ac51a3404ed4bdfbe790b6a9ee11?s=96&d=mm&r=g","contentUrl":"https:\/\/secure.gravatar.com\/avatar\/e67344401a27ff9f91b2b48296aaa8fb9186ac51a3404ed4bdfbe790b6a9ee11?s=96&d=mm&r=g","caption":"admin"},"url":"https:\/\/www.other-news.info\/noticias\/author\/admin\/"}]}},"_links":{"self":[{"href":"https:\/\/www.other-news.info\/noticias\/wp-json\/wp\/v2\/posts\/23050","targetHints":{"allow":["GET"]}}],"collection":[{"href":"https:\/\/www.other-news.info\/noticias\/wp-json\/wp\/v2\/posts"}],"about":[{"href":"https:\/\/www.other-news.info\/noticias\/wp-json\/wp\/v2\/types\/post"}],"author":[{"embeddable":true,"href":"https:\/\/www.other-news.info\/noticias\/wp-json\/wp\/v2\/users\/2"}],"replies":[{"embeddable":true,"href":"https:\/\/www.other-news.info\/noticias\/wp-json\/wp\/v2\/comments?post=23050"}],"version-history":[{"count":1,"href":"https:\/\/www.other-news.info\/noticias\/wp-json\/wp\/v2\/posts\/23050\/revisions"}],"predecessor-version":[{"id":23051,"href":"https:\/\/www.other-news.info\/noticias\/wp-json\/wp\/v2\/posts\/23050\/revisions\/23051"}],"wp:attachment":[{"href":"https:\/\/www.other-news.info\/noticias\/wp-json\/wp\/v2\/media?parent=23050"}],"wp:term":[{"taxonomy":"category","embeddable":true,"href":"https:\/\/www.other-news.info\/noticias\/wp-json\/wp\/v2\/categories?post=23050"},{"taxonomy":"post_tag","embeddable":true,"href":"https:\/\/www.other-news.info\/noticias\/wp-json\/wp\/v2\/tags?post=23050"}],"curies":[{"name":"wp","href":"https:\/\/api.w.org\/{rel}","templated":true}]}}