{"id":23054,"date":"2023-12-12T17:47:52","date_gmt":"2023-12-12T16:47:52","guid":{"rendered":"https:\/\/www.other-news.info\/noticias\/?p=23054"},"modified":"2023-12-12T17:47:52","modified_gmt":"2023-12-12T16:47:52","slug":"argentina-estaba-al-borde-del-precipicio-dio-un-paso-al-frente","status":"publish","type":"post","link":"https:\/\/www.other-news.info\/noticias\/argentina-estaba-al-borde-del-precipicio-dio-un-paso-al-frente\/","title":{"rendered":"Argentina estaba al borde del precipicio: \u00bfdio un paso al frente?"},"content":{"rendered":"\n<p class=\"wp-block-paragraph\"><strong><em>Por Aram Aharonian*<\/em><\/strong><\/p>\n\n\n\n<p class=\"wp-block-paragraph\">El ultraderechista Javier Milei es el nuevo presidente de Argentina para los pr\u00f3ximos cuatro a\u00f1os: al asumir el cargo&nbsp;&nbsp;ratific\u00f3 su plan \u00abmotosierra\u00bb y dijo que el ajuste recaer\u00e1 sobre el Estado y no sobre el sector privado, pero reconoci\u00f3 que impactar\u00e1 negativamente en \u00abactividad, empleo y salarios\u00bb.&nbsp;No es&nbsp;sue\u00f1o ni&nbsp;una distop\u00eda, es real.&nbsp;<\/p>\n\n\n\n<p class=\"wp-block-paragraph\">No fue una derrota del peronismo, o del kirchnerismo, fue una derrota de toda&nbsp;el progresismo, de&nbsp;la izquierda, pero no solo de&nbsp;Argentina sino de toda Am\u00e9rica latina. Milei ser\u00e1&nbsp;otra voz de EEUU&nbsp;y el neofascismo europeo&nbsp;en la regi\u00f3n, punta de lanza contra&nbsp;China, el&nbsp;principal socio comercial, y furibundo enemigo de la integraci\u00f3n de nuestros pueblos&nbsp;y de la regi\u00f3n,&nbsp;\u00fanica forma de soberan\u00eda y desarrollo&nbsp;(palabras que Milei obvi\u00f3 en su discurso).<\/p>\n\n\n\n<p class=\"wp-block-paragraph\">Milei y su La Libertad Avanza,&nbsp;con misoginia disfrazada de defensa de la familia, racismo abierto, xeno, aporo y homofobia,&nbsp;intentan reemplazar&nbsp;las garant\u00edas de empleo y m\u00ednimos de bienestar&nbsp;para&nbsp;la&nbsp;ciudadan\u00eda&nbsp;con&nbsp;pol\u00edticas&nbsp;del neoliberalismo m\u00e1s ortodoxo y plutocr\u00e1tico.<\/p>\n\n\n\n<p class=\"wp-block-paragraph\">Si durante la campa\u00f1a&nbsp;electoral&nbsp;Milei prometi\u00f3 que el ajuste lo iba a pagar la \u00abcasta\u00bb&nbsp;(pol\u00edtica)&nbsp;y no la gente, ahora eso cambi\u00f3 por \u00abel estado\u00bb y no el sector privado.&nbsp;Bajo la&nbsp;falsa excusa&nbsp;de que \u00abno hay plata\u00bb mantendr\u00e1 los fabulosos negocios del empresariado mientras descarga un brutal ajuste sobre las mayor\u00edas.&nbsp;&nbsp;<\/p>\n\n\n\n<p class=\"wp-block-paragraph\">Anunci\u00f3 &nbsp;un \u201cajuste que es inevitable\u201d, que debe ser en forma de \u201cshock o nada\u201d porque el gradualismo nunca funcion\u00f3 (seg\u00fan la lecci\u00f3n tomada del&nbsp;gobierno de sus socios neoliberales encabezados por Mauricio Macri). No hay alternativa, dijo Milei, porque \u201cno hay plata\u201d.&nbsp;<\/p>\n\n\n\n<p class=\"wp-block-paragraph\">No es cierto. Dinero hay&#8230;pero se lo llevan&nbsp;los bancos, el Fondo Monetario Internacional, las&nbsp;empresas&nbsp;privatizadas,&nbsp;las trasnacionales, los bancos de inversion (o de expoliaci\u00f3n)&nbsp;el agropoder&nbsp;y&nbsp;las&nbsp;empresas&nbsp;alimenticias que remarcan precios&nbsp;a diario. Pero Milei no tocar\u00e1 sus&nbsp;intereses, sino que los proteger\u00e1.<\/p>\n\n\n\n<p class=\"wp-block-paragraph\">En su discurso desde el balc\u00f3n de la&nbsp;Casa&nbsp;Rosada, volvi\u00f3 a pronunciar de memoria el mantra del los&nbsp;\u201clibertarios\u201d:&nbsp;\u201cel liberalismo es el respeto irrestricto del proyecto de vida del pr\u00f3jimo, basado en el principio de no agresi\u00f3n y en defensa del derecho a la vida, a la libertad y a la propiedad\u201d.<\/p>\n\n\n\n<p class=\"wp-block-paragraph\">Milei&nbsp;recita \u201clibertad\u201d pero no sabe de democracia: anunci\u00f3 &nbsp;que ser\u00e1&nbsp;el pueblo (entre&nbsp;ellos&nbsp;sus votantes y seguidores)&nbsp;quienes paguen la terapia de&nbsp;shock&nbsp;-base de&nbsp;&nbsp;su plan econ\u00f3mico-, mientras los beneficios ir\u00e1n para las empresas&nbsp;privadas.&nbsp;Y record\u00f3&nbsp;la infame frase de&nbsp;Margaret Thatcher,&nbsp;la destructora del&nbsp;estado de bienestar brit\u00e1nico: no hay alternativa (\u201c&nbsp;there is no alternative\u201d).<\/p>\n\n\n\n<p class=\"wp-block-paragraph\">El brutal ajuste fiscal&nbsp;del presidente posfascista&nbsp;ser\u00e1 absorbido por el Estado a trav\u00e9s de recortes brutales a los programas sociales y en multitud de ramas del gobierno. El monto equivale al gasto gubernamental de cinco meses, lo cual significa que de un d\u00eda para el otro desaparecer\u00e1n cuatro de cada 10 pesos del presupuesto.<\/p>\n\n\n\n<p class=\"wp-block-paragraph\">Milei hizo un dur\u00edsimo diagn\u00f3stico sobre la&nbsp;\u201cherencia recibida\u201d&nbsp;para formular un chantaje: hay que aceptar un dur\u00edsimo plan de ajuste fiscal o si no se viene el caos de la hiperinflaci\u00f3n&nbsp;y la estanflaci\u00f3n.&nbsp;Para esa operaci\u00f3n se basa sobre la terrible situaci\u00f3n social que deja el gobierno<\/p>\n\n\n\n<p class=\"wp-block-paragraph\">Tambi\u00e9n dej\u00f3 un mensaje de amenaza&nbsp;represiva&nbsp;contra la protesta social,&nbsp;que indudablemente crecer\u00e1 ante los planes que se anuncian: \u00abQuien corta las calles, no recibir\u00e1 asistencia de la sociedad: el que corta no cobra. Los que quieran utilizar la violencia o extorsi\u00f3n para obstaculizar el cambio se van a encontrar con un presidente de convicciones inamovibles. No vamos a claudicar, retroceder ni rendirnos, sino avanzar con los cambios que el pa\u00eds necesita\u00bb.<\/p>\n\n\n\n<p class=\"wp-block-paragraph\">Las&nbsp;primeras acciones de gobierno&nbsp;se conocieron en la tarde del&nbsp;domingo.&nbsp;Fue&nbsp;la canciller, Diana Mondino, quien realiz\u00f3 el primer anuncio al afirmar que la Argentina se&nbsp;integrar\u00e1 a la&nbsp;<a href=\"https:\/\/www.tiempoar.com.ar\/informacion-general\/el-romance-del-macrismo-con-la-ocde-el-trasfondo-de-las-pisa\/\" target=\"_blank\" rel=\"noreferrer noopener\">Organizaci\u00f3n para la Cooperaci\u00f3n y el Desarrollo Econ\u00f3mico (OCDE)<\/a> , mientras&nbsp;Milei firmaba&nbsp;su primer decreto, destinado a conformar la estructura de su&nbsp;nuevo gabinete, incluida la&nbsp;derogaci\u00f3n&nbsp;de normas anteriores a fin de&nbsp;permitir que su hermana, Karina Milei, se integre &nbsp;como Secretaria Ejecutiva.<\/p>\n\n\n\n<p class=\"wp-block-paragraph\"><strong>No pare de sufrir<\/strong><\/p>\n\n\n\n<p class=\"wp-block-paragraph\">Muchos se confundieron: no es un&nbsp;nuevo \u201cvengo a proponerles un sue\u00f1o\u201d&nbsp;sino un&nbsp;\u201cvengo a posponerles un sue\u00f1o\u201d porque primero hay que esperar,&nbsp;primero hay que sufrir.&nbsp;Ni siquiere un \u201cpare de sufrir\u201dde la evang\u00e9lica&nbsp;Iglesia Universal del Reino de Dios, con la comulgaba el exmandatario ultraderechista brasile\u00f1o Jair Bolsonaro<\/p>\n\n\n\n<p class=\"wp-block-paragraph\">Sin duda, es original: es el primer presidente de la democracia&nbsp;(creo que no solo en Argentina)&nbsp;en ganar una campa\u00f1a electoral prometiendo recortes brutales sobre la educaci\u00f3n, la salud, el empleo y los salarios.&nbsp;Quiz\u00e1&nbsp;la fortaleza y la debilidad de Milei es que no tiene pasado. Es lo nuevo, la idea de cambio sin&nbsp;ninguna&nbsp;experiencia de gesti\u00f3n&#8230; y con algunas ideas sacadas de viejos libretos.<\/p>\n\n\n\n<p class=\"wp-block-paragraph\">El hombre torturado por sus padres, bullyineado en la escuela, el perdedor, el loco, el economista, el medi\u00e1tico, el que habla con sus perros muertos a trav\u00e9s de una m\u00e9dium ha logrado llegar al cargo m\u00e1s alto al que puede aspirar alguien con apenas dos a\u00f1os de experiencia en el tablero pol\u00edtico. La alianza \u201cf\u00e1cilmente infiltrable\u201d que se consolid\u00f3 en 2021 como La Libertad Avanza, ha llegado al poder, se\u00f1ala la peronista Agencia Paco Urondo.<\/p>\n\n\n\n<p class=\"wp-block-paragraph\">A\u00f1ade que&nbsp;Milei ha logrado ser el ordenador de un gran discurso social harto del cinismo y los fracasos de estos \u00faltimos ocho a\u00f1os de crisis por goteo. En su bronca hay una piedra angular hecha de frustraciones y un cuestionamiento \u00e9tico que&nbsp;el peronismo&nbsp;ignor\u00f3&nbsp;por voluntad propia. Discursos de libertad, seguridad, corrupci\u00f3n y rep\u00fablica que ha&nbsp;cedido, por no saber c\u00f3mo responder. \u00bfQu\u00e9 nos hac\u00eda pensar que pod\u00edamos atraer un futuro con palabras repetidas?, se pregunta&nbsp;<\/p>\n\n\n\n<p class=\"wp-block-paragraph\">En el Congreso estuvieron&nbsp;destacados derechistas como Jair Bolsonaro, el Rey de Espa\u00f1a Felipe VI y mandatarios como&nbsp;el ucraniano&nbsp;Volod\u00edmir Zelenski, quien se olvid\u00f3 de la guerra para no perderse la fiesta.&nbsp;Pero&nbsp;la movilizaci\u00f3n&nbsp;popular&nbsp;fue&nbsp;mucho&nbsp;menor en cantidad&nbsp;a&nbsp;la esperada por La Libertad Avanza , demostrando que el nuevo Gobierno tambi\u00e9n tiene debilidad en cuanto a poder de movilizaci\u00f3n.&nbsp;<\/p>\n\n\n\n<p class=\"wp-block-paragraph\">En domingo,&nbsp;Javier Milei ingres\u00f3 a la explanada del Congreso&nbsp;casi al mediod\u00eda, donde lo recibi\u00f3&nbsp;la aun vicepresidenta&nbsp;Cristina Fern\u00e1ndez de Kirchner, vestida totalmente de rojo. Le hac\u00eda comentarios y Milei se re\u00eda, en un paso de comedia que se repetir\u00eda a lo largo de toda la ceremonia (solo interrumpido al principio, cuando los seguidores de Milei le empezaron a gritar cosas y ella le hizo&nbsp;fuck you&nbsp;con el dedo).&nbsp;<\/p>\n\n\n\n<p class=\"wp-block-paragraph\">El presidente saliente&nbsp;Alberto Fern\u00e1ndez&nbsp;le hizo acto de entrega del bast\u00f3n y la banda presidencial y le susurr\u00f3: \u00absuerte\u00bb.&nbsp;Milei le mostr\u00f3 el bast\u00f3n a Cristina:&nbsp;en la empu\u00f1adura ten\u00eda tallados la imagen de sus cinco perros (Conan y sus cuatro clones) y ella ri\u00f3, sorprendida.<\/p>\n\n\n\n<p class=\"wp-block-paragraph\"><strong>Que se sacrifique el pueblo<\/strong><\/p>\n\n\n\n<p class=\"wp-block-paragraph\">Como todos los neoliberales, Milei impondr\u00e1 supremos esfuerzos y dolorosos sacrificios al pueblo, mientras la c\u00fapula mantiene todos sus privilegios: no s\u00f3lo no ha hablado de disminuir su propio sueldo, sino que ya dio rienda suelta a sus desplantes de exhibicionismo: a costa de todos&nbsp;emprender\u00e1 una millonaria remodelaci\u00f3n de la Casa Rosada a fin de instalar all\u00ed a sus cuatro perros.<\/p>\n\n\n\n<p class=\"wp-block-paragraph\">Pareciera que&nbsp;m\u00e1s que ganar la presidencia para s\u00ed&nbsp;y los suyos, consigui\u00f3 la reelecci\u00f3n del expresidente&nbsp;neoliberal&nbsp;Mauricio Macri (2015-2019), ya que&nbsp;los puestos m\u00e1s importantes de su gabinete los ocupar\u00e1n funcionarios del macrismo, del que adem\u00e1s depende por completo Milei si espera sacar adelante cualquier iniciativa en el Congreso.&nbsp;Tambi\u00e9n integr\u00f3 a su c\u00edrculo al peronismo de derecha, de donde provienen los Menem&nbsp;(el sobrino del exmandatario ser\u00e1 presidente de la C\u00e1mara de Diputados).<\/p>\n\n\n\n<p class=\"wp-block-paragraph\">Se ha repetido &nbsp;que&nbsp;su&nbsp;victoria electoral es resultado del voto bronca, es decir, del descontento con la inflaci\u00f3n desbocada, la devaluaci\u00f3n y la p\u00e9rdida de poder adquisitivo&nbsp;acentuada&nbsp;durante los cuatro a\u00f1os del&nbsp;gobierno de&nbsp;Alberto Fern\u00e1ndez.<\/p>\n\n\n\n<p class=\"wp-block-paragraph\">Pero&nbsp;tambi\u00e9n es un&nbsp;voto amnesia, pues los&nbsp;argentinos&nbsp;olvidaron que el desquiciamiento de la econom\u00eda se origin\u00f3&nbsp;con&nbsp;el gobierno de Macri, quien destruy\u00f3 los salarios y contrat\u00f3 con el FMI una deuda de 45 mil millones de d\u00f3lares que entreg\u00f3 a los especuladores&#8230; y que los argentinos seguir\u00e1n sufriendo.<\/p>\n\n\n\n<p class=\"wp-block-paragraph\">El mismo&nbsp;FMI se\u00f1al\u00f3&nbsp;en un informe de 2021 que m\u00e1s de la mitad del mayor pr\u00e9stamo que ha otorgado en su historia se us\u00f3 para financiar la fuga de capitales. Los avisos de que la administraci\u00f3n entrante desregular\u00e1 la econom\u00eda y pondr\u00e1 fin a los controles cambiarios anticipan una nueva ronda de expolio mediante la evasi\u00f3n fiscal, el blanqueo de capitales y la especulaci\u00f3n con las divisas.<\/p>\n\n\n\n<p class=\"wp-block-paragraph\">El&nbsp;mensaje&nbsp;de Milei&nbsp;fue previsible. Su chantaje tambi\u00e9n. Sus planes, sin embargo, tendr\u00e1n que atravesar la prueba de la realidad&nbsp;de un&nbsp;gobierno que verbalmente dice tener mucha decisi\u00f3n pero est\u00e1 atravesado por inc\u00f3gnitas en el Congreso -habr\u00e1 que ver las negociaciones con los bloques dispuestos a darle \u00abgobernabilidad\u00bb- y en la realidad social de grandes mayor\u00edas que vienen sufriendo a\u00f1os de ajuste.<\/p>\n\n\n\n<p class=\"wp-block-paragraph\">El domingo en la ma\u00f1ana parec\u00eda que el pa\u00eds estaba al borde del precipicio. \u00bfHabr\u00e1 dado un paso al frente?<\/p>\n\n\n\n<p class=\"wp-block-paragraph\">\u2026\u2026\u2026\u2026\u2026\u2026\u2026\u2026\u2026\u2026.<\/p>\n\n\n\n<p class=\"wp-block-paragraph\"><em>*Periodista y comunic\u00f3logo uruguayo. Mag\u00edster en Integraci\u00f3n. <\/em><em>Creador y fundador de Telesur, SUR y SUR y Diorama Press. Preside la Fundaci\u00f3n para la Integraci\u00f3n Latinoamericana (FILA) y dirige el&nbsp;Centro Latinoamericano de An\u00e1lisis Estrat\u00e9gico (CLAE)<\/em><\/p>\n\n\n\n<p class=\"wp-block-paragraph\"><em>\u2026\u2026\u2026\u2026\u2026<\/em><\/p>\n\n\n\n<p class=\"wp-block-paragraph\">ANEXO:<\/p>\n\n\n\n<p class=\"wp-block-paragraph\">\u00a1<strong>Viva la libertad, carajo!<\/strong><\/p>\n\n\n\n<p class=\"wp-block-paragraph\"><em>El ultraje ca\u00f3tico de Milei contra el pueblo argentino intentar\u00e1 debilitar los movimientos sociales, las organizaciones democr\u00e1ticas y los sindicatos; buscar\u00e1 as\u00ed un cambio dr\u00e1stico de la relaci\u00f3n de fuerzas en favor del despotismo neoliberal. Hizo campa\u00f1a con un discurso contra la&nbsp;casta, al grito de \u00a1viva la libertad, carajo! <\/em><em>Unos malos son responsables de las desdichas argentinas. algunos de esos neoliberales ser\u00e1n parte del gobierno de Milei: la gente de Mauricio Macri uno de los mayores responsables del endeudamiento y de la situaci\u00f3n econ\u00f3mica de Argentina, ser\u00e1n parte del equipo gobernante. La&nbsp;casta&nbsp;(&nbsp;whatever that means) no pagar\u00e1 el ajuste, sino el pueblo. De eso se trata: un reinicio neoliberal de la econom\u00eda.<\/em><\/p>\n\n\n\n<p class=\"wp-block-paragraph\"><a href=\"https:\/\/www.jornada.com.mx\/2023\/12\/12\/opinion\/015a2pol\">https:\/\/www.jornada.com.mx\/2023\/12\/12\/opinion\/015a2pol<\/a><\/p>\n\n\n\n<p class=\"wp-block-paragraph\"><a href=\"https:\/\/estrategia.la\/2023\/12\/11\/argentina-estaba-al-borde-del-precipicio-dio-un-paso-al-frente\/\" target=\"_blank\" rel=\"noreferrer noopener\"><\/a><\/p>\n","protected":false},"excerpt":{"rendered":"<p>Por Aram Aharonian* El ultraderechista Javier Milei es el nuevo presidente de Argentina para los pr\u00f3ximos cuatro a\u00f1os: al asumir el cargo&nbsp;&nbsp;ratific\u00f3 su plan \u00abmotosierra\u00bb y dijo que el ajuste recaer\u00e1 sobre el Estado y no sobre el sector privado, pero reconoci\u00f3 que\u2026<\/p>\n","protected":false},"author":2,"featured_media":0,"comment_status":"closed","ping_status":"open","sticky":false,"template":"","format":"standard","meta":{"footnotes":""},"categories":[1],"tags":[],"class_list":["post-23054","post","type-post","status-publish","format-standard","hentry","category-other-news"],"yoast_head":"<!-- This site is optimized with the Yoast SEO plugin v16.7 - https:\/\/yoast.com\/wordpress\/plugins\/seo\/ -->\n<title>Argentina estaba al borde del precipicio: \u00bfdio un paso al frente? - Other News - Voz en contra de la corriente<\/title>\n<meta name=\"robots\" content=\"index, follow, max-snippet:-1, max-image-preview:large, max-video-preview:-1\" \/>\n<link rel=\"canonical\" href=\"https:\/\/www.other-news.info\/noticias\/argentina-estaba-al-borde-del-precipicio-dio-un-paso-al-frente\/\" \/>\n<meta property=\"og:locale\" content=\"es_ES\" \/>\n<meta property=\"og:type\" content=\"article\" \/>\n<meta property=\"og:title\" content=\"Argentina estaba al borde del precipicio: \u00bfdio un paso al frente? - Other News - Voz en contra de la corriente\" \/>\n<meta property=\"og:description\" content=\"Por Aram Aharonian* El ultraderechista Javier Milei es el nuevo presidente de Argentina para los pr\u00f3ximos cuatro a\u00f1os: al asumir el cargo&nbsp;&nbsp;ratific\u00f3 su plan &quot;motosierra&quot; y dijo que el ajuste recaer\u00e1 sobre el Estado y no sobre el sector privado, pero reconoci\u00f3 que\u2026\" \/>\n<meta property=\"og:url\" content=\"https:\/\/www.other-news.info\/noticias\/argentina-estaba-al-borde-del-precipicio-dio-un-paso-al-frente\/\" \/>\n<meta property=\"og:site_name\" content=\"Other News - Voz en contra de la corriente\" \/>\n<meta property=\"article:published_time\" content=\"2023-12-12T16:47:52+00:00\" \/>\n<meta name=\"twitter:card\" content=\"summary_large_image\" \/>\n<meta name=\"twitter:label1\" content=\"Escrito por\" \/>\n\t<meta name=\"twitter:data1\" content=\"admin\" \/>\n\t<meta name=\"twitter:label2\" content=\"Tiempo de lectura\" \/>\n\t<meta name=\"twitter:data2\" content=\"10 minutos\" \/>\n<script type=\"application\/ld+json\" class=\"yoast-schema-graph\">{\"@context\":\"https:\/\/schema.org\",\"@graph\":[{\"@type\":\"WebSite\",\"@id\":\"https:\/\/www.other-news.info\/noticias\/#website\",\"url\":\"https:\/\/www.other-news.info\/noticias\/\",\"name\":\"Other News - Voz en contra de la corriente\",\"description\":\"Voz en contra de la corriente\",\"potentialAction\":[{\"@type\":\"SearchAction\",\"target\":{\"@type\":\"EntryPoint\",\"urlTemplate\":\"https:\/\/www.other-news.info\/noticias\/?s={search_term_string}\"},\"query-input\":\"required name=search_term_string\"}],\"inLanguage\":\"es\"},{\"@type\":\"WebPage\",\"@id\":\"https:\/\/www.other-news.info\/noticias\/argentina-estaba-al-borde-del-precipicio-dio-un-paso-al-frente\/#webpage\",\"url\":\"https:\/\/www.other-news.info\/noticias\/argentina-estaba-al-borde-del-precipicio-dio-un-paso-al-frente\/\",\"name\":\"Argentina estaba al borde del precipicio: \\u00bfdio un paso al frente? - Other News - Voz en contra de la corriente\",\"isPartOf\":{\"@id\":\"https:\/\/www.other-news.info\/noticias\/#website\"},\"datePublished\":\"2023-12-12T16:47:52+00:00\",\"dateModified\":\"2023-12-12T16:47:52+00:00\",\"author\":{\"@id\":\"https:\/\/www.other-news.info\/noticias\/#\/schema\/person\/dd0ead9df8654b02034c4da003b9991b\"},\"breadcrumb\":{\"@id\":\"https:\/\/www.other-news.info\/noticias\/argentina-estaba-al-borde-del-precipicio-dio-un-paso-al-frente\/#breadcrumb\"},\"inLanguage\":\"es\",\"potentialAction\":[{\"@type\":\"ReadAction\",\"target\":[\"https:\/\/www.other-news.info\/noticias\/argentina-estaba-al-borde-del-precipicio-dio-un-paso-al-frente\/\"]}]},{\"@type\":\"BreadcrumbList\",\"@id\":\"https:\/\/www.other-news.info\/noticias\/argentina-estaba-al-borde-del-precipicio-dio-un-paso-al-frente\/#breadcrumb\",\"itemListElement\":[{\"@type\":\"ListItem\",\"position\":1,\"name\":\"Home\",\"item\":\"https:\/\/www.other-news.info\/noticias\/\"},{\"@type\":\"ListItem\",\"position\":2,\"name\":\"Argentina estaba al borde del precipicio: \\u00bfdio un paso al frente?\"}]},{\"@type\":\"Person\",\"@id\":\"https:\/\/www.other-news.info\/noticias\/#\/schema\/person\/dd0ead9df8654b02034c4da003b9991b\",\"name\":\"admin\",\"image\":{\"@type\":\"ImageObject\",\"@id\":\"https:\/\/www.other-news.info\/noticias\/#personlogo\",\"inLanguage\":\"es\",\"url\":\"https:\/\/secure.gravatar.com\/avatar\/e67344401a27ff9f91b2b48296aaa8fb9186ac51a3404ed4bdfbe790b6a9ee11?s=96&d=mm&r=g\",\"contentUrl\":\"https:\/\/secure.gravatar.com\/avatar\/e67344401a27ff9f91b2b48296aaa8fb9186ac51a3404ed4bdfbe790b6a9ee11?s=96&d=mm&r=g\",\"caption\":\"admin\"},\"url\":\"https:\/\/www.other-news.info\/noticias\/author\/admin\/\"}]}<\/script>\n<!-- \/ Yoast SEO plugin. -->","yoast_head_json":{"title":"Argentina estaba al borde del precipicio: \u00bfdio un paso al frente? - Other News - Voz en contra de la corriente","robots":{"index":"index","follow":"follow","max-snippet":"max-snippet:-1","max-image-preview":"max-image-preview:large","max-video-preview":"max-video-preview:-1"},"canonical":"https:\/\/www.other-news.info\/noticias\/argentina-estaba-al-borde-del-precipicio-dio-un-paso-al-frente\/","og_locale":"es_ES","og_type":"article","og_title":"Argentina estaba al borde del precipicio: \u00bfdio un paso al frente? - Other News - Voz en contra de la corriente","og_description":"Por Aram Aharonian* El ultraderechista Javier Milei es el nuevo presidente de Argentina para los pr\u00f3ximos cuatro a\u00f1os: al asumir el cargo&nbsp;&nbsp;ratific\u00f3 su plan \"motosierra\" y dijo que el ajuste recaer\u00e1 sobre el Estado y no sobre el sector privado, pero reconoci\u00f3 que\u2026","og_url":"https:\/\/www.other-news.info\/noticias\/argentina-estaba-al-borde-del-precipicio-dio-un-paso-al-frente\/","og_site_name":"Other News - Voz en contra de la corriente","article_published_time":"2023-12-12T16:47:52+00:00","twitter_card":"summary_large_image","twitter_misc":{"Escrito por":"admin","Tiempo de lectura":"10 minutos"},"schema":{"@context":"https:\/\/schema.org","@graph":[{"@type":"WebSite","@id":"https:\/\/www.other-news.info\/noticias\/#website","url":"https:\/\/www.other-news.info\/noticias\/","name":"Other News - Voz en contra de la corriente","description":"Voz en contra de la corriente","potentialAction":[{"@type":"SearchAction","target":{"@type":"EntryPoint","urlTemplate":"https:\/\/www.other-news.info\/noticias\/?s={search_term_string}"},"query-input":"required name=search_term_string"}],"inLanguage":"es"},{"@type":"WebPage","@id":"https:\/\/www.other-news.info\/noticias\/argentina-estaba-al-borde-del-precipicio-dio-un-paso-al-frente\/#webpage","url":"https:\/\/www.other-news.info\/noticias\/argentina-estaba-al-borde-del-precipicio-dio-un-paso-al-frente\/","name":"Argentina estaba al borde del precipicio: \u00bfdio un paso al frente? - Other News - Voz en contra de la corriente","isPartOf":{"@id":"https:\/\/www.other-news.info\/noticias\/#website"},"datePublished":"2023-12-12T16:47:52+00:00","dateModified":"2023-12-12T16:47:52+00:00","author":{"@id":"https:\/\/www.other-news.info\/noticias\/#\/schema\/person\/dd0ead9df8654b02034c4da003b9991b"},"breadcrumb":{"@id":"https:\/\/www.other-news.info\/noticias\/argentina-estaba-al-borde-del-precipicio-dio-un-paso-al-frente\/#breadcrumb"},"inLanguage":"es","potentialAction":[{"@type":"ReadAction","target":["https:\/\/www.other-news.info\/noticias\/argentina-estaba-al-borde-del-precipicio-dio-un-paso-al-frente\/"]}]},{"@type":"BreadcrumbList","@id":"https:\/\/www.other-news.info\/noticias\/argentina-estaba-al-borde-del-precipicio-dio-un-paso-al-frente\/#breadcrumb","itemListElement":[{"@type":"ListItem","position":1,"name":"Home","item":"https:\/\/www.other-news.info\/noticias\/"},{"@type":"ListItem","position":2,"name":"Argentina estaba al borde del precipicio: \u00bfdio un paso al frente?"}]},{"@type":"Person","@id":"https:\/\/www.other-news.info\/noticias\/#\/schema\/person\/dd0ead9df8654b02034c4da003b9991b","name":"admin","image":{"@type":"ImageObject","@id":"https:\/\/www.other-news.info\/noticias\/#personlogo","inLanguage":"es","url":"https:\/\/secure.gravatar.com\/avatar\/e67344401a27ff9f91b2b48296aaa8fb9186ac51a3404ed4bdfbe790b6a9ee11?s=96&d=mm&r=g","contentUrl":"https:\/\/secure.gravatar.com\/avatar\/e67344401a27ff9f91b2b48296aaa8fb9186ac51a3404ed4bdfbe790b6a9ee11?s=96&d=mm&r=g","caption":"admin"},"url":"https:\/\/www.other-news.info\/noticias\/author\/admin\/"}]}},"_links":{"self":[{"href":"https:\/\/www.other-news.info\/noticias\/wp-json\/wp\/v2\/posts\/23054","targetHints":{"allow":["GET"]}}],"collection":[{"href":"https:\/\/www.other-news.info\/noticias\/wp-json\/wp\/v2\/posts"}],"about":[{"href":"https:\/\/www.other-news.info\/noticias\/wp-json\/wp\/v2\/types\/post"}],"author":[{"embeddable":true,"href":"https:\/\/www.other-news.info\/noticias\/wp-json\/wp\/v2\/users\/2"}],"replies":[{"embeddable":true,"href":"https:\/\/www.other-news.info\/noticias\/wp-json\/wp\/v2\/comments?post=23054"}],"version-history":[{"count":1,"href":"https:\/\/www.other-news.info\/noticias\/wp-json\/wp\/v2\/posts\/23054\/revisions"}],"predecessor-version":[{"id":23055,"href":"https:\/\/www.other-news.info\/noticias\/wp-json\/wp\/v2\/posts\/23054\/revisions\/23055"}],"wp:attachment":[{"href":"https:\/\/www.other-news.info\/noticias\/wp-json\/wp\/v2\/media?parent=23054"}],"wp:term":[{"taxonomy":"category","embeddable":true,"href":"https:\/\/www.other-news.info\/noticias\/wp-json\/wp\/v2\/categories?post=23054"},{"taxonomy":"post_tag","embeddable":true,"href":"https:\/\/www.other-news.info\/noticias\/wp-json\/wp\/v2\/tags?post=23054"}],"curies":[{"name":"wp","href":"https:\/\/api.w.org\/{rel}","templated":true}]}}