{"id":23056,"date":"2023-12-13T18:42:56","date_gmt":"2023-12-13T17:42:56","guid":{"rendered":"https:\/\/www.other-news.info\/noticias\/?p=23056"},"modified":"2023-12-13T18:42:57","modified_gmt":"2023-12-13T17:42:57","slug":"acuerdo-historico-en-la-cop28-para-dejar-atras-los-combustibles-fosiles","status":"publish","type":"post","link":"https:\/\/www.other-news.info\/noticias\/acuerdo-historico-en-la-cop28-para-dejar-atras-los-combustibles-fosiles\/","title":{"rendered":"Acuerdo hist\u00f3rico en la COP28 para dejar atr\u00e1s los combustibles f\u00f3siles"},"content":{"rendered":"\n<p class=\"wp-block-paragraph\"><strong>Por Joyce Chimbi &#8211; IPS<\/strong><\/p>\n\n\n\n<p class=\"wp-block-paragraph\">DUB\u00c1I \u2013 Sobrepasado en un d\u00eda el plazo final, la COP28 se transform\u00f3 en una cumbre extraordinaria, en un a\u00f1o caracterizado por temperaturas r\u00e9cord combinadas con El Ni\u00f1o, que produjeron una carnicer\u00eda clim\u00e1tica en continentes como \u00c1frica.<\/p>\n\n\n\n<p class=\"wp-block-paragraph\">Este mi\u00e9rcoles 13, tras una jornada de negociaciones extenuantes, en la sala plenaria de la Expo City de Dub\u00e1i se aprob\u00f3 un acuerdo que garantizar\u00e1 la transici\u00f3n (transitioning away en la jerga inglesa de la cumbre) para abandonar los combustibles f\u00f3siles, que por primera vez aparecen, adem\u00e1s, en una declaraci\u00f3n de la COP como lo que son: los grandes responsables del recalentamiento planetario.<\/p>\n\n\n\n<p class=\"wp-block-paragraph\">El secretario general de las Naciones Unidas, Ant\u00f3nio Guterres, se congratul\u00f3 del acuerdo.<\/p>\n\n\n\n<p class=\"wp-block-paragraph\">\u00abA aquellos que se opusieron a una referencia clara a la eliminaci\u00f3n progresiva de los combustibles f\u00f3siles en el texto de la COP28, quiero decirles que la eliminaci\u00f3n progresiva de los combustibles f\u00f3siles es inevitable, les guste o no. Esperemos que no llegue demasiado tarde\u00bb, afirm\u00f3.<\/p>\n\n\n\n<p class=\"wp-block-paragraph\">El presidente de la COP28, el sult\u00e1n Ahmed al Jaber, del pa\u00eds anfitri\u00f3n, los Emiratos \u00c1rabes Unidos, tuvo palabras admonitorias en medio de la satisfacci\u00f3n del momento con que se clausuraba un d\u00eda despu\u00e9s del previsto la 28 Conferencia de las Partes de la Convenci\u00f3n Marco de las Naciones Unidas sobre Cambio Clim\u00e1tico, inaugurada el 30 de noviembre.<\/p>\n\n\n\n<p class=\"wp-block-paragraph\">\u00abPerm\u00edtanme hacer una advertencia. Cualquier acuerdo es tan bueno como su aplicaci\u00f3n. Somos lo que hacemos, no lo que decimos. Debemos convertir este acuerdo en acciones tangibles. Si nos unimos, podemos influir profundamente en el futuro de todos nosotros\u00bb.<\/p>\n\n\n\n<p class=\"wp-block-paragraph\">Y a\u00f1adi\u00f3: \u00abLa inclusi\u00f3n nos mantuvo en pie en los d\u00edas dif\u00edciles. Todo el mundo ha sido escuchado, desde los pueblos ind\u00edgenas o los j\u00f3venes hasta el Sur global\u00bb.<\/p>\n\n\n\n<p class=\"wp-block-paragraph\">La recta final de la COP28 se dedic\u00f3 al tema m\u00e1s pol\u00e9mico, el llamado elefante en la habitaci\u00f3n de las ultimas cumbres clim\u00e1ticas: los combustibles f\u00f3siles, que hay que eliminar o reducir progresivamente, seg\u00fan diferentes posturas.<\/p>\n\n\n\n<p class=\"wp-block-paragraph\">M\u00e1s de 100 pa\u00edses se han comprometido ya a eliminar progresivamente los combustibles f\u00f3siles por su contribuci\u00f3n determinante al incremento de las temperaturas.<\/p>\n\n\n\n<p class=\"wp-block-paragraph\">El petr\u00f3leo, el gas y el carb\u00f3n representan m\u00e1s de 75 % de las emisiones mundiales de gases de efecto invernadero y casi 90 % de todas las emisiones de di\u00f3xido de carbono, empujando a los pa\u00edses m\u00e1s vulnerables al borde de la supervivencia.<\/p>\n\n\n\n<p class=\"wp-block-paragraph\">El objetivo mundial convenido en el Acuerdo de Par\u00eds, adoptado en 2015 en la COP21, el de mantener el calentamiento global en no m\u00e1s de 1,5 \u00baC sirvi\u00f3 de br\u00fajula a la COP28. Para reducir las emisiones de gases de efecto invernadero lo m\u00e1s cerca posible de cero para 2050, las emisiones deben reducirse en 45 % para 2030 y llegar as\u00ed al llamado cero neto.<\/p>\n\n\n\n<p class=\"wp-block-paragraph\">\u00abEs la primera vez en la historia de las COP que un objetivo de reducci\u00f3n de los combustibles f\u00f3siles forma parte del acuerdo final, aunque no es lo suficientemente ambicioso y no nos llevar\u00e1 al cero neto. Necesitaremos un mayor fondo mundial de adaptaci\u00f3n y un mayor Fondo para P\u00e9rdidas y Da\u00f1os\u00bb, dijo Amos Kaggwa, un activista del clima con sede en Uganda.<\/p>\n\n\n\n<p class=\"wp-block-paragraph\">Seg\u00fan dijo Kaggwa a IPS, el planeta podr\u00eda alcanzar temperaturas medias globales de hasta 3 \u00baC por encima de los niveles preindustriales, y eso provocar\u00e1 p\u00e9rdidas y da\u00f1os todav\u00eda m\u00e1s graves de las actuales por desastres relacionados con el clima.<\/p>\n\n\n\n<p class=\"wp-block-paragraph\">La capacidad de adaptaci\u00f3n clim\u00e1tica de \u00c1frica y otras regiones del Sur global tambi\u00e9n se ver\u00e1 seriamente comprometida.<\/p>\n\n\n\n<p class=\"wp-block-paragraph\">En la actualidad, los pa\u00edses ricos y altamente contaminantes son reacios a pagar por las p\u00e9rdidas y da\u00f1os y a proporcionar fondos suficientes para que los pa\u00edses pobres y menos contaminantes puedan mitigar y adaptarse al cambio clim\u00e1tico.<\/p>\n\n\n\n<p class=\"wp-block-paragraph\">Hasta ahora, 130 pa\u00edses han acordado triplicar la capacidad de las energ\u00edas renovables y duplicar la eficiencia energ\u00e9tica para 2030.<\/p>\n\n\n\n<p class=\"wp-block-paragraph\">Mientras, un total de 2456 grupos de presi\u00f3n -los llamados lobistas- de la industria de los combustibles f\u00f3siles participaron en la COP28, frente a los 636 del a\u00f1o pasado, seg\u00fan la coalici\u00f3n Big Polluters Out.<\/p>\n\n\n\n<p class=\"wp-block-paragraph\">Un ejemplo de la situaci\u00f3n la da una vez m\u00e1s \u00c1frica: el continente emite solo 3,8 % de los gases de efecto invernadero, pero solo 2 % de la proporci\u00f3n de inversiones en energ\u00edas renovables se destin\u00f3 a sus pa\u00edses en 2023.<\/p>\n\n\n\n<p class=\"wp-block-paragraph\">Mary Robinson, presidenta de The Elders y expresidenta de Irlanda, coment\u00f3 que \u00abel acuerdo de Cop28, aunque se\u00f1ala la necesidad de poner fin a la era de los combustibles f\u00f3siles, se queda corto al no comprometerse a una eliminaci\u00f3n total de los combustibles f\u00f3siles\u00bb.<\/p>\n\n\n\n<p class=\"wp-block-paragraph\">\u00abSi 1,5 \u00baC es nuestra estrella polar y la ciencia nuestra br\u00fajula, debemos eliminar r\u00e1pidamente todos los combustibles f\u00f3siles para trazar el rumbo hacia un futuro habitable\u00bb, adujo.<\/p>\n\n\n\n<p class=\"wp-block-paragraph\">Y a\u00f1adi\u00f3: \u00abLos l\u00edderes mundiales deben seguir aunando esfuerzos urgentemente y encontrar formas de hacer frente a esta amenaza existencial. Cada d\u00eda de retraso condena a millones de personas a un mundo inhabitable\u00bb.<\/p>\n\n\n\n<p class=\"wp-block-paragraph\">Bavon Christopher, director nacional de ActionAid Tanzania, se refiri\u00f3 a la hist\u00f3rica puesta en operaci\u00f3n del Fondo para P\u00e9rdidas y Da\u00f1os en la COP28, que fue aprobado en la anterior cumbre, la COP27, celebrada hace un a\u00f1o en la ciudad egipcia de Sharm al Sheij.<\/p>\n\n\n\n<p class=\"wp-block-paragraph\">\u00abEl primer d\u00eda de la COP28 est\u00e1bamos muy satisfechos con las promesas y pens\u00e1bamos que el dinero seguir\u00eda llegando. Tenemos solo 700 millones de los 400 000 millones anuales necesarios para sufragar&nbsp; las p\u00e9rdidas y los da\u00f1os. Las promesas est\u00e1n lejos de ser suficientes\u00bb, argument\u00f3.<\/p>\n\n\n\n<p class=\"wp-block-paragraph\">Y las razones para nutrir el Fondo con el caudal de recursos comprometido est\u00e1 claro. Por ejemplo, hace tan solo unos d\u00edas, en el pa\u00eds de Christopher, Tanzania, las inundaciones y corrimientos de tierra mataron a 60 personas, hirieron a m\u00e1s de 100 y destruyeron al menos 100 hogares, adem\u00e1s de provocar graves da\u00f1os a los medios de subsistencia.<\/p>\n\n\n\n<p class=\"wp-block-paragraph\">Un punto que dej\u00f3 mucho descontento al cierre de la cumbre fue el&nbsp; Objetivo Global de Adaptaci\u00f3n de la COP28 porque no se bas\u00f3 en el objetivo anterior.<\/p>\n\n\n\n<p class=\"wp-block-paragraph\">Expertos como el ugand\u00e9s Kaggwa subrayaron que adem\u00e1s de d\u00e9bil es poco probable que proporcione capacidades de adaptaci\u00f3n y resiliencia y que reduzca la vulnerabilidad al cambio clim\u00e1tico en los pa\u00edses del Sur en desarrollo azotados por desastres provocados por el clima.<\/p>\n\n\n\n<p class=\"wp-block-paragraph\">\u00abEl punto d\u00e9bil del Objetivo Global de Adaptaci\u00f3n es la flagrante falta de menci\u00f3n de los d\u00e9ficits de financiaci\u00f3n existentes. La financiaci\u00f3n actual de la adaptaci\u00f3n no se corresponde con las necesidades sobre el terreno\u00bb, dijo el especialista ugand\u00e9s.<\/p>\n\n\n\n<p class=\"wp-block-paragraph\">Subray\u00f3 a continuaci\u00f3n que \u00abincluso si duplicamos la financiaci\u00f3n para la adaptaci\u00f3n esbozada en la COP26 (celebrada en la ciudad escocesa de Glasgow en 2021), las necesidades sobre el terreno seguir\u00e1n siendo entre cinco y 10 veces mayores que el paquete de fondos para la adaptaci\u00f3n de la COP28\u00bb.<\/p>\n\n\n\n<p class=\"wp-block-paragraph\">\u00abAs\u00ed de grande es el d\u00e9ficit de financiaci\u00f3n de la adaptaci\u00f3n\u00bb, insisti\u00f3 Kaggwa.<\/p>\n\n\n\n<p class=\"wp-block-paragraph\">El tanzano Christopher se adentr\u00f3 en un un punto de las negociaciones y discusiones que ha dominado en la COP28 entre las delegaciones y activistas de los pa\u00edses del Sur: la financiaci\u00f3n clim\u00e1tica y la deuda.<\/p>\n\n\n\n<p class=\"wp-block-paragraph\">\u00abSe calcula que 85 % de los pa\u00edses del Sur est\u00e1n endeudados y es poco probable que destinen fondos a soluciones clim\u00e1ticas debido a otras prioridades. Para pagar sus deudas, es probable que inviertan en la extracci\u00f3n de combustibles f\u00f3siles, agravando a\u00fan m\u00e1s la crisis clim\u00e1tica\u00bb, explic\u00f3.<\/p>\n\n\n\n<p class=\"wp-block-paragraph\">En su opini\u00f3n, \u00c1frica y otras regiones del Sur deber\u00edan recibir subvenciones, no pr\u00e9stamos ni canjes de deuda.<\/p>\n\n\n\n<p class=\"wp-block-paragraph\">\u00abEn cuanto a p\u00e9rdidas y da\u00f1os, esperamos que no haya burocracia, como suele ocurrir con las instituciones financieras multilaterales; los fondos por da\u00f1os clim\u00e1ticos deber\u00edan llegar a los pa\u00edses afectados sin problemas y con rapidez\u00bb, plante\u00f3.<\/p>\n\n\n\n<p class=\"wp-block-paragraph\">Fadhel Kaboub, economista tunecino afincado en Nairobi y asesor principal de Power Shift Africa, adem\u00e1s de presidente del Instituto Global para la Prosperidad Sostenible, afirm\u00f3 que \u00abla financiaci\u00f3n clim\u00e1tica requiere un m\u00ednimo de 2,4 billones (millones de millones) de d\u00f3lares de inversi\u00f3n transformadora basada en subvenciones y transferencia de tecnolog\u00eda para la adaptaci\u00f3n y mitigaci\u00f3n clim\u00e1ticas de aqu\u00ed a 2030\u00bb.<\/p>\n\n\n\n<p class=\"wp-block-paragraph\">\u00abAl final de la COP28 no estamos ni cerca de ese objetivo. Los contaminadores hist\u00f3ricos del Norte global tienen una deuda clim\u00e1tica con las naciones del Sur global, que son las m\u00e1s afectadas por el cambio clim\u00e1tico. El Norte global est\u00e1 en mora y se niega a pagar su deuda\u00bb, afirm\u00f3.<\/p>\n\n\n\n<p class=\"wp-block-paragraph\">Kaboub, tambi\u00e9n profesor asociado de Econom\u00eda en la estadounidense Universidad de Denison, adujo que \u00absi me debes 100 d\u00f3lares, se supone que debes pagarme. En lugar de eso, me das un pr\u00e9stamo de 10 d\u00f3lares con condiciones para controlar c\u00f3mo utilizo mi dinero. Me das otros 10 d\u00f3lares a cambio de controlar mis bosques y los mercados de carbono. Invierten otros 10 d\u00f3lares en electricidad verde que yo debo exportarles en condiciones favorables\u00bb.<\/p>\n\n\n\n<p class=\"wp-block-paragraph\">Y prosigui\u00f3 su argumento: \u00abUsted subcontrata otros 10 d\u00f3lares de fabricaci\u00f3n de bajo valor a\u00f1adido para producir bienes de consumo baratos para usted. Nada de esto deber\u00eda considerarse financiaci\u00f3n clim\u00e1tica. Es un impago de la deuda clim\u00e1tica maquillado de verde con trampas de deuda neocolonial\u00bb.<\/p>\n\n\n\n<p class=\"wp-block-paragraph\">Al concluir este mi\u00e9rcoles 13 la COP28, los Emiratos \u00c1rabes Unidos, un pa\u00eds del Golfo que ha cimentado su riqueza sobre el petr\u00f3leo y el gas y actualmente aportan 30 % de su PIB, pas\u00f3 el testigo a Azerbaiy\u00e1n, donde se celebrar\u00e1 en un a\u00f1o la COP29.<\/p>\n\n\n\n<p class=\"wp-block-paragraph\">Eso significa algo as\u00ed como doblar la apuesta. La naci\u00f3n del C\u00e1ucaso y puente entre Asia occidental y Europa oriental recibe 60 % de su presupuesto del petr\u00f3leo y el gas y 90 %&nbsp; de sus ingresos de exportaci\u00f3n.<\/p>\n\n\n\n<p class=\"wp-block-paragraph\">El petr\u00f3leo y el gas tambi\u00e9n suministran 98 % de la energ\u00eda primaria de Azerbaiy\u00e1n y al menos el 90% de la electricidad del pa\u00eds, y son responsables en gran medida de la mejora del nivel de vida en las \u00faltimas tres d\u00e9cadas. Ser\u00e1 la tercera vez consecutiva que un productor de petr\u00f3leo y gas acoja una cumbre clim\u00e1tica.<\/p>\n","protected":false},"excerpt":{"rendered":"<p>Por Joyce Chimbi &#8211; IPS DUB\u00c1I \u2013 Sobrepasado en un d\u00eda el plazo final, la COP28 se transform\u00f3 en una cumbre extraordinaria, en un a\u00f1o caracterizado por temperaturas r\u00e9cord combinadas con El Ni\u00f1o, que produjeron una carnicer\u00eda clim\u00e1tica en continentes como \u00c1frica. Este mi\u00e9rcoles\u2026<\/p>\n","protected":false},"author":2,"featured_media":0,"comment_status":"closed","ping_status":"open","sticky":false,"template":"","format":"standard","meta":{"footnotes":""},"categories":[1],"tags":[],"class_list":["post-23056","post","type-post","status-publish","format-standard","hentry","category-other-news"],"yoast_head":"<!-- This site is optimized with the Yoast SEO plugin v16.7 - https:\/\/yoast.com\/wordpress\/plugins\/seo\/ -->\n<title>Acuerdo hist\u00f3rico en la COP28 para dejar atr\u00e1s los combustibles f\u00f3siles - Other News - Voz en contra de la corriente<\/title>\n<meta name=\"robots\" content=\"index, follow, max-snippet:-1, max-image-preview:large, max-video-preview:-1\" \/>\n<link rel=\"canonical\" href=\"https:\/\/www.other-news.info\/noticias\/acuerdo-historico-en-la-cop28-para-dejar-atras-los-combustibles-fosiles\/\" \/>\n<meta property=\"og:locale\" content=\"es_ES\" \/>\n<meta property=\"og:type\" content=\"article\" \/>\n<meta property=\"og:title\" content=\"Acuerdo hist\u00f3rico en la COP28 para dejar atr\u00e1s los combustibles f\u00f3siles - Other News - Voz en contra de la corriente\" \/>\n<meta property=\"og:description\" content=\"Por Joyce Chimbi - IPS DUB\u00c1I \u2013 Sobrepasado en un d\u00eda el plazo final, la COP28 se transform\u00f3 en una cumbre extraordinaria, en un a\u00f1o caracterizado por temperaturas r\u00e9cord combinadas con El Ni\u00f1o, que produjeron una carnicer\u00eda clim\u00e1tica en continentes como \u00c1frica. Este mi\u00e9rcoles\u2026\" \/>\n<meta property=\"og:url\" content=\"https:\/\/www.other-news.info\/noticias\/acuerdo-historico-en-la-cop28-para-dejar-atras-los-combustibles-fosiles\/\" \/>\n<meta property=\"og:site_name\" content=\"Other News - Voz en contra de la corriente\" \/>\n<meta property=\"article:published_time\" content=\"2023-12-13T17:42:56+00:00\" \/>\n<meta property=\"article:modified_time\" content=\"2023-12-13T17:42:57+00:00\" \/>\n<meta name=\"twitter:card\" content=\"summary_large_image\" \/>\n<meta name=\"twitter:label1\" content=\"Escrito por\" \/>\n\t<meta name=\"twitter:data1\" content=\"admin\" \/>\n\t<meta name=\"twitter:label2\" content=\"Tiempo de lectura\" \/>\n\t<meta name=\"twitter:data2\" content=\"9 minutos\" \/>\n<script type=\"application\/ld+json\" class=\"yoast-schema-graph\">{\"@context\":\"https:\/\/schema.org\",\"@graph\":[{\"@type\":\"WebSite\",\"@id\":\"https:\/\/www.other-news.info\/noticias\/#website\",\"url\":\"https:\/\/www.other-news.info\/noticias\/\",\"name\":\"Other News - Voz en contra de la corriente\",\"description\":\"Voz en contra de la corriente\",\"potentialAction\":[{\"@type\":\"SearchAction\",\"target\":{\"@type\":\"EntryPoint\",\"urlTemplate\":\"https:\/\/www.other-news.info\/noticias\/?s={search_term_string}\"},\"query-input\":\"required name=search_term_string\"}],\"inLanguage\":\"es\"},{\"@type\":\"WebPage\",\"@id\":\"https:\/\/www.other-news.info\/noticias\/acuerdo-historico-en-la-cop28-para-dejar-atras-los-combustibles-fosiles\/#webpage\",\"url\":\"https:\/\/www.other-news.info\/noticias\/acuerdo-historico-en-la-cop28-para-dejar-atras-los-combustibles-fosiles\/\",\"name\":\"Acuerdo hist\\u00f3rico en la COP28 para dejar atr\\u00e1s los combustibles f\\u00f3siles - Other News - Voz en contra de la corriente\",\"isPartOf\":{\"@id\":\"https:\/\/www.other-news.info\/noticias\/#website\"},\"datePublished\":\"2023-12-13T17:42:56+00:00\",\"dateModified\":\"2023-12-13T17:42:57+00:00\",\"author\":{\"@id\":\"https:\/\/www.other-news.info\/noticias\/#\/schema\/person\/dd0ead9df8654b02034c4da003b9991b\"},\"breadcrumb\":{\"@id\":\"https:\/\/www.other-news.info\/noticias\/acuerdo-historico-en-la-cop28-para-dejar-atras-los-combustibles-fosiles\/#breadcrumb\"},\"inLanguage\":\"es\",\"potentialAction\":[{\"@type\":\"ReadAction\",\"target\":[\"https:\/\/www.other-news.info\/noticias\/acuerdo-historico-en-la-cop28-para-dejar-atras-los-combustibles-fosiles\/\"]}]},{\"@type\":\"BreadcrumbList\",\"@id\":\"https:\/\/www.other-news.info\/noticias\/acuerdo-historico-en-la-cop28-para-dejar-atras-los-combustibles-fosiles\/#breadcrumb\",\"itemListElement\":[{\"@type\":\"ListItem\",\"position\":1,\"name\":\"Home\",\"item\":\"https:\/\/www.other-news.info\/noticias\/\"},{\"@type\":\"ListItem\",\"position\":2,\"name\":\"Acuerdo hist\\u00f3rico en la COP28 para dejar atr\\u00e1s los combustibles f\\u00f3siles\"}]},{\"@type\":\"Person\",\"@id\":\"https:\/\/www.other-news.info\/noticias\/#\/schema\/person\/dd0ead9df8654b02034c4da003b9991b\",\"name\":\"admin\",\"image\":{\"@type\":\"ImageObject\",\"@id\":\"https:\/\/www.other-news.info\/noticias\/#personlogo\",\"inLanguage\":\"es\",\"url\":\"https:\/\/secure.gravatar.com\/avatar\/e67344401a27ff9f91b2b48296aaa8fb9186ac51a3404ed4bdfbe790b6a9ee11?s=96&d=mm&r=g\",\"contentUrl\":\"https:\/\/secure.gravatar.com\/avatar\/e67344401a27ff9f91b2b48296aaa8fb9186ac51a3404ed4bdfbe790b6a9ee11?s=96&d=mm&r=g\",\"caption\":\"admin\"},\"url\":\"https:\/\/www.other-news.info\/noticias\/author\/admin\/\"}]}<\/script>\n<!-- \/ Yoast SEO plugin. -->","yoast_head_json":{"title":"Acuerdo hist\u00f3rico en la COP28 para dejar atr\u00e1s los combustibles f\u00f3siles - Other News - Voz en contra de la corriente","robots":{"index":"index","follow":"follow","max-snippet":"max-snippet:-1","max-image-preview":"max-image-preview:large","max-video-preview":"max-video-preview:-1"},"canonical":"https:\/\/www.other-news.info\/noticias\/acuerdo-historico-en-la-cop28-para-dejar-atras-los-combustibles-fosiles\/","og_locale":"es_ES","og_type":"article","og_title":"Acuerdo hist\u00f3rico en la COP28 para dejar atr\u00e1s los combustibles f\u00f3siles - Other News - Voz en contra de la corriente","og_description":"Por Joyce Chimbi - IPS DUB\u00c1I \u2013 Sobrepasado en un d\u00eda el plazo final, la COP28 se transform\u00f3 en una cumbre extraordinaria, en un a\u00f1o caracterizado por temperaturas r\u00e9cord combinadas con El Ni\u00f1o, que produjeron una carnicer\u00eda clim\u00e1tica en continentes como \u00c1frica. Este mi\u00e9rcoles\u2026","og_url":"https:\/\/www.other-news.info\/noticias\/acuerdo-historico-en-la-cop28-para-dejar-atras-los-combustibles-fosiles\/","og_site_name":"Other News - Voz en contra de la corriente","article_published_time":"2023-12-13T17:42:56+00:00","article_modified_time":"2023-12-13T17:42:57+00:00","twitter_card":"summary_large_image","twitter_misc":{"Escrito por":"admin","Tiempo de lectura":"9 minutos"},"schema":{"@context":"https:\/\/schema.org","@graph":[{"@type":"WebSite","@id":"https:\/\/www.other-news.info\/noticias\/#website","url":"https:\/\/www.other-news.info\/noticias\/","name":"Other News - Voz en contra de la corriente","description":"Voz en contra de la corriente","potentialAction":[{"@type":"SearchAction","target":{"@type":"EntryPoint","urlTemplate":"https:\/\/www.other-news.info\/noticias\/?s={search_term_string}"},"query-input":"required name=search_term_string"}],"inLanguage":"es"},{"@type":"WebPage","@id":"https:\/\/www.other-news.info\/noticias\/acuerdo-historico-en-la-cop28-para-dejar-atras-los-combustibles-fosiles\/#webpage","url":"https:\/\/www.other-news.info\/noticias\/acuerdo-historico-en-la-cop28-para-dejar-atras-los-combustibles-fosiles\/","name":"Acuerdo hist\u00f3rico en la COP28 para dejar atr\u00e1s los combustibles f\u00f3siles - Other News - Voz en contra de la corriente","isPartOf":{"@id":"https:\/\/www.other-news.info\/noticias\/#website"},"datePublished":"2023-12-13T17:42:56+00:00","dateModified":"2023-12-13T17:42:57+00:00","author":{"@id":"https:\/\/www.other-news.info\/noticias\/#\/schema\/person\/dd0ead9df8654b02034c4da003b9991b"},"breadcrumb":{"@id":"https:\/\/www.other-news.info\/noticias\/acuerdo-historico-en-la-cop28-para-dejar-atras-los-combustibles-fosiles\/#breadcrumb"},"inLanguage":"es","potentialAction":[{"@type":"ReadAction","target":["https:\/\/www.other-news.info\/noticias\/acuerdo-historico-en-la-cop28-para-dejar-atras-los-combustibles-fosiles\/"]}]},{"@type":"BreadcrumbList","@id":"https:\/\/www.other-news.info\/noticias\/acuerdo-historico-en-la-cop28-para-dejar-atras-los-combustibles-fosiles\/#breadcrumb","itemListElement":[{"@type":"ListItem","position":1,"name":"Home","item":"https:\/\/www.other-news.info\/noticias\/"},{"@type":"ListItem","position":2,"name":"Acuerdo hist\u00f3rico en la COP28 para dejar atr\u00e1s los combustibles f\u00f3siles"}]},{"@type":"Person","@id":"https:\/\/www.other-news.info\/noticias\/#\/schema\/person\/dd0ead9df8654b02034c4da003b9991b","name":"admin","image":{"@type":"ImageObject","@id":"https:\/\/www.other-news.info\/noticias\/#personlogo","inLanguage":"es","url":"https:\/\/secure.gravatar.com\/avatar\/e67344401a27ff9f91b2b48296aaa8fb9186ac51a3404ed4bdfbe790b6a9ee11?s=96&d=mm&r=g","contentUrl":"https:\/\/secure.gravatar.com\/avatar\/e67344401a27ff9f91b2b48296aaa8fb9186ac51a3404ed4bdfbe790b6a9ee11?s=96&d=mm&r=g","caption":"admin"},"url":"https:\/\/www.other-news.info\/noticias\/author\/admin\/"}]}},"_links":{"self":[{"href":"https:\/\/www.other-news.info\/noticias\/wp-json\/wp\/v2\/posts\/23056","targetHints":{"allow":["GET"]}}],"collection":[{"href":"https:\/\/www.other-news.info\/noticias\/wp-json\/wp\/v2\/posts"}],"about":[{"href":"https:\/\/www.other-news.info\/noticias\/wp-json\/wp\/v2\/types\/post"}],"author":[{"embeddable":true,"href":"https:\/\/www.other-news.info\/noticias\/wp-json\/wp\/v2\/users\/2"}],"replies":[{"embeddable":true,"href":"https:\/\/www.other-news.info\/noticias\/wp-json\/wp\/v2\/comments?post=23056"}],"version-history":[{"count":1,"href":"https:\/\/www.other-news.info\/noticias\/wp-json\/wp\/v2\/posts\/23056\/revisions"}],"predecessor-version":[{"id":23057,"href":"https:\/\/www.other-news.info\/noticias\/wp-json\/wp\/v2\/posts\/23056\/revisions\/23057"}],"wp:attachment":[{"href":"https:\/\/www.other-news.info\/noticias\/wp-json\/wp\/v2\/media?parent=23056"}],"wp:term":[{"taxonomy":"category","embeddable":true,"href":"https:\/\/www.other-news.info\/noticias\/wp-json\/wp\/v2\/categories?post=23056"},{"taxonomy":"post_tag","embeddable":true,"href":"https:\/\/www.other-news.info\/noticias\/wp-json\/wp\/v2\/tags?post=23056"}],"curies":[{"name":"wp","href":"https:\/\/api.w.org\/{rel}","templated":true}]}}