{"id":23058,"date":"2023-12-13T18:44:39","date_gmt":"2023-12-13T17:44:39","guid":{"rendered":"https:\/\/www.other-news.info\/noticias\/?p=23058"},"modified":"2023-12-13T18:44:39","modified_gmt":"2023-12-13T17:44:39","slug":"ayuda-a-ucrania-amenazada-por-hungaros-y-republicanos","status":"publish","type":"post","link":"https:\/\/www.other-news.info\/noticias\/ayuda-a-ucrania-amenazada-por-hungaros-y-republicanos\/","title":{"rendered":"Ayuda a Ucrania, amenazada por h\u00fangaros y republicanos \u00a0"},"content":{"rendered":"\n<p class=\"wp-block-paragraph\"><strong>Por David Ehl &#8211; Deutsche Welle (DW)<\/strong><\/p>\n\n\n\n<p class=\"wp-block-paragraph\">El primer ministro h\u00fangaro, Viktor Orb\u00e1n, no solo discute con el presidente ucraniano en Argentina, sino que amenaza con vetar la ayuda militar de la UE. Volodimir Zelenski tambi\u00e9n enfrenta contratiempos en Washington.<\/p>\n\n\n\n<p class=\"wp-block-paragraph\">Su viaje al continente americano est\u00e1 siendo bastante inc\u00f3modo para&nbsp;<a href=\"https:\/\/www.dw.com\/es\/zelenski-volodimir\/t-47318346\">Volodimir Zelenski<\/a>: el domingo, el presidente ucraniano asisti\u00f3 a la toma de posesi\u00f3n del nuevo jefe de Estado argentino, Javier Milei. Coincidi\u00f3 en una fila de asientos nada m\u00e1s y nada menos que con el primer ministro h\u00fangaro,&nbsp;<a href=\"https:\/\/www.dw.com\/es\/orb%C3%A1n-viktor\/t-19553395\">Viktor Orb\u00e1n<\/a>. En internet, circula un video de 21 segundos de una conversaci\u00f3n entre ambos estadistas. No se escuchan sus palabras, pero el lenguaje corporal lo deja claro: incluso en la lejana Buenos Aires,&nbsp;<a href=\"https:\/\/www.dw.com\/es\/ucrania\/t-36925922\">Ucrania<\/a>&nbsp;y Hungr\u00eda no se entienden.<\/p>\n\n\n\n<p class=\"wp-block-paragraph\">Ambos interlocutores intentaron aclarar luego la escena. Zelenski asegur\u00f3 que hab\u00eda explicado a Orb\u00e1n los intereses europeos de Ucrania \u00ablo m\u00e1s abiertamente posible\u00bb. Mientras el portavoz del primer ministro h\u00fangaro afirm\u00f3 que Orb\u00e1n hab\u00eda informado a Zelenski de las \u00abcontinuas discusiones\u00bb entre representantes de la UE sobre la posible adhesi\u00f3n de Ucrania.<\/p>\n\n\n\n<p class=\"wp-block-paragraph\">Este jueves y viernes (14 y 15 de diciembre), los jefes de Estado y de Gobierno de la UE quieren discutir, entre otras cosas, otro paquete de ayuda de 50.000 millones de euros y el inicio de negociaciones formales de adhesi\u00f3n con Ucrania. Pero Hungr\u00eda amenaz\u00f3 recientemente incluso con un veto.<\/p>\n\n\n\n<p class=\"wp-block-paragraph\"><strong>Ucrania en una situaci\u00f3n dif\u00edcil<\/strong><\/p>\n\n\n\n<p class=\"wp-block-paragraph\">En este segundo invierno de guerra, Ucrania se encuentra quiz\u00e1s en la situaci\u00f3n m\u00e1s dif\u00edcil desde el inicio de la invasi\u00f3n rusa en febrero de 2022: militarmente, los \u00faltimos meses han tra\u00eddo m\u00e1s desgaste que ganancias en territorio. Esposas y familiares de soldados protestaron recientemente en Kiev para reclamar un descanso m\u00e1s prolongado del frente tras de 21 meses de guerra.<\/p>\n\n\n\n<p class=\"wp-block-paragraph\">El presidente Zelenski enfrenta cr\u00edticas internas, incluidas las del alcalde de Kiev, Vitali Klitschko. Y aunque la atenci\u00f3n del mundo se ha desplazado en gran medida de Ucrania a Gaza, la promesa de m\u00e1s armas y paquetes de ayuda -probablemente vitales para la supervivencia de Ucrania- tambi\u00e9n se desmorona.<\/p>\n\n\n\n<p class=\"wp-block-paragraph\">En medio de todo esto, Hungr\u00eda ha tomado partido activamente contra la prolongaci\u00f3n de la ayuda militar. Los motivos de Viktor Orb\u00e1n, quien hace apenas un mes se dej\u00f3 elogiar por sus \u00abbuenas relaciones\u00bb con el presidente ruso&nbsp;<a href=\"https:\/\/www.dw.com\/es\/vladimir-putin\/t-17409853\">Vladimir Putin<\/a>, no est\u00e1n claros. \u00abEl \u00fanico sentido&nbsp;en el&nbsp;que puedo interpretar la posici\u00f3n de Hungr\u00eda sobre la cuesti\u00f3n de Ucrania y muchas otras es que est\u00e1 en contra de Europa y en contra de todo lo que Europa representa\u00bb, dijo el ministro de Exteriores de Lituania, Gabrielius Landsbergis.<\/p>\n\n\n\n<p class=\"wp-block-paragraph\"><strong>Orb\u00e1n con ventaja en la cumbre de la UE<\/strong><\/p>\n\n\n\n<p class=\"wp-block-paragraph\">Como \u00abmuy peligrosas\u00bb califica Markus Kaim, investigador de la Fundaci\u00f3n Pol\u00edtica y Seguridad (SWP), las amenazas de Orb\u00e1n, en v\u00edsperas de la cumbre de la UE. La pr\u00f3xima decisi\u00f3n del Consejo depende del principio de unanimidad: \u00abSi Orb\u00e1n se cierra a las perspectivas de adhesi\u00f3n de Ucrania, los dem\u00e1s podr\u00e1n hacer poco. Por eso, \u00e9l tiene el sart\u00e9n por el mango, directa e indirectamente\u00bb, dice Kaim a DW<\/p>\n\n\n\n<p class=\"wp-block-paragraph\">Si no hay una decisi\u00f3n positiva, ser\u00eda extremadamente desmotivador para el pueblo de Ucrania, advirti\u00f3 el ministro de Exteriores, Dmitro Kuleba, al margen de una reuni\u00f3n con sus hom\u00f3logos de la UE en Bruselas.<\/p>\n\n\n\n<p class=\"wp-block-paragraph\">Los ministros de Exteriores de la UE aprobaron finalmente una propuesta de la Comisi\u00f3n de Europea para transferir 900 millones de euros a Hungr\u00eda, sin condiciones previas, para hacer frente a la crisis energ\u00e9tica. Markus Kaim ve esto como una oportunidad para llegar a un acuerdo, seg\u00fan el cual Hungr\u00eda podr\u00eda, a cambio, apoyar el pr\u00f3ximo paquete de ayuda a Ucrania en la cumbre de la UE de finales de esta semana. \u00abSi fuera necesario, se podr\u00eda posponer la cuesti\u00f3n del estatus de candidato a la adhesi\u00f3n a la UE\u00bb, destaca Kaim.<\/p>\n\n\n\n<p class=\"wp-block-paragraph\"><strong>Apoyo inestable de Estados Unidos<\/strong><\/p>\n\n\n\n<p class=\"wp-block-paragraph\">Pero Hungr\u00eda parece estar presionando tambi\u00e9n contra la ayuda a Ucrania en otro escenario pol\u00edtico: seg\u00fan el diario peri\u00f3dico brit\u00e1nico&nbsp;The Guardian, diplom\u00e1ticos h\u00fangaros quer\u00edan reunirse con pol\u00edticos del Partido Republicano en Washington a principios de esta semana. Volodimir Zelenski tambi\u00e9n tiene previsto reunirse con los republicanos encabezados por el l\u00edder de la C\u00e1mara de Representantes, Mike Johnson, de quien depende un mayor apoyo a Ucrania.<\/p>\n\n\n\n<p class=\"wp-block-paragraph\">Tras el encuentro con Orb\u00e1n en Buenos Aires, este podr\u00eda ser un segundo debate inc\u00f3modo para Zelenski, en su viaje a Estados Unidos: casi once meses antes de las elecciones para la presidencia&nbsp;estadounidense, la C\u00e1mara de Representantes y un tercio del Senado, Donald Trump y su facci\u00f3n \u00abMAGA\u00bb&nbsp; (\u00abmake America great again\u00bb) est\u00e1n marcando el rumbo del partido republicano: son hostiles a la ayuda masiva de la administraci\u00f3n de Joe Biden a Ucrania.<\/p>\n\n\n\n<p class=\"wp-block-paragraph\">Biden ya hab\u00eda solicitado un nuevo tramo al Congreso en octubre, pero, hasta ahora, la aprobaci\u00f3n o incluso un presupuesto regular han fracasado por culpa de los republicanos. Adem\u00e1s de 61.000 millones de d\u00f3lares (unos 56.600 millones de euros) para Ucrania, el paquete tambi\u00e9n incluye ayuda para Israel y un trato m\u00e1s restrictivo para los inmigrantes en la frontera sur de Estados Unidos. Sin embargo, los republicanos piden un ajuste de mayor alcance.<\/p>\n\n\n\n<p class=\"wp-block-paragraph\">Biden \u00abpodr\u00eda romper f\u00e1cilmente el nudo gordiano dici\u00e9ndoles a los republicanos: Los complacer\u00e9 en la legislaci\u00f3n migratoria\u00bb, dice el cient\u00edfico del SWP Markus Kaim. \u00abPero \u00e9l no quiere eso\u00bb.<\/p>\n\n\n\n<p class=\"wp-block-paragraph\"><strong>\u00abPrimera se\u00f1al\u00bb&nbsp;ante la posible elecci\u00f3n de Trump<\/strong><\/p>\n\n\n\n<p class=\"wp-block-paragraph\">Sigue siendo incierto si Zelenski podr\u00e1 lograr un cambio en Washington o si los republicanos mantendr\u00e1n su rotundo no al apoyo a Ucrania. \u00abEuropa se ver\u00eda desafiada\u00bb, afirma Kaim: \u00abSer\u00eda la primera senal de lo que muchos temen tras una reelecci\u00f3n de Donald Trump: Estados Unidos ya no ser\u00e1 el garante del orden de seguridad internacional. As\u00ed que habr\u00eda que reajustar la repartici\u00f3n de la carga entre los EE.UU. y Europa\u00bb.<\/p>\n\n\n\n<p class=\"wp-block-paragraph\">Un \u00abno\u00bb final de los republicanos en Washington o un veto de Hungr\u00eda en la cumbre de la UE ciertamente aumentar\u00edan a\u00fan m\u00e1s las preocupaciones de Ucrania. La ministra de Estado alemana para Europa, Anna L\u00fchrmann, que acudi\u00f3 a la reuni\u00f3n de ministros de Exteriores de la UE en lugar de la titular de Exteriores&nbsp;<a href=\"https:\/\/www.dw.com\/es\/annalena-baerbock\/t-62551433\">Annalena Baerbock<\/a>, que asist\u00eda a la conferencia mundial sobre el clima, ya ha anunciado que Alemania duplicar\u00e1 el apoyo militar a Ucrania para 2024, de cuatro a ocho mil millones.<\/p>\n","protected":false},"excerpt":{"rendered":"<p>Por David Ehl &#8211; Deutsche Welle (DW) El primer ministro h\u00fangaro, Viktor Orb\u00e1n, no solo discute con el presidente ucraniano en Argentina, sino que amenaza con vetar la ayuda militar de la UE. Volodimir Zelenski tambi\u00e9n enfrenta contratiempos en Washington. Su viaje al continente\u2026<\/p>\n","protected":false},"author":2,"featured_media":0,"comment_status":"closed","ping_status":"open","sticky":false,"template":"","format":"standard","meta":{"footnotes":""},"categories":[1],"tags":[],"class_list":["post-23058","post","type-post","status-publish","format-standard","hentry","category-other-news"],"yoast_head":"<!-- This site is optimized with the Yoast SEO plugin v16.7 - https:\/\/yoast.com\/wordpress\/plugins\/seo\/ -->\n<title>Ayuda a Ucrania, amenazada por h\u00fangaros y republicanos \u00a0 - Other News - Voz en contra de la corriente<\/title>\n<meta name=\"robots\" content=\"index, follow, max-snippet:-1, max-image-preview:large, max-video-preview:-1\" \/>\n<link rel=\"canonical\" href=\"https:\/\/www.other-news.info\/noticias\/ayuda-a-ucrania-amenazada-por-hungaros-y-republicanos\/\" \/>\n<meta property=\"og:locale\" content=\"es_ES\" \/>\n<meta property=\"og:type\" content=\"article\" \/>\n<meta property=\"og:title\" content=\"Ayuda a Ucrania, amenazada por h\u00fangaros y republicanos \u00a0 - Other News - Voz en contra de la corriente\" \/>\n<meta property=\"og:description\" content=\"Por David Ehl - Deutsche Welle (DW) El primer ministro h\u00fangaro, Viktor Orb\u00e1n, no solo discute con el presidente ucraniano en Argentina, sino que amenaza con vetar la ayuda militar de la UE. Volodimir Zelenski tambi\u00e9n enfrenta contratiempos en Washington. Su viaje al continente\u2026\" \/>\n<meta property=\"og:url\" content=\"https:\/\/www.other-news.info\/noticias\/ayuda-a-ucrania-amenazada-por-hungaros-y-republicanos\/\" \/>\n<meta property=\"og:site_name\" content=\"Other News - Voz en contra de la corriente\" \/>\n<meta property=\"article:published_time\" content=\"2023-12-13T17:44:39+00:00\" \/>\n<meta name=\"twitter:card\" content=\"summary_large_image\" \/>\n<meta name=\"twitter:label1\" content=\"Escrito por\" \/>\n\t<meta name=\"twitter:data1\" content=\"admin\" \/>\n\t<meta name=\"twitter:label2\" content=\"Tiempo de lectura\" \/>\n\t<meta name=\"twitter:data2\" content=\"6 minutos\" \/>\n<script type=\"application\/ld+json\" class=\"yoast-schema-graph\">{\"@context\":\"https:\/\/schema.org\",\"@graph\":[{\"@type\":\"WebSite\",\"@id\":\"https:\/\/www.other-news.info\/noticias\/#website\",\"url\":\"https:\/\/www.other-news.info\/noticias\/\",\"name\":\"Other News - Voz en contra de la corriente\",\"description\":\"Voz en contra de la corriente\",\"potentialAction\":[{\"@type\":\"SearchAction\",\"target\":{\"@type\":\"EntryPoint\",\"urlTemplate\":\"https:\/\/www.other-news.info\/noticias\/?s={search_term_string}\"},\"query-input\":\"required name=search_term_string\"}],\"inLanguage\":\"es\"},{\"@type\":\"WebPage\",\"@id\":\"https:\/\/www.other-news.info\/noticias\/ayuda-a-ucrania-amenazada-por-hungaros-y-republicanos\/#webpage\",\"url\":\"https:\/\/www.other-news.info\/noticias\/ayuda-a-ucrania-amenazada-por-hungaros-y-republicanos\/\",\"name\":\"Ayuda a Ucrania, amenazada por h\\u00fangaros y republicanos \\u00a0 - Other News - Voz en contra de la corriente\",\"isPartOf\":{\"@id\":\"https:\/\/www.other-news.info\/noticias\/#website\"},\"datePublished\":\"2023-12-13T17:44:39+00:00\",\"dateModified\":\"2023-12-13T17:44:39+00:00\",\"author\":{\"@id\":\"https:\/\/www.other-news.info\/noticias\/#\/schema\/person\/dd0ead9df8654b02034c4da003b9991b\"},\"breadcrumb\":{\"@id\":\"https:\/\/www.other-news.info\/noticias\/ayuda-a-ucrania-amenazada-por-hungaros-y-republicanos\/#breadcrumb\"},\"inLanguage\":\"es\",\"potentialAction\":[{\"@type\":\"ReadAction\",\"target\":[\"https:\/\/www.other-news.info\/noticias\/ayuda-a-ucrania-amenazada-por-hungaros-y-republicanos\/\"]}]},{\"@type\":\"BreadcrumbList\",\"@id\":\"https:\/\/www.other-news.info\/noticias\/ayuda-a-ucrania-amenazada-por-hungaros-y-republicanos\/#breadcrumb\",\"itemListElement\":[{\"@type\":\"ListItem\",\"position\":1,\"name\":\"Home\",\"item\":\"https:\/\/www.other-news.info\/noticias\/\"},{\"@type\":\"ListItem\",\"position\":2,\"name\":\"Ayuda a Ucrania, amenazada por h\\u00fangaros y republicanos \\u00a0\"}]},{\"@type\":\"Person\",\"@id\":\"https:\/\/www.other-news.info\/noticias\/#\/schema\/person\/dd0ead9df8654b02034c4da003b9991b\",\"name\":\"admin\",\"image\":{\"@type\":\"ImageObject\",\"@id\":\"https:\/\/www.other-news.info\/noticias\/#personlogo\",\"inLanguage\":\"es\",\"url\":\"https:\/\/secure.gravatar.com\/avatar\/e67344401a27ff9f91b2b48296aaa8fb9186ac51a3404ed4bdfbe790b6a9ee11?s=96&d=mm&r=g\",\"contentUrl\":\"https:\/\/secure.gravatar.com\/avatar\/e67344401a27ff9f91b2b48296aaa8fb9186ac51a3404ed4bdfbe790b6a9ee11?s=96&d=mm&r=g\",\"caption\":\"admin\"},\"url\":\"https:\/\/www.other-news.info\/noticias\/author\/admin\/\"}]}<\/script>\n<!-- \/ Yoast SEO plugin. -->","yoast_head_json":{"title":"Ayuda a Ucrania, amenazada por h\u00fangaros y republicanos \u00a0 - Other News - Voz en contra de la corriente","robots":{"index":"index","follow":"follow","max-snippet":"max-snippet:-1","max-image-preview":"max-image-preview:large","max-video-preview":"max-video-preview:-1"},"canonical":"https:\/\/www.other-news.info\/noticias\/ayuda-a-ucrania-amenazada-por-hungaros-y-republicanos\/","og_locale":"es_ES","og_type":"article","og_title":"Ayuda a Ucrania, amenazada por h\u00fangaros y republicanos \u00a0 - Other News - Voz en contra de la corriente","og_description":"Por David Ehl - Deutsche Welle (DW) El primer ministro h\u00fangaro, Viktor Orb\u00e1n, no solo discute con el presidente ucraniano en Argentina, sino que amenaza con vetar la ayuda militar de la UE. Volodimir Zelenski tambi\u00e9n enfrenta contratiempos en Washington. Su viaje al continente\u2026","og_url":"https:\/\/www.other-news.info\/noticias\/ayuda-a-ucrania-amenazada-por-hungaros-y-republicanos\/","og_site_name":"Other News - Voz en contra de la corriente","article_published_time":"2023-12-13T17:44:39+00:00","twitter_card":"summary_large_image","twitter_misc":{"Escrito por":"admin","Tiempo de lectura":"6 minutos"},"schema":{"@context":"https:\/\/schema.org","@graph":[{"@type":"WebSite","@id":"https:\/\/www.other-news.info\/noticias\/#website","url":"https:\/\/www.other-news.info\/noticias\/","name":"Other News - Voz en contra de la corriente","description":"Voz en contra de la corriente","potentialAction":[{"@type":"SearchAction","target":{"@type":"EntryPoint","urlTemplate":"https:\/\/www.other-news.info\/noticias\/?s={search_term_string}"},"query-input":"required name=search_term_string"}],"inLanguage":"es"},{"@type":"WebPage","@id":"https:\/\/www.other-news.info\/noticias\/ayuda-a-ucrania-amenazada-por-hungaros-y-republicanos\/#webpage","url":"https:\/\/www.other-news.info\/noticias\/ayuda-a-ucrania-amenazada-por-hungaros-y-republicanos\/","name":"Ayuda a Ucrania, amenazada por h\u00fangaros y republicanos \u00a0 - Other News - Voz en contra de la corriente","isPartOf":{"@id":"https:\/\/www.other-news.info\/noticias\/#website"},"datePublished":"2023-12-13T17:44:39+00:00","dateModified":"2023-12-13T17:44:39+00:00","author":{"@id":"https:\/\/www.other-news.info\/noticias\/#\/schema\/person\/dd0ead9df8654b02034c4da003b9991b"},"breadcrumb":{"@id":"https:\/\/www.other-news.info\/noticias\/ayuda-a-ucrania-amenazada-por-hungaros-y-republicanos\/#breadcrumb"},"inLanguage":"es","potentialAction":[{"@type":"ReadAction","target":["https:\/\/www.other-news.info\/noticias\/ayuda-a-ucrania-amenazada-por-hungaros-y-republicanos\/"]}]},{"@type":"BreadcrumbList","@id":"https:\/\/www.other-news.info\/noticias\/ayuda-a-ucrania-amenazada-por-hungaros-y-republicanos\/#breadcrumb","itemListElement":[{"@type":"ListItem","position":1,"name":"Home","item":"https:\/\/www.other-news.info\/noticias\/"},{"@type":"ListItem","position":2,"name":"Ayuda a Ucrania, amenazada por h\u00fangaros y republicanos \u00a0"}]},{"@type":"Person","@id":"https:\/\/www.other-news.info\/noticias\/#\/schema\/person\/dd0ead9df8654b02034c4da003b9991b","name":"admin","image":{"@type":"ImageObject","@id":"https:\/\/www.other-news.info\/noticias\/#personlogo","inLanguage":"es","url":"https:\/\/secure.gravatar.com\/avatar\/e67344401a27ff9f91b2b48296aaa8fb9186ac51a3404ed4bdfbe790b6a9ee11?s=96&d=mm&r=g","contentUrl":"https:\/\/secure.gravatar.com\/avatar\/e67344401a27ff9f91b2b48296aaa8fb9186ac51a3404ed4bdfbe790b6a9ee11?s=96&d=mm&r=g","caption":"admin"},"url":"https:\/\/www.other-news.info\/noticias\/author\/admin\/"}]}},"_links":{"self":[{"href":"https:\/\/www.other-news.info\/noticias\/wp-json\/wp\/v2\/posts\/23058","targetHints":{"allow":["GET"]}}],"collection":[{"href":"https:\/\/www.other-news.info\/noticias\/wp-json\/wp\/v2\/posts"}],"about":[{"href":"https:\/\/www.other-news.info\/noticias\/wp-json\/wp\/v2\/types\/post"}],"author":[{"embeddable":true,"href":"https:\/\/www.other-news.info\/noticias\/wp-json\/wp\/v2\/users\/2"}],"replies":[{"embeddable":true,"href":"https:\/\/www.other-news.info\/noticias\/wp-json\/wp\/v2\/comments?post=23058"}],"version-history":[{"count":1,"href":"https:\/\/www.other-news.info\/noticias\/wp-json\/wp\/v2\/posts\/23058\/revisions"}],"predecessor-version":[{"id":23059,"href":"https:\/\/www.other-news.info\/noticias\/wp-json\/wp\/v2\/posts\/23058\/revisions\/23059"}],"wp:attachment":[{"href":"https:\/\/www.other-news.info\/noticias\/wp-json\/wp\/v2\/media?parent=23058"}],"wp:term":[{"taxonomy":"category","embeddable":true,"href":"https:\/\/www.other-news.info\/noticias\/wp-json\/wp\/v2\/categories?post=23058"},{"taxonomy":"post_tag","embeddable":true,"href":"https:\/\/www.other-news.info\/noticias\/wp-json\/wp\/v2\/tags?post=23058"}],"curies":[{"name":"wp","href":"https:\/\/api.w.org\/{rel}","templated":true}]}}