{"id":23061,"date":"2023-12-14T13:14:29","date_gmt":"2023-12-14T12:14:29","guid":{"rendered":"https:\/\/www.other-news.info\/noticias\/?p=23061"},"modified":"2023-12-14T13:14:30","modified_gmt":"2023-12-14T12:14:30","slug":"carta-abierta-al-secretario-general-de-la-onu","status":"publish","type":"post","link":"https:\/\/www.other-news.info\/noticias\/carta-abierta-al-secretario-general-de-la-onu\/","title":{"rendered":"CARTA ABIERTA AL SECRETARIO GENERAL DE LA ONU\u00a0 \u00a0"},"content":{"rendered":"\n<p class=\"wp-block-paragraph\"><strong>La vida del planeta en cuesti\u00f3n . Una propuesta &nbsp;<\/strong><br>&nbsp; &nbsp; &nbsp; &nbsp; &nbsp; &nbsp; &nbsp; &nbsp; &nbsp; &nbsp; &nbsp; &nbsp; &nbsp; &nbsp; &nbsp; &nbsp; &nbsp; &nbsp; &nbsp; &nbsp; &nbsp; &nbsp; &nbsp; &nbsp;<\/p>\n\n\n\n<p class=\"wp-block-paragraph\">\u00c1gora de los Habitantes de la Tierra &nbsp;<\/p>\n\n\n\n<p class=\"wp-block-paragraph\">Estimado Secretario General<br>Cualesquiera que sean las cuestiones y los problemas globales que se examinen, un hecho dram\u00e1tico salta a la vista: la humanidad es incapaz de aportar respuestas concretas, inmediatas y comunes. Los poderes institucionalizados del sistema actual son incapaces de hacerlo porque el sistema est\u00e1 estructuralmente en crisis.<\/p>\n\n\n\n<p class=\"wp-block-paragraph\"><br><strong>Las dos cuestiones fundamentales para el futuro de la vida<\/strong><br>Os escribimos para llamar vuestra atenci\u00f3n y acci\u00f3n sobre dos principios clave de la actual visi\u00f3n dominante del mundo: la patente privada y lucrativa de los organismos vivos y de la inteligencia artificial, y la financiarizaci\u00f3n de la naturaleza y de los bienes comunes p\u00fablicos globales. El poder de la econom\u00eda de mercado capitalista mundial se basa cada vez m\u00e1s en estos dos principios.&nbsp;<\/p>\n\n\n\n<p class=\"wp-block-paragraph\">Su papel en la regulaci\u00f3n planetaria de la vida es fundamental y crucial, lo que explica su ausencia en las preguntas y debates sobre c\u00f3mo gestionar y salir de las crisis actuales. Para los poderes dominantes,&nbsp; son dos axiomas que no se pueden discutir.<br><em>Legalizar la propiedad intelectual sobre los organismos vivos en 1980&nbsp;<\/em>signific\u00f3 reducir el conocimiento -el esp\u00edritu de la creatividad humana- a una mercanc\u00eda, un asunto para mercaderes y propietarios rapaces. Transfiri\u00f3 el control sobre la vida a los amos de los datos, reduciendo el conocimiento a una materia prima para actividades econ\u00f3micas. &nbsp; Este es uno de los mayores errores hist\u00f3ricos cometidos por los dirigentes de la humanidad.<br>Del mismo modo,&nbsp;<em>teorizar que la naturaleza es un conjunto de \u00abcapitales naturales\u00bb,<\/em>&nbsp;el \u00abcapital natural\u00bb del planeta, ha reducido la naturaleza a una categor\u00eda particular de la econom\u00eda de mercado, el capital. Pero \u00e9sta no es la \u00fanica forma posible de econom\u00eda, ni, en nuestra opini\u00f3n, la mejor. La naturaleza siempre se ha considerado el marco de referencia existencial de la vida. Ahora es vista esencialmente como&nbsp;un activo&nbsp;financiero&nbsp;de gran valor estrat\u00e9gico para la econom\u00eda global dominante. Es un robo a la vida y a la especie humana.<br>La experiencia de los \u00faltimos 50 a\u00f1os demuestra que, a menos que se abandonen o se reposicionan seriamente estos dos principios, la salvaguardia y la promoci\u00f3n de los derechos humanos y sociales fundamentales universales y de los derechos de los pueblos estar\u00e1n cada vez menos aseguradas. En consecuencia, \u00a1la erradicaci\u00f3n de los factores que generan el empobrecimiento en el mundo dejar\u00e1 de ser un objetivo de nuestras sociedades!T<\/p>\n\n\n\n<p class=\"wp-block-paragraph\">Tampoco habr\u00e1 un verdadero desarrollo sostenible, como lo demuestra la regresi\u00f3n actual de los objetivos de salida de las energ\u00edas f\u00f3siles (COP28)&nbsp; el aumento de las inversiones en combustibles f\u00f3siles, la no prohibici\u00f3n de las botellas de pl\u00e1stico, la laxitud de la reglamentaci\u00f3n de los productos qu\u00edmicos altamente t\u00f3xicos, especialmente los pesticidas&#8230; La pr\u00f3rroga por diez a\u00f1os de la autorizaci\u00f3n del glifosato por parte de la UE es un buen ejemplo.&nbsp;&nbsp;<br>La financiarizaci\u00f3n de la naturaleza alcanz\u00f3 su formulaci\u00f3n m\u00e1s avanzada hasta la fecha, en la COP15-Biodiversidad de la ONU (Montreal, diciembre de 2022). La comunidad internacional respald\u00f3 las propuestas presentadas en enero de 2021 en el \u00abProtocolo de Capitales Naturales\u00bb por la Coalici\u00f3n de Capitales Naturales (\u00a1m\u00e1s de 450 empresas privadas de talla mundial!) y conocidas como s 30+30+30. A saber: la atribuci\u00f3n a las Sociedades de Capitales Naturales (creadas por la Bolsa de Nueva York en octubre de 2021) de la gesti\u00f3n del 30% del mundo natural del planeta, incluido el 30% de los elementos m\u00e1s degradados, para su salvaguarda y restauraci\u00f3n de aqu\u00ed al a\u00f1o 2030 (a\u00f1o en que finaliza la Agenda 2015-2030 de la ONU).<\/p>\n\n\n\n<p class=\"wp-block-paragraph\"><br>Se\u00f1or Secretario General, comprender\u00e1 nuestra preocupaci\u00f3n, acrecentada por el hecho de que el economista jefe de la ONU sea abiertamente uno de los promotores de la financiarizaci\u00f3n de la naturaleza, esgrimiendo los mismos argumentos que los autores del Protocolo de Capitales Naturales.<\/p>\n\n\n\n<p class=\"wp-block-paragraph\"><strong>La propuesta.<\/strong><br><strong><em>Por una regeneraci\u00f3n cooperativa y mutualista de la vida en la Tierra basada en el Agua, la Alimentaci\u00f3n y la Salud\u00bb . El Planeta AAS.<\/em><\/strong><\/p>\n\n\n\n<p class=\"wp-block-paragraph\">Ante la incapacidad del sistema para dar respuestas a las crisis, la humanidad s\u00f3lo puede resucitar aplicando valores y principios opuestos a los que est\u00e1n llevando al mundo a la ruina.<br>&nbsp;<\/p>\n\n\n\n<p class=\"wp-block-paragraph\">Los principios inspiradores del planeta AAS: cooperativismo y mutualismo<br>Los valores y principios \u00abconstitucionales\u00bb de cooperaci\u00f3n y mutualizaci\u00f3n fueron capaces de regenerar el mundo del siglo XIX y promover la sociedad del bienestar del siglo XX a nivel del Estado \u00abnacional\u00bb, sobre todo en su versi\u00f3n escandinava.<br>El horizonte planetario incluye una regeneraci\u00f3n del cooperativismo y el mutualismo en relaci\u00f3n con sus or\u00edgenes y funciones. Formas socioecon\u00f3micas paralelas a la econom\u00eda de mercado dominante a escala nacional, hoy en d\u00eda constituyen necesariamente, a escala mundial, la expresi\u00f3n intr\u00ednseca de la vida social. La cooperaci\u00f3n y la mutualizaci\u00f3n deben convertirse en el esp\u00edritu que inspire los procesos de construcci\u00f3n de la comunidad global de vida de la Tierra.<\/p>\n\n\n\n<p class=\"wp-block-paragraph\"><br>Tres \u00e1mbitos prioritarios para la regeneraci\u00f3n:&nbsp;el agua, la alimentaci\u00f3n y la salud.<br>Inicialmente, la puesta en marcha operativa de los procesos de regeneraci\u00f3n se basar\u00eda en tres \u00e1reas clave para la vida y la justicia: Agua, Alimentaci\u00f3n y Salud, de ah\u00ed el nombre del proyecto \u00abEl Planeta AAS\u00bb. Su desarrollo tendr\u00e1 un gran impacto en el resto de la sociedad.<br>El objetivo es abordar la aplicaci\u00f3n de los derechos universales al agua, a la alimentaci\u00f3n y a la salud de una manera: integrada (esencial), especialmente en cuanto a principios y medios de acci\u00f3n;&nbsp;<em>arraigada<\/em>&nbsp;en los territorios de las comunidades de base y las autoridades locales;&nbsp;<em>y basada en la solidaridad<\/em>, es decir, compartiendo responsabilidades entre territorios e instituciones. La aplicaci\u00f3n de los derechos universales ha quedado reducida a un resultado de objetivos&nbsp; considerados \u00absuperiores\u00bb&nbsp; (&nbsp;el crecimiento econ\u00f3mico, la eficacia econ\u00f3mica y financiera, la innovaci\u00f3n tecnol\u00f3gica, la libertad empresarial absoluta y la liberalizaci\u00f3n de los mercados). S\u00f3lo la regeneraci\u00f3n de las tres dimensiones vitales del Agua, la Alimentaci\u00f3n y la Salud podr\u00e1 liberar la vida de la Tierra de los efectos devastadores de la depredaci\u00f3n actual.<br>Herramientas y recursos al servicio del Planeta AAS<br>Esto se har\u00e1 creando, a nivel local, una nueva generaci\u00f3n de&nbsp;empresas cooperativas y mutualistas,&nbsp;apoyadas por redes locales de&nbsp;cajas p\u00fablicas de ahorro y cr\u00e9dito colectivo.&nbsp;La experiencia demuestra que cuando un territorio es capaz de garantizar como un derecho el agua, la alimentaci\u00f3n y la salud a todos sus miembros, se completa la parte m\u00e1s importante del viaje por la vida. De este modo, se lograr\u00e1 la seguridad colectiva de la existencia, gracias tambi\u00e9n a una capacidad compartida de resiliencia social, financiera y tecnol\u00f3gica, as\u00ed como una democracia participativa efectiva.<\/p>\n\n\n\n<p class=\"wp-block-paragraph\">La regeneraci\u00f3n no puede lograrse en el marco actual de los mercados mundiales y las finanzas globales. Tenemos que trabajar por un sistema pol\u00edtico e institucional basado en el desarrollo y&nbsp;la primac\u00eda de un sistema financiero mundial p\u00fablico.<br>Hoy en d\u00eda, las finanzas est\u00e1n en manos de sujetos privados no elegidos. Las autoridades p\u00fablicas electas ya ni siquiera tienen poder para crear dinero. Necesitamos crear un nuevo marco institucional financiero p\u00fablico mundial coherente con los objetivos de \u00abLa plan\u00e8te EAS\u00bb, es decir, el&nbsp;Fondo Mundial de Dep\u00f3sitos y Consignaciones&nbsp;y el&nbsp;Fondo Planetario para la Garant\u00eda de los Bienes Comunes Esenciales para la Vida, bajo la supervisi\u00f3n de un&nbsp;Consejo Mundial para la Seguridad de los Derechos Universales.<\/p>\n\n\n\n<p class=\"wp-block-paragraph\">Sabemos que la ONU ha aprobado recientemente la propuesta de declarar 2025 A\u00f1o Internacional de las Cooperativas.&nbsp;<\/p>\n\n\n\n<p class=\"wp-block-paragraph\"><strong>Se\u00f1or Secretario General &nbsp;<br>\u00bfser\u00eda posible apoyar la creaci\u00f3n de un grupo de trabajo mundial independiente que profundice en los temas aqu\u00ed tratados y presente una propuesta antes de finales de 2024 sobre la pertinencia y viabilidad del proyecto \u00abPlaneta AAS\u00bb?<\/strong><br>Muchas gracias, se\u00f1or Secretario General, por su amable atenci\u00f3n.<br>Con esperanza&#8230;&#8230;<\/p>\n\n\n\n<p class=\"wp-block-paragraph\">Primeros firmantes<\/p>\n\n\n\n<p class=\"wp-block-paragraph\">Argentina.&nbsp;An\u00edbal Ignacio Faccendini, Centro Interdisciplinario del Agua, Universidad Nacional de Rosario UNR.&nbsp; Daniel El\u00edas, Profesor UNR. Flavio Faccendini, Diplomatura del Agua y el Ambiente de la UNR.&nbsp;Belgique.&nbsp;Pierre Galand, ex senador, presidente del Foro Norte-Sur.&nbsp; Christine Pagnoulle, profesora em\u00e9rita de la Universidad de Lieja. ATTAC Bruselas 2.&nbsp;ATTAC Li\u00e8ge. Catherine Schlitz, presidente de Pr\u00e9sence et Action Culturelles d&#8217;Angleur.&nbsp;Kim Le Quang, &nbsp;Rise for the Climate. Marl\u00e8ne Wiame, &nbsp;Rise for the Climate.&nbsp;Pietro Pizzuti, actor y escritor. Bernard Tirtiaux, escultor y escritor. Maria Palatine, arpista, cantante.&nbsp;Alain Adriaens,l, militante de la sobriedad.&nbsp; Fabrice Delvaux, Kr\u00e9ativa.&nbsp;Jean-Claude Polet, profesor em\u00e9rito, UCL. Anne Rondelet, pensionista. Riccardo Petrella, profesor em\u00e9rito, UCL. Vincent De Cat, empresario. Paola Pizzuti, profesora de educaci\u00f3n. Anne Molitor, ciudadana.&nbsp;Fran\u00e7oise Deville, ciudadana. Anne Sylvain, actriz. A\u00efka Mittler, escritora, traductora. \u00c9ric Brucher, escritor, profesor. Lisa Cogniaux, artista. Susann Heenen-Wolff, prof. dr. phil. Marie-Paule Kumps, actriz y escritora. Soumaya Hallak, soprano. Bernard Cogniaux, profesor. Olivier Bastin, arquitecto, presidente de la Federaci\u00f3n de Asociaciones de Arquitectos de B\u00e9lgica. Sylvie Lausberg, escritora e historiadora. \u00c9ric De Staerck, director del Th\u00e9\u00e2tre des Riches Claires.&nbsp;Victor Lefevre, actor y director. \u00c9ric D&#8217;Agostino, director, m\u00fasico. Roda Fawaz, actor, autor.&nbsp;Karine Watelet,t\u00e9cnica,audiovisual,&nbsp;Brasil.&nbsp;MarcosP. Arruda, Moema Viezzer, escritor, feminista. Armando De Negri, m\u00e9dico, Organizaci\u00f3n Latinoamericana de la Salud. Marcelo Barros, te\u00f3logo, monje benedictino.&nbsp;Canad\u00e1-Qu\u00e9bec.&nbsp;Martine Chatelain, educadora. H\u00e9l\u00e8ne Tremblay. Narradora de l&#8217;Humanit\u00e9. Pierre Jasmin, pianista, secretario general de \u00abArtistes pour la Paix\u00bb. Jean-Yves Proulx, ciudadano comprometido.&nbsp;Chile.&nbsp;Luis Infanti De la Mora, obispo de Ays\u00e9n. Nicol\u00e1s Labajos, educador, Ays\u00e9n. Comisi\u00f3n Justicia y Paz, Ays\u00e9n de la Patagonia.&nbsp;Carlos Andrade Oporto, pastor evang\u00e9lico, Coyhaique. Adriana Fern\u00e1ndez, educadora.&nbsp;Egipto.&nbsp; Hoda Houssein, escritora, activista medioambiental. Mamdouh Habashi, arquitecto, fundador del Movimiento KIfaya (Enough). Anwar Moghith, profesor y fil\u00f3sofo.&nbsp;Francia. Melissa Gingreau, la Boisseli\u00e8re, portavoz de \u00abMega-Bassines non merci\u00bb. Philip Veniel, soci\u00f3logo. Laury Gingreau, la Boisseli\u00e8re.&nbsp;Jean-Pierre Wauquier, presidente, H\u00b20 sans fronti\u00e8res. Alassane Ba, director, Centro Humanista Europeo de Profesiones Farmac\u00e9uticas.&nbsp; Jean-Claude Oliva, director de la Coordinaci\u00f3n EAU \u00cele-de-France, presidente del ente p\u00fablico del agua Est Ensemble. Yovan Gilles, artista teatral, \u00abLes p\u00e9riph\u00e9riques vous parlent\u00bb y Universidad del Bien Com\u00fan de Par\u00eds. Cristina Bertelli, \u00abLes p\u00e9riph\u00e9riques vous parlent\u00bb y Universit\u00e9 du Bien Commun. Annie Flexer, documentalista, ling\u00fcista, UBC, Patrick Viveret, fil\u00f3sofo, fundador de \u00abLes rencontres en Humanit\u00e9\u00bb.&nbsp;Corinne Ducrey, presidenta del Festival Chemin faisant, Jordania.&nbsp; Abla Abou Elbeh, antiguo diputado.&nbsp;Irak.&nbsp;Hazem Mohamad Shoker, escritor. Ibrahim Doulaymi, periodista especializado en temas medioambientales.&nbsp;Italia.&nbsp;Roberto Savio, experto en comunicaci\u00f3n de fama mundial, presidente de Other News.. Paola Libanti, Monasterio del Bien Com\u00fan, Verona. Luca Cecchi, agente comercial, jubilado, activista del agua. Marinella Nasoni, antigua sindicalista. Sergio y Clara Castioni, libreros. Antonino Russo, funcionario.&nbsp; Domenico Rizzuti, ex sindicalista investigador, Foro italo-tunecino.&nbsp; Consiglia Salvio, profesora, militante del agua.&nbsp; Francesco Comina, escritor, profesor. Roberto Musacchio, ex eurodiputado, Transform Italia. Roberto Morea, Comit\u00e9 Europeo de Transform Europe. Elena Mazzoni, activista pol\u00edtica de izquierdas. Patrizia Sentinelli, ex Ministra de Cooperaci\u00f3n Internacional, fundadora de Altramente. Guido Barbera, Presidente de CIPSI-ETS. Roberto Colombo, ex alcalde y ex presidente de una empresa p\u00fablica de aguas en Lombard\u00eda. Maurizio Montalto, abogado, presidente del \u00abMovimiento Azul\u00bb. Loretta Moramarco, abogada, activista del agua. Michele Loporcaro, agricultor ecol\u00f3gico. Christian Troger, sindicalista. Anton Auer, ecologista, jubilado. Gina Abbate, Pax Christi. Mario Agostinelli, f\u00edsico, presidente de \u00abLaudato sii\u00bb, Emilio Molinari y Oreste Magni, tambi\u00e9n miembros de \u00abLaudato sii\u00bb. Daniela Padoan, escritora y ensayista. Paolo Ferrero, ex Ministro de Trabajo, ensayista. Paolo Ferrari, concejal, activista por la paz. Paolo Rizzi, activista medioambiental, poeta y cantante. Carmelo Corso, profesor. Alfio Foti, presidente de L&#8217;Altra Storia, Pina Ancona, pensionista. Giuseppe Ungherese, responsable de Greenpeace, Florencia. Giovanni Battista Novello Paglianti, pensionista, Cristina Stevanoni, pensionista. Silvana Risi, ciudadana y miembro de CLC. Bruno Risi, ciudadano y miembro de la Asociaci\u00f3n Murolo de N\u00e1poles. Maria Bertone, jubilada, miembro CVX Italia, Virginia Maroni, Anna Righetti, Claudia Marcolungo, Federico Russo, Mariella Marchezan, Diego Todeschini.&nbsp;L\u00edbano.&nbsp;Lilia Ghanem, antrop\u00f3loga, redactora jefe de \u00abThe Ecologist\u00bb en \u00e1rabe. Saad Mehio, periodista, presidente del Club de Di\u00e1logo Regional. Ezzedine Kassem, periodista y editor. Houssine Kobeissy, periodista y traductor. Joud Haidar, poeta y m\u00e9dico. Ahlam Baydoun, profesora y jurista.&nbsp;Libia.&nbsp;Abdallah Maatouk, columnista. Abdel KaderGhouka, ex embajador y escritor.&nbsp;Palestina.&nbsp;Anwar Abu Eisheh, ex ministro, escritor. Sahar Quasmeh, diputada.&nbsp; Youssef Salman, presidente de una asociaci\u00f3n.&nbsp;Portugal.&nbsp;Joao Cara\u00e7a, ex director del departamento de Ciencia de la Fundaci\u00f3n Calouste Gulbenkian.&nbsp;T\u00fanez.&nbsp;&nbsp; Manubia Bengthahem, conferenciante y activista feminista. Rafic Boujdariah, m\u00e9dico y activista. Samir Besan\u00e7on, fil\u00f3sofo, m\u00e9dico y activista medioambiental. Samira Ghedish, profesora y activista comunitaria.&nbsp;Siria.&nbsp;Wagih Hamoud, ingeniero y activista.Primeros firmantes<\/p>\n\n\n\n<p class=\"wp-block-paragraph\">Argentina.&nbsp;An\u00edbal Ignacio Faccendini, Centro Interdisciplinario del Agua, Universidad Nacional de Rosario UNR.&nbsp; Daniel El\u00edas, Profesor UNR. Flavio Faccendini, Diplomatura del Agua y el Ambiente de la UNR.&nbsp;Belgique.&nbsp;Pierre Galand, ex senador, presidente del Foro Norte-Sur.&nbsp; Christine Pagnoulle, profesora em\u00e9rita de la Universidad de Lieja. ATTAC Bruselas 2.&nbsp;ATTAC Li\u00e8ge. Catherine Schlitz, presidente de Pr\u00e9sence et Action Culturelles d&#8217;Angleur.&nbsp;Kim Le Quang, &nbsp;Rise for the Climate. Marl\u00e8ne Wiame, &nbsp;Rise for the Climate.&nbsp;Pietro Pizzuti, actor y escritor. Bernard Tirtiaux, escultor y escritor. Maria Palatine, arpista, cantante.&nbsp;Alain Adriaens,l, militante de la sobriedad.&nbsp; Fabrice Delvaux, Kr\u00e9ativa.&nbsp;Jean-Claude Polet, profesor em\u00e9rito, UCL. Anne Rondelet, pensionista. Riccardo Petrella, profesor em\u00e9rito, UCL. Vincent De Cat, empresario. Paola Pizzuti, profesora de educaci\u00f3n. Anne Molitor, ciudadana.&nbsp;Fran\u00e7oise Deville, ciudadana. Anne Sylvain, actriz. A\u00efka Mittler, escritora, traductora. \u00c9ric Brucher, escritor, profesor. Lisa Cogniaux, artista. Susann Heenen-Wolff, prof. dr. phil. Marie-Paule Kumps, actriz y escritora. Soumaya Hallak, soprano. Bernard Cogniaux, profesor. Olivier Bastin, arquitecto, presidente de la Federaci\u00f3n de Asociaciones de Arquitectos de B\u00e9lgica. Sylvie Lausberg, escritora e historiadora. \u00c9ric De Staerck, director del Th\u00e9\u00e2tre des Riches Claires.&nbsp;Victor Lefevre, actor y director. \u00c9ric D&#8217;Agostino, director, m\u00fasico. Roda Fawaz, actor, autor.&nbsp;Karine Watelet,t\u00e9cnica,audiovisual,&nbsp;Brasil.&nbsp;MarcosP. Arruda, Moema Viezzer, escritor, feminista. Armando De Negri, m\u00e9dico, Organizaci\u00f3n Latinoamericana de la Salud. Marcelo Barros, te\u00f3logo, monje benedictino.&nbsp;Canad\u00e1-Qu\u00e9bec.&nbsp;Martine Chatelain, educadora. H\u00e9l\u00e8ne Tremblay. Narradora de l&#8217;Humanit\u00e9. Pierre Jasmin, pianista, secretario general de \u00abArtistes pour la Paix\u00bb. Jean-Yves Proulx, ciudadano comprometido.&nbsp;Chile.&nbsp;Luis Infanti De la Mora, obispo de Ays\u00e9n. Nicol\u00e1s Labajos, educador, Ays\u00e9n. Comisi\u00f3n Justicia y Paz, Ays\u00e9n de la Patagonia.&nbsp;Carlos Andrade Oporto, pastor evang\u00e9lico, Coyhaique. Adriana Fern\u00e1ndez, educadora.&nbsp;Egipto.&nbsp; Hoda Houssein, escritora, activista medioambiental. Mamdouh Habashi, arquitecto, fundador del Movimiento KIfaya (Enough). Anwar Moghith, profesor y fil\u00f3sofo.&nbsp;Francia. Melissa Gingreau, la Boisseli\u00e8re, portavoz de \u00abMega-Bassines non merci\u00bb. Philip Veniel, soci\u00f3logo. Laury Gingreau, la Boisseli\u00e8re.&nbsp;Jean-Pierre Wauquier, presidente, H\u00b20 sans fronti\u00e8res. Alassane Ba, director, Centro Humanista Europeo de Profesiones Farmac\u00e9uticas.&nbsp; Jean-Claude Oliva, director de la Coordinaci\u00f3n EAU \u00cele-de-France, presidente del ente p\u00fablico del agua Est Ensemble. Yovan Gilles, artista teatral, \u00abLes p\u00e9riph\u00e9riques vous parlent\u00bb y Universidad del Bien Com\u00fan de Par\u00eds. Cristina Bertelli, \u00abLes p\u00e9riph\u00e9riques vous parlent\u00bb y Universit\u00e9 du Bien Commun. Annie Flexer, documentalista, ling\u00fcista, UBC, Patrick Viveret, fil\u00f3sofo, fundador de \u00abLes rencontres en Humanit\u00e9\u00bb.&nbsp;Corinne Ducrey, presidenta del Festival Chemin faisant, Jordania.&nbsp; Abla Abou Elbeh, antiguo diputado.&nbsp;Irak.&nbsp;Hazem Mohamad Shoker, escritor. Ibrahim Doulaymi, periodista especializado en temas medioambientales.&nbsp;Italia.&nbsp;Roberto Savio, experto en comunicaci\u00f3n de fama mundial, presidente de Other News.. Paola Libanti, Monasterio del Bien Com\u00fan, Verona. Luca Cecchi, agente comercial, jubilado, activista del agua. Marinella Nasoni, antigua sindicalista. Sergio y Clara Castioni, libreros. Antonino Russo, funcionario.&nbsp; Domenico Rizzuti, ex sindicalista investigador, Foro italo-tunecino.&nbsp; Consiglia Salvio, profesora, militante del agua.&nbsp; Francesco Comina, escritor, profesor. Roberto Musacchio, ex eurodiputado, Transform Italia. Roberto Morea, Comit\u00e9 Europeo de Transform Europe. Elena Mazzoni, activista pol\u00edtica de izquierdas. Patrizia Sentinelli, ex Ministra de Cooperaci\u00f3n Internacional, fundadora de Altramente. Guido Barbera, Presidente de CIPSI-ETS. Roberto Colombo, ex alcalde y ex presidente de una empresa p\u00fablica de aguas en Lombard\u00eda. Maurizio Montalto, abogado, presidente del \u00abMovimiento Azul\u00bb. Loretta Moramarco, abogada, activista del agua. Michele Loporcaro, agricultor ecol\u00f3gico. Christian Troger, sindicalista. Anton Auer, ecologista, jubilado. Gina Abbate, Pax Christi. Mario Agostinelli, f\u00edsico, presidente de \u00abLaudato sii\u00bb, Emilio Molinari y Oreste Magni, tambi\u00e9n miembros de \u00abLaudato sii\u00bb. Daniela Padoan, escritora y ensayista. Paolo Ferrero, ex Ministro de Trabajo, ensayista. Paolo Ferrari, concejal, activista por la paz. Paolo Rizzi, activista medioambiental, poeta y cantante. Carmelo Corso, profesor. Alfio Foti, presidente de L&#8217;Altra Storia, Pina Ancona, pensionista. Giuseppe Ungherese, responsable de Greenpeace, Florencia. Giovanni Battista Novello Paglianti, pensionista, Cristina Stevanoni, pensionista. Silvana Risi, ciudadana y miembro de CLC. Bruno Risi, ciudadano y miembro de la Asociaci\u00f3n Murolo de N\u00e1poles. Maria Bertone, jubilada, miembro CVX Italia, Virginia Maroni, Anna Righetti, Claudia Marcolungo, Federico Russo, Mariella Marchezan, Diego Todeschini.&nbsp;L\u00edbano.&nbsp;Lilia Ghanem, antrop\u00f3loga, redactora jefe de \u00abThe Ecologist\u00bb en \u00e1rabe. Saad Mehio, periodista, presidente del Club de Di\u00e1logo Regional. Ezzedine Kassem, periodista y editor. Houssine Kobeissy, periodista y traductor. Joud Haidar, poeta y m\u00e9dico. Ahlam Baydoun, profesora y jurista.&nbsp;Libia.&nbsp;Abdallah Maatouk, columnista. Abdel KaderGhouka, ex embajador y escritor.&nbsp;Palestina.&nbsp;Anwar Abu Eisheh, ex ministro, escritor. Sahar Quasmeh, diputada.&nbsp; Youssef Salman, presidente de una asociaci\u00f3n.&nbsp;Portugal.&nbsp;Joao Cara\u00e7a, ex director del departamento de Ciencia de la Fundaci\u00f3n Calouste Gulbenkian.&nbsp;T\u00fanez.&nbsp;&nbsp; Manubia Bengthahem, conferenciante y activista feminista. Rafic Boujdariah, m\u00e9dico y activista. Samir Besan\u00e7on, fil\u00f3sofo, m\u00e9dico y activista medioambiental. Samira Ghedish, profesora y activista comunitaria.&nbsp;Siria.&nbsp;Wagih Hamoud, ingeniero y activista.<\/p>\n","protected":false},"excerpt":{"rendered":"<p>La vida del planeta en cuesti\u00f3n . Una propuesta &nbsp;&nbsp; &nbsp; &nbsp; &nbsp; &nbsp; &nbsp; &nbsp; &nbsp; &nbsp; &nbsp; &nbsp; &nbsp; &nbsp; &nbsp; &nbsp; &nbsp; &nbsp; &nbsp; &nbsp; &nbsp; &nbsp; &nbsp; &nbsp; &nbsp; \u00c1gora de los Habitantes de la Tierra &nbsp; Estimado\u2026<\/p>\n","protected":false},"author":2,"featured_media":0,"comment_status":"closed","ping_status":"open","sticky":false,"template":"","format":"standard","meta":{"footnotes":""},"categories":[1],"tags":[],"class_list":["post-23061","post","type-post","status-publish","format-standard","hentry","category-other-news"],"yoast_head":"<!-- This site is optimized with the Yoast SEO plugin v16.7 - https:\/\/yoast.com\/wordpress\/plugins\/seo\/ -->\n<title>CARTA ABIERTA AL SECRETARIO GENERAL DE LA ONU\u00a0 \u00a0 - Other News - Voz en contra de la corriente<\/title>\n<meta name=\"robots\" content=\"index, follow, max-snippet:-1, max-image-preview:large, max-video-preview:-1\" \/>\n<link rel=\"canonical\" href=\"https:\/\/www.other-news.info\/noticias\/carta-abierta-al-secretario-general-de-la-onu\/\" \/>\n<meta property=\"og:locale\" content=\"es_ES\" \/>\n<meta property=\"og:type\" content=\"article\" \/>\n<meta property=\"og:title\" content=\"CARTA ABIERTA AL SECRETARIO GENERAL DE LA ONU\u00a0 \u00a0 - Other News - Voz en contra de la corriente\" \/>\n<meta property=\"og:description\" content=\"La vida del planeta en cuesti\u00f3n . Una propuesta &nbsp;&nbsp; &nbsp; &nbsp; &nbsp; &nbsp; &nbsp; &nbsp; &nbsp; &nbsp; &nbsp; &nbsp; &nbsp; &nbsp; &nbsp; &nbsp; &nbsp; &nbsp; &nbsp; &nbsp; &nbsp; &nbsp; &nbsp; &nbsp; &nbsp; \u00c1gora de los Habitantes de la Tierra &nbsp; Estimado\u2026\" \/>\n<meta property=\"og:url\" content=\"https:\/\/www.other-news.info\/noticias\/carta-abierta-al-secretario-general-de-la-onu\/\" \/>\n<meta property=\"og:site_name\" content=\"Other News - Voz en contra de la corriente\" \/>\n<meta property=\"article:published_time\" content=\"2023-12-14T12:14:29+00:00\" \/>\n<meta property=\"article:modified_time\" content=\"2023-12-14T12:14:30+00:00\" \/>\n<meta name=\"twitter:card\" content=\"summary_large_image\" \/>\n<meta name=\"twitter:label1\" content=\"Escrito por\" \/>\n\t<meta name=\"twitter:data1\" content=\"admin\" \/>\n\t<meta name=\"twitter:label2\" content=\"Tiempo de lectura\" \/>\n\t<meta name=\"twitter:data2\" content=\"16 minutos\" \/>\n<script type=\"application\/ld+json\" class=\"yoast-schema-graph\">{\"@context\":\"https:\/\/schema.org\",\"@graph\":[{\"@type\":\"WebSite\",\"@id\":\"https:\/\/www.other-news.info\/noticias\/#website\",\"url\":\"https:\/\/www.other-news.info\/noticias\/\",\"name\":\"Other News - Voz en contra de la corriente\",\"description\":\"Voz en contra de la corriente\",\"potentialAction\":[{\"@type\":\"SearchAction\",\"target\":{\"@type\":\"EntryPoint\",\"urlTemplate\":\"https:\/\/www.other-news.info\/noticias\/?s={search_term_string}\"},\"query-input\":\"required name=search_term_string\"}],\"inLanguage\":\"es\"},{\"@type\":\"WebPage\",\"@id\":\"https:\/\/www.other-news.info\/noticias\/carta-abierta-al-secretario-general-de-la-onu\/#webpage\",\"url\":\"https:\/\/www.other-news.info\/noticias\/carta-abierta-al-secretario-general-de-la-onu\/\",\"name\":\"CARTA ABIERTA AL SECRETARIO GENERAL DE LA ONU\\u00a0 \\u00a0 - Other News - Voz en contra de la corriente\",\"isPartOf\":{\"@id\":\"https:\/\/www.other-news.info\/noticias\/#website\"},\"datePublished\":\"2023-12-14T12:14:29+00:00\",\"dateModified\":\"2023-12-14T12:14:30+00:00\",\"author\":{\"@id\":\"https:\/\/www.other-news.info\/noticias\/#\/schema\/person\/dd0ead9df8654b02034c4da003b9991b\"},\"breadcrumb\":{\"@id\":\"https:\/\/www.other-news.info\/noticias\/carta-abierta-al-secretario-general-de-la-onu\/#breadcrumb\"},\"inLanguage\":\"es\",\"potentialAction\":[{\"@type\":\"ReadAction\",\"target\":[\"https:\/\/www.other-news.info\/noticias\/carta-abierta-al-secretario-general-de-la-onu\/\"]}]},{\"@type\":\"BreadcrumbList\",\"@id\":\"https:\/\/www.other-news.info\/noticias\/carta-abierta-al-secretario-general-de-la-onu\/#breadcrumb\",\"itemListElement\":[{\"@type\":\"ListItem\",\"position\":1,\"name\":\"Home\",\"item\":\"https:\/\/www.other-news.info\/noticias\/\"},{\"@type\":\"ListItem\",\"position\":2,\"name\":\"CARTA ABIERTA AL SECRETARIO GENERAL DE LA ONU\\u00a0 \\u00a0\"}]},{\"@type\":\"Person\",\"@id\":\"https:\/\/www.other-news.info\/noticias\/#\/schema\/person\/dd0ead9df8654b02034c4da003b9991b\",\"name\":\"admin\",\"image\":{\"@type\":\"ImageObject\",\"@id\":\"https:\/\/www.other-news.info\/noticias\/#personlogo\",\"inLanguage\":\"es\",\"url\":\"https:\/\/secure.gravatar.com\/avatar\/e67344401a27ff9f91b2b48296aaa8fb9186ac51a3404ed4bdfbe790b6a9ee11?s=96&d=mm&r=g\",\"contentUrl\":\"https:\/\/secure.gravatar.com\/avatar\/e67344401a27ff9f91b2b48296aaa8fb9186ac51a3404ed4bdfbe790b6a9ee11?s=96&d=mm&r=g\",\"caption\":\"admin\"},\"url\":\"https:\/\/www.other-news.info\/noticias\/author\/admin\/\"}]}<\/script>\n<!-- \/ Yoast SEO plugin. -->","yoast_head_json":{"title":"CARTA ABIERTA AL SECRETARIO GENERAL DE LA ONU\u00a0 \u00a0 - Other News - Voz en contra de la corriente","robots":{"index":"index","follow":"follow","max-snippet":"max-snippet:-1","max-image-preview":"max-image-preview:large","max-video-preview":"max-video-preview:-1"},"canonical":"https:\/\/www.other-news.info\/noticias\/carta-abierta-al-secretario-general-de-la-onu\/","og_locale":"es_ES","og_type":"article","og_title":"CARTA ABIERTA AL SECRETARIO GENERAL DE LA ONU\u00a0 \u00a0 - Other News - Voz en contra de la corriente","og_description":"La vida del planeta en cuesti\u00f3n . Una propuesta &nbsp;&nbsp; &nbsp; &nbsp; &nbsp; &nbsp; &nbsp; &nbsp; &nbsp; &nbsp; &nbsp; &nbsp; &nbsp; &nbsp; &nbsp; &nbsp; &nbsp; &nbsp; &nbsp; &nbsp; &nbsp; &nbsp; &nbsp; &nbsp; &nbsp; \u00c1gora de los Habitantes de la Tierra &nbsp; Estimado\u2026","og_url":"https:\/\/www.other-news.info\/noticias\/carta-abierta-al-secretario-general-de-la-onu\/","og_site_name":"Other News - Voz en contra de la corriente","article_published_time":"2023-12-14T12:14:29+00:00","article_modified_time":"2023-12-14T12:14:30+00:00","twitter_card":"summary_large_image","twitter_misc":{"Escrito por":"admin","Tiempo de lectura":"16 minutos"},"schema":{"@context":"https:\/\/schema.org","@graph":[{"@type":"WebSite","@id":"https:\/\/www.other-news.info\/noticias\/#website","url":"https:\/\/www.other-news.info\/noticias\/","name":"Other News - Voz en contra de la corriente","description":"Voz en contra de la corriente","potentialAction":[{"@type":"SearchAction","target":{"@type":"EntryPoint","urlTemplate":"https:\/\/www.other-news.info\/noticias\/?s={search_term_string}"},"query-input":"required name=search_term_string"}],"inLanguage":"es"},{"@type":"WebPage","@id":"https:\/\/www.other-news.info\/noticias\/carta-abierta-al-secretario-general-de-la-onu\/#webpage","url":"https:\/\/www.other-news.info\/noticias\/carta-abierta-al-secretario-general-de-la-onu\/","name":"CARTA ABIERTA AL SECRETARIO GENERAL DE LA ONU\u00a0 \u00a0 - Other News - Voz en contra de la corriente","isPartOf":{"@id":"https:\/\/www.other-news.info\/noticias\/#website"},"datePublished":"2023-12-14T12:14:29+00:00","dateModified":"2023-12-14T12:14:30+00:00","author":{"@id":"https:\/\/www.other-news.info\/noticias\/#\/schema\/person\/dd0ead9df8654b02034c4da003b9991b"},"breadcrumb":{"@id":"https:\/\/www.other-news.info\/noticias\/carta-abierta-al-secretario-general-de-la-onu\/#breadcrumb"},"inLanguage":"es","potentialAction":[{"@type":"ReadAction","target":["https:\/\/www.other-news.info\/noticias\/carta-abierta-al-secretario-general-de-la-onu\/"]}]},{"@type":"BreadcrumbList","@id":"https:\/\/www.other-news.info\/noticias\/carta-abierta-al-secretario-general-de-la-onu\/#breadcrumb","itemListElement":[{"@type":"ListItem","position":1,"name":"Home","item":"https:\/\/www.other-news.info\/noticias\/"},{"@type":"ListItem","position":2,"name":"CARTA ABIERTA AL SECRETARIO GENERAL DE LA ONU\u00a0 \u00a0"}]},{"@type":"Person","@id":"https:\/\/www.other-news.info\/noticias\/#\/schema\/person\/dd0ead9df8654b02034c4da003b9991b","name":"admin","image":{"@type":"ImageObject","@id":"https:\/\/www.other-news.info\/noticias\/#personlogo","inLanguage":"es","url":"https:\/\/secure.gravatar.com\/avatar\/e67344401a27ff9f91b2b48296aaa8fb9186ac51a3404ed4bdfbe790b6a9ee11?s=96&d=mm&r=g","contentUrl":"https:\/\/secure.gravatar.com\/avatar\/e67344401a27ff9f91b2b48296aaa8fb9186ac51a3404ed4bdfbe790b6a9ee11?s=96&d=mm&r=g","caption":"admin"},"url":"https:\/\/www.other-news.info\/noticias\/author\/admin\/"}]}},"_links":{"self":[{"href":"https:\/\/www.other-news.info\/noticias\/wp-json\/wp\/v2\/posts\/23061","targetHints":{"allow":["GET"]}}],"collection":[{"href":"https:\/\/www.other-news.info\/noticias\/wp-json\/wp\/v2\/posts"}],"about":[{"href":"https:\/\/www.other-news.info\/noticias\/wp-json\/wp\/v2\/types\/post"}],"author":[{"embeddable":true,"href":"https:\/\/www.other-news.info\/noticias\/wp-json\/wp\/v2\/users\/2"}],"replies":[{"embeddable":true,"href":"https:\/\/www.other-news.info\/noticias\/wp-json\/wp\/v2\/comments?post=23061"}],"version-history":[{"count":1,"href":"https:\/\/www.other-news.info\/noticias\/wp-json\/wp\/v2\/posts\/23061\/revisions"}],"predecessor-version":[{"id":23062,"href":"https:\/\/www.other-news.info\/noticias\/wp-json\/wp\/v2\/posts\/23061\/revisions\/23062"}],"wp:attachment":[{"href":"https:\/\/www.other-news.info\/noticias\/wp-json\/wp\/v2\/media?parent=23061"}],"wp:term":[{"taxonomy":"category","embeddable":true,"href":"https:\/\/www.other-news.info\/noticias\/wp-json\/wp\/v2\/categories?post=23061"},{"taxonomy":"post_tag","embeddable":true,"href":"https:\/\/www.other-news.info\/noticias\/wp-json\/wp\/v2\/tags?post=23061"}],"curies":[{"name":"wp","href":"https:\/\/api.w.org\/{rel}","templated":true}]}}