{"id":23086,"date":"2023-12-21T18:53:35","date_gmt":"2023-12-21T17:53:35","guid":{"rendered":"https:\/\/www.other-news.info\/noticias\/?p=23086"},"modified":"2023-12-21T18:53:35","modified_gmt":"2023-12-21T17:53:35","slug":"no-habra-paz-para-malvados","status":"publish","type":"post","link":"https:\/\/www.other-news.info\/noticias\/no-habra-paz-para-malvados\/","title":{"rendered":"No habr\u00e1 paz para malvados"},"content":{"rendered":"\n<p class=\"wp-block-paragraph\"><strong><em>Por David Bollero*<\/em><\/strong><\/p>\n\n\n\n<p class=\"wp-block-paragraph\">Esta semana el portavoz militar israel\u00ed afirmaba estar trabajando para que m\u00e1s pronto que tarde la poblaci\u00f3n gazat\u00ed pueda regresar a sus hogares. La pregunta es tan obvia como indignante: \u00bfQu\u00e9 hogares?&nbsp;<a href=\"https:\/\/www.publico.es\/internacional\/onu-denuncia-gaza-no-lugar-habitable-queda-miseria-dolor.html#analytics-buscador:listado\">Israel ha arrasado con todas las viviendas<\/a>, con las infraestructuras m\u00e1s b\u00e1sicas que permitan habitar el territorio. El cinismo a la hora de hablar de \u00abregreso\u00bb es insultante, cuando bajo los escombros a\u00fan yacen miles de civiles asesinados por el ej\u00e9rcito israel\u00ed. No hay genocidio que no sea cruel, pero&nbsp;la impunidad y arrogancia con que se est\u00e1 cometiendo \u00e9ste hace imperdonable para la Historia la complicidad internacional.&nbsp;<\/p>\n\n\n\n<p class=\"wp-block-paragraph\">El pasado fin de semana tuve la fortuna de coincidir con un buen amigo que conoce a la perfecci\u00f3n Palestina, dado que lleva d\u00e9cadas realizando proyectos humanitarios sobre el terreno. Al indicar la nula estrategia de paz, esto es, de c\u00f3mo se reconstruir\u00e1 la vida en Gaza cuando la guerra haya terminado, mi amigo fue tajante.&nbsp;\u00abIsrael tiene el dinero, la tecnolog\u00eda y el apoyo internacional para levantar todo de nuevo y encontrar a colonos tarados dispuestos a repoblar\u00bb.&nbsp;<\/p>\n\n\n\n<p class=\"wp-block-paragraph\">Y tiene raz\u00f3n. Despu\u00e9s de haber destruido la totalidad de hospitales, de viviendas, de edificios de instituciones b\u00e1sicas para el funcionamiento administrativo de la Franja, incluso, de haber inundado con agua de mar los t\u00faneles, contaminando todos los acu\u00edferos de agua dulce, para un palestino volver a levantar su hogar parece misi\u00f3n imposible.&nbsp;Y \u00abcolonos tarados\u00bb israel\u00edes, siempre habr\u00e1 dispuestos a apropiarse de un territorio que no les pertenece.&nbsp;<\/p>\n\n\n\n<p class=\"wp-block-paragraph\">Lo hemos visto hist\u00f3ricamente y, desde el pasado 7 de octubre, tambi\u00e9n hemos sido testigos de asesinatos por parte de colonos armados en Cisjordania. El extremismo de una parte de la poblaci\u00f3n israel\u00ed es innegable, compartiendo el odio y el ans\u00eda de exterminar a la poblaci\u00f3n palestina que muestra el ej\u00e9rcito de Netanyahu cuando&nbsp;<a href=\"https:\/\/www.publico.es\/internacional\/israel-reconoce-tres-rehenes-mato-gaza-iban-camiseta-bandera-blanca.html#analytics-buscador:listado\">asesina a los propios rehenes que dec\u00edan querer rescatar<\/a>&nbsp;o a mata a sangre fr\u00eda a civiles desarmados con disparos de francotirador.&nbsp;<\/p>\n\n\n\n<p class=\"wp-block-paragraph\"><a href=\"https:\/\/www.publico.es\/internacional\/israel-mata-200-personas-gaza-ultimas-24-horas.html#analytics-buscador:listado\">Solo en la \u00faltima jornada, Israel ha asesinado a m\u00e1s de 200 gazat\u00edes<\/a>, la mayor\u00eda de ellos ni\u00f1os y ni\u00f1as, al bombardear Rafah, la que hab\u00eda sido designada \u00abzona humanitaria\u00bb en el extremo sur. Coincidiendo en el tiempo, EEUU sigue bloqueando en la ONU la suspensi\u00f3n urgente de las hostilidades y&nbsp;<a href=\"https:\/\/www.publico.es\/internacional\/ayuda-humanitaria-no-da-abasto-aumento-conflictos-onu-revela-impotente-rebajar-escaladas-belicas.html#analytics-buscador:listado\">se impide el paso de ayuda humanitaria<\/a>. La prensa internacional no puede acceder a Gaza y los pocos compa\u00f1eros que quedan dentro, est\u00e1n siendo asesinados selectivamente. Que no haya testigos.&nbsp;<\/p>\n\n\n\n<p class=\"wp-block-paragraph\">El genocidio en directo al que estamos asistiendo es desgarrador.&nbsp;Ninguna de las acciones ejecutadas por el ej\u00e9rcito de Tel Aviv indica que exista otro prop\u00f3sito que no sea el exterminio de la poblaci\u00f3n palestina&nbsp;y, a pesar de ello, Israel no ha recibido castigo alguno por parte de la Comunidad Internacional. El doble rasero mancha de sangre a cualquier Estado que mire para otro lado.&nbsp;Esta misma semana la Uni\u00f3n Europea (UE) ha aprobado el duod\u00e9cimo paquete de sanciones a Rusia, prohibiendo el comercio de diamantes con el que financia buena parte de sus operaciones militares. Israel, en cambio, no s\u00f3lo no es sancionado sino que&nbsp;cuenta con el benepl\u00e1cito de EEUU, en donde el&nbsp;lobby&nbsp;jud\u00edo est\u00e1 realizando otra masacre de censura cultural y veto empresarial a toda persona que se pronuncie a favor de Palestina.&nbsp;<\/p>\n\n\n\n<p class=\"wp-block-paragraph\">Con 20.000 v\u00edctimas palestinas a la espalda,&nbsp;Israel est\u00e1 hoy m\u00e1s lejos de la paz que cuando inici\u00f3 su desproporcionada respuesta a los atentados de Ham\u00e1s. El apoyo a \u00e9sta se ha fortalecido y no es para menos. Cualquier civil en Gaza que haya visto morir a sus seres queridos al ser bombardeada la ambulancia en la que eran trasladados o el campamento de poblaci\u00f3n refugiada al que la propia Israel les hab\u00eda redirigido querr\u00e1 imponer su castigo al genocida. \u00bfQu\u00e9 m\u00e1s puede perder? Nos encontramos en un momento del conflicto en el que la masacre cometida por Netanyahu es de tal magnitud que no son pocos los gazat\u00edes que lamentan no haber muerto en los primeros bombardeos para as\u00ed no haber tenido que pasar el infierno que est\u00e1n sufriendo.&nbsp;<\/p>\n\n\n\n<p class=\"wp-block-paragraph\">El apoyo de Ham\u00e1s trasciende las fronteras palestinas, del mismo modo que las miradas de reproche y rencor hacia Israel&nbsp;y todo aquel que no alce la voz contra el genocidio tambi\u00e9n se incrementan. Lamentablemente, no hay motivos para el optimismo, ni para un cese de la matanza ni tan siquiera para que se vislumbre un \u00e1pice de decencia desde la Casa Blanca.&nbsp;Ning\u00fan europeo tiene motivos tampoco para enorgullecerse de la UE,&nbsp;<a href=\"https:\/\/www.publico.es\/internacional\/ue-incapaz-pedir-alto-fuego-gaza-onu-asegura-ya-no-lugar-habitable.html#analytics-buscador:listado\">absolutamente sometida a EEUU<\/a>, incapaz de&nbsp;<a href=\"https:\/\/www.publico.es\/internacional\/robles-gaza-grandes-masacres-derecho-internacional.html#analytics-buscador:listado\">traducir en hechos las palabras de condena<\/a>&nbsp;a Israel de algunos de sus dirigentes. Hoy m\u00e1s que nunca y por una cuesti\u00f3n de humanidad, el mundo precisa dirigentes con coraje que no se plieguen a la geopol\u00edtica ni la diplomacia, que antepongan las vidas del pueblo palestino a la vileza opresora israel\u00ed.&nbsp;<\/p>\n\n\n\n<p class=\"wp-block-paragraph\">\u2026\u2026\u2026\u2026\u2026\u2026.<\/p>\n\n\n\n<p class=\"wp-block-paragraph\"><em>*Periodista freelance todoterreno, con casi dos d\u00e9cadas de experiencia a sus espaldas, una corresponsal\u00eda en Londres y mil frentes abiertos. Ahora, de vuelta a las TIC, como editor de SinDominio.es y colaborador de TICbeat y &nbsp;Business Insider Espa\u00f1a., el medio de comunicaci\u00f3n l\u00edder en informaci\u00f3n econ\u00f3mica y tecnol\u00f3gica a nivel mundial. Bollero se incorpor\u00f3 a Aleph Comunicaci\u00f3n en 2006 como director de cuentas y operaciones. Licenciado en Ciencias de la Informaci\u00f3n. En el a\u00f1o 2000 fue nombrado jefe de actualidad y usuarios en el peri\u00f3dico&nbsp;Computing&nbsp;de VNU BP Espa\u00f1a. En P\u00fablico.es, 21, 12,23,<\/em><\/p>\n","protected":false},"excerpt":{"rendered":"<p>Por David Bollero* Esta semana el portavoz militar israel\u00ed afirmaba estar trabajando para que m\u00e1s pronto que tarde la poblaci\u00f3n gazat\u00ed pueda regresar a sus hogares. La pregunta es tan obvia como indignante: \u00bfQu\u00e9 hogares?&nbsp;Israel ha arrasado con todas las viviendas, con las\u2026<\/p>\n","protected":false},"author":2,"featured_media":0,"comment_status":"closed","ping_status":"open","sticky":false,"template":"","format":"standard","meta":{"footnotes":""},"categories":[1],"tags":[],"class_list":["post-23086","post","type-post","status-publish","format-standard","hentry","category-other-news"],"yoast_head":"<!-- This site is optimized with the Yoast SEO plugin v16.7 - https:\/\/yoast.com\/wordpress\/plugins\/seo\/ -->\n<title>No habr\u00e1 paz para malvados - Other News - Voz en contra de la corriente<\/title>\n<meta name=\"robots\" content=\"index, follow, max-snippet:-1, max-image-preview:large, max-video-preview:-1\" \/>\n<link rel=\"canonical\" href=\"https:\/\/www.other-news.info\/noticias\/no-habra-paz-para-malvados\/\" \/>\n<meta property=\"og:locale\" content=\"es_ES\" \/>\n<meta property=\"og:type\" content=\"article\" \/>\n<meta property=\"og:title\" content=\"No habr\u00e1 paz para malvados - Other News - Voz en contra de la corriente\" \/>\n<meta property=\"og:description\" content=\"Por David Bollero* Esta semana el portavoz militar israel\u00ed afirmaba estar trabajando para que m\u00e1s pronto que tarde la poblaci\u00f3n gazat\u00ed pueda regresar a sus hogares. La pregunta es tan obvia como indignante: \u00bfQu\u00e9 hogares?&nbsp;Israel ha arrasado con todas las viviendas, con las\u2026\" \/>\n<meta property=\"og:url\" content=\"https:\/\/www.other-news.info\/noticias\/no-habra-paz-para-malvados\/\" \/>\n<meta property=\"og:site_name\" content=\"Other News - Voz en contra de la corriente\" \/>\n<meta property=\"article:published_time\" content=\"2023-12-21T17:53:35+00:00\" \/>\n<meta name=\"twitter:card\" content=\"summary_large_image\" \/>\n<meta name=\"twitter:label1\" content=\"Escrito por\" \/>\n\t<meta name=\"twitter:data1\" content=\"admin\" \/>\n\t<meta name=\"twitter:label2\" content=\"Tiempo de lectura\" \/>\n\t<meta name=\"twitter:data2\" content=\"5 minutos\" \/>\n<script type=\"application\/ld+json\" class=\"yoast-schema-graph\">{\"@context\":\"https:\/\/schema.org\",\"@graph\":[{\"@type\":\"WebSite\",\"@id\":\"https:\/\/www.other-news.info\/noticias\/#website\",\"url\":\"https:\/\/www.other-news.info\/noticias\/\",\"name\":\"Other News - Voz en contra de la corriente\",\"description\":\"Voz en contra de la corriente\",\"potentialAction\":[{\"@type\":\"SearchAction\",\"target\":{\"@type\":\"EntryPoint\",\"urlTemplate\":\"https:\/\/www.other-news.info\/noticias\/?s={search_term_string}\"},\"query-input\":\"required name=search_term_string\"}],\"inLanguage\":\"es\"},{\"@type\":\"WebPage\",\"@id\":\"https:\/\/www.other-news.info\/noticias\/no-habra-paz-para-malvados\/#webpage\",\"url\":\"https:\/\/www.other-news.info\/noticias\/no-habra-paz-para-malvados\/\",\"name\":\"No habr\\u00e1 paz para malvados - Other News - Voz en contra de la corriente\",\"isPartOf\":{\"@id\":\"https:\/\/www.other-news.info\/noticias\/#website\"},\"datePublished\":\"2023-12-21T17:53:35+00:00\",\"dateModified\":\"2023-12-21T17:53:35+00:00\",\"author\":{\"@id\":\"https:\/\/www.other-news.info\/noticias\/#\/schema\/person\/dd0ead9df8654b02034c4da003b9991b\"},\"breadcrumb\":{\"@id\":\"https:\/\/www.other-news.info\/noticias\/no-habra-paz-para-malvados\/#breadcrumb\"},\"inLanguage\":\"es\",\"potentialAction\":[{\"@type\":\"ReadAction\",\"target\":[\"https:\/\/www.other-news.info\/noticias\/no-habra-paz-para-malvados\/\"]}]},{\"@type\":\"BreadcrumbList\",\"@id\":\"https:\/\/www.other-news.info\/noticias\/no-habra-paz-para-malvados\/#breadcrumb\",\"itemListElement\":[{\"@type\":\"ListItem\",\"position\":1,\"name\":\"Home\",\"item\":\"https:\/\/www.other-news.info\/noticias\/\"},{\"@type\":\"ListItem\",\"position\":2,\"name\":\"No habr\\u00e1 paz para malvados\"}]},{\"@type\":\"Person\",\"@id\":\"https:\/\/www.other-news.info\/noticias\/#\/schema\/person\/dd0ead9df8654b02034c4da003b9991b\",\"name\":\"admin\",\"image\":{\"@type\":\"ImageObject\",\"@id\":\"https:\/\/www.other-news.info\/noticias\/#personlogo\",\"inLanguage\":\"es\",\"url\":\"https:\/\/secure.gravatar.com\/avatar\/e67344401a27ff9f91b2b48296aaa8fb9186ac51a3404ed4bdfbe790b6a9ee11?s=96&d=mm&r=g\",\"contentUrl\":\"https:\/\/secure.gravatar.com\/avatar\/e67344401a27ff9f91b2b48296aaa8fb9186ac51a3404ed4bdfbe790b6a9ee11?s=96&d=mm&r=g\",\"caption\":\"admin\"},\"url\":\"https:\/\/www.other-news.info\/noticias\/author\/admin\/\"}]}<\/script>\n<!-- \/ Yoast SEO plugin. -->","yoast_head_json":{"title":"No habr\u00e1 paz para malvados - Other News - Voz en contra de la corriente","robots":{"index":"index","follow":"follow","max-snippet":"max-snippet:-1","max-image-preview":"max-image-preview:large","max-video-preview":"max-video-preview:-1"},"canonical":"https:\/\/www.other-news.info\/noticias\/no-habra-paz-para-malvados\/","og_locale":"es_ES","og_type":"article","og_title":"No habr\u00e1 paz para malvados - Other News - Voz en contra de la corriente","og_description":"Por David Bollero* Esta semana el portavoz militar israel\u00ed afirmaba estar trabajando para que m\u00e1s pronto que tarde la poblaci\u00f3n gazat\u00ed pueda regresar a sus hogares. La pregunta es tan obvia como indignante: \u00bfQu\u00e9 hogares?&nbsp;Israel ha arrasado con todas las viviendas, con las\u2026","og_url":"https:\/\/www.other-news.info\/noticias\/no-habra-paz-para-malvados\/","og_site_name":"Other News - Voz en contra de la corriente","article_published_time":"2023-12-21T17:53:35+00:00","twitter_card":"summary_large_image","twitter_misc":{"Escrito por":"admin","Tiempo de lectura":"5 minutos"},"schema":{"@context":"https:\/\/schema.org","@graph":[{"@type":"WebSite","@id":"https:\/\/www.other-news.info\/noticias\/#website","url":"https:\/\/www.other-news.info\/noticias\/","name":"Other News - Voz en contra de la corriente","description":"Voz en contra de la corriente","potentialAction":[{"@type":"SearchAction","target":{"@type":"EntryPoint","urlTemplate":"https:\/\/www.other-news.info\/noticias\/?s={search_term_string}"},"query-input":"required name=search_term_string"}],"inLanguage":"es"},{"@type":"WebPage","@id":"https:\/\/www.other-news.info\/noticias\/no-habra-paz-para-malvados\/#webpage","url":"https:\/\/www.other-news.info\/noticias\/no-habra-paz-para-malvados\/","name":"No habr\u00e1 paz para malvados - Other News - Voz en contra de la corriente","isPartOf":{"@id":"https:\/\/www.other-news.info\/noticias\/#website"},"datePublished":"2023-12-21T17:53:35+00:00","dateModified":"2023-12-21T17:53:35+00:00","author":{"@id":"https:\/\/www.other-news.info\/noticias\/#\/schema\/person\/dd0ead9df8654b02034c4da003b9991b"},"breadcrumb":{"@id":"https:\/\/www.other-news.info\/noticias\/no-habra-paz-para-malvados\/#breadcrumb"},"inLanguage":"es","potentialAction":[{"@type":"ReadAction","target":["https:\/\/www.other-news.info\/noticias\/no-habra-paz-para-malvados\/"]}]},{"@type":"BreadcrumbList","@id":"https:\/\/www.other-news.info\/noticias\/no-habra-paz-para-malvados\/#breadcrumb","itemListElement":[{"@type":"ListItem","position":1,"name":"Home","item":"https:\/\/www.other-news.info\/noticias\/"},{"@type":"ListItem","position":2,"name":"No habr\u00e1 paz para malvados"}]},{"@type":"Person","@id":"https:\/\/www.other-news.info\/noticias\/#\/schema\/person\/dd0ead9df8654b02034c4da003b9991b","name":"admin","image":{"@type":"ImageObject","@id":"https:\/\/www.other-news.info\/noticias\/#personlogo","inLanguage":"es","url":"https:\/\/secure.gravatar.com\/avatar\/e67344401a27ff9f91b2b48296aaa8fb9186ac51a3404ed4bdfbe790b6a9ee11?s=96&d=mm&r=g","contentUrl":"https:\/\/secure.gravatar.com\/avatar\/e67344401a27ff9f91b2b48296aaa8fb9186ac51a3404ed4bdfbe790b6a9ee11?s=96&d=mm&r=g","caption":"admin"},"url":"https:\/\/www.other-news.info\/noticias\/author\/admin\/"}]}},"_links":{"self":[{"href":"https:\/\/www.other-news.info\/noticias\/wp-json\/wp\/v2\/posts\/23086","targetHints":{"allow":["GET"]}}],"collection":[{"href":"https:\/\/www.other-news.info\/noticias\/wp-json\/wp\/v2\/posts"}],"about":[{"href":"https:\/\/www.other-news.info\/noticias\/wp-json\/wp\/v2\/types\/post"}],"author":[{"embeddable":true,"href":"https:\/\/www.other-news.info\/noticias\/wp-json\/wp\/v2\/users\/2"}],"replies":[{"embeddable":true,"href":"https:\/\/www.other-news.info\/noticias\/wp-json\/wp\/v2\/comments?post=23086"}],"version-history":[{"count":1,"href":"https:\/\/www.other-news.info\/noticias\/wp-json\/wp\/v2\/posts\/23086\/revisions"}],"predecessor-version":[{"id":23087,"href":"https:\/\/www.other-news.info\/noticias\/wp-json\/wp\/v2\/posts\/23086\/revisions\/23087"}],"wp:attachment":[{"href":"https:\/\/www.other-news.info\/noticias\/wp-json\/wp\/v2\/media?parent=23086"}],"wp:term":[{"taxonomy":"category","embeddable":true,"href":"https:\/\/www.other-news.info\/noticias\/wp-json\/wp\/v2\/categories?post=23086"},{"taxonomy":"post_tag","embeddable":true,"href":"https:\/\/www.other-news.info\/noticias\/wp-json\/wp\/v2\/tags?post=23086"}],"curies":[{"name":"wp","href":"https:\/\/api.w.org\/{rel}","templated":true}]}}