{"id":23089,"date":"2023-12-22T18:51:42","date_gmt":"2023-12-22T17:51:42","guid":{"rendered":"https:\/\/www.other-news.info\/noticias\/?p=23089"},"modified":"2023-12-22T19:35:28","modified_gmt":"2023-12-22T18:35:28","slug":"entre-el-sindrome-de-estocolmo-y-el-de-milei-la-represion-y-los-cacerolazo","status":"publish","type":"post","link":"https:\/\/www.other-news.info\/noticias\/entre-el-sindrome-de-estocolmo-y-el-de-milei-la-represion-y-los-cacerolazo\/","title":{"rendered":"Entre el s\u00edndrome de Estocolmo (y el de Milei), la represi\u00f3n y los cacerolazos"},"content":{"rendered":"\n<p class=\"wp-block-paragraph\"><strong><em>\u00c1lvaro Verzi Rangel* Estatregia.la<\/em><\/strong><\/p>\n\n\n\n<p class=\"wp-block-paragraph\">Pese a la prometida represi\u00f3n, decenas de miles de personas salieron con cacerolas a las calles de las principales ciudades de Argentina&nbsp;para protestar contra el Decreto de Necesidad y Urgencia (DNU), que deroga o modifica m\u00e1s de 300 normativas que&nbsp;desregular\u00e1n la econom\u00eda del pa\u00eds&nbsp;y sumir\u00e1n en la miseria a las grandes mayor\u00edas.<\/p>\n\n\n\n<p class=\"wp-block-paragraph\">El silencio de las calles fue interrumpido por los cacerolazos y el mismo grito de diciembre de 2001, cuando el estallido social termin\u00f3 con el gobierno de Fernando de la R\u00faa: \u201c\u00a1La patria no se vende!, \u00a1Que se vayan todos!\u201d.<\/p>\n\n\n\n<p class=\"wp-block-paragraph\">Y es que, por m\u00e1s que desde los primeros momentos de su mandato debi\u00f3 desistir de dos de sus promesas m\u00e1s disparatadas \u2013la &nbsp;dolarizaci\u00f3n&nbsp;y el cierre del Banco Central\u2013, es claro que el gobierno de Milei est\u00e1 sembrando un desbarajuste pol\u00edtico, econ\u00f3mico y social much\u00edsimo&nbsp;m\u00e1s grave que el que enfrent\u00f3 su antecesor Alberto Fern\u00e1ndez, quien hered\u00f3&nbsp;la crisis provocada por el presidente anterior, el neoliberal Mauricio Macri, hoy socio&nbsp;pol\u00edtico de Milei.<\/p>\n\n\n\n<p class=\"wp-block-paragraph\">Se trata de la demolici\u00f3n del Estado y de las instituciones puesta en pr\u00e1ctica desde la Presidencia, y seg\u00fan Milei, quienes se oponen a ello, padecen el S\u00edndrome de Estocolmo. Muchos de ellos sienten que hoy&nbsp;no es necesario sentir nostalgia por el kirchnerismo para percibir que Milei est\u00e1 conduciendo el pa\u00eds al despe\u00f1adero.<\/p>\n\n\n\n<p class=\"wp-block-paragraph\"><strong>\u00bfLa Patria no se vende?<\/strong><\/p>\n\n\n\n<p class=\"wp-block-paragraph\">Las protestas callejeras, pac\u00edficas aunque efectuadas bajo un impresionante acoso policial, fueron la primera respuesta al proyecto ultraderechista, que a espaldas del poder Legislativo&nbsp;impone&nbsp;una serie&nbsp;de medidas&nbsp;que liquida pr\u00e1cticamente todos los elementos con sentido social de la legislaci\u00f3n argentina, elimina los derechos laborales, da paso a la privatizaci\u00f3n de los principales bienes p\u00fablicos, empezando por Yacimientos Petrol\u00edferos Argentinos (YPF) y Aerol\u00edneas Argentinas.<\/p>\n\n\n\n<p class=\"wp-block-paragraph\">Asimismo&nbsp;estimula la conversi\u00f3n generalizada de organizaciones no lucrativas en sociedades an\u00f3nimas: incluso entregar a los grupos empresariales los clubes de f\u00fatbol, hoy fortaleza de sus socios.&nbsp;En s\u00edntesis, fomenta la m\u00e1s pura ley de la selva,&nbsp;que amenaza con destruir la convivencia, la paz y la gobernabilidad en Argentina, en favor de los negociados de las grandes empresas y fondos de inversi\u00f3n.<\/p>\n\n\n\n<p class=\"wp-block-paragraph\">Los apoyos a su campa\u00f1a se van pagando, y lo demuestra el gui\u00f1o de Milei a Starlink, que&nbsp;cambia el panorama de la internet satelital&nbsp;en el pa\u00eds. \u201c\u00bbla provisi\u00f3n de facilidades de los sistemas satelitales de comunicaciones ser\u00e1 libre\u00bb, se\u00f1ala el DNU. La empresa del multimillonario&nbsp;Elon Musk tiene en sus planes comenzar a brindar sus servicios en la Argentina en los pr\u00f3ximos meses. El nuevo decreto facilitar\u00e1 su llegada.&nbsp;<\/p>\n\n\n\n<p class=\"wp-block-paragraph\"><strong>El s\u00edndrome de Estocolmo<\/strong><\/p>\n\n\n\n<p class=\"wp-block-paragraph\">El ultraderechista presidente se\u00f1al\u00f3 que quienes se movilizan contra sus medidas sufren del s\u00edndrome de Estocolmo y est\u00e1n abrazados y enamorados del modelo que los empobrece.\u201dHay gente que mira con nostalgia, amor y cari\u00f1o al comunismo\u201d, a\u00f1adi\u00f3.&nbsp;Este s\u00edndrome supone&nbsp;una respuesta mental y emocional \u201cen la que un cautivo (por ejemplo, un reh\u00e9n) muestra aparente lealtad e incluso afecto hacia el secuestrador.<\/p>\n\n\n\n<p class=\"wp-block-paragraph\">Demasiada imaginaci\u00f3n y manipulaci\u00f3n de los sesentistas libretistas del discurso oficial: nadie puede creer que &nbsp;la (p\u00e9sima) administraci\u00f3n de Alberto Fern\u00e1ndez pueda entrar&nbsp;en la clasificaci\u00f3n de socialismo, fascismo, comunismo.<\/p>\n\n\n\n<p class=\"wp-block-paragraph\"><strong>La grav\u00edsima crisis\u2026a\u00fan no lleg\u00f3<\/strong><\/p>\n\n\n\n<p class=\"wp-block-paragraph\">Estamos ante la versi\u00f3n radicalizada de toda una retah\u00edla de ajustes liberales previos. S\u00f3lo es nueva la velocidad de su aplicaci\u00f3n. &nbsp;Se trata de programas duros amparados conceptualmente en la \u201cgrav\u00edsima crisis\u201d recibida por sus impulsores y en la debilidad argumental del peronismo para refutar esos diagn\u00f3sticos feroces, se\u00f1ala Gabriel Fern\u00e1ndez.<\/p>\n\n\n\n<p class=\"wp-block-paragraph\">La novedad radica en que por primera vez, debido al panorama internacional, la Argentina realmente corre el riesgo de fragmentarse sin contar con la opci\u00f3n de reconstrucci\u00f3n que por lo habitual sigui\u00f3 a cada embestida de la derecha. La aplicaci\u00f3n firme de lo anunciado derivar\u00e1 en la privatizaci\u00f3n y extranjerizaci\u00f3n del Sur patag\u00f3nico&nbsp;y de los recursos y empresas m\u00e1s valiosas del mismo, en&nbsp;el marco de un Estado central ultradebilitado y sin capacidad de intervenci\u00f3n en ning\u00fan rubro.<\/p>\n\n\n\n<p class=\"wp-block-paragraph\">As\u00ed se corre el riesgo al establecimiento de satrap\u00edas o miniestados -todos agitando falsas banderas federales-,un paso m\u00e1s corto de lo que puede suponerse hacia la disgregaci\u00f3n. Ese es el esp\u00edritu de las primeras medidas anunciadas y, por lo visto, de las que vendr\u00e1n, a\u00f1ade el director de Radio Gr\u00e1fica.<\/p>\n\n\n\n<p class=\"wp-block-paragraph\">Milei busca&nbsp;una ruptura con la manera de hacer las cosas de siempre, para seguir haci\u00e9ndolas, pero rompiendo cristales.&nbsp;Donald&nbsp;Trump, Jair Bolsonaro y ahora Javier Milei, en esta parte del mundo,&nbsp;son resultados exitosos de esa estrategia de ventas. Hay que tener en cuenta que esta estrategia fue (y es) &nbsp;potenciada por un&nbsp;progresismo, a\u00fan m\u00e1s timorato&nbsp;y dubitativo que la socialdemocracia,&nbsp;que se mira al espejo y se ve&nbsp;como equilibrada y, por ende no hace nada comprometedor.<\/p>\n\n\n\n<p class=\"wp-block-paragraph\"><strong>Irracionalismo y pol\u00edtica<\/strong><\/p>\n\n\n\n<p class=\"wp-block-paragraph\">\u00bfPor qu\u00e9 soportan los hombres desde siglos la explotaci\u00f3n, la humillaci\u00f3n, la esclavitud, hasta el punto de quererlas no solo para los dem\u00e1s, sino tambi\u00e9n para s\u00ed mismos..?, me preguntan.&nbsp;&nbsp;No tengo respuesta.<\/p>\n\n\n\n<p class=\"wp-block-paragraph\">El gobernador de Buenos Aires, el peronista Axel Kicillof, asever\u00f3 que \u201ca espaldas de la divisi\u00f3n de poderes anuncia un decreto que, sin necesidad ni urgencia, plantea privatizar todo, desregular todo, destruir derechos de los trabajadores, arrasar con sectores completos de la producci\u00f3n, rifar los clubes de f\u00fatbol y el patrimonio de los argentinos\u201d.<\/p>\n\n\n\n<p class=\"wp-block-paragraph\">\u00bfPuede hablarse ya de una pandemia de salud mental colectiva como componente del doloroso ascenso del irracionalismo en la esfera pol\u00edtica..?&nbsp;Hay quienes hablan de siete mil a\u00f1os vividos entre las m\u00e1scaras de la ideolog\u00eda y sus tutelajes sobre las sociedades. Otros, de la aplicaci\u00f3n del llamado pensamiento disruptivo, &nbsp;una estrategia surgida del mundo empresarial&nbsp;con el&nbsp;objetivo&nbsp;de&nbsp;darle un nuevo impulso a la competencia capitalista.<\/p>\n\n\n\n<p class=\"wp-block-paragraph\">\u201cPara los ultraderechistas neo-neoliberales, el mundo es plano.No hay clases sociales, no hay naciones hegem\u00f3nicas, no hay imperios ni hay par\u00e1sitos opresores. Todo lo que pasa en un pa\u00eds, sobre todo en un pa\u00eds de la periferia, es simple y pura responsabilidad de los zurdos resentidos\u201d, se\u00f1ala Jorge Majfud.<\/p>\n\n\n\n<p class=\"wp-block-paragraph\">Los gobiernos hacen una diferencia, pero&nbsp;solos&nbsp;no deciden su propio contexto, como puede hacerlo un pa\u00eds capitalista del centro,&nbsp;un pa\u00eds imperial. O&nbsp;llam\u00e9moslo hegem\u00f3nico, si la palabra imperio puede herir&nbsp;sensibilidades.<\/p>\n\n\n\n<p class=\"wp-block-paragraph\">El Observatorio del Derecho a la Ciudad hizo la primera presentaci\u00f3n judicial contra el DNU por considerar que es inconstitucional y es un ejercicio de facultades extraordinarias equivalentes a la suma de todo el poder p\u00fablico.<\/p>\n\n\n\n<p class=\"wp-block-paragraph\">La demanda, que respaldaron la Central de Trabajadores Aut\u00f3noma y la Asociaci\u00f3n Trabajadores del Estado, tiene por objetivo que se dicte una medida cautelar que suspenda los efectos del decreto que todav\u00eda no entr\u00f3 en vigencia, y que finalmente se declare la inconstitucionalidad del&nbsp;texto que el jueves se public\u00f3 en el&nbsp;Bolet\u00edn Oficial.<\/p>\n\n\n\n<p class=\"wp-block-paragraph\">Adem\u00e1s de las trabas que podr\u00eda encontrar Milei en el Parlamento para aprobar el paquete de recortes, la normativa tambi\u00e9n podr\u00eda ser rechazada por la justicia. Expertos aclararon que los cambios deber\u00edan realizarse mediante leyes aprobadas por el Congreso y no por decretos.<\/p>\n\n\n\n<p class=\"wp-block-paragraph\">La \u201cexperiencia\u201d Milei preocupa a Latinoam\u00e9rica toda. &nbsp;Un editorial del diario mexicano La Jornada se\u00f1ala que \u201cla desaforada fobia del mandatario argentino a todo lo que tenga que ver con inter\u00e9s p\u00fablico, bien com\u00fan y sentido social, aunada a ese abuso sistem\u00e1tico de la hip\u00e9rbole, el ox\u00edmoron y la mentira a secas, bien podr\u00eda calificarse de s\u00edndrome de Milei, un padecimiento mucho m\u00e1s agudo y peligroso que la simple demagogia\u201d.<\/p>\n\n\n\n<p class=\"wp-block-paragraph\">\u2026\u2026\u2026\u2026\u2026\u2026\u2026\u2026\u2026<\/p>\n\n\n\n<p class=\"wp-block-paragraph\"><em>*Soci\u00f3logo&nbsp;&nbsp;y analista internacional, Codirector del Observatorio en Comunicaci\u00f3n y Democracia y analista senior&nbsp;del&nbsp;Centro Latinoamericano de An\u00e1lisis Estrat\u00e9gico (CLAE,&nbsp;<a href=\"http:\/\/www.estrategia.la\/\">www.estrategia.la<\/a>)<\/em><\/p>\n\n\n\n<p class=\"wp-block-paragraph\"><\/p>\n","protected":false},"excerpt":{"rendered":"<p>\u00c1lvaro Verzi Rangel* Estatregia.la Pese a la prometida represi\u00f3n, decenas de miles de personas salieron con cacerolas a las calles de las principales ciudades de Argentina&nbsp;para protestar contra el Decreto de Necesidad y Urgencia (DNU), que deroga o modifica m\u00e1s de 300\u2026<\/p>\n","protected":false},"author":2,"featured_media":0,"comment_status":"closed","ping_status":"open","sticky":false,"template":"","format":"standard","meta":{"footnotes":""},"categories":[1],"tags":[],"class_list":["post-23089","post","type-post","status-publish","format-standard","hentry","category-other-news"],"yoast_head":"<!-- This site is optimized with the Yoast SEO plugin v16.7 - https:\/\/yoast.com\/wordpress\/plugins\/seo\/ -->\n<title>Entre el s\u00edndrome de Estocolmo (y el de Milei), la represi\u00f3n y los cacerolazos - Other News - Voz en contra de la corriente<\/title>\n<meta name=\"robots\" content=\"index, follow, max-snippet:-1, max-image-preview:large, max-video-preview:-1\" \/>\n<link rel=\"canonical\" href=\"https:\/\/www.other-news.info\/noticias\/entre-el-sindrome-de-estocolmo-y-el-de-milei-la-represion-y-los-cacerolazo\/\" \/>\n<meta property=\"og:locale\" content=\"es_ES\" \/>\n<meta property=\"og:type\" content=\"article\" \/>\n<meta property=\"og:title\" content=\"Entre el s\u00edndrome de Estocolmo (y el de Milei), la represi\u00f3n y los cacerolazos - Other News - Voz en contra de la corriente\" \/>\n<meta property=\"og:description\" content=\"\u00c1lvaro Verzi Rangel* Estatregia.la Pese a la prometida represi\u00f3n, decenas de miles de personas salieron con cacerolas a las calles de las principales ciudades de Argentina&nbsp;para protestar contra el Decreto de Necesidad y Urgencia (DNU), que deroga o modifica m\u00e1s de 300\u2026\" \/>\n<meta property=\"og:url\" content=\"https:\/\/www.other-news.info\/noticias\/entre-el-sindrome-de-estocolmo-y-el-de-milei-la-represion-y-los-cacerolazo\/\" \/>\n<meta property=\"og:site_name\" content=\"Other News - Voz en contra de la corriente\" \/>\n<meta property=\"article:published_time\" content=\"2023-12-22T17:51:42+00:00\" \/>\n<meta property=\"article:modified_time\" content=\"2023-12-22T18:35:28+00:00\" \/>\n<meta name=\"twitter:card\" content=\"summary_large_image\" \/>\n<meta name=\"twitter:label1\" content=\"Escrito por\" \/>\n\t<meta name=\"twitter:data1\" content=\"admin\" \/>\n\t<meta name=\"twitter:label2\" content=\"Tiempo de lectura\" \/>\n\t<meta name=\"twitter:data2\" content=\"7 minutos\" \/>\n<script type=\"application\/ld+json\" class=\"yoast-schema-graph\">{\"@context\":\"https:\/\/schema.org\",\"@graph\":[{\"@type\":\"WebSite\",\"@id\":\"https:\/\/www.other-news.info\/noticias\/#website\",\"url\":\"https:\/\/www.other-news.info\/noticias\/\",\"name\":\"Other News - Voz en contra de la corriente\",\"description\":\"Voz en contra de la corriente\",\"potentialAction\":[{\"@type\":\"SearchAction\",\"target\":{\"@type\":\"EntryPoint\",\"urlTemplate\":\"https:\/\/www.other-news.info\/noticias\/?s={search_term_string}\"},\"query-input\":\"required name=search_term_string\"}],\"inLanguage\":\"es\"},{\"@type\":\"WebPage\",\"@id\":\"https:\/\/www.other-news.info\/noticias\/entre-el-sindrome-de-estocolmo-y-el-de-milei-la-represion-y-los-cacerolazo\/#webpage\",\"url\":\"https:\/\/www.other-news.info\/noticias\/entre-el-sindrome-de-estocolmo-y-el-de-milei-la-represion-y-los-cacerolazo\/\",\"name\":\"Entre el s\\u00edndrome de Estocolmo (y el de Milei), la represi\\u00f3n y los cacerolazos - Other News - Voz en contra de la corriente\",\"isPartOf\":{\"@id\":\"https:\/\/www.other-news.info\/noticias\/#website\"},\"datePublished\":\"2023-12-22T17:51:42+00:00\",\"dateModified\":\"2023-12-22T18:35:28+00:00\",\"author\":{\"@id\":\"https:\/\/www.other-news.info\/noticias\/#\/schema\/person\/dd0ead9df8654b02034c4da003b9991b\"},\"breadcrumb\":{\"@id\":\"https:\/\/www.other-news.info\/noticias\/entre-el-sindrome-de-estocolmo-y-el-de-milei-la-represion-y-los-cacerolazo\/#breadcrumb\"},\"inLanguage\":\"es\",\"potentialAction\":[{\"@type\":\"ReadAction\",\"target\":[\"https:\/\/www.other-news.info\/noticias\/entre-el-sindrome-de-estocolmo-y-el-de-milei-la-represion-y-los-cacerolazo\/\"]}]},{\"@type\":\"BreadcrumbList\",\"@id\":\"https:\/\/www.other-news.info\/noticias\/entre-el-sindrome-de-estocolmo-y-el-de-milei-la-represion-y-los-cacerolazo\/#breadcrumb\",\"itemListElement\":[{\"@type\":\"ListItem\",\"position\":1,\"name\":\"Home\",\"item\":\"https:\/\/www.other-news.info\/noticias\/\"},{\"@type\":\"ListItem\",\"position\":2,\"name\":\"Entre el s\\u00edndrome de Estocolmo (y el de Milei), la represi\\u00f3n y los cacerolazos\"}]},{\"@type\":\"Person\",\"@id\":\"https:\/\/www.other-news.info\/noticias\/#\/schema\/person\/dd0ead9df8654b02034c4da003b9991b\",\"name\":\"admin\",\"image\":{\"@type\":\"ImageObject\",\"@id\":\"https:\/\/www.other-news.info\/noticias\/#personlogo\",\"inLanguage\":\"es\",\"url\":\"https:\/\/secure.gravatar.com\/avatar\/e67344401a27ff9f91b2b48296aaa8fb9186ac51a3404ed4bdfbe790b6a9ee11?s=96&d=mm&r=g\",\"contentUrl\":\"https:\/\/secure.gravatar.com\/avatar\/e67344401a27ff9f91b2b48296aaa8fb9186ac51a3404ed4bdfbe790b6a9ee11?s=96&d=mm&r=g\",\"caption\":\"admin\"},\"url\":\"https:\/\/www.other-news.info\/noticias\/author\/admin\/\"}]}<\/script>\n<!-- \/ Yoast SEO plugin. -->","yoast_head_json":{"title":"Entre el s\u00edndrome de Estocolmo (y el de Milei), la represi\u00f3n y los cacerolazos - Other News - Voz en contra de la corriente","robots":{"index":"index","follow":"follow","max-snippet":"max-snippet:-1","max-image-preview":"max-image-preview:large","max-video-preview":"max-video-preview:-1"},"canonical":"https:\/\/www.other-news.info\/noticias\/entre-el-sindrome-de-estocolmo-y-el-de-milei-la-represion-y-los-cacerolazo\/","og_locale":"es_ES","og_type":"article","og_title":"Entre el s\u00edndrome de Estocolmo (y el de Milei), la represi\u00f3n y los cacerolazos - Other News - Voz en contra de la corriente","og_description":"\u00c1lvaro Verzi Rangel* Estatregia.la Pese a la prometida represi\u00f3n, decenas de miles de personas salieron con cacerolas a las calles de las principales ciudades de Argentina&nbsp;para protestar contra el Decreto de Necesidad y Urgencia (DNU), que deroga o modifica m\u00e1s de 300\u2026","og_url":"https:\/\/www.other-news.info\/noticias\/entre-el-sindrome-de-estocolmo-y-el-de-milei-la-represion-y-los-cacerolazo\/","og_site_name":"Other News - Voz en contra de la corriente","article_published_time":"2023-12-22T17:51:42+00:00","article_modified_time":"2023-12-22T18:35:28+00:00","twitter_card":"summary_large_image","twitter_misc":{"Escrito por":"admin","Tiempo de lectura":"7 minutos"},"schema":{"@context":"https:\/\/schema.org","@graph":[{"@type":"WebSite","@id":"https:\/\/www.other-news.info\/noticias\/#website","url":"https:\/\/www.other-news.info\/noticias\/","name":"Other News - Voz en contra de la corriente","description":"Voz en contra de la corriente","potentialAction":[{"@type":"SearchAction","target":{"@type":"EntryPoint","urlTemplate":"https:\/\/www.other-news.info\/noticias\/?s={search_term_string}"},"query-input":"required name=search_term_string"}],"inLanguage":"es"},{"@type":"WebPage","@id":"https:\/\/www.other-news.info\/noticias\/entre-el-sindrome-de-estocolmo-y-el-de-milei-la-represion-y-los-cacerolazo\/#webpage","url":"https:\/\/www.other-news.info\/noticias\/entre-el-sindrome-de-estocolmo-y-el-de-milei-la-represion-y-los-cacerolazo\/","name":"Entre el s\u00edndrome de Estocolmo (y el de Milei), la represi\u00f3n y los cacerolazos - Other News - Voz en contra de la corriente","isPartOf":{"@id":"https:\/\/www.other-news.info\/noticias\/#website"},"datePublished":"2023-12-22T17:51:42+00:00","dateModified":"2023-12-22T18:35:28+00:00","author":{"@id":"https:\/\/www.other-news.info\/noticias\/#\/schema\/person\/dd0ead9df8654b02034c4da003b9991b"},"breadcrumb":{"@id":"https:\/\/www.other-news.info\/noticias\/entre-el-sindrome-de-estocolmo-y-el-de-milei-la-represion-y-los-cacerolazo\/#breadcrumb"},"inLanguage":"es","potentialAction":[{"@type":"ReadAction","target":["https:\/\/www.other-news.info\/noticias\/entre-el-sindrome-de-estocolmo-y-el-de-milei-la-represion-y-los-cacerolazo\/"]}]},{"@type":"BreadcrumbList","@id":"https:\/\/www.other-news.info\/noticias\/entre-el-sindrome-de-estocolmo-y-el-de-milei-la-represion-y-los-cacerolazo\/#breadcrumb","itemListElement":[{"@type":"ListItem","position":1,"name":"Home","item":"https:\/\/www.other-news.info\/noticias\/"},{"@type":"ListItem","position":2,"name":"Entre el s\u00edndrome de Estocolmo (y el de Milei), la represi\u00f3n y los cacerolazos"}]},{"@type":"Person","@id":"https:\/\/www.other-news.info\/noticias\/#\/schema\/person\/dd0ead9df8654b02034c4da003b9991b","name":"admin","image":{"@type":"ImageObject","@id":"https:\/\/www.other-news.info\/noticias\/#personlogo","inLanguage":"es","url":"https:\/\/secure.gravatar.com\/avatar\/e67344401a27ff9f91b2b48296aaa8fb9186ac51a3404ed4bdfbe790b6a9ee11?s=96&d=mm&r=g","contentUrl":"https:\/\/secure.gravatar.com\/avatar\/e67344401a27ff9f91b2b48296aaa8fb9186ac51a3404ed4bdfbe790b6a9ee11?s=96&d=mm&r=g","caption":"admin"},"url":"https:\/\/www.other-news.info\/noticias\/author\/admin\/"}]}},"_links":{"self":[{"href":"https:\/\/www.other-news.info\/noticias\/wp-json\/wp\/v2\/posts\/23089","targetHints":{"allow":["GET"]}}],"collection":[{"href":"https:\/\/www.other-news.info\/noticias\/wp-json\/wp\/v2\/posts"}],"about":[{"href":"https:\/\/www.other-news.info\/noticias\/wp-json\/wp\/v2\/types\/post"}],"author":[{"embeddable":true,"href":"https:\/\/www.other-news.info\/noticias\/wp-json\/wp\/v2\/users\/2"}],"replies":[{"embeddable":true,"href":"https:\/\/www.other-news.info\/noticias\/wp-json\/wp\/v2\/comments?post=23089"}],"version-history":[{"count":2,"href":"https:\/\/www.other-news.info\/noticias\/wp-json\/wp\/v2\/posts\/23089\/revisions"}],"predecessor-version":[{"id":23093,"href":"https:\/\/www.other-news.info\/noticias\/wp-json\/wp\/v2\/posts\/23089\/revisions\/23093"}],"wp:attachment":[{"href":"https:\/\/www.other-news.info\/noticias\/wp-json\/wp\/v2\/media?parent=23089"}],"wp:term":[{"taxonomy":"category","embeddable":true,"href":"https:\/\/www.other-news.info\/noticias\/wp-json\/wp\/v2\/categories?post=23089"},{"taxonomy":"post_tag","embeddable":true,"href":"https:\/\/www.other-news.info\/noticias\/wp-json\/wp\/v2\/tags?post=23089"}],"curies":[{"name":"wp","href":"https:\/\/api.w.org\/{rel}","templated":true}]}}