{"id":23091,"date":"2023-12-22T18:53:01","date_gmt":"2023-12-22T17:53:01","guid":{"rendered":"https:\/\/www.other-news.info\/noticias\/?p=23091"},"modified":"2023-12-22T18:53:02","modified_gmt":"2023-12-22T17:53:02","slug":"hrw-acuso-a-meta-de-silenciar-voces-palestinas","status":"publish","type":"post","link":"https:\/\/www.other-news.info\/noticias\/hrw-acuso-a-meta-de-silenciar-voces-palestinas\/","title":{"rendered":"HRW acus\u00f3 a Meta (*) de silenciar voces palestinas"},"content":{"rendered":"\n<p class=\"wp-block-paragraph\"><strong><em>Redacci\u00f3n de P\u00e1gina\/12, Argentina<\/em><\/strong><\/p>\n\n\n\n<p class=\"wp-block-paragraph\"><em>\u00abLas pol\u00edticas y los sistemas de moderaci\u00f3n de contenido de Meta est\u00e1n silenciando cada vez m\u00e1s las voces a favor de Palestina en Instagram y Facebook.\u00bb HRW acus\u00f3 de censura a Facebook e Instagram<\/em><\/p>\n\n\n\n<p class=\"wp-block-paragraph\">La oeneg\u00e9&nbsp;<a href=\"https:\/\/www.pagina12.com.ar\/tags\/10828-human-rights-watch\">Human Rights Watch&nbsp;<\/a>(HRW) acus\u00f3 a Meta de restringir el contenido propalestino en Facebook e Instagram, denunciando una&nbsp;\u00abcensura en l\u00ednea sist\u00e9mica\u00bb&nbsp;desde el inicio de&nbsp;<a href=\"https:\/\/www.pagina12.com.ar\/tags\/54464-conflicto-palestino-israeli\">la guerra entre Israel y Hamas<\/a>.<\/p>\n\n\n\n<p class=\"wp-block-paragraph\">\u00abLas pol\u00edticas y los sistemas de moderaci\u00f3n de contenido de Meta est\u00e1n silenciando cada vez m\u00e1s las voces a favor de Palestina en Instagram y Facebook\u00bb, escribi\u00f3 en un informe de 51 p\u00e1ginas publicado el jueves.<\/p>\n\n\n\n<p class=\"wp-block-paragraph\">Esta censura es \u00abparticularmente da\u00f1ina en un per\u00edodo de terribles atrocidades y represi\u00f3n que ya sofocan las voces de los palestinos\u00bb, dijo&nbsp;Deborah Brown, subdirectora interina de la divisi\u00f3n de tecnolog\u00eda y derechos humanos de HRW, citada en el comunicado de la ONG.<\/p>\n\n\n\n<p class=\"wp-block-paragraph\"><strong>Consejo independiente<\/strong><\/p>\n\n\n\n<p class=\"wp-block-paragraph\">El martes, el consejo independiente de vigilancia de Meta&nbsp;critic\u00f3 a las plataformas del gigante de las redes sociales por una pol\u00edtica de moderaci\u00f3n demasiado restrictiva&nbsp;en el marco del conflicto entre Israel y Ham\u00e1s.<\/p>\n\n\n\n<p class=\"wp-block-paragraph\">La guerra entre Israel y Ham\u00e1s fue desencadenada el 7 de octubre por un ataque sin precedentes del movimiento islamista palestino en suelo israel\u00ed, matando a unas 1.140 personas, en su mayor\u00eda civiles, seg\u00fan un recuento de AFP basado en cifras israel\u00edes.<\/p>\n\n\n\n<p class=\"wp-block-paragraph\">El ministerio de Salud de Ham\u00e1s en Gaza inform\u00f3 el mi\u00e9rcoles de 20.000 muertos desde el inicio de los bombardeos israel\u00edes, en su mayor\u00eda mujeres, ni\u00f1os y adolescentes.<\/p>\n\n\n\n<p class=\"wp-block-paragraph\">En su informe, titulado&nbsp;\u00abLas promesas incumplidas de Meta: Censura sist\u00e9mica de contenidos propalestinos en Instagram y Facebook\u00bb,&nbsp;HRW considera que \u00abla censura de Meta contribuye a borrar los sufrimientos de los palestinos\u00bb.<\/p>\n\n\n\n<p class=\"wp-block-paragraph\"><strong>Supresi\u00f3n de contenidos<\/strong><\/p>\n\n\n\n<p class=\"wp-block-paragraph\">La ONG detalla la supresi\u00f3n de contenidos, la suspensi\u00f3n o supresi\u00f3n de cuentas, la incapacidad de interactuar con los contenidos o la incapacidad de seguir cuentas.<\/p>\n\n\n\n<p class=\"wp-block-paragraph\">En total,&nbsp;la ONG examin\u00f3 1.050 \u00abcasos de censura y otras supresiones de contenidos en m\u00e1s de 60 pa\u00edses\u00bb en Instagram y Facebook, entre octubre y noviembre.<\/p>\n\n\n\n<p class=\"wp-block-paragraph\">De este total, 1.049 se refer\u00edan a \u00abcontenidos pac\u00edficos en favor de Palestina, mientras que un caso se refer\u00eda a la supresi\u00f3n de contenidos en favor de Israel\u00bb, seg\u00fan la ONG, que llama a Meta a \u00abalinear sus pol\u00edticas y pr\u00e1cticas de moderaci\u00f3n de contenidos con las normas internacionales de derechos humanos\u00bb.<\/p>\n\n\n\n<p class=\"wp-block-paragraph\">\u2026\u2026\u2026\u2026\u2026..&nbsp;<\/p>\n\n\n\n<p class=\"wp-block-paragraph\"><em>*Servicio de redes y medios sociales en l\u00ednea estadounidense con sede en Menlo Park, California, fundada&nbsp; Por <\/em><a href=\"https:\/\/www.google.com\/search?sca_esv=593056060&amp;sxsrf=AM9HkKneRb_Cm5ugoS5sTv6VAteLQ7AV6g:1703240748335&amp;q=Mark+Zuckerberg&amp;si=ALGXSlYh1-GEPndq7qMo--O-TPixQtNN4JMroSxgItz5kq0stGQ2UNtFvukCfDUNR7dDVb4N8tyafgQCMtw27tprDjKYdByq059rLXG7TEgyy0q7Aiv1QDh3GgsVWRSudmfet8RY_Wx6-vMw9U4IlzyTjn_6kkHiF2vMZhTr5vNV71g7_EJH1oRCtlxJw5ol4jwsqecmB6pzQMV9we8v1lRqHENbVLvTUN-Ow2KmQQkkpXvV_9_m00m4uwVGylmL7sIkTxOD19jSK_xLj0UQLTmg5245laBqWA%3D%3D&amp;sa=X&amp;ved=2ahUKEwiny5We6qKDAxWcRaQEHdp3APYQmxMoAXoECE4QAw\"><em>Mark Zuckerberg<\/em><\/a><em>,&nbsp;<\/em><a href=\"https:\/\/www.google.com\/search?sca_esv=593056060&amp;sxsrf=AM9HkKneRb_Cm5ugoS5sTv6VAteLQ7AV6g:1703240748335&amp;q=Eduardo+Saverin&amp;si=ALGXSlYzFQQn5id74gU-GPAR8UsllKNebHx5zj2txQsc1FfqFOu5mBQM2CxWr2zuSAmV3vSZQsiWPIsC25zDen9tkNfqE0ROBvDWNeE1XVcyJBDFUKruRqhnfFdFmbBNPWzrDnqR_iedMFe3U-nmg_Rk89IGV594WdIdh9pHQjYyLkxmKqlZuopQ5wgp-9zHb8sOt19vkVz8r4IIK3JetMLjPFfO1fyUND2TKNVu1PiaLz6fj8JZdhHV1AT37ic9UNWQ-3gDgNnbB0oTZeerZQcfGzVbrmcp7A%3D%3D&amp;sa=X&amp;ved=2ahUKEwiny5We6qKDAxWcRaQEHdp3APYQmxMoAnoECE4QBA\"><em>Eduardo Saverin<\/em><\/a><em>,&nbsp;<\/em><a href=\"https:\/\/www.google.com\/search?sca_esv=593056060&amp;sxsrf=AM9HkKneRb_Cm5ugoS5sTv6VAteLQ7AV6g:1703240748335&amp;q=Andrew+McCollum&amp;si=ALGXSlYzFQQn5id74gU-GPAR8UsllKNebHx5zj2txQsc1FfqFOtL9Z7dHhqtjVnhbWJTExQplp-qhljri9dIcfDRfmD2_204RnDhbOoGQbj7NNvPybI8usu5UIHWR83rRSrGVnxxchpyPNifik0lqYj6ohqcslImcg06A2bMrKDjrRDuDQfNFLiaOUZhUTmckV4xLfNdBb0YFiEdIb38c2ZDSLhOCL894Kug-LA3lYYSYdUnuRLvoJOhh5GNFkaVeArlOiaaGJgAuYu3MC4i8ieogk0EQaew_A%3D%3D&amp;sa=X&amp;ved=2ahUKEwiny5We6qKDAxWcRaQEHdp3APYQmxMoA3oECE4QBQ\"><em>Andrew McCollum<\/em><\/a><em>,&nbsp;<\/em><a href=\"https:\/\/www.google.com\/search?sca_esv=593056060&amp;sxsrf=AM9HkKneRb_Cm5ugoS5sTv6VAteLQ7AV6g:1703240748335&amp;q=Dustin+Moskovitz&amp;si=ALGXSlYh1-GEPndq7qMo--O-TPixQtNN4JMroSxgItz5kq0stBkmnzf-rTA9acKyWvug5rLvazr6-YptppDGrY1U29Qi8tqb1vwlQuFqInKwU-wTTNJAglUWSWklMpAhTN-OhxpOdaJXQkGVJokOesHXQYY2xSJ_OuIw3au6VJpIbmdK2K9ppVqNfLQoHAzXGlecvk5POq0JEKbvREbEsgvaDlHGSHsM4PYfMVQJu2rTOUNeB8QhNvycTaA9QMEZm_en0YxveFkE1OIG8rKUnRN3PNpBreG8fw%3D%3D&amp;sa=X&amp;ved=2ahUKEwiny5We6qKDAxWcRaQEHdp3APYQmxMoBHoECE4QBg\"><em>Dustin Moskovitz<\/em><\/a><em>,&nbsp;<\/em><a href=\"https:\/\/www.google.com\/search?sca_esv=593056060&amp;sxsrf=AM9HkKneRb_Cm5ugoS5sTv6VAteLQ7AV6g:1703240748335&amp;q=Chris+Hughes&amp;si=ALGXSlYh1-GEPndq7qMo--O-TPixQtNN4JMroSxgItz5kq0stHkmXjnQDp5u0mjOHuQDvfhBPP8t9nCyz_is_TE1dsfgL14Oay6VC80kF8RM0f2yWJeymdidGp3WGlV-kXkovukURRbx3Ln1VIoU-igBfRk8_eQsv_8dAlvLhapM_3Ps-9-MV8hdlPtfJkVGqqKsSd9a0ldvfRG2CDIc1wLccFeJDQflqAboxdXtxuHIL72m8lEdCH0usA2ov-6-Qpxe0dsY_Owb9e6F8mc3bSGn-KSqLrExGw%3D%3D&amp;sa=X&amp;ved=2ahUKEwiny5We6qKDAxWcRaQEHdp3APYQmxMoBXoECE4QBw\"><em>Chris Hughes<\/em><\/a><em>. Meta Platforms,&nbsp; es un conglomerado estadounidense de tecnolog\u00eda y redes sociales con sede en Menlo Park, California. Es la empresa matriz de Facebook, Instagram, WhatsApp y otras filiales.<\/em><\/p>\n","protected":false},"excerpt":{"rendered":"<p>Redacci\u00f3n de P\u00e1gina\/12, Argentina \u00abLas pol\u00edticas y los sistemas de moderaci\u00f3n de contenido de Meta est\u00e1n silenciando cada vez m\u00e1s las voces a favor de Palestina en Instagram y Facebook.\u00bb HRW acus\u00f3 de censura a Facebook e Instagram La oeneg\u00e9&nbsp;Human Rights Watch&nbsp;(HRW)\u2026<\/p>\n","protected":false},"author":2,"featured_media":0,"comment_status":"closed","ping_status":"open","sticky":false,"template":"","format":"standard","meta":{"footnotes":""},"categories":[1],"tags":[],"class_list":["post-23091","post","type-post","status-publish","format-standard","hentry","category-other-news"],"yoast_head":"<!-- This site is optimized with the Yoast SEO plugin v16.7 - https:\/\/yoast.com\/wordpress\/plugins\/seo\/ -->\n<title>HRW acus\u00f3 a Meta (*) de silenciar voces palestinas - Other News - Voz en contra de la corriente<\/title>\n<meta name=\"robots\" content=\"index, follow, max-snippet:-1, max-image-preview:large, max-video-preview:-1\" \/>\n<link rel=\"canonical\" href=\"https:\/\/www.other-news.info\/noticias\/hrw-acuso-a-meta-de-silenciar-voces-palestinas\/\" \/>\n<meta property=\"og:locale\" content=\"es_ES\" \/>\n<meta property=\"og:type\" content=\"article\" \/>\n<meta property=\"og:title\" content=\"HRW acus\u00f3 a Meta (*) de silenciar voces palestinas - Other News - Voz en contra de la corriente\" \/>\n<meta property=\"og:description\" content=\"Redacci\u00f3n de P\u00e1gina\/12, Argentina &quot;Las pol\u00edticas y los sistemas de moderaci\u00f3n de contenido de Meta est\u00e1n silenciando cada vez m\u00e1s las voces a favor de Palestina en Instagram y Facebook.&quot; HRW acus\u00f3 de censura a Facebook e Instagram La oeneg\u00e9&nbsp;Human Rights Watch&nbsp;(HRW)\u2026\" \/>\n<meta property=\"og:url\" content=\"https:\/\/www.other-news.info\/noticias\/hrw-acuso-a-meta-de-silenciar-voces-palestinas\/\" \/>\n<meta property=\"og:site_name\" content=\"Other News - Voz en contra de la corriente\" \/>\n<meta property=\"article:published_time\" content=\"2023-12-22T17:53:01+00:00\" \/>\n<meta property=\"article:modified_time\" content=\"2023-12-22T17:53:02+00:00\" \/>\n<meta name=\"twitter:card\" content=\"summary_large_image\" \/>\n<meta name=\"twitter:label1\" content=\"Escrito por\" \/>\n\t<meta name=\"twitter:data1\" content=\"admin\" \/>\n\t<meta name=\"twitter:label2\" content=\"Tiempo de lectura\" \/>\n\t<meta name=\"twitter:data2\" content=\"3 minutos\" \/>\n<script type=\"application\/ld+json\" class=\"yoast-schema-graph\">{\"@context\":\"https:\/\/schema.org\",\"@graph\":[{\"@type\":\"WebSite\",\"@id\":\"https:\/\/www.other-news.info\/noticias\/#website\",\"url\":\"https:\/\/www.other-news.info\/noticias\/\",\"name\":\"Other News - Voz en contra de la corriente\",\"description\":\"Voz en contra de la corriente\",\"potentialAction\":[{\"@type\":\"SearchAction\",\"target\":{\"@type\":\"EntryPoint\",\"urlTemplate\":\"https:\/\/www.other-news.info\/noticias\/?s={search_term_string}\"},\"query-input\":\"required name=search_term_string\"}],\"inLanguage\":\"es\"},{\"@type\":\"WebPage\",\"@id\":\"https:\/\/www.other-news.info\/noticias\/hrw-acuso-a-meta-de-silenciar-voces-palestinas\/#webpage\",\"url\":\"https:\/\/www.other-news.info\/noticias\/hrw-acuso-a-meta-de-silenciar-voces-palestinas\/\",\"name\":\"HRW acus\\u00f3 a Meta (*) de silenciar voces palestinas - Other News - Voz en contra de la corriente\",\"isPartOf\":{\"@id\":\"https:\/\/www.other-news.info\/noticias\/#website\"},\"datePublished\":\"2023-12-22T17:53:01+00:00\",\"dateModified\":\"2023-12-22T17:53:02+00:00\",\"author\":{\"@id\":\"https:\/\/www.other-news.info\/noticias\/#\/schema\/person\/dd0ead9df8654b02034c4da003b9991b\"},\"breadcrumb\":{\"@id\":\"https:\/\/www.other-news.info\/noticias\/hrw-acuso-a-meta-de-silenciar-voces-palestinas\/#breadcrumb\"},\"inLanguage\":\"es\",\"potentialAction\":[{\"@type\":\"ReadAction\",\"target\":[\"https:\/\/www.other-news.info\/noticias\/hrw-acuso-a-meta-de-silenciar-voces-palestinas\/\"]}]},{\"@type\":\"BreadcrumbList\",\"@id\":\"https:\/\/www.other-news.info\/noticias\/hrw-acuso-a-meta-de-silenciar-voces-palestinas\/#breadcrumb\",\"itemListElement\":[{\"@type\":\"ListItem\",\"position\":1,\"name\":\"Home\",\"item\":\"https:\/\/www.other-news.info\/noticias\/\"},{\"@type\":\"ListItem\",\"position\":2,\"name\":\"HRW acus\\u00f3 a Meta (*) de silenciar voces palestinas\"}]},{\"@type\":\"Person\",\"@id\":\"https:\/\/www.other-news.info\/noticias\/#\/schema\/person\/dd0ead9df8654b02034c4da003b9991b\",\"name\":\"admin\",\"image\":{\"@type\":\"ImageObject\",\"@id\":\"https:\/\/www.other-news.info\/noticias\/#personlogo\",\"inLanguage\":\"es\",\"url\":\"https:\/\/secure.gravatar.com\/avatar\/e67344401a27ff9f91b2b48296aaa8fb9186ac51a3404ed4bdfbe790b6a9ee11?s=96&d=mm&r=g\",\"contentUrl\":\"https:\/\/secure.gravatar.com\/avatar\/e67344401a27ff9f91b2b48296aaa8fb9186ac51a3404ed4bdfbe790b6a9ee11?s=96&d=mm&r=g\",\"caption\":\"admin\"},\"url\":\"https:\/\/www.other-news.info\/noticias\/author\/admin\/\"}]}<\/script>\n<!-- \/ Yoast SEO plugin. -->","yoast_head_json":{"title":"HRW acus\u00f3 a Meta (*) de silenciar voces palestinas - Other News - Voz en contra de la corriente","robots":{"index":"index","follow":"follow","max-snippet":"max-snippet:-1","max-image-preview":"max-image-preview:large","max-video-preview":"max-video-preview:-1"},"canonical":"https:\/\/www.other-news.info\/noticias\/hrw-acuso-a-meta-de-silenciar-voces-palestinas\/","og_locale":"es_ES","og_type":"article","og_title":"HRW acus\u00f3 a Meta (*) de silenciar voces palestinas - Other News - Voz en contra de la corriente","og_description":"Redacci\u00f3n de P\u00e1gina\/12, Argentina \"Las pol\u00edticas y los sistemas de moderaci\u00f3n de contenido de Meta est\u00e1n silenciando cada vez m\u00e1s las voces a favor de Palestina en Instagram y Facebook.\" HRW acus\u00f3 de censura a Facebook e Instagram La oeneg\u00e9&nbsp;Human Rights Watch&nbsp;(HRW)\u2026","og_url":"https:\/\/www.other-news.info\/noticias\/hrw-acuso-a-meta-de-silenciar-voces-palestinas\/","og_site_name":"Other News - Voz en contra de la corriente","article_published_time":"2023-12-22T17:53:01+00:00","article_modified_time":"2023-12-22T17:53:02+00:00","twitter_card":"summary_large_image","twitter_misc":{"Escrito por":"admin","Tiempo de lectura":"3 minutos"},"schema":{"@context":"https:\/\/schema.org","@graph":[{"@type":"WebSite","@id":"https:\/\/www.other-news.info\/noticias\/#website","url":"https:\/\/www.other-news.info\/noticias\/","name":"Other News - Voz en contra de la corriente","description":"Voz en contra de la corriente","potentialAction":[{"@type":"SearchAction","target":{"@type":"EntryPoint","urlTemplate":"https:\/\/www.other-news.info\/noticias\/?s={search_term_string}"},"query-input":"required name=search_term_string"}],"inLanguage":"es"},{"@type":"WebPage","@id":"https:\/\/www.other-news.info\/noticias\/hrw-acuso-a-meta-de-silenciar-voces-palestinas\/#webpage","url":"https:\/\/www.other-news.info\/noticias\/hrw-acuso-a-meta-de-silenciar-voces-palestinas\/","name":"HRW acus\u00f3 a Meta (*) de silenciar voces palestinas - Other News - Voz en contra de la corriente","isPartOf":{"@id":"https:\/\/www.other-news.info\/noticias\/#website"},"datePublished":"2023-12-22T17:53:01+00:00","dateModified":"2023-12-22T17:53:02+00:00","author":{"@id":"https:\/\/www.other-news.info\/noticias\/#\/schema\/person\/dd0ead9df8654b02034c4da003b9991b"},"breadcrumb":{"@id":"https:\/\/www.other-news.info\/noticias\/hrw-acuso-a-meta-de-silenciar-voces-palestinas\/#breadcrumb"},"inLanguage":"es","potentialAction":[{"@type":"ReadAction","target":["https:\/\/www.other-news.info\/noticias\/hrw-acuso-a-meta-de-silenciar-voces-palestinas\/"]}]},{"@type":"BreadcrumbList","@id":"https:\/\/www.other-news.info\/noticias\/hrw-acuso-a-meta-de-silenciar-voces-palestinas\/#breadcrumb","itemListElement":[{"@type":"ListItem","position":1,"name":"Home","item":"https:\/\/www.other-news.info\/noticias\/"},{"@type":"ListItem","position":2,"name":"HRW acus\u00f3 a Meta (*) de silenciar voces palestinas"}]},{"@type":"Person","@id":"https:\/\/www.other-news.info\/noticias\/#\/schema\/person\/dd0ead9df8654b02034c4da003b9991b","name":"admin","image":{"@type":"ImageObject","@id":"https:\/\/www.other-news.info\/noticias\/#personlogo","inLanguage":"es","url":"https:\/\/secure.gravatar.com\/avatar\/e67344401a27ff9f91b2b48296aaa8fb9186ac51a3404ed4bdfbe790b6a9ee11?s=96&d=mm&r=g","contentUrl":"https:\/\/secure.gravatar.com\/avatar\/e67344401a27ff9f91b2b48296aaa8fb9186ac51a3404ed4bdfbe790b6a9ee11?s=96&d=mm&r=g","caption":"admin"},"url":"https:\/\/www.other-news.info\/noticias\/author\/admin\/"}]}},"_links":{"self":[{"href":"https:\/\/www.other-news.info\/noticias\/wp-json\/wp\/v2\/posts\/23091","targetHints":{"allow":["GET"]}}],"collection":[{"href":"https:\/\/www.other-news.info\/noticias\/wp-json\/wp\/v2\/posts"}],"about":[{"href":"https:\/\/www.other-news.info\/noticias\/wp-json\/wp\/v2\/types\/post"}],"author":[{"embeddable":true,"href":"https:\/\/www.other-news.info\/noticias\/wp-json\/wp\/v2\/users\/2"}],"replies":[{"embeddable":true,"href":"https:\/\/www.other-news.info\/noticias\/wp-json\/wp\/v2\/comments?post=23091"}],"version-history":[{"count":1,"href":"https:\/\/www.other-news.info\/noticias\/wp-json\/wp\/v2\/posts\/23091\/revisions"}],"predecessor-version":[{"id":23092,"href":"https:\/\/www.other-news.info\/noticias\/wp-json\/wp\/v2\/posts\/23091\/revisions\/23092"}],"wp:attachment":[{"href":"https:\/\/www.other-news.info\/noticias\/wp-json\/wp\/v2\/media?parent=23091"}],"wp:term":[{"taxonomy":"category","embeddable":true,"href":"https:\/\/www.other-news.info\/noticias\/wp-json\/wp\/v2\/categories?post=23091"},{"taxonomy":"post_tag","embeddable":true,"href":"https:\/\/www.other-news.info\/noticias\/wp-json\/wp\/v2\/tags?post=23091"}],"curies":[{"name":"wp","href":"https:\/\/api.w.org\/{rel}","templated":true}]}}