{"id":23096,"date":"2023-12-26T18:20:13","date_gmt":"2023-12-26T17:20:13","guid":{"rendered":"https:\/\/www.other-news.info\/noticias\/?p=23096"},"modified":"2023-12-26T18:20:13","modified_gmt":"2023-12-26T17:20:13","slug":"ee-uu-necedad-guerrerista","status":"publish","type":"post","link":"https:\/\/www.other-news.info\/noticias\/ee-uu-necedad-guerrerista\/","title":{"rendered":"EE.UU: Necedad guerrerista"},"content":{"rendered":"\n<p class=\"wp-block-paragraph\"><strong><em>Editorial &#8211; La Jornada de M\u00e9xico<\/em><\/strong><\/p>\n\n\n\n<p class=\"wp-block-paragraph\">El secretario de Defensa de Estados Unidos, Lloyd Austin, anunci\u00f3 que Washington encabezar\u00e1 una coalici\u00f3n de 10 pa\u00edses contra las autoridades hut\u00edes de Yemen, quienes han puesto en jaque el comercio internacional mediante ataques contra cargueros y otros nav\u00edos que tengan bandera de Israel, se dirijan a ese pa\u00eds o sean propiedad de israel\u00edes, hasta que Tel Aviv permita la entrada de ayuda humanitaria a la franja de Gaza.<\/p>\n\n\n\n<p class=\"wp-block-paragraph\">La intervenci\u00f3n yemen\u00ed en el conflicto que se desarrolla en Medio Oriente ha supuesto un fuerte golpe a los planes de Israel y sus aliados para exterminar a la poblaci\u00f3n palestina. Yemen, ubicado en la esquina suroccidental de la pen\u00ednsula ar\u00e1biga, posee las condiciones para interrumpir el tr\u00e1fico mar\u00edtimo en el estrecho de Bab el-Mandeb, paso obligado para las embarcaciones que usan el Canal de Suez, por donde transita 10 por ciento del comercio global. Bast\u00f3 con que las milicias hut\u00edes atacaran 10 barcos para que cuatro de las cinco mayores compa\u00f1\u00edas navieras del planeta cancelaran todas sus operaciones en la zona, lo que supone un desv\u00edo de varios d\u00edas en rodear \u00c1frica. Como los hut\u00edes no atacan a los buques rusos ni chinos, su irrupci\u00f3n en el tablero geopol\u00edtico supone un golpe m\u00faltiple para los intereses occidentales: encarece su comercio, refuerza la posici\u00f3n de sus principales competidores, trae de vuelta un desquiciamiento de las cadenas de suministro que tantos quebraderos de cabeza caus\u00f3 durante los \u00faltimos dos a\u00f1os, debilita econ\u00f3micamente a Israel, y obliga al bloque leal a Washington a estirar todav\u00eda m\u00e1s unas capacidades militares que ya se encuentran exhaustas por la entrega de armamento a Kiev y Tel Aviv.<\/p>\n\n\n\n<p class=\"wp-block-paragraph\">Pese a la bravuconer\u00eda con que el gobierno de Joe Biden ha anunciado su&nbsp;Operaci\u00f3n Guardi\u00e1n de la Prosperidad&nbsp;en el Golfo de Ad\u00e9n y el mar Rojo, lo cierto es que hasta ahora no ha lanzado ning\u00fan ataque directo contra la milicia yemen\u00ed. A lo largo de la semana se ha especulado que Estados Unidos sencillamente no cuenta con las capacidades para ampliar sus despliegues b\u00e9licos, y las dificultades tambi\u00e9n se reflejan en declaraciones como la del jueves, cuando el Pent\u00e1gono afirm\u00f3 que contaba con el respaldo de 20 pa\u00edses, pero se abstuvo de nombrarlos. Hasta ahora, todo indica que, a excepci\u00f3n de Bar\u00e9in, ning\u00fan Estado \u00e1rabe se sumar\u00e1 a la coalici\u00f3n, aunque nominalmente muchos de ellos son aliados cercanos de Washington.<\/p>\n\n\n\n<p class=\"wp-block-paragraph\">La decisi\u00f3n de Biden de responder al desaf\u00edo yemen\u00ed con el env\u00edo de barcos de combate es el peor de los caminos posibles. Amenaza con dar dimensiones regionales e incluso globales a un conflicto local, y para colmo lo hace en defensa de un r\u00e9gimen neofascista que lleva adelante un genocidio contra una poblaci\u00f3n inerme. Resulta especialmente deplorable que la superpotencia se muestre dispuesta a iniciar una Tercera Guerra Mundial por complicidad con Israel en la misma semana en que dos grandes medios estadunidenses sin ninguna sospecha de simpat\u00edas hacia los palestinos revelaron que las fuerzas armadas israel\u00edes lanzaron de manera sistem\u00e1tica bombas del m\u00e1s alto poder en las \u00e1reas hacia las que ellos mismos ordenaron el desplazamiento de civiles.<\/p>\n\n\n\n<p class=\"wp-block-paragraph\">Fue tambi\u00e9n la semana en que el secretario general de la ONU, Antonio Guterres, denunci\u00f3 que 136 trabajadores de las Naciones Unidas fueron asesinados en Gaza en s\u00f3lo 75 d\u00edas, la mayor masacre de personal del organismo en toda su historia. Asimismo, es probable que mientras se leen estas l\u00edneas se haya alcanzado la macabra cifra de 100 periodistas asesinados en menos de tres meses. Nunca, en ning\u00fan pa\u00eds, se ha eliminado a tantos comunicadores en un a\u00f1o completo.<\/p>\n\n\n\n<p class=\"wp-block-paragraph\">Detener toda esta barbarie no requiere que la administraci\u00f3n dem\u00f3crata derroche cientos o miles de millones de d\u00f3lares en patrullar un \u00e1rea localizada a 11 mil kil\u00f3metros de sus costas, ni que arriesgue la vida de sus militares y su menguante credibilidad en el empe\u00f1o de abrir un nuevo frente de guerra. Basta con que frene las remesas de armas y dinero a su aliado criminal de guerra Benjamin Netanyahu, y con que deje de bloquear todas las resoluciones del Consejo de Seguridad de la ONU que llaman a un cese al fuego en una matanza cuyas v\u00edctimas son, de manera abrumadora, mujeres y ni\u00f1os.<\/p>\n","protected":false},"excerpt":{"rendered":"<p>Editorial &#8211; La Jornada de M\u00e9xico El secretario de Defensa de Estados Unidos, Lloyd Austin, anunci\u00f3 que Washington encabezar\u00e1 una coalici\u00f3n de 10 pa\u00edses contra las autoridades hut\u00edes de Yemen, quienes han puesto en jaque el comercio internacional mediante ataques contra cargueros\u2026<\/p>\n","protected":false},"author":2,"featured_media":0,"comment_status":"closed","ping_status":"open","sticky":false,"template":"","format":"standard","meta":{"footnotes":""},"categories":[1],"tags":[],"class_list":["post-23096","post","type-post","status-publish","format-standard","hentry","category-other-news"],"yoast_head":"<!-- This site is optimized with the Yoast SEO plugin v16.7 - https:\/\/yoast.com\/wordpress\/plugins\/seo\/ -->\n<title>EE.UU: Necedad guerrerista - Other News - Voz en contra de la corriente<\/title>\n<meta name=\"robots\" content=\"index, follow, max-snippet:-1, max-image-preview:large, max-video-preview:-1\" \/>\n<link rel=\"canonical\" href=\"https:\/\/www.other-news.info\/noticias\/ee-uu-necedad-guerrerista\/\" \/>\n<meta property=\"og:locale\" content=\"es_ES\" \/>\n<meta property=\"og:type\" content=\"article\" \/>\n<meta property=\"og:title\" content=\"EE.UU: Necedad guerrerista - Other News - Voz en contra de la corriente\" \/>\n<meta property=\"og:description\" content=\"Editorial - La Jornada de M\u00e9xico El secretario de Defensa de Estados Unidos, Lloyd Austin, anunci\u00f3 que Washington encabezar\u00e1 una coalici\u00f3n de 10 pa\u00edses contra las autoridades hut\u00edes de Yemen, quienes han puesto en jaque el comercio internacional mediante ataques contra cargueros\u2026\" \/>\n<meta property=\"og:url\" content=\"https:\/\/www.other-news.info\/noticias\/ee-uu-necedad-guerrerista\/\" \/>\n<meta property=\"og:site_name\" content=\"Other News - Voz en contra de la corriente\" \/>\n<meta property=\"article:published_time\" content=\"2023-12-26T17:20:13+00:00\" \/>\n<meta name=\"twitter:card\" content=\"summary_large_image\" \/>\n<meta name=\"twitter:label1\" content=\"Escrito por\" \/>\n\t<meta name=\"twitter:data1\" content=\"admin\" \/>\n\t<meta name=\"twitter:label2\" content=\"Tiempo de lectura\" \/>\n\t<meta name=\"twitter:data2\" content=\"4 minutos\" \/>\n<script type=\"application\/ld+json\" class=\"yoast-schema-graph\">{\"@context\":\"https:\/\/schema.org\",\"@graph\":[{\"@type\":\"WebSite\",\"@id\":\"https:\/\/www.other-news.info\/noticias\/#website\",\"url\":\"https:\/\/www.other-news.info\/noticias\/\",\"name\":\"Other News - Voz en contra de la corriente\",\"description\":\"Voz en contra de la corriente\",\"potentialAction\":[{\"@type\":\"SearchAction\",\"target\":{\"@type\":\"EntryPoint\",\"urlTemplate\":\"https:\/\/www.other-news.info\/noticias\/?s={search_term_string}\"},\"query-input\":\"required name=search_term_string\"}],\"inLanguage\":\"es\"},{\"@type\":\"WebPage\",\"@id\":\"https:\/\/www.other-news.info\/noticias\/ee-uu-necedad-guerrerista\/#webpage\",\"url\":\"https:\/\/www.other-news.info\/noticias\/ee-uu-necedad-guerrerista\/\",\"name\":\"EE.UU: Necedad guerrerista - Other News - Voz en contra de la corriente\",\"isPartOf\":{\"@id\":\"https:\/\/www.other-news.info\/noticias\/#website\"},\"datePublished\":\"2023-12-26T17:20:13+00:00\",\"dateModified\":\"2023-12-26T17:20:13+00:00\",\"author\":{\"@id\":\"https:\/\/www.other-news.info\/noticias\/#\/schema\/person\/dd0ead9df8654b02034c4da003b9991b\"},\"breadcrumb\":{\"@id\":\"https:\/\/www.other-news.info\/noticias\/ee-uu-necedad-guerrerista\/#breadcrumb\"},\"inLanguage\":\"es\",\"potentialAction\":[{\"@type\":\"ReadAction\",\"target\":[\"https:\/\/www.other-news.info\/noticias\/ee-uu-necedad-guerrerista\/\"]}]},{\"@type\":\"BreadcrumbList\",\"@id\":\"https:\/\/www.other-news.info\/noticias\/ee-uu-necedad-guerrerista\/#breadcrumb\",\"itemListElement\":[{\"@type\":\"ListItem\",\"position\":1,\"name\":\"Home\",\"item\":\"https:\/\/www.other-news.info\/noticias\/\"},{\"@type\":\"ListItem\",\"position\":2,\"name\":\"EE.UU: Necedad guerrerista\"}]},{\"@type\":\"Person\",\"@id\":\"https:\/\/www.other-news.info\/noticias\/#\/schema\/person\/dd0ead9df8654b02034c4da003b9991b\",\"name\":\"admin\",\"image\":{\"@type\":\"ImageObject\",\"@id\":\"https:\/\/www.other-news.info\/noticias\/#personlogo\",\"inLanguage\":\"es\",\"url\":\"https:\/\/secure.gravatar.com\/avatar\/e67344401a27ff9f91b2b48296aaa8fb9186ac51a3404ed4bdfbe790b6a9ee11?s=96&d=mm&r=g\",\"contentUrl\":\"https:\/\/secure.gravatar.com\/avatar\/e67344401a27ff9f91b2b48296aaa8fb9186ac51a3404ed4bdfbe790b6a9ee11?s=96&d=mm&r=g\",\"caption\":\"admin\"},\"url\":\"https:\/\/www.other-news.info\/noticias\/author\/admin\/\"}]}<\/script>\n<!-- \/ Yoast SEO plugin. -->","yoast_head_json":{"title":"EE.UU: Necedad guerrerista - Other News - Voz en contra de la corriente","robots":{"index":"index","follow":"follow","max-snippet":"max-snippet:-1","max-image-preview":"max-image-preview:large","max-video-preview":"max-video-preview:-1"},"canonical":"https:\/\/www.other-news.info\/noticias\/ee-uu-necedad-guerrerista\/","og_locale":"es_ES","og_type":"article","og_title":"EE.UU: Necedad guerrerista - Other News - Voz en contra de la corriente","og_description":"Editorial - La Jornada de M\u00e9xico El secretario de Defensa de Estados Unidos, Lloyd Austin, anunci\u00f3 que Washington encabezar\u00e1 una coalici\u00f3n de 10 pa\u00edses contra las autoridades hut\u00edes de Yemen, quienes han puesto en jaque el comercio internacional mediante ataques contra cargueros\u2026","og_url":"https:\/\/www.other-news.info\/noticias\/ee-uu-necedad-guerrerista\/","og_site_name":"Other News - Voz en contra de la corriente","article_published_time":"2023-12-26T17:20:13+00:00","twitter_card":"summary_large_image","twitter_misc":{"Escrito por":"admin","Tiempo de lectura":"4 minutos"},"schema":{"@context":"https:\/\/schema.org","@graph":[{"@type":"WebSite","@id":"https:\/\/www.other-news.info\/noticias\/#website","url":"https:\/\/www.other-news.info\/noticias\/","name":"Other News - Voz en contra de la corriente","description":"Voz en contra de la corriente","potentialAction":[{"@type":"SearchAction","target":{"@type":"EntryPoint","urlTemplate":"https:\/\/www.other-news.info\/noticias\/?s={search_term_string}"},"query-input":"required name=search_term_string"}],"inLanguage":"es"},{"@type":"WebPage","@id":"https:\/\/www.other-news.info\/noticias\/ee-uu-necedad-guerrerista\/#webpage","url":"https:\/\/www.other-news.info\/noticias\/ee-uu-necedad-guerrerista\/","name":"EE.UU: Necedad guerrerista - Other News - Voz en contra de la corriente","isPartOf":{"@id":"https:\/\/www.other-news.info\/noticias\/#website"},"datePublished":"2023-12-26T17:20:13+00:00","dateModified":"2023-12-26T17:20:13+00:00","author":{"@id":"https:\/\/www.other-news.info\/noticias\/#\/schema\/person\/dd0ead9df8654b02034c4da003b9991b"},"breadcrumb":{"@id":"https:\/\/www.other-news.info\/noticias\/ee-uu-necedad-guerrerista\/#breadcrumb"},"inLanguage":"es","potentialAction":[{"@type":"ReadAction","target":["https:\/\/www.other-news.info\/noticias\/ee-uu-necedad-guerrerista\/"]}]},{"@type":"BreadcrumbList","@id":"https:\/\/www.other-news.info\/noticias\/ee-uu-necedad-guerrerista\/#breadcrumb","itemListElement":[{"@type":"ListItem","position":1,"name":"Home","item":"https:\/\/www.other-news.info\/noticias\/"},{"@type":"ListItem","position":2,"name":"EE.UU: Necedad guerrerista"}]},{"@type":"Person","@id":"https:\/\/www.other-news.info\/noticias\/#\/schema\/person\/dd0ead9df8654b02034c4da003b9991b","name":"admin","image":{"@type":"ImageObject","@id":"https:\/\/www.other-news.info\/noticias\/#personlogo","inLanguage":"es","url":"https:\/\/secure.gravatar.com\/avatar\/e67344401a27ff9f91b2b48296aaa8fb9186ac51a3404ed4bdfbe790b6a9ee11?s=96&d=mm&r=g","contentUrl":"https:\/\/secure.gravatar.com\/avatar\/e67344401a27ff9f91b2b48296aaa8fb9186ac51a3404ed4bdfbe790b6a9ee11?s=96&d=mm&r=g","caption":"admin"},"url":"https:\/\/www.other-news.info\/noticias\/author\/admin\/"}]}},"_links":{"self":[{"href":"https:\/\/www.other-news.info\/noticias\/wp-json\/wp\/v2\/posts\/23096","targetHints":{"allow":["GET"]}}],"collection":[{"href":"https:\/\/www.other-news.info\/noticias\/wp-json\/wp\/v2\/posts"}],"about":[{"href":"https:\/\/www.other-news.info\/noticias\/wp-json\/wp\/v2\/types\/post"}],"author":[{"embeddable":true,"href":"https:\/\/www.other-news.info\/noticias\/wp-json\/wp\/v2\/users\/2"}],"replies":[{"embeddable":true,"href":"https:\/\/www.other-news.info\/noticias\/wp-json\/wp\/v2\/comments?post=23096"}],"version-history":[{"count":1,"href":"https:\/\/www.other-news.info\/noticias\/wp-json\/wp\/v2\/posts\/23096\/revisions"}],"predecessor-version":[{"id":23097,"href":"https:\/\/www.other-news.info\/noticias\/wp-json\/wp\/v2\/posts\/23096\/revisions\/23097"}],"wp:attachment":[{"href":"https:\/\/www.other-news.info\/noticias\/wp-json\/wp\/v2\/media?parent=23096"}],"wp:term":[{"taxonomy":"category","embeddable":true,"href":"https:\/\/www.other-news.info\/noticias\/wp-json\/wp\/v2\/categories?post=23096"},{"taxonomy":"post_tag","embeddable":true,"href":"https:\/\/www.other-news.info\/noticias\/wp-json\/wp\/v2\/tags?post=23096"}],"curies":[{"name":"wp","href":"https:\/\/api.w.org\/{rel}","templated":true}]}}