{"id":23098,"date":"2023-12-27T18:33:55","date_gmt":"2023-12-27T17:33:55","guid":{"rendered":"https:\/\/www.other-news.info\/noticias\/?p=23098"},"modified":"2023-12-27T18:33:56","modified_gmt":"2023-12-27T17:33:56","slug":"un-ano-prometedor-para-la-ultraderecha","status":"publish","type":"post","link":"https:\/\/www.other-news.info\/noticias\/un-ano-prometedor-para-la-ultraderecha\/","title":{"rendered":"Un a\u00f1o prometedor para la ultraderecha"},"content":{"rendered":"\n<p class=\"wp-block-paragraph\"><strong><em>Miquel Ramos \u2013 P\u00fablico.es<\/em><\/strong><\/p>\n\n\n\n<p class=\"wp-block-paragraph\">La extrema derecha vive hoy un momento dulce a lo largo de todo el planeta. Su auge electoral en Pa\u00edses Bajos, Suecia, Finlandia, Hungr\u00eda o Eslovaquia, as\u00ed como la conquista de los gobiernos de Italia o Argentina auguran un progresivo avance en su proceso de normalizaci\u00f3n y gesti\u00f3n. As\u00ed lo confirman tambi\u00e9n las encuestas en otros pa\u00edses como Alemania, Francia o Austria, donde los ultraderechistas se sit\u00faan en los primeros puestos.<\/p>\n\n\n\n<p class=\"wp-block-paragraph\">Ya no existen los cordones sanitarios. Las ideas que antes defend\u00edan los neonazis y fascistas, que provocaban rechazo y hab\u00eda cierto consenso democr\u00e1tico para evitar su normalidad, son hoy defendidas por tipos encorbatados que hablan de libertad y ofrecen soluciones f\u00e1ciles e in\u00fatiles a problemas complejos y estructurales, perpetuando las desigualdades pero mermando la capacidad de respuesta y de enfoque de la clase trabajadora ante su progresiva pauperizaci\u00f3n. Estas ideas van poco a poco penetrando en el sentido com\u00fan de una parte de la poblaci\u00f3n, que no encuentra respuestas en los partidos tradicionales. Se normalizan los marcos securitarios, donde los problemas derivados de las pol\u00edticas del capitalismo se pretenden solucionar con m\u00e1s polic\u00eda y m\u00e1s control social, con la exclusi\u00f3n de determinados colectivos y la merma de derechos, y la inclusi\u00f3n de m\u00e1s poder para el Estado en materia represiva. As\u00ed lo ha dejado claro Milei, eliminando una gran parte de las medidas sociales, de los servicios p\u00fablicos e incrementando el aparato represivo.<\/p>\n\n\n\n<p class=\"wp-block-paragraph\">Pero no hace falta irse a Argentina para verle las orejas al lobo. &nbsp;Socialdem\u00f3cratas, liberales y conservadores no solo se han visto impregnados de algunas de estas ideas y han adoptado sus marcos, aceptado que van a tener que lidiar con fuerzas reaccionarias, sino que ya implementan muchas de estas medidas. Eso s\u00ed, con otras palabras y con una sonrisa. La manera en la que ya afrontan esta nueva situaci\u00f3n es diferente en cada escenario, pero el proceso de contaminaci\u00f3n del debate p\u00fablico y el arrastre del eje hacia la derecha es evidente. Y parece imparable viendo c\u00f3mo se pretende seguir jugando con las mismas cartas de aquellos que dicen combatir, condicionados adem\u00e1s por unos medios de comunicaci\u00f3n cada vez m\u00e1s sumidos en los sucesos, que ponen el foco en las consecuencias de un sistema fallido para eclipsar sus causas. Un men\u00fa informativo que genera una constante ansiedad en la poblaci\u00f3n y para lo que siempre aparece el cowboy de turno a poner orden.<\/p>\n\n\n\n<p class=\"wp-block-paragraph\">El a\u00f1o nuevo que est\u00e1 por llegar nos depara nuevos escenarios para testear hasta donde alcanzar\u00e1 este avance ultraderechista. Las elecciones europeas de junio van a ser un term\u00f3metro de la situaci\u00f3n en un continente inmerso en una guerra contra Rusia y en un apoyo expl\u00edcito al genocidio que est\u00e1 cometiendo Israel en Palestina, con los consecuentes costes econ\u00f3micos y pol\u00edticos de ambos conflictos. Tambi\u00e9n en los EEUU, donde el posible retorno de Donald Trump y el desgaste del manto progresista que se le supon\u00eda a Biden auguran una vuelta al mandato republicano, un espacio pol\u00edtico cada vez m\u00e1s radicalizado en una sociedad cada vez m\u00e1s hu\u00e9rfana de opciones progresistas.<\/p>\n\n\n\n<p class=\"wp-block-paragraph\">Seg\u00fan una encuesta de Europe Elects, cerca del 23% de los votos en las pr\u00f3ximas elecciones europeas ir\u00edan para la extrema derecha, hoy dividida en dos grupos en el Parlamento Europeo: Identidad y Democracia (ID), con Le Pen a la cabeza, y que cuenta hoy con 60 representantes, y Conservadores y Reformistas Europeos (ECR), donde se ubica Meloni, los neonazis suecos, Vox o los ultraderechistas finlandeses, entre otros. Adem\u00e1s de los ultraderechistas h\u00fangaros de Fidesz, que abandonaron el grupo popular y se sit\u00faan en el grupo de no inscritos. A todos ellos se le augura una importante subida obteniendo todav\u00eda m\u00e1s financiaci\u00f3n y m\u00e1s peso en las decisiones comunitarias. Si entre todos ellos lograran alcanzar un 30%, tendr\u00edan una minor\u00eda capaz de bloquear todas las leyes importantes que se propongan en la Eurocamara, obligando al resto de grupos a pactar con ellos.<\/p>\n\n\n\n<p class=\"wp-block-paragraph\">Su normalizaci\u00f3n ha significado tambi\u00e9n un alejamiento de las posiciones antieurope\u00edstas, aunque algunos sigan llam\u00e1ndoles &#8216;euroesc\u00e9pticos&#8217;, tras ver la utilidad que las instituciones comunitarias pueden tener en su beneficio. Y es que haber impregnado al resto de actores pol\u00edticos con sus discursos y sus ideas, y con un grupo popular cada vez m\u00e1s identitario, les permite ver hoy m\u00e1s \u00fatil la Uni\u00f3n Europea que cuando eran marginales y todav\u00eda se disfrazaban de antisistema.<\/p>\n\n\n\n<p class=\"wp-block-paragraph\">Para el proyecto capitalista, la ultraderecha siempre ser\u00e1 \u00fatil. No solo apuntala el sistema que permite a las elites conservar sus privilegios, sino que disciplina a la disidencia y convence a una parte de la clase trabajadora de que los culpables de su precariedad son otros trabajadores, ya sean migrantes o los pobres habituales, caraduras que viven de paguitas. El maridaje entre la derecha, la socialdemocracia y la ultraderecha es ya un hecho, cuando las pol\u00edticas migratorias se acuerdan entre todos y se reivindican como un \u00e9xito por todas las partes, o cuando las medidas econ\u00f3micas son acordadas siempre por estos mismos sin deserciones.<\/p>\n\n\n\n<p class=\"wp-block-paragraph\">En Espa\u00f1a, aunque el gobierno de coalici\u00f3n progresista y la bajada de votos de Vox, que pasa de 52 a 33 esca\u00f1os, es una de las pocas excepciones en Europa, la ofensiva reaccionaria es igual a la del resto de pa\u00edses. Instalados ya en varios gobiernos auton\u00f3micos y municipales, los ultras van a escalar en su radicalizaci\u00f3n, tratando de impregnar todav\u00eda m\u00e1s las pol\u00edticas con sus temas y sus remedios, ayudados, adem\u00e1s, por los medios de comunicaci\u00f3n y por la colonizaci\u00f3n y los algoritmos de las redes sociales. Y por extensi\u00f3n, por todas esas pol\u00edticas represivas contra la disidencia y pusil\u00e1nimes contra la derecha que ya hemos visto estos \u00faltimos cuatro a\u00f1os.<\/p>\n\n\n\n<p class=\"wp-block-paragraph\">Y es que la desafecci\u00f3n pol\u00edtica que impregna a una gran parte de la izquierda, que vot\u00f3 el 23 de julio m\u00e1s por miedo que por convicci\u00f3n, es un caldo de cultivo ideal para que las derechas m\u00e1s extremas acaben por completar su ciclo de crecimiento y lleguen a tomar el mando del pa\u00eds. No bastar\u00e1 con ret\u00f3rica y gestos para pararlos, sino que har\u00e1n falta pol\u00edticas valientes y efectivas que eviten que las derechas saquen provecho de la precariedad, del miedo y de las miserias.<\/p>\n\n\n\n<p class=\"wp-block-paragraph\">Pero ser\u00eda enga\u00f1arnos si creemos que el progresismo est\u00e1 dispuesto a cambiar el sistema que ha permitido el auge y la normalizaci\u00f3n de la ultraderecha. Hay que asumir que tan solo aspira a hacerlo m\u00e1s amable y menos indigesto, si eso es posible, y a retrasar lo que el capitalismo tiene preparado de postre. La soluci\u00f3n no es f\u00e1cil, pero se\u00f1alarlo y denunciarlo al menos es honesto. Sobre todo, para evitar luego desencantos y desencuentros.<\/p>\n\n\n\n<p class=\"wp-block-paragraph\">Por eso siempre hay que mirar mucho m\u00e1s all\u00e1 de la pol\u00edtica institucional y ver que la pol\u00edtica se hace tambi\u00e9n en el barrio, en el colegio y en el trabajo. En la familia, en el cuidado de los amigos y en nuestra relaci\u00f3n con nuestro entorno. Ante la ansiedad que genera la hostilidad del mundo que nos muestran cada d\u00eda en los medios, hay que reivindicar lo cotidiano y la capacidad que tenemos todos de incidir en \u00e9l con nuestros peque\u00f1os gestos, sin exculpar de responsabilidades a los gestores de la casa com\u00fan. Es quiz\u00e1s en estas peque\u00f1as plazas donde se libran las m\u00e1s grandes batallas, y al final nos queda cuidarnos y rodearnos de buenas personas para hacer entre todas un mundo mejor, a pesar de lo que siga coci\u00e9ndose en las cocinas de Palacio. Feliz a\u00f1o nuevo.<\/p>\n","protected":false},"excerpt":{"rendered":"<p>Miquel Ramos \u2013 P\u00fablico.es La extrema derecha vive hoy un momento dulce a lo largo de todo el planeta. Su auge electoral en Pa\u00edses Bajos, Suecia, Finlandia, Hungr\u00eda o Eslovaquia, as\u00ed como la conquista de los gobiernos de Italia o Argentina auguran un progresivo avance en su\u2026<\/p>\n","protected":false},"author":2,"featured_media":0,"comment_status":"closed","ping_status":"open","sticky":false,"template":"","format":"standard","meta":{"footnotes":""},"categories":[1],"tags":[],"class_list":["post-23098","post","type-post","status-publish","format-standard","hentry","category-other-news"],"yoast_head":"<!-- This site is optimized with the Yoast SEO plugin v16.7 - https:\/\/yoast.com\/wordpress\/plugins\/seo\/ -->\n<title>Un a\u00f1o prometedor para la ultraderecha - Other News - Voz en contra de la corriente<\/title>\n<meta name=\"robots\" content=\"index, follow, max-snippet:-1, max-image-preview:large, max-video-preview:-1\" \/>\n<link rel=\"canonical\" href=\"https:\/\/www.other-news.info\/noticias\/un-ano-prometedor-para-la-ultraderecha\/\" \/>\n<meta property=\"og:locale\" content=\"es_ES\" \/>\n<meta property=\"og:type\" content=\"article\" \/>\n<meta property=\"og:title\" content=\"Un a\u00f1o prometedor para la ultraderecha - Other News - Voz en contra de la corriente\" \/>\n<meta property=\"og:description\" content=\"Miquel Ramos \u2013 P\u00fablico.es La extrema derecha vive hoy un momento dulce a lo largo de todo el planeta. Su auge electoral en Pa\u00edses Bajos, Suecia, Finlandia, Hungr\u00eda o Eslovaquia, as\u00ed como la conquista de los gobiernos de Italia o Argentina auguran un progresivo avance en su\u2026\" \/>\n<meta property=\"og:url\" content=\"https:\/\/www.other-news.info\/noticias\/un-ano-prometedor-para-la-ultraderecha\/\" \/>\n<meta property=\"og:site_name\" content=\"Other News - Voz en contra de la corriente\" \/>\n<meta property=\"article:published_time\" content=\"2023-12-27T17:33:55+00:00\" \/>\n<meta property=\"article:modified_time\" content=\"2023-12-27T17:33:56+00:00\" \/>\n<meta name=\"twitter:card\" content=\"summary_large_image\" \/>\n<meta name=\"twitter:label1\" content=\"Escrito por\" \/>\n\t<meta name=\"twitter:data1\" content=\"admin\" \/>\n\t<meta name=\"twitter:label2\" content=\"Tiempo de lectura\" \/>\n\t<meta name=\"twitter:data2\" content=\"7 minutos\" \/>\n<script type=\"application\/ld+json\" class=\"yoast-schema-graph\">{\"@context\":\"https:\/\/schema.org\",\"@graph\":[{\"@type\":\"WebSite\",\"@id\":\"https:\/\/www.other-news.info\/noticias\/#website\",\"url\":\"https:\/\/www.other-news.info\/noticias\/\",\"name\":\"Other News - Voz en contra de la corriente\",\"description\":\"Voz en contra de la corriente\",\"potentialAction\":[{\"@type\":\"SearchAction\",\"target\":{\"@type\":\"EntryPoint\",\"urlTemplate\":\"https:\/\/www.other-news.info\/noticias\/?s={search_term_string}\"},\"query-input\":\"required name=search_term_string\"}],\"inLanguage\":\"es\"},{\"@type\":\"WebPage\",\"@id\":\"https:\/\/www.other-news.info\/noticias\/un-ano-prometedor-para-la-ultraderecha\/#webpage\",\"url\":\"https:\/\/www.other-news.info\/noticias\/un-ano-prometedor-para-la-ultraderecha\/\",\"name\":\"Un a\\u00f1o prometedor para la ultraderecha - Other News - Voz en contra de la corriente\",\"isPartOf\":{\"@id\":\"https:\/\/www.other-news.info\/noticias\/#website\"},\"datePublished\":\"2023-12-27T17:33:55+00:00\",\"dateModified\":\"2023-12-27T17:33:56+00:00\",\"author\":{\"@id\":\"https:\/\/www.other-news.info\/noticias\/#\/schema\/person\/dd0ead9df8654b02034c4da003b9991b\"},\"breadcrumb\":{\"@id\":\"https:\/\/www.other-news.info\/noticias\/un-ano-prometedor-para-la-ultraderecha\/#breadcrumb\"},\"inLanguage\":\"es\",\"potentialAction\":[{\"@type\":\"ReadAction\",\"target\":[\"https:\/\/www.other-news.info\/noticias\/un-ano-prometedor-para-la-ultraderecha\/\"]}]},{\"@type\":\"BreadcrumbList\",\"@id\":\"https:\/\/www.other-news.info\/noticias\/un-ano-prometedor-para-la-ultraderecha\/#breadcrumb\",\"itemListElement\":[{\"@type\":\"ListItem\",\"position\":1,\"name\":\"Home\",\"item\":\"https:\/\/www.other-news.info\/noticias\/\"},{\"@type\":\"ListItem\",\"position\":2,\"name\":\"Un a\\u00f1o prometedor para la ultraderecha\"}]},{\"@type\":\"Person\",\"@id\":\"https:\/\/www.other-news.info\/noticias\/#\/schema\/person\/dd0ead9df8654b02034c4da003b9991b\",\"name\":\"admin\",\"image\":{\"@type\":\"ImageObject\",\"@id\":\"https:\/\/www.other-news.info\/noticias\/#personlogo\",\"inLanguage\":\"es\",\"url\":\"https:\/\/secure.gravatar.com\/avatar\/e67344401a27ff9f91b2b48296aaa8fb9186ac51a3404ed4bdfbe790b6a9ee11?s=96&d=mm&r=g\",\"contentUrl\":\"https:\/\/secure.gravatar.com\/avatar\/e67344401a27ff9f91b2b48296aaa8fb9186ac51a3404ed4bdfbe790b6a9ee11?s=96&d=mm&r=g\",\"caption\":\"admin\"},\"url\":\"https:\/\/www.other-news.info\/noticias\/author\/admin\/\"}]}<\/script>\n<!-- \/ Yoast SEO plugin. -->","yoast_head_json":{"title":"Un a\u00f1o prometedor para la ultraderecha - Other News - Voz en contra de la corriente","robots":{"index":"index","follow":"follow","max-snippet":"max-snippet:-1","max-image-preview":"max-image-preview:large","max-video-preview":"max-video-preview:-1"},"canonical":"https:\/\/www.other-news.info\/noticias\/un-ano-prometedor-para-la-ultraderecha\/","og_locale":"es_ES","og_type":"article","og_title":"Un a\u00f1o prometedor para la ultraderecha - Other News - Voz en contra de la corriente","og_description":"Miquel Ramos \u2013 P\u00fablico.es La extrema derecha vive hoy un momento dulce a lo largo de todo el planeta. Su auge electoral en Pa\u00edses Bajos, Suecia, Finlandia, Hungr\u00eda o Eslovaquia, as\u00ed como la conquista de los gobiernos de Italia o Argentina auguran un progresivo avance en su\u2026","og_url":"https:\/\/www.other-news.info\/noticias\/un-ano-prometedor-para-la-ultraderecha\/","og_site_name":"Other News - Voz en contra de la corriente","article_published_time":"2023-12-27T17:33:55+00:00","article_modified_time":"2023-12-27T17:33:56+00:00","twitter_card":"summary_large_image","twitter_misc":{"Escrito por":"admin","Tiempo de lectura":"7 minutos"},"schema":{"@context":"https:\/\/schema.org","@graph":[{"@type":"WebSite","@id":"https:\/\/www.other-news.info\/noticias\/#website","url":"https:\/\/www.other-news.info\/noticias\/","name":"Other News - Voz en contra de la corriente","description":"Voz en contra de la corriente","potentialAction":[{"@type":"SearchAction","target":{"@type":"EntryPoint","urlTemplate":"https:\/\/www.other-news.info\/noticias\/?s={search_term_string}"},"query-input":"required name=search_term_string"}],"inLanguage":"es"},{"@type":"WebPage","@id":"https:\/\/www.other-news.info\/noticias\/un-ano-prometedor-para-la-ultraderecha\/#webpage","url":"https:\/\/www.other-news.info\/noticias\/un-ano-prometedor-para-la-ultraderecha\/","name":"Un a\u00f1o prometedor para la ultraderecha - Other News - Voz en contra de la corriente","isPartOf":{"@id":"https:\/\/www.other-news.info\/noticias\/#website"},"datePublished":"2023-12-27T17:33:55+00:00","dateModified":"2023-12-27T17:33:56+00:00","author":{"@id":"https:\/\/www.other-news.info\/noticias\/#\/schema\/person\/dd0ead9df8654b02034c4da003b9991b"},"breadcrumb":{"@id":"https:\/\/www.other-news.info\/noticias\/un-ano-prometedor-para-la-ultraderecha\/#breadcrumb"},"inLanguage":"es","potentialAction":[{"@type":"ReadAction","target":["https:\/\/www.other-news.info\/noticias\/un-ano-prometedor-para-la-ultraderecha\/"]}]},{"@type":"BreadcrumbList","@id":"https:\/\/www.other-news.info\/noticias\/un-ano-prometedor-para-la-ultraderecha\/#breadcrumb","itemListElement":[{"@type":"ListItem","position":1,"name":"Home","item":"https:\/\/www.other-news.info\/noticias\/"},{"@type":"ListItem","position":2,"name":"Un a\u00f1o prometedor para la ultraderecha"}]},{"@type":"Person","@id":"https:\/\/www.other-news.info\/noticias\/#\/schema\/person\/dd0ead9df8654b02034c4da003b9991b","name":"admin","image":{"@type":"ImageObject","@id":"https:\/\/www.other-news.info\/noticias\/#personlogo","inLanguage":"es","url":"https:\/\/secure.gravatar.com\/avatar\/e67344401a27ff9f91b2b48296aaa8fb9186ac51a3404ed4bdfbe790b6a9ee11?s=96&d=mm&r=g","contentUrl":"https:\/\/secure.gravatar.com\/avatar\/e67344401a27ff9f91b2b48296aaa8fb9186ac51a3404ed4bdfbe790b6a9ee11?s=96&d=mm&r=g","caption":"admin"},"url":"https:\/\/www.other-news.info\/noticias\/author\/admin\/"}]}},"_links":{"self":[{"href":"https:\/\/www.other-news.info\/noticias\/wp-json\/wp\/v2\/posts\/23098","targetHints":{"allow":["GET"]}}],"collection":[{"href":"https:\/\/www.other-news.info\/noticias\/wp-json\/wp\/v2\/posts"}],"about":[{"href":"https:\/\/www.other-news.info\/noticias\/wp-json\/wp\/v2\/types\/post"}],"author":[{"embeddable":true,"href":"https:\/\/www.other-news.info\/noticias\/wp-json\/wp\/v2\/users\/2"}],"replies":[{"embeddable":true,"href":"https:\/\/www.other-news.info\/noticias\/wp-json\/wp\/v2\/comments?post=23098"}],"version-history":[{"count":1,"href":"https:\/\/www.other-news.info\/noticias\/wp-json\/wp\/v2\/posts\/23098\/revisions"}],"predecessor-version":[{"id":23099,"href":"https:\/\/www.other-news.info\/noticias\/wp-json\/wp\/v2\/posts\/23098\/revisions\/23099"}],"wp:attachment":[{"href":"https:\/\/www.other-news.info\/noticias\/wp-json\/wp\/v2\/media?parent=23098"}],"wp:term":[{"taxonomy":"category","embeddable":true,"href":"https:\/\/www.other-news.info\/noticias\/wp-json\/wp\/v2\/categories?post=23098"},{"taxonomy":"post_tag","embeddable":true,"href":"https:\/\/www.other-news.info\/noticias\/wp-json\/wp\/v2\/tags?post=23098"}],"curies":[{"name":"wp","href":"https:\/\/api.w.org\/{rel}","templated":true}]}}