{"id":24888,"date":"2025-07-07T17:09:58","date_gmt":"2025-07-07T15:09:58","guid":{"rendered":"https:\/\/www.other-news.info\/noticias\/?p=24888"},"modified":"2025-07-07T17:09:59","modified_gmt":"2025-07-07T15:09:59","slug":"sombras-color-marron-los-tres-alemanes-que-quieren-ser-presidente-de-chile","status":"publish","type":"post","link":"https:\/\/www.other-news.info\/noticias\/sombras-color-marron-los-tres-alemanes-que-quieren-ser-presidente-de-chile\/","title":{"rendered":"Sombras color marr\u00f3n: Los tres \u201calemanes\u201d que quieren ser presidente de Chile"},"content":{"rendered":"\n<p class=\"wp-block-paragraph\"><strong>Por&nbsp;Rafael Alvear* &#8211; El Ciudadano<\/strong><\/p>\n\n\n\n<p class=\"wp-block-paragraph\"><em>Adem\u00e1s de su origen alem\u00e1n, todos ellos comparten un hilo com\u00fan de radicalismo y de afrenta no solo contra las libertades pol\u00edticas, sino \u2014m\u00e1s grave a\u00fan\u2014 contra los derechos humanos.<\/em><\/p>\n\n\n\n<p class=\"wp-block-paragraph\">A pr\u00e1cticamente 13.000 kil\u00f3metros de&nbsp;Berl\u00edn, en uno de los pa\u00edses sudamericanos de mayor estabilidad pol\u00edtica en lo que va del siglo XXI, se constata una de las contiendas electorales m\u00e1s llamativas del \u00faltimo tiempo.&nbsp;Chile, tradicionalmente gobernado por coaliciones de centroizquierda desde el fin de la dictadura de&nbsp;Pinochet&nbsp;en 1990, enfrenta hoy un giro cargado de elementos tan ins\u00f3litos como reveladores: tres de los principales aspirantes a la presidencia comparten no solo una visi\u00f3n pol\u00edtica alineada con la derecha m\u00e1s radical \u2014con particular nostalgia por el r\u00e9gimen militar\u2014, sino tambi\u00e9n una misma ra\u00edz alemana. La ascendencia de estos candidatos se remonta a las tres principales olas migratorias desde&nbsp;Alemania&nbsp;a Chile: los colonos del siglo XIX, llegados para afianzar la soberan\u00eda del entonces joven Estado chileno; los exiliados que escaparon del ascenso del nazismo en los a\u00f1os treinta; y los propios nazis que huyeron tras la Segunda Guerra Mundial, intentando eludir la justicia. En un contexto de creciente polarizaci\u00f3n e incertidumbre global, estos candidatos aspiran a convertirse en una especie de&nbsp;Milei&nbsp;con acento alem\u00e1n: entre&nbsp;<em>kuchen<\/em>, caf\u00e9 y discursos encendidos, vuelven a sacar a la palestra un historial de sombras de color marr\u00f3n \u2014esas que no se quitan ni con az\u00facar glas.<\/p>\n\n\n\n<p class=\"wp-block-paragraph\"><strong>Evelyn Matthei: La sobrina pol\u00edtica del r\u00e9gimen militar<\/strong><\/p>\n\n\n\n<p class=\"wp-block-paragraph\">La candidata que hasta hace poco lideraba las encuestas,&nbsp;Evelyn Matthei, es descendiente de los alemanes que llegaron a Chile en el siglo XIX \u2014en el caso de su familia, desde la ciudad de&nbsp;Kassel\u2014, asent\u00e1ndose principalmente en el sur del pa\u00eds. Matthei se postula por segunda vez a la presidencia, buscando canalizar la fuerza de una centroderecha que, si bien ha intentado tomar distancia del legado de la dictadura militar \u2014de la cual fue parte activa\u2014, por lo general termina reivindic\u00e1ndola de una u otra forma. La m\u00e1s reciente de esas reivindicaciones provino de la propia Matthei, quien sostuvo hace algunas semanas que tanto el Golpe de Estado de 1973 como las muertes ocurridas durante los primeros dos a\u00f1os de instaurada la dictadura \u2014con m\u00e1s de 1.500 personas asesinadas\u2014 habr\u00edan sido \u201cinevitables\u201d. En su caso, esta defensa adquiere adem\u00e1s un tinte personal: Matthei no solo particip\u00f3 activamente en la campa\u00f1a del plebiscito de 1988, que consultaba por la continuidad de Pinochet en el poder, sino que adem\u00e1s su padre,&nbsp;Fernando Matthei, fue comandante en jefe de la&nbsp;Fuerza A\u00e9rea&nbsp;y miembro de la&nbsp;Junta Militar&nbsp;desde 1978 \u2014aquella Junta que hizo y deshizo en plena impunidad.<\/p>\n\n\n\n<p class=\"wp-block-paragraph\">El partido pol\u00edtico de Matthei, la&nbsp;Uni\u00f3n Dem\u00f3crata Independiente&nbsp;(UDI), fue fundado por el principal ide\u00f3logo pol\u00edtico-jur\u00eddico de la dictadura,&nbsp;Jaime Guzm\u00e1n. Adem\u00e1s de sostener posturas ultraconservadoras y militaristas, la&nbsp;UDI&nbsp;mantuvo durante a\u00f1os una inquietante cercan\u00eda con uno de los enclaves alemanes m\u00e1s siniestros en Chile: la tristemente c\u00e9lebre \u201cColonia Dignidad\u201d. Fundada por otro&nbsp;<em>deutscher Auswanderer<\/em>, el exmilitar nazi&nbsp;Paul Sch\u00e4fer&nbsp;\u2014quien huy\u00f3 a Chile a comienzos de los a\u00f1os sesenta tras ser acusado de abuso sexual infantil\u2014, Colonia Dignidad funcion\u00f3 como centro de detenci\u00f3n, tortura y abuso, tanto contra colonos alemanes como contra opositores a la dictadura, en colaboraci\u00f3n directa con la&nbsp;DINA&nbsp;\u2013la polic\u00eda secreta del r\u00e9gimen. La UDI sostuvo v\u00ednculos activos con la colonia, organizando all\u00ed actividades de formaci\u00f3n pol\u00edtica, reuniones y encuentros culturales, a los que asistieron figuras insignes de la derecha chilena, entre ellas la propia Evelyn Matthei. El mismo Pinochet eligi\u00f3 tambi\u00e9n a la UDI como su plataforma pol\u00edtica una vez que dej\u00f3 la \u201cpresidencia\u201d para asumir como senador vitalicio. Y fiel a esa l\u00ednea, Matthei fue una de sus m\u00e1s f\u00e9rreas defensoras cuando Pinochet fue arrestado en&nbsp;Londres&nbsp;en 1998, acusado de violaciones a los derechos humanos, cr\u00edmenes de lesa humanidad y otros delitos cometidos durante su r\u00e9gimen.<\/p>\n\n\n\n<p class=\"wp-block-paragraph\"><strong>Jos\u00e9 Antonio Kast: El hijo de un nacionalsocialista<\/strong><\/p>\n\n\n\n<p class=\"wp-block-paragraph\">El candidato que estuvo a punto de llegar a la presidencia en la \u00faltima elecci\u00f3n presidencial, y que ahora se debate entre el primer y segundo lugar en las encuestas,&nbsp;Jos\u00e9Antonio Kast, tambi\u00e9n es descendiente de alemanes, aunque de primera generaci\u00f3n. \u00c9l es hijo de&nbsp;Michael Kast Schindele&nbsp;\u2014originario de&nbsp;Baviera\u2014, quien fue soldado de la&nbsp;<em>Wehrmacht<\/em>, desde 1942 miembro del&nbsp;Partido Nacionalsocialista Alem\u00e1n&nbsp;(NSDAP), y, usando una identidad falsa durante el proceso de desnazificaci\u00f3n, logr\u00f3 escapar de Alemania para instalarse en Chile en 1950. Descolgado del partido UDI luego de dos d\u00e9cadas de militancia \u2013debido, entre otras cosas, a su excesiva \u201cmoderaci\u00f3n\u201d\u2013, y defendiendo el legado de su padre, pero tambi\u00e9n de su hermano,&nbsp;Miguel, quien fuera ex ministro de la dictadura y asesor econ\u00f3mico de la mencionada DINA, Jos\u00e9 Antonio se muestra inc\u00f3lume ante la cr\u00edtica por los v\u00ednculos familiares con el r\u00e9gimen. Sin ir m\u00e1s lejos, su familia ha sido parte de una gran controversia, toda vez que sus hermanos&nbsp;Christian&nbsp;y Miguel, as\u00ed como su mismo padre Michael, han sido asociados a una presunta colaboraci\u00f3n con el asesinato y\/o la desaparici\u00f3n de 70 personas en la zona de&nbsp;Paine&nbsp;\u2013lugar en el que se asentara la familia Kast\u2013 en plena dictadura.<\/p>\n\n\n\n<p class=\"wp-block-paragraph\">El actual partido pol\u00edtico de Kast, el&nbsp;Partido Republicano, fue fundado en 2019 por el mismo Jos\u00e9 Antonio, con el objetivo de reunir a los defraudados de la conducci\u00f3n de la UDI. Desde sus inicios, el Partido Republicano se ha opuesto al aborto en tres causales (salud de la madre, inviabilidad del feto y violaci\u00f3n), al matrimonio homosexual y a lo que consideran una \u201cpersecuci\u00f3n de la justicia\u201d por los cr\u00edmenes de derechos humanos cometidos durante la dictadura militar \u2013reclamando libertad para los exmilitares condenados. De hecho, Kast ha declarado que, si Pinochet estuviera vivo, \u201cvotar\u00eda por m\u00ed\u201d, adem\u00e1s de calificar al exmilitar&nbsp;Miguel Krassnoff, condenado a m\u00e1s de mil a\u00f1os de prisi\u00f3n por cr\u00edmenes de lesa humanidad, como una \u201cbuena persona\u201d y expresar que no cree en \u201clo que se dice de \u00e9l\u201d. Kast es probablemente el \u00fanico candidato que ha establecido alg\u00fan tipo de v\u00ednculo con el partido de ultraderecha alem\u00e1n, \u201cAlternativa para Alemania\u201d (AfD), gracias a una figura clave:&nbsp;Sven von Storch, otro chileno de origen alem\u00e1n, cuya familia se asent\u00f3 en el sur de Chile despu\u00e9s de la Segunda Guerra Mundial. Von Storch, adem\u00e1s de ser el esposo de&nbsp;Beatrix von Storch, diputada alemana de la&nbsp;AfD&nbsp;y nieta del ministro de finanzas de&nbsp;Hitler, Lutz Graf Schwerin von Krosigk, colabor\u00f3 activamente en la \u00faltima campa\u00f1a presidencial de Kast, as\u00ed como en la de&nbsp;Jair Bolsonaro&nbsp;en&nbsp;Brasil.<\/p>\n\n\n\n<p class=\"wp-block-paragraph\"><strong>Johannes Kaiser: el muchacho de las esv\u00e1sticas y los soldaditos nazis<\/strong><\/p>\n\n\n\n<p class=\"wp-block-paragraph\">El candidato que est\u00e1 en boca de todos por su arremetida en las encuestas,&nbsp;Johannes Kaiser, es tercera generaci\u00f3n en Chile, nieto de&nbsp;Friedrich Kaiser&nbsp;\u2014oriundo de&nbsp;W\u00fcrttemberg\u2014, quien escap\u00f3 de la Alemania nazi en 1936 y se estableci\u00f3 en el sur de Chile. A pesar de que su abuelo se consideraba una especie de socialdem\u00f3crata, Johannes adopt\u00f3 y radicaliz\u00f3 r\u00e1pidamente la l\u00ednea pol\u00edtica de su padre,&nbsp;Hans Christian Kaiser, quien fue miembro del partido UDI y candidato a diputado, aunque sin mayor \u00e9xito. Despu\u00e9s de deambular durante m\u00e1s de una d\u00e9cada de estudio en estudio en Alemania y&nbsp;Austria&nbsp;\u2014sin lograr terminar ninguna carrera\u2014, Johannes se dedic\u00f3 al activismo digital como&nbsp;<em>Youtuber<\/em>, destac\u00e1ndose desde sus inicios como un f\u00e9rreo defensor de la dictadura militar. Adem\u00e1s de haber dirigido y publicado un documental en favor del ya mencionado Miguel Krassnoff (<em>Los cosacos y Miguel Krassnoff. La historia no contada<\/em>), Kaiser fue incluso condenado por discurso de odio, ya que, siendo ya diputado de la Rep\u00fablica, afirm\u00f3, entre otras cosas, que la gente fusilada en el campo de concentraci\u00f3n de&nbsp;Pisagua, en el norte de Chile, \u201cestaba bien fusilada\u201d.<\/p>\n\n\n\n<p class=\"wp-block-paragraph\">El partido pol\u00edtico de Kaiser, el&nbsp;Partido Nacional Libertario, es un partido fundado reci\u00e9n en 2024 por el mismo Kaiser, y que apunta ir\u00f3nicamente a reunir a un grupo de defraudados, ya no de la UDI, sino que del Partido Republicano de Kast. Con un estilo a\u00fan m\u00e1s confrontacional, y buscando replicar el \u00e9xito del partido \u2018libertario\u2019 [La Libertad Avanza] de Milei en&nbsp;Argentina, el partido de Kaiser se ha caracterizado por un uso agresivo de redes sociales \u2014incluyendo la difusi\u00f3n de&nbsp;<em>fake news<\/em>\u2014, proclamando la necesidad de reducir el Estado a cero, achicar el plan de vacunaci\u00f3n, oponerse a los movimientos progresistas, y as\u00ed sucesivamente con la receta ultraderechista. Quien de ni\u00f1o y luego adolescente jugara \u2014seg\u00fan \u00e9l mismo ha declarado\u2014 con \u201csoldaditos\u201d nazis y repartiera adhesivos con esv\u00e1sticas entre sus compa\u00f1eros de colegio, ha desarrollado su carrera pol\u00edtica fundamentalmente en torno a la desidia contra inmigrantes \u2013como lo fuera su propio abuelo Friedrich\u2013 y mujeres. En este \u00faltimo \u00e1mbito, Kaiser ha llegado a cuestionar incluso el voto femenino, aseverando a su vez que los violadores de mujeres \u201cfeas\u201d \u201cdeber\u00edan recibir una medalla de honor\u201d y que, en cualquier caso, ser\u00eda urgente eliminar el&nbsp;Ministerio de la Mujer.<\/p>\n\n\n\n<p class=\"wp-block-paragraph\"><em>***<\/em><\/p>\n\n\n\n<p class=\"wp-block-paragraph\">Ciertamente, no toda la inmigraci\u00f3n y\/o ascendencia alemana en Chile muestra un color marr\u00f3n. Figuras como&nbsp;Karl Anwandter,&nbsp;Rodolfo&nbsp;y&nbsp;Federico Philippi, Manfred Max-Neef&nbsp;o&nbsp;Norbert Lechner&nbsp;muestran que ha habido aportes relevantes y positivos al pa\u00eds. Sin embargo, en el \u00e1mbito pol\u00edtico, la tendencia revela una l\u00ednea preocupante: los tres candidatos de derecha y ultraderecha \u2014Matthei, Kast y Kaiser\u2014, aunque integrados al marco institucional y maquillados al ritmo de los tiempos, se alzan en continuidad con la ascendencia ideol\u00f3gico-cultural de figuras como la de sus propios padres, pero tambi\u00e9n, aunque con matices, de Paul Sch\u00e4fer,&nbsp;Rodolfo Stange&nbsp;(otro general de la Junta Militar), as\u00ed como&nbsp;Ingrid Olderock, Sergio Barra von Kutschmann&nbsp;o&nbsp;Christoph Willeke Fl\u00f6el, entre otros agentes de la DINA. Adem\u00e1s de su origen alem\u00e1n, todos ellos comparten un hilo com\u00fan de radicalismo y de afrenta no solo contra las libertades pol\u00edticas, sino \u2014m\u00e1s grave a\u00fan\u2014 contra los derechos humanos. Por eso, a pesar de la c\u00f3moda amnesia hist\u00f3rica que aqueja a nuestros pa\u00edses, vale la pena recordar que la di\u00e1spora alemana en Chile tiene una historia que sigue teniendo efectos hasta hoy. Y esa historia, como muestra paradigm\u00e1ticamente la actual elecci\u00f3n presidencial, no est\u00e1 exenta de sombras: aquellas que est\u00e1n atadas a un historial de conservadurismo, autoritarismo, militarismo y, en su lado m\u00e1s oscuro, de persecuci\u00f3n, desaparici\u00f3n y cr\u00edmenes de lesa humanidad.<\/p>\n\n\n\n<p class=\"wp-block-paragraph\"><em>*Rafael Alvear, doctor en sociolog\u00eda e investigador postdoctoral en el&nbsp;Centro Interdisciplinario de Estudios Europeos&nbsp;(ICES) de la&nbsp;Universidad Europea de Flensburg. Su libro \u00ab\u00bfSociolog\u00eda sin personas? Esbozos de una antropolog\u00eda sociol\u00f3gica\u00bb fue publicado por&nbsp;Transcript Verlag&nbsp;en 2020.<\/em><\/p>\n\n\n\n<p class=\"wp-block-paragraph\">Leer tambi\u00e9n: <a href=\"https:\/\/www.sinpermiso.info\/textos\/chile-triunfo-del-pc-y-oportunidad-en-un-escenario-electoral-adverso\">https:\/\/www.sinpermiso.info\/textos\/chile-triunfo-del-pc-y-oportunidad-en-un-escenario-electoral-adverso<\/a><\/p>\n","protected":false},"excerpt":{"rendered":"<p>Por&nbsp;Rafael Alvear* &#8211; El Ciudadano Adem\u00e1s de su origen alem\u00e1n, todos ellos comparten un hilo com\u00fan de radicalismo y de afrenta no solo contra las libertades pol\u00edticas, sino \u2014m\u00e1s grave a\u00fan\u2014 contra los derechos humanos. A pr\u00e1cticamente 13.000 kil\u00f3metros de&nbsp;Berl\u00edn, en uno\u2026<\/p>\n","protected":false},"author":2,"featured_media":0,"comment_status":"closed","ping_status":"open","sticky":false,"template":"","format":"standard","meta":{"footnotes":""},"categories":[1],"tags":[],"class_list":["post-24888","post","type-post","status-publish","format-standard","hentry","category-other-news"],"yoast_head":"<!-- This site is optimized with the Yoast SEO plugin v16.7 - https:\/\/yoast.com\/wordpress\/plugins\/seo\/ -->\n<title>Sombras color marr\u00f3n: Los tres \u201calemanes\u201d que quieren ser presidente de Chile - Other News - Voz en contra de la corriente<\/title>\n<meta name=\"robots\" content=\"index, follow, max-snippet:-1, max-image-preview:large, max-video-preview:-1\" \/>\n<link rel=\"canonical\" href=\"https:\/\/www.other-news.info\/noticias\/sombras-color-marron-los-tres-alemanes-que-quieren-ser-presidente-de-chile\/\" \/>\n<meta property=\"og:locale\" content=\"es_ES\" \/>\n<meta property=\"og:type\" content=\"article\" \/>\n<meta property=\"og:title\" content=\"Sombras color marr\u00f3n: Los tres \u201calemanes\u201d que quieren ser presidente de Chile - Other News - Voz en contra de la corriente\" \/>\n<meta property=\"og:description\" content=\"Por&nbsp;Rafael Alvear* - El Ciudadano Adem\u00e1s de su origen alem\u00e1n, todos ellos comparten un hilo com\u00fan de radicalismo y de afrenta no solo contra las libertades pol\u00edticas, sino \u2014m\u00e1s grave a\u00fan\u2014 contra los derechos humanos. A pr\u00e1cticamente 13.000 kil\u00f3metros de&nbsp;Berl\u00edn, en uno\u2026\" \/>\n<meta property=\"og:url\" content=\"https:\/\/www.other-news.info\/noticias\/sombras-color-marron-los-tres-alemanes-que-quieren-ser-presidente-de-chile\/\" \/>\n<meta property=\"og:site_name\" content=\"Other News - Voz en contra de la corriente\" \/>\n<meta property=\"article:published_time\" content=\"2025-07-07T15:09:58+00:00\" \/>\n<meta property=\"article:modified_time\" content=\"2025-07-07T15:09:59+00:00\" \/>\n<meta name=\"twitter:card\" content=\"summary_large_image\" \/>\n<meta name=\"twitter:label1\" content=\"Escrito por\" \/>\n\t<meta name=\"twitter:data1\" content=\"admin\" \/>\n\t<meta name=\"twitter:label2\" content=\"Tiempo de lectura\" \/>\n\t<meta name=\"twitter:data2\" content=\"10 minutos\" \/>\n<script type=\"application\/ld+json\" class=\"yoast-schema-graph\">{\"@context\":\"https:\/\/schema.org\",\"@graph\":[{\"@type\":\"WebSite\",\"@id\":\"https:\/\/www.other-news.info\/noticias\/#website\",\"url\":\"https:\/\/www.other-news.info\/noticias\/\",\"name\":\"Other News - Voz en contra de la corriente\",\"description\":\"Voz en contra de la corriente\",\"potentialAction\":[{\"@type\":\"SearchAction\",\"target\":{\"@type\":\"EntryPoint\",\"urlTemplate\":\"https:\/\/www.other-news.info\/noticias\/?s={search_term_string}\"},\"query-input\":\"required name=search_term_string\"}],\"inLanguage\":\"es\"},{\"@type\":\"WebPage\",\"@id\":\"https:\/\/www.other-news.info\/noticias\/sombras-color-marron-los-tres-alemanes-que-quieren-ser-presidente-de-chile\/#webpage\",\"url\":\"https:\/\/www.other-news.info\/noticias\/sombras-color-marron-los-tres-alemanes-que-quieren-ser-presidente-de-chile\/\",\"name\":\"Sombras color marr\\u00f3n: Los tres \\u201calemanes\\u201d que quieren ser presidente de Chile - Other News - Voz en contra de la corriente\",\"isPartOf\":{\"@id\":\"https:\/\/www.other-news.info\/noticias\/#website\"},\"datePublished\":\"2025-07-07T15:09:58+00:00\",\"dateModified\":\"2025-07-07T15:09:59+00:00\",\"author\":{\"@id\":\"https:\/\/www.other-news.info\/noticias\/#\/schema\/person\/dd0ead9df8654b02034c4da003b9991b\"},\"breadcrumb\":{\"@id\":\"https:\/\/www.other-news.info\/noticias\/sombras-color-marron-los-tres-alemanes-que-quieren-ser-presidente-de-chile\/#breadcrumb\"},\"inLanguage\":\"es\",\"potentialAction\":[{\"@type\":\"ReadAction\",\"target\":[\"https:\/\/www.other-news.info\/noticias\/sombras-color-marron-los-tres-alemanes-que-quieren-ser-presidente-de-chile\/\"]}]},{\"@type\":\"BreadcrumbList\",\"@id\":\"https:\/\/www.other-news.info\/noticias\/sombras-color-marron-los-tres-alemanes-que-quieren-ser-presidente-de-chile\/#breadcrumb\",\"itemListElement\":[{\"@type\":\"ListItem\",\"position\":1,\"name\":\"Home\",\"item\":\"https:\/\/www.other-news.info\/noticias\/\"},{\"@type\":\"ListItem\",\"position\":2,\"name\":\"Sombras color marr\\u00f3n: Los tres \\u201calemanes\\u201d que quieren ser presidente de Chile\"}]},{\"@type\":\"Person\",\"@id\":\"https:\/\/www.other-news.info\/noticias\/#\/schema\/person\/dd0ead9df8654b02034c4da003b9991b\",\"name\":\"admin\",\"image\":{\"@type\":\"ImageObject\",\"@id\":\"https:\/\/www.other-news.info\/noticias\/#personlogo\",\"inLanguage\":\"es\",\"url\":\"https:\/\/secure.gravatar.com\/avatar\/e67344401a27ff9f91b2b48296aaa8fb9186ac51a3404ed4bdfbe790b6a9ee11?s=96&d=mm&r=g\",\"contentUrl\":\"https:\/\/secure.gravatar.com\/avatar\/e67344401a27ff9f91b2b48296aaa8fb9186ac51a3404ed4bdfbe790b6a9ee11?s=96&d=mm&r=g\",\"caption\":\"admin\"},\"url\":\"https:\/\/www.other-news.info\/noticias\/author\/admin\/\"}]}<\/script>\n<!-- \/ Yoast SEO plugin. -->","yoast_head_json":{"title":"Sombras color marr\u00f3n: Los tres \u201calemanes\u201d que quieren ser presidente de Chile - Other News - Voz en contra de la corriente","robots":{"index":"index","follow":"follow","max-snippet":"max-snippet:-1","max-image-preview":"max-image-preview:large","max-video-preview":"max-video-preview:-1"},"canonical":"https:\/\/www.other-news.info\/noticias\/sombras-color-marron-los-tres-alemanes-que-quieren-ser-presidente-de-chile\/","og_locale":"es_ES","og_type":"article","og_title":"Sombras color marr\u00f3n: Los tres \u201calemanes\u201d que quieren ser presidente de Chile - Other News - Voz en contra de la corriente","og_description":"Por&nbsp;Rafael Alvear* - El Ciudadano Adem\u00e1s de su origen alem\u00e1n, todos ellos comparten un hilo com\u00fan de radicalismo y de afrenta no solo contra las libertades pol\u00edticas, sino \u2014m\u00e1s grave a\u00fan\u2014 contra los derechos humanos. A pr\u00e1cticamente 13.000 kil\u00f3metros de&nbsp;Berl\u00edn, en uno\u2026","og_url":"https:\/\/www.other-news.info\/noticias\/sombras-color-marron-los-tres-alemanes-que-quieren-ser-presidente-de-chile\/","og_site_name":"Other News - Voz en contra de la corriente","article_published_time":"2025-07-07T15:09:58+00:00","article_modified_time":"2025-07-07T15:09:59+00:00","twitter_card":"summary_large_image","twitter_misc":{"Escrito por":"admin","Tiempo de lectura":"10 minutos"},"schema":{"@context":"https:\/\/schema.org","@graph":[{"@type":"WebSite","@id":"https:\/\/www.other-news.info\/noticias\/#website","url":"https:\/\/www.other-news.info\/noticias\/","name":"Other News - Voz en contra de la corriente","description":"Voz en contra de la corriente","potentialAction":[{"@type":"SearchAction","target":{"@type":"EntryPoint","urlTemplate":"https:\/\/www.other-news.info\/noticias\/?s={search_term_string}"},"query-input":"required name=search_term_string"}],"inLanguage":"es"},{"@type":"WebPage","@id":"https:\/\/www.other-news.info\/noticias\/sombras-color-marron-los-tres-alemanes-que-quieren-ser-presidente-de-chile\/#webpage","url":"https:\/\/www.other-news.info\/noticias\/sombras-color-marron-los-tres-alemanes-que-quieren-ser-presidente-de-chile\/","name":"Sombras color marr\u00f3n: Los tres \u201calemanes\u201d que quieren ser presidente de Chile - Other News - Voz en contra de la corriente","isPartOf":{"@id":"https:\/\/www.other-news.info\/noticias\/#website"},"datePublished":"2025-07-07T15:09:58+00:00","dateModified":"2025-07-07T15:09:59+00:00","author":{"@id":"https:\/\/www.other-news.info\/noticias\/#\/schema\/person\/dd0ead9df8654b02034c4da003b9991b"},"breadcrumb":{"@id":"https:\/\/www.other-news.info\/noticias\/sombras-color-marron-los-tres-alemanes-que-quieren-ser-presidente-de-chile\/#breadcrumb"},"inLanguage":"es","potentialAction":[{"@type":"ReadAction","target":["https:\/\/www.other-news.info\/noticias\/sombras-color-marron-los-tres-alemanes-que-quieren-ser-presidente-de-chile\/"]}]},{"@type":"BreadcrumbList","@id":"https:\/\/www.other-news.info\/noticias\/sombras-color-marron-los-tres-alemanes-que-quieren-ser-presidente-de-chile\/#breadcrumb","itemListElement":[{"@type":"ListItem","position":1,"name":"Home","item":"https:\/\/www.other-news.info\/noticias\/"},{"@type":"ListItem","position":2,"name":"Sombras color marr\u00f3n: Los tres \u201calemanes\u201d que quieren ser presidente de Chile"}]},{"@type":"Person","@id":"https:\/\/www.other-news.info\/noticias\/#\/schema\/person\/dd0ead9df8654b02034c4da003b9991b","name":"admin","image":{"@type":"ImageObject","@id":"https:\/\/www.other-news.info\/noticias\/#personlogo","inLanguage":"es","url":"https:\/\/secure.gravatar.com\/avatar\/e67344401a27ff9f91b2b48296aaa8fb9186ac51a3404ed4bdfbe790b6a9ee11?s=96&d=mm&r=g","contentUrl":"https:\/\/secure.gravatar.com\/avatar\/e67344401a27ff9f91b2b48296aaa8fb9186ac51a3404ed4bdfbe790b6a9ee11?s=96&d=mm&r=g","caption":"admin"},"url":"https:\/\/www.other-news.info\/noticias\/author\/admin\/"}]}},"_links":{"self":[{"href":"https:\/\/www.other-news.info\/noticias\/wp-json\/wp\/v2\/posts\/24888","targetHints":{"allow":["GET"]}}],"collection":[{"href":"https:\/\/www.other-news.info\/noticias\/wp-json\/wp\/v2\/posts"}],"about":[{"href":"https:\/\/www.other-news.info\/noticias\/wp-json\/wp\/v2\/types\/post"}],"author":[{"embeddable":true,"href":"https:\/\/www.other-news.info\/noticias\/wp-json\/wp\/v2\/users\/2"}],"replies":[{"embeddable":true,"href":"https:\/\/www.other-news.info\/noticias\/wp-json\/wp\/v2\/comments?post=24888"}],"version-history":[{"count":1,"href":"https:\/\/www.other-news.info\/noticias\/wp-json\/wp\/v2\/posts\/24888\/revisions"}],"predecessor-version":[{"id":24889,"href":"https:\/\/www.other-news.info\/noticias\/wp-json\/wp\/v2\/posts\/24888\/revisions\/24889"}],"wp:attachment":[{"href":"https:\/\/www.other-news.info\/noticias\/wp-json\/wp\/v2\/media?parent=24888"}],"wp:term":[{"taxonomy":"category","embeddable":true,"href":"https:\/\/www.other-news.info\/noticias\/wp-json\/wp\/v2\/categories?post=24888"},{"taxonomy":"post_tag","embeddable":true,"href":"https:\/\/www.other-news.info\/noticias\/wp-json\/wp\/v2\/tags?post=24888"}],"curies":[{"name":"wp","href":"https:\/\/api.w.org\/{rel}","templated":true}]}}