{"id":24890,"date":"2025-07-07T17:10:56","date_gmt":"2025-07-07T15:10:56","guid":{"rendered":"https:\/\/www.other-news.info\/noticias\/?p=24890"},"modified":"2025-07-07T17:10:57","modified_gmt":"2025-07-07T15:10:57","slug":"la-cumbre-brics-en-rio-ausencias-que-pesan-y-una-cohesion-en-entredicho","status":"publish","type":"post","link":"https:\/\/www.other-news.info\/noticias\/la-cumbre-brics-en-rio-ausencias-que-pesan-y-una-cohesion-en-entredicho\/","title":{"rendered":"La cumbre BRICS en R\u00edo: ausencias que pesan y una cohesi\u00f3n en entredicho"},"content":{"rendered":"\n<p class=\"wp-block-paragraph\"><strong>Por Natalia Souto* &#8211; Mundiario<\/strong><\/p>\n\n\n\n<p class=\"wp-block-paragraph\"><em>La primera cumbre de los BRICS ampliados se celebr\u00f3 en Brasil bajo la sombra de la ausencia de Vlad\u00edmir Putin y Xi Jinping, en medio de tensiones diplom\u00e1ticas que ponen en cuesti\u00f3n la solidez del bloque en plena expansi\u00f3n.<\/em><\/p>\n\n\n\n<p class=\"wp-block-paragraph\">La 17\u00aa Cumbre de los BRICS en R\u00edo de Janeiro, organizada con esmero por Brasil, se propon\u00eda marcar un antes y un despu\u00e9s en la historia del bloque. Por primera vez, la alianza contaba con la participaci\u00f3n formal de seis nuevos miembros \u2014Egipto, Etiop\u00eda, Indonesia, Ir\u00e1n, Arabia Saud\u00ed y los Emiratos \u00c1rabes Unidos\u2014 y con una ambiciosa agenda t\u00e9cnica liderada por el presidente&nbsp;<a href=\"https:\/\/www.mundiario.com\/articulo\/internacional\/milei-lula-dos-visiones-irreconciliables-que-tensionan-futuro-mercosur\/20250706032556349564.html\">Luiz In\u00e1cio Lula da Silva<\/a>. Sin embargo, la ausencia f\u00edsica de dos de sus principales figuras \u2014el presidente ruso,&nbsp;<a href=\"https:\/\/www.mundiario.com\/articulo\/internacional\/delicado-equilibrio-trump-zelenski-futuro-defensa-ucrania\/20250705072605349480.html\">Vlad\u00edmir Putin<\/a>, y el presidente chino, Xi Jinping\u2014 dej\u00f3 al descubierto las tensiones subyacentes y los desaf\u00edos de cohesi\u00f3n en el seno del grupo.<\/p>\n\n\n\n<p class=\"wp-block-paragraph\">Xi, ausente por \u201cconflictos de agenda\u201d, deleg\u00f3 su representaci\u00f3n en el primer ministro Li Qiang. Para Lula, la presencia del l\u00edder chino habr\u00eda sido clave tanto en t\u00e9rminos simb\u00f3licos como estrat\u00e9gicos: Xi no hab\u00eda faltado a una cumbre BRICS desde su llegada al poder en 2012. Su ausencia, aunque explicada con discreci\u00f3n, deja entrever una posible falta de prioridad en su agenda internacional hacia un bloque que busca afirmar su papel como alternativa al orden occidental mientras se encuentra en<a href=\"https:\/\/www.mundiario.com\/articulo\/economia\/ee-uu-china-logran-entendimiento-tierras-raras-nuevo-giro-guerra-comercial\/20250627140303348684.html\">&nbsp;negociaciones comerciales<\/a>&nbsp;con la Casa Blanca.<\/p>\n\n\n\n<p class=\"wp-block-paragraph\">M\u00e1s significativa a\u00fan fue la ausencia de Putin, limitada a una intervenci\u00f3n por videoconferencia. Brasil, al ser parte del Estatuto de Roma, estaba legalmente obligado a detener al mandatario ruso por la orden de arresto del Tribunal Penal Internacional vinculada a<a href=\"https:\/\/www.mundiario.com\/articulo\/internacional\/china-rusia-arropan-iran-ataque-ee-uu-alianza-estrategica-frente-occidente\/20250623232734348276.html\">&nbsp;la guerra en Ucrania<\/a>. Esta situaci\u00f3n diplom\u00e1tica inc\u00f3moda dej\u00f3 a Lula en una posici\u00f3n delicada: como anfitri\u00f3n, no pod\u00eda garantizar la inmunidad de Putin sin violar sus compromisos internacionales. El Kremlin opt\u00f3 por una f\u00f3rmula intermedia, que no impidi\u00f3 que la voz del presidente ruso se hiciera sentir en el foro.<\/p>\n\n\n\n<p class=\"wp-block-paragraph\">Putin utiliz\u00f3 su intervenci\u00f3n remota para reiterar que el modelo de globalizaci\u00f3n liberal est\u00e1 \u00abobsoleto\u00bb y para presentar a los BRICS como el nuevo eje econ\u00f3mico del mundo, m\u00e1s poderoso que el G7. En su discurso, traz\u00f3 una narrativa que reson\u00f3 entre varios miembros del bloque, destacando la idea de una transici\u00f3n inevitable hacia un mundo multipolar. Aunque no estuvo presente f\u00edsicamente, logr\u00f3 dejar una huella pol\u00edtica importante, ya que la declaraci\u00f3n final dedic\u00f3 escasas menciones al conflicto en Ucrania y, cuando lo hizo, centr\u00f3 la atenci\u00f3n en los ataques ucranianos a regiones rusas, siempre en l\u00ednea con la ret\u00f3rica del Kremlin.<\/p>\n\n\n\n<p class=\"wp-block-paragraph\">Este tratamiento asim\u00e9trico de los conflictos internacionales revela una contradicci\u00f3n dentro del bloque. Mientras Ir\u00e1n presion\u00f3 por una condena m\u00e1s firme contra Israel y sus acciones en Gaza, el documento final evit\u00f3 se\u00f1alar directamente a Estados Unidos por sus propios ataques a instalaciones iran\u00edes. Las omisiones, cuidadosamente calculadas, demuestran la intenci\u00f3n de algunos miembros \u2014particularmente Brasil\u2014 de evitar confrontaciones con Washington, en un contexto geopol\u00edtico dominado por la Administraci\u00f3n Trump y sus pol\u00edticas proteccionistas.<\/p>\n\n\n\n<p class=\"wp-block-paragraph\">Lula, consciente de la fragilidad del momento, intent\u00f3 centrar la agenda en temas t\u00e9cnicos: salud global, comercio en monedas locales, gobernanza de la inteligencia artificial, cambio clim\u00e1tico y fortalecimiento institucional. Para \u00e9l, esta cumbre era no solo una vitrina internacional, sino tambi\u00e9n un respiro pol\u00edtico ante un panorama dom\u00e9stico complicado por la ca\u00edda de su popularidad y la creciente fricci\u00f3n con el Congreso brasile\u00f1o.<\/p>\n\n\n\n<p class=\"wp-block-paragraph\">No obstante, el tono moderado de la cumbre contrasta con el esp\u00edritu con el que naci\u00f3 el crecimiento del bloque. El BRICS ampliado, con 11 miembros y 10 pa\u00edses socios, aspira a representar un contrapeso al sistema liderado por Occidente. Pero la heterogeneidad interna, las tensiones geopol\u00edticas y las diferencias en prioridades nacionales hacen que esa aspiraci\u00f3n se vea entorpecida por la realidad de una coordinaci\u00f3n dif\u00edcil. La expansi\u00f3n ha generado m\u00e1s complejidad que cohesi\u00f3n.<\/p>\n\n\n\n<p class=\"wp-block-paragraph\">La diplomacia brasile\u00f1a logr\u00f3, no sin esfuerzo, un comunicado de consenso. Pero la aparente neutralidad del texto esconde decisiones pol\u00edticas deliberadas. Que apenas se mencione a Ucrania en 126 p\u00e1rrafos, mientras se repite el nombre de Israel en siete ocasiones, responde a equilibrios internos que priorizan mantener unido al bloque antes que adoptar posiciones firmes.<\/p>\n\n\n\n<p class=\"wp-block-paragraph\">En definitiva, la cumbre de R\u00edo de Janeiro fue, en apariencia, una celebraci\u00f3n del nuevo BRICS ampliado. Pero las ausencias de Xi y Putin, las tensiones latentes y la diplomacia calculada revelan un bloque a\u00fan en busca de su verdadera identidad pol\u00edtica. La cohesi\u00f3n, m\u00e1s que una realidad, sigue siendo una meta en construcci\u00f3n.<\/p>\n\n\n\n<p class=\"wp-block-paragraph\"><em>*Natalia Souto, colaboradora de MUNDIARIO, es analista de la actualidad pol\u00edtica y social. Tambi\u00e9n escribe en la edici\u00f3n de Opini\u00f3n de este peri\u00f3dico.<\/em><\/p>\n\n\n\n<p class=\"wp-block-paragraph\">Leer tambi\u00e9n: <a href=\"https:\/\/estrategia.la\/2025\/07\/07\/26441\/\">https:\/\/estrategia.la\/2025\/07\/07\/26441\/<\/a><\/p>\n","protected":false},"excerpt":{"rendered":"<p>Por Natalia Souto* &#8211; Mundiario La primera cumbre de los BRICS ampliados se celebr\u00f3 en Brasil bajo la sombra de la ausencia de Vlad\u00edmir Putin y Xi Jinping, en medio de tensiones diplom\u00e1ticas que ponen en cuesti\u00f3n la solidez del bloque en plena expansi\u00f3n. La 17\u00aa Cumbre de los\u2026<\/p>\n","protected":false},"author":2,"featured_media":0,"comment_status":"closed","ping_status":"open","sticky":false,"template":"","format":"standard","meta":{"footnotes":""},"categories":[1],"tags":[],"class_list":["post-24890","post","type-post","status-publish","format-standard","hentry","category-other-news"],"yoast_head":"<!-- This site is optimized with the Yoast SEO plugin v16.7 - https:\/\/yoast.com\/wordpress\/plugins\/seo\/ -->\n<title>La cumbre BRICS en R\u00edo: ausencias que pesan y una cohesi\u00f3n en entredicho - Other News - Voz en contra de la corriente<\/title>\n<meta name=\"robots\" content=\"index, follow, max-snippet:-1, max-image-preview:large, max-video-preview:-1\" \/>\n<link rel=\"canonical\" href=\"https:\/\/www.other-news.info\/noticias\/la-cumbre-brics-en-rio-ausencias-que-pesan-y-una-cohesion-en-entredicho\/\" \/>\n<meta property=\"og:locale\" content=\"es_ES\" \/>\n<meta property=\"og:type\" content=\"article\" \/>\n<meta property=\"og:title\" content=\"La cumbre BRICS en R\u00edo: ausencias que pesan y una cohesi\u00f3n en entredicho - Other News - Voz en contra de la corriente\" \/>\n<meta property=\"og:description\" content=\"Por Natalia Souto* - Mundiario La primera cumbre de los BRICS ampliados se celebr\u00f3 en Brasil bajo la sombra de la ausencia de Vlad\u00edmir Putin y Xi Jinping, en medio de tensiones diplom\u00e1ticas que ponen en cuesti\u00f3n la solidez del bloque en plena expansi\u00f3n. La 17\u00aa Cumbre de los\u2026\" \/>\n<meta property=\"og:url\" content=\"https:\/\/www.other-news.info\/noticias\/la-cumbre-brics-en-rio-ausencias-que-pesan-y-una-cohesion-en-entredicho\/\" \/>\n<meta property=\"og:site_name\" content=\"Other News - Voz en contra de la corriente\" \/>\n<meta property=\"article:published_time\" content=\"2025-07-07T15:10:56+00:00\" \/>\n<meta property=\"article:modified_time\" content=\"2025-07-07T15:10:57+00:00\" \/>\n<meta name=\"twitter:card\" content=\"summary_large_image\" \/>\n<meta name=\"twitter:label1\" content=\"Escrito por\" \/>\n\t<meta name=\"twitter:data1\" content=\"admin\" \/>\n\t<meta name=\"twitter:label2\" content=\"Tiempo de lectura\" \/>\n\t<meta name=\"twitter:data2\" content=\"4 minutos\" \/>\n<script type=\"application\/ld+json\" class=\"yoast-schema-graph\">{\"@context\":\"https:\/\/schema.org\",\"@graph\":[{\"@type\":\"WebSite\",\"@id\":\"https:\/\/www.other-news.info\/noticias\/#website\",\"url\":\"https:\/\/www.other-news.info\/noticias\/\",\"name\":\"Other News - Voz en contra de la corriente\",\"description\":\"Voz en contra de la corriente\",\"potentialAction\":[{\"@type\":\"SearchAction\",\"target\":{\"@type\":\"EntryPoint\",\"urlTemplate\":\"https:\/\/www.other-news.info\/noticias\/?s={search_term_string}\"},\"query-input\":\"required name=search_term_string\"}],\"inLanguage\":\"es\"},{\"@type\":\"WebPage\",\"@id\":\"https:\/\/www.other-news.info\/noticias\/la-cumbre-brics-en-rio-ausencias-que-pesan-y-una-cohesion-en-entredicho\/#webpage\",\"url\":\"https:\/\/www.other-news.info\/noticias\/la-cumbre-brics-en-rio-ausencias-que-pesan-y-una-cohesion-en-entredicho\/\",\"name\":\"La cumbre BRICS en R\\u00edo: ausencias que pesan y una cohesi\\u00f3n en entredicho - Other News - Voz en contra de la corriente\",\"isPartOf\":{\"@id\":\"https:\/\/www.other-news.info\/noticias\/#website\"},\"datePublished\":\"2025-07-07T15:10:56+00:00\",\"dateModified\":\"2025-07-07T15:10:57+00:00\",\"author\":{\"@id\":\"https:\/\/www.other-news.info\/noticias\/#\/schema\/person\/dd0ead9df8654b02034c4da003b9991b\"},\"breadcrumb\":{\"@id\":\"https:\/\/www.other-news.info\/noticias\/la-cumbre-brics-en-rio-ausencias-que-pesan-y-una-cohesion-en-entredicho\/#breadcrumb\"},\"inLanguage\":\"es\",\"potentialAction\":[{\"@type\":\"ReadAction\",\"target\":[\"https:\/\/www.other-news.info\/noticias\/la-cumbre-brics-en-rio-ausencias-que-pesan-y-una-cohesion-en-entredicho\/\"]}]},{\"@type\":\"BreadcrumbList\",\"@id\":\"https:\/\/www.other-news.info\/noticias\/la-cumbre-brics-en-rio-ausencias-que-pesan-y-una-cohesion-en-entredicho\/#breadcrumb\",\"itemListElement\":[{\"@type\":\"ListItem\",\"position\":1,\"name\":\"Home\",\"item\":\"https:\/\/www.other-news.info\/noticias\/\"},{\"@type\":\"ListItem\",\"position\":2,\"name\":\"La cumbre BRICS en R\\u00edo: ausencias que pesan y una cohesi\\u00f3n en entredicho\"}]},{\"@type\":\"Person\",\"@id\":\"https:\/\/www.other-news.info\/noticias\/#\/schema\/person\/dd0ead9df8654b02034c4da003b9991b\",\"name\":\"admin\",\"image\":{\"@type\":\"ImageObject\",\"@id\":\"https:\/\/www.other-news.info\/noticias\/#personlogo\",\"inLanguage\":\"es\",\"url\":\"https:\/\/secure.gravatar.com\/avatar\/e67344401a27ff9f91b2b48296aaa8fb9186ac51a3404ed4bdfbe790b6a9ee11?s=96&d=mm&r=g\",\"contentUrl\":\"https:\/\/secure.gravatar.com\/avatar\/e67344401a27ff9f91b2b48296aaa8fb9186ac51a3404ed4bdfbe790b6a9ee11?s=96&d=mm&r=g\",\"caption\":\"admin\"},\"url\":\"https:\/\/www.other-news.info\/noticias\/author\/admin\/\"}]}<\/script>\n<!-- \/ Yoast SEO plugin. -->","yoast_head_json":{"title":"La cumbre BRICS en R\u00edo: ausencias que pesan y una cohesi\u00f3n en entredicho - Other News - Voz en contra de la corriente","robots":{"index":"index","follow":"follow","max-snippet":"max-snippet:-1","max-image-preview":"max-image-preview:large","max-video-preview":"max-video-preview:-1"},"canonical":"https:\/\/www.other-news.info\/noticias\/la-cumbre-brics-en-rio-ausencias-que-pesan-y-una-cohesion-en-entredicho\/","og_locale":"es_ES","og_type":"article","og_title":"La cumbre BRICS en R\u00edo: ausencias que pesan y una cohesi\u00f3n en entredicho - Other News - Voz en contra de la corriente","og_description":"Por Natalia Souto* - Mundiario La primera cumbre de los BRICS ampliados se celebr\u00f3 en Brasil bajo la sombra de la ausencia de Vlad\u00edmir Putin y Xi Jinping, en medio de tensiones diplom\u00e1ticas que ponen en cuesti\u00f3n la solidez del bloque en plena expansi\u00f3n. La 17\u00aa Cumbre de los\u2026","og_url":"https:\/\/www.other-news.info\/noticias\/la-cumbre-brics-en-rio-ausencias-que-pesan-y-una-cohesion-en-entredicho\/","og_site_name":"Other News - Voz en contra de la corriente","article_published_time":"2025-07-07T15:10:56+00:00","article_modified_time":"2025-07-07T15:10:57+00:00","twitter_card":"summary_large_image","twitter_misc":{"Escrito por":"admin","Tiempo de lectura":"4 minutos"},"schema":{"@context":"https:\/\/schema.org","@graph":[{"@type":"WebSite","@id":"https:\/\/www.other-news.info\/noticias\/#website","url":"https:\/\/www.other-news.info\/noticias\/","name":"Other News - Voz en contra de la corriente","description":"Voz en contra de la corriente","potentialAction":[{"@type":"SearchAction","target":{"@type":"EntryPoint","urlTemplate":"https:\/\/www.other-news.info\/noticias\/?s={search_term_string}"},"query-input":"required name=search_term_string"}],"inLanguage":"es"},{"@type":"WebPage","@id":"https:\/\/www.other-news.info\/noticias\/la-cumbre-brics-en-rio-ausencias-que-pesan-y-una-cohesion-en-entredicho\/#webpage","url":"https:\/\/www.other-news.info\/noticias\/la-cumbre-brics-en-rio-ausencias-que-pesan-y-una-cohesion-en-entredicho\/","name":"La cumbre BRICS en R\u00edo: ausencias que pesan y una cohesi\u00f3n en entredicho - Other News - Voz en contra de la corriente","isPartOf":{"@id":"https:\/\/www.other-news.info\/noticias\/#website"},"datePublished":"2025-07-07T15:10:56+00:00","dateModified":"2025-07-07T15:10:57+00:00","author":{"@id":"https:\/\/www.other-news.info\/noticias\/#\/schema\/person\/dd0ead9df8654b02034c4da003b9991b"},"breadcrumb":{"@id":"https:\/\/www.other-news.info\/noticias\/la-cumbre-brics-en-rio-ausencias-que-pesan-y-una-cohesion-en-entredicho\/#breadcrumb"},"inLanguage":"es","potentialAction":[{"@type":"ReadAction","target":["https:\/\/www.other-news.info\/noticias\/la-cumbre-brics-en-rio-ausencias-que-pesan-y-una-cohesion-en-entredicho\/"]}]},{"@type":"BreadcrumbList","@id":"https:\/\/www.other-news.info\/noticias\/la-cumbre-brics-en-rio-ausencias-que-pesan-y-una-cohesion-en-entredicho\/#breadcrumb","itemListElement":[{"@type":"ListItem","position":1,"name":"Home","item":"https:\/\/www.other-news.info\/noticias\/"},{"@type":"ListItem","position":2,"name":"La cumbre BRICS en R\u00edo: ausencias que pesan y una cohesi\u00f3n en entredicho"}]},{"@type":"Person","@id":"https:\/\/www.other-news.info\/noticias\/#\/schema\/person\/dd0ead9df8654b02034c4da003b9991b","name":"admin","image":{"@type":"ImageObject","@id":"https:\/\/www.other-news.info\/noticias\/#personlogo","inLanguage":"es","url":"https:\/\/secure.gravatar.com\/avatar\/e67344401a27ff9f91b2b48296aaa8fb9186ac51a3404ed4bdfbe790b6a9ee11?s=96&d=mm&r=g","contentUrl":"https:\/\/secure.gravatar.com\/avatar\/e67344401a27ff9f91b2b48296aaa8fb9186ac51a3404ed4bdfbe790b6a9ee11?s=96&d=mm&r=g","caption":"admin"},"url":"https:\/\/www.other-news.info\/noticias\/author\/admin\/"}]}},"_links":{"self":[{"href":"https:\/\/www.other-news.info\/noticias\/wp-json\/wp\/v2\/posts\/24890","targetHints":{"allow":["GET"]}}],"collection":[{"href":"https:\/\/www.other-news.info\/noticias\/wp-json\/wp\/v2\/posts"}],"about":[{"href":"https:\/\/www.other-news.info\/noticias\/wp-json\/wp\/v2\/types\/post"}],"author":[{"embeddable":true,"href":"https:\/\/www.other-news.info\/noticias\/wp-json\/wp\/v2\/users\/2"}],"replies":[{"embeddable":true,"href":"https:\/\/www.other-news.info\/noticias\/wp-json\/wp\/v2\/comments?post=24890"}],"version-history":[{"count":1,"href":"https:\/\/www.other-news.info\/noticias\/wp-json\/wp\/v2\/posts\/24890\/revisions"}],"predecessor-version":[{"id":24891,"href":"https:\/\/www.other-news.info\/noticias\/wp-json\/wp\/v2\/posts\/24890\/revisions\/24891"}],"wp:attachment":[{"href":"https:\/\/www.other-news.info\/noticias\/wp-json\/wp\/v2\/media?parent=24890"}],"wp:term":[{"taxonomy":"category","embeddable":true,"href":"https:\/\/www.other-news.info\/noticias\/wp-json\/wp\/v2\/categories?post=24890"},{"taxonomy":"post_tag","embeddable":true,"href":"https:\/\/www.other-news.info\/noticias\/wp-json\/wp\/v2\/tags?post=24890"}],"curies":[{"name":"wp","href":"https:\/\/api.w.org\/{rel}","templated":true}]}}