{"id":24892,"date":"2025-07-08T17:19:27","date_gmt":"2025-07-08T15:19:27","guid":{"rendered":"https:\/\/www.other-news.info\/noticias\/?p=24892"},"modified":"2025-07-08T17:19:28","modified_gmt":"2025-07-08T15:19:28","slug":"crisis-politica-y-democracia-donde-esta-el-poder-en-el-peru","status":"publish","type":"post","link":"https:\/\/www.other-news.info\/noticias\/crisis-politica-y-democracia-donde-esta-el-poder-en-el-peru\/","title":{"rendered":"Crisis pol\u00edtica y democracia. \u00bfD\u00f3nde est\u00e1 el poder en el Per\u00fa?"},"content":{"rendered":"\n<p class=\"wp-block-paragraph\"><strong>Por La L\u00ednea* &#8211; Diario Red<\/strong><\/p>\n\n\n\n<p class=\"wp-block-paragraph\"><em>El frustrado mandato de Pedro Castillo nos ense\u00f1\u00f3 que el poder no se encuentra en Palacio de Pizarro&#8230; dicho de otra manera, la conquista del poder ejecutivo es insuficiente si no se controla el poder militar, judicial y tecnocr\u00e1tico.<\/em><\/p>\n\n\n\n<p class=\"wp-block-paragraph\">La actual descomposici\u00f3n del sistema pol\u00edtico peruano ha evidenciado los verdaderos poderes f\u00e1cticos que definen el porvenir del pa\u00eds en la sombra del Estado. Los poderes econ\u00f3micos mantienen cohesi\u00f3n por encima de las disparidades ideol\u00f3gicas y est\u00e1n ampliamente representados tanto en el campo conservador como en el liberal-progresista. Estos sectores econ\u00f3micos \u2014unos est\u00e1n m\u00e1s orientados a la producci\u00f3n, otros al sector financiero\u2014&nbsp;cuentan con portavoces pol\u00edticos, cuadros t\u00e9cnicos y controlan empresas de comunicaci\u00f3n al servicio de sus intereses.&nbsp;&nbsp;<\/p>\n\n\n\n<p class=\"wp-block-paragraph\">El campo popular se mantiene en la subalternidad, sin rumbo fijo ni real dominio de las pol\u00edticas p\u00fablicas para encontrar el rumbo y refundar la democracia. Y cuando de sorpresa alguno de sus integrantes llega a ocupar un puesto de autoridad pol\u00edtica, es r\u00e1pidamente sometido o aspirado por la m\u00e1quina de corromper encabezada por los poderes econ\u00f3micos. Los casos de los congresistas de Per\u00fa Libre o de la Bancada Magisterial ilustran perfectamente como r\u00e1pidamente sus ideales transformadores se esfumaron, ejerciendo el cargo de representaci\u00f3n nacional como un negocio personal a corto plazo.&nbsp;&nbsp;<\/p>\n\n\n\n<p class=\"wp-block-paragraph\">En Frente a esta maquinaria que bloquea cualquier cambio sustantivo, conviene preguntarse \u00bfen qu\u00e9 espacio reside el poder pol\u00edtico? y \u00bfc\u00f3mo hacer para mover el escenario? El frustrado mandato de Pedro Castillo nos ense\u00f1\u00f3 que el poder no se encuentra en Palacio de Pizarro&#8230; dicho de otra manera, la conquista del poder ejecutivo es insuficiente si no se controla el poder militar, judicial y tecnocr\u00e1tico del Per\u00fa.&nbsp;&nbsp;<\/p>\n\n\n\n<p class=\"wp-block-paragraph\">En 200 a\u00f1os de vida republicana en Per\u00fa, la \u00fanica experiencia de transformaci\u00f3n radical nacional-popular fue impulsada por los militares. Liderados por el general de divisi\u00f3n Juan Velasco Alvarado, un grupo de militares lograron transformar una estructura colonial heredada y profundizada por las oligarqu\u00edas locales. Redistribuyeron la tierra, dieron un rol activo al Estado y experimentaron nuevos tipos de propiedad y de organizaci\u00f3n social. Si bien la experiencia fue corta -apenas siete a\u00f1os- otorg\u00f3 gran importancia a las fuerzas armadas direccion\u00e1ndolas en un camino de soberan\u00eda y arraigo popular. Hoy, con unas&nbsp; fuerzas armadas gangrenadas por la corrupci\u00f3n, parece muy dif\u00edcil que esta conciencia soberana y popular vuelva a emerger. Pero no se puede descartar totalmente un resurgimiento de modelo impulsado por Velasco. Por ejemplo, en Burkina Faso, despu\u00e9s de la revoluci\u00f3n iniciada por Tom\u00e1s Sankara, durante 30 a\u00f1os los militares del reino de Blaise Campaore se dedicaron a la represi\u00f3n y a la defensa de un modelo colonial, pero no pudieron evitar el surgimiento del gobierno nacionalista de Ibrahim Tahore.&nbsp;&nbsp;<\/p>\n\n\n\n<p class=\"wp-block-paragraph\">El poder judicial es otro de los espacios del poder real en el pa\u00eds. Los jueces y fiscales han adquirido una autoridad sin l\u00edmites para convertir la cosa p\u00fablica (respublica) en asuntos internos de su gremio. Casos de lawfare y peleas por el control de la maquinaria judicial son temas cotidianos para los ciudadanos que miran impotentes y desde fuera la pr\u00e1ctica del poder desde las instancias del ministerio p\u00fablico. Urge democratizar este nicho totalitario. Los ejemplos de Bolivia o M\u00e9xico, donde los cargos de juez y magistrados son electos por el pueblo, podr\u00edan alentar a un cambio judicial en Per\u00fa. Se necesitan jueces y magistrados comprometidos con la transformaci\u00f3n estructural del pa\u00eds activando en esta trinchera actualmente dominada por las oligarqu\u00edas, s\u00f3lo as\u00ed se podr\u00e1 volver a poner la justicia al servicio de las mayor\u00edas.&nbsp;&nbsp;<\/p>\n\n\n\n<p class=\"wp-block-paragraph\">El tercer espacio donde se concentra el poder tiene que ver con la tecnocracia estatal. La mayor\u00eda de las opciones pol\u00edticas que revindican una transformaci\u00f3n estructural del Estado carecen de programas de gobierno y de experiencia para concretarlos. La ef\u00edmera experiencia del gobierno Castillo lo demostr\u00f3 ampliamente. Ante un asedio pol\u00edtico permanente, un desconocimiento total del funcionamiento del Estado y la ausencia de un horizonte claro de pol\u00edticas p\u00fablicas a implementar, el n\u00facleo pol\u00edtico que deber\u00eda tomar decisiones estrat\u00e9gicas cede las riendas del poder a una casta tecnocr\u00e1tica neoliberal enquistada en los ministerios e instituciones p\u00fablicas desde hace 30 a\u00f1os.<\/p>\n\n\n\n<p class=\"wp-block-paragraph\">Si no hay una conducci\u00f3n clara, este grupo de gerentes y funcionarios seguir\u00e1n gobernando para reforzar el modelo existente. Conquistar este poder requiere la formaci\u00f3n de cuadros de Estado, y sobre todo trabajar conjuntamente en la elaboraci\u00f3n de un verdadero plan de gobierno que debe ser socializado para ser aceptado, mezclando la experticia de algunos acad\u00e9micos con la pr\u00e1ctica popular convocada en asambleas. Ning\u00fan partido de transformaci\u00f3n hasta ahora ha hecho tal esfuerzo. La carrera por la conquista del poder parece f\u00fatil y sobre todo abocada al fracaso y a la traici\u00f3n si no se tiene alternativa al poder tecnocr\u00e1tico actual.&nbsp;&nbsp;<\/p>\n\n\n\n<p class=\"wp-block-paragraph\">Conquistar estos tres campos puede asegurar la posibilidad de cambios profundos en una sociedad que necesita reinventarse colectivamente. El poder econ\u00f3mico, que actualmente aprovecha la subalternidad del campo nacional-popular, est\u00e1 por agrietarse pues la guerra comercial entre Estados Unidos y China produce la fragmentaci\u00f3n de la clase empresarial peruana. Quienes opten por seguir haciendo negocios con el floreciente mundo multipolar pueden encontrarse en el camino un movimiento popular dispuesto a cambiar las reglas del juego. La transformaci\u00f3n de la sociedad depender\u00e1 entonces de los esfuerzos centrados en pensar y conquistar los tres espacios de poder que ahora impiden toda revoluci\u00f3n en Per\u00fa.&nbsp;&nbsp;<\/p>\n\n\n\n<p class=\"wp-block-paragraph\"><em>*La L\u00ednea es una herramienta comunicacional que propone romper los c\u00f3digos informativos hegem\u00f3nicos, ofreciendo al publico una versi\u00f3n de los hechos silenciados por el gran espectro medi\u00e1tico. Es un equipo multi-disciplinario, creativo, renovador que une la reflexi\u00f3n a la pr\u00e1ctica para ofrecer una imagen real del Per\u00fa popular.<\/em><\/p>\n","protected":false},"excerpt":{"rendered":"<p>Por La L\u00ednea* &#8211; Diario Red El frustrado mandato de Pedro Castillo nos ense\u00f1\u00f3 que el poder no se encuentra en Palacio de Pizarro&#8230; dicho de otra manera, la conquista del poder ejecutivo es insuficiente si no se controla el poder militar, judicial y tecnocr\u00e1tico. La actual\u2026<\/p>\n","protected":false},"author":2,"featured_media":0,"comment_status":"closed","ping_status":"open","sticky":false,"template":"","format":"standard","meta":{"footnotes":""},"categories":[1],"tags":[],"class_list":["post-24892","post","type-post","status-publish","format-standard","hentry","category-other-news"],"yoast_head":"<!-- This site is optimized with the Yoast SEO plugin v16.7 - https:\/\/yoast.com\/wordpress\/plugins\/seo\/ -->\n<title>Crisis pol\u00edtica y democracia. \u00bfD\u00f3nde est\u00e1 el poder en el Per\u00fa? - Other News - Voz en contra de la corriente<\/title>\n<meta name=\"robots\" content=\"index, follow, max-snippet:-1, max-image-preview:large, max-video-preview:-1\" \/>\n<link rel=\"canonical\" href=\"https:\/\/www.other-news.info\/noticias\/crisis-politica-y-democracia-donde-esta-el-poder-en-el-peru\/\" \/>\n<meta property=\"og:locale\" content=\"es_ES\" \/>\n<meta property=\"og:type\" content=\"article\" \/>\n<meta property=\"og:title\" content=\"Crisis pol\u00edtica y democracia. \u00bfD\u00f3nde est\u00e1 el poder en el Per\u00fa? - Other News - Voz en contra de la corriente\" \/>\n<meta property=\"og:description\" content=\"Por La L\u00ednea* - Diario Red El frustrado mandato de Pedro Castillo nos ense\u00f1\u00f3 que el poder no se encuentra en Palacio de Pizarro... dicho de otra manera, la conquista del poder ejecutivo es insuficiente si no se controla el poder militar, judicial y tecnocr\u00e1tico. La actual\u2026\" \/>\n<meta property=\"og:url\" content=\"https:\/\/www.other-news.info\/noticias\/crisis-politica-y-democracia-donde-esta-el-poder-en-el-peru\/\" \/>\n<meta property=\"og:site_name\" content=\"Other News - Voz en contra de la corriente\" \/>\n<meta property=\"article:published_time\" content=\"2025-07-08T15:19:27+00:00\" \/>\n<meta property=\"article:modified_time\" content=\"2025-07-08T15:19:28+00:00\" \/>\n<meta name=\"twitter:card\" content=\"summary_large_image\" \/>\n<meta name=\"twitter:label1\" content=\"Escrito por\" \/>\n\t<meta name=\"twitter:data1\" content=\"admin\" \/>\n\t<meta name=\"twitter:label2\" content=\"Tiempo de lectura\" \/>\n\t<meta name=\"twitter:data2\" content=\"5 minutos\" \/>\n<script type=\"application\/ld+json\" class=\"yoast-schema-graph\">{\"@context\":\"https:\/\/schema.org\",\"@graph\":[{\"@type\":\"WebSite\",\"@id\":\"https:\/\/www.other-news.info\/noticias\/#website\",\"url\":\"https:\/\/www.other-news.info\/noticias\/\",\"name\":\"Other News - Voz en contra de la corriente\",\"description\":\"Voz en contra de la corriente\",\"potentialAction\":[{\"@type\":\"SearchAction\",\"target\":{\"@type\":\"EntryPoint\",\"urlTemplate\":\"https:\/\/www.other-news.info\/noticias\/?s={search_term_string}\"},\"query-input\":\"required name=search_term_string\"}],\"inLanguage\":\"es\"},{\"@type\":\"WebPage\",\"@id\":\"https:\/\/www.other-news.info\/noticias\/crisis-politica-y-democracia-donde-esta-el-poder-en-el-peru\/#webpage\",\"url\":\"https:\/\/www.other-news.info\/noticias\/crisis-politica-y-democracia-donde-esta-el-poder-en-el-peru\/\",\"name\":\"Crisis pol\\u00edtica y democracia. \\u00bfD\\u00f3nde est\\u00e1 el poder en el Per\\u00fa? - Other News - Voz en contra de la corriente\",\"isPartOf\":{\"@id\":\"https:\/\/www.other-news.info\/noticias\/#website\"},\"datePublished\":\"2025-07-08T15:19:27+00:00\",\"dateModified\":\"2025-07-08T15:19:28+00:00\",\"author\":{\"@id\":\"https:\/\/www.other-news.info\/noticias\/#\/schema\/person\/dd0ead9df8654b02034c4da003b9991b\"},\"breadcrumb\":{\"@id\":\"https:\/\/www.other-news.info\/noticias\/crisis-politica-y-democracia-donde-esta-el-poder-en-el-peru\/#breadcrumb\"},\"inLanguage\":\"es\",\"potentialAction\":[{\"@type\":\"ReadAction\",\"target\":[\"https:\/\/www.other-news.info\/noticias\/crisis-politica-y-democracia-donde-esta-el-poder-en-el-peru\/\"]}]},{\"@type\":\"BreadcrumbList\",\"@id\":\"https:\/\/www.other-news.info\/noticias\/crisis-politica-y-democracia-donde-esta-el-poder-en-el-peru\/#breadcrumb\",\"itemListElement\":[{\"@type\":\"ListItem\",\"position\":1,\"name\":\"Home\",\"item\":\"https:\/\/www.other-news.info\/noticias\/\"},{\"@type\":\"ListItem\",\"position\":2,\"name\":\"Crisis pol\\u00edtica y democracia. \\u00bfD\\u00f3nde est\\u00e1 el poder en el Per\\u00fa?\"}]},{\"@type\":\"Person\",\"@id\":\"https:\/\/www.other-news.info\/noticias\/#\/schema\/person\/dd0ead9df8654b02034c4da003b9991b\",\"name\":\"admin\",\"image\":{\"@type\":\"ImageObject\",\"@id\":\"https:\/\/www.other-news.info\/noticias\/#personlogo\",\"inLanguage\":\"es\",\"url\":\"https:\/\/secure.gravatar.com\/avatar\/e67344401a27ff9f91b2b48296aaa8fb9186ac51a3404ed4bdfbe790b6a9ee11?s=96&d=mm&r=g\",\"contentUrl\":\"https:\/\/secure.gravatar.com\/avatar\/e67344401a27ff9f91b2b48296aaa8fb9186ac51a3404ed4bdfbe790b6a9ee11?s=96&d=mm&r=g\",\"caption\":\"admin\"},\"url\":\"https:\/\/www.other-news.info\/noticias\/author\/admin\/\"}]}<\/script>\n<!-- \/ Yoast SEO plugin. -->","yoast_head_json":{"title":"Crisis pol\u00edtica y democracia. \u00bfD\u00f3nde est\u00e1 el poder en el Per\u00fa? - Other News - Voz en contra de la corriente","robots":{"index":"index","follow":"follow","max-snippet":"max-snippet:-1","max-image-preview":"max-image-preview:large","max-video-preview":"max-video-preview:-1"},"canonical":"https:\/\/www.other-news.info\/noticias\/crisis-politica-y-democracia-donde-esta-el-poder-en-el-peru\/","og_locale":"es_ES","og_type":"article","og_title":"Crisis pol\u00edtica y democracia. \u00bfD\u00f3nde est\u00e1 el poder en el Per\u00fa? - Other News - Voz en contra de la corriente","og_description":"Por La L\u00ednea* - Diario Red El frustrado mandato de Pedro Castillo nos ense\u00f1\u00f3 que el poder no se encuentra en Palacio de Pizarro... dicho de otra manera, la conquista del poder ejecutivo es insuficiente si no se controla el poder militar, judicial y tecnocr\u00e1tico. La actual\u2026","og_url":"https:\/\/www.other-news.info\/noticias\/crisis-politica-y-democracia-donde-esta-el-poder-en-el-peru\/","og_site_name":"Other News - Voz en contra de la corriente","article_published_time":"2025-07-08T15:19:27+00:00","article_modified_time":"2025-07-08T15:19:28+00:00","twitter_card":"summary_large_image","twitter_misc":{"Escrito por":"admin","Tiempo de lectura":"5 minutos"},"schema":{"@context":"https:\/\/schema.org","@graph":[{"@type":"WebSite","@id":"https:\/\/www.other-news.info\/noticias\/#website","url":"https:\/\/www.other-news.info\/noticias\/","name":"Other News - Voz en contra de la corriente","description":"Voz en contra de la corriente","potentialAction":[{"@type":"SearchAction","target":{"@type":"EntryPoint","urlTemplate":"https:\/\/www.other-news.info\/noticias\/?s={search_term_string}"},"query-input":"required name=search_term_string"}],"inLanguage":"es"},{"@type":"WebPage","@id":"https:\/\/www.other-news.info\/noticias\/crisis-politica-y-democracia-donde-esta-el-poder-en-el-peru\/#webpage","url":"https:\/\/www.other-news.info\/noticias\/crisis-politica-y-democracia-donde-esta-el-poder-en-el-peru\/","name":"Crisis pol\u00edtica y democracia. \u00bfD\u00f3nde est\u00e1 el poder en el Per\u00fa? - Other News - Voz en contra de la corriente","isPartOf":{"@id":"https:\/\/www.other-news.info\/noticias\/#website"},"datePublished":"2025-07-08T15:19:27+00:00","dateModified":"2025-07-08T15:19:28+00:00","author":{"@id":"https:\/\/www.other-news.info\/noticias\/#\/schema\/person\/dd0ead9df8654b02034c4da003b9991b"},"breadcrumb":{"@id":"https:\/\/www.other-news.info\/noticias\/crisis-politica-y-democracia-donde-esta-el-poder-en-el-peru\/#breadcrumb"},"inLanguage":"es","potentialAction":[{"@type":"ReadAction","target":["https:\/\/www.other-news.info\/noticias\/crisis-politica-y-democracia-donde-esta-el-poder-en-el-peru\/"]}]},{"@type":"BreadcrumbList","@id":"https:\/\/www.other-news.info\/noticias\/crisis-politica-y-democracia-donde-esta-el-poder-en-el-peru\/#breadcrumb","itemListElement":[{"@type":"ListItem","position":1,"name":"Home","item":"https:\/\/www.other-news.info\/noticias\/"},{"@type":"ListItem","position":2,"name":"Crisis pol\u00edtica y democracia. \u00bfD\u00f3nde est\u00e1 el poder en el Per\u00fa?"}]},{"@type":"Person","@id":"https:\/\/www.other-news.info\/noticias\/#\/schema\/person\/dd0ead9df8654b02034c4da003b9991b","name":"admin","image":{"@type":"ImageObject","@id":"https:\/\/www.other-news.info\/noticias\/#personlogo","inLanguage":"es","url":"https:\/\/secure.gravatar.com\/avatar\/e67344401a27ff9f91b2b48296aaa8fb9186ac51a3404ed4bdfbe790b6a9ee11?s=96&d=mm&r=g","contentUrl":"https:\/\/secure.gravatar.com\/avatar\/e67344401a27ff9f91b2b48296aaa8fb9186ac51a3404ed4bdfbe790b6a9ee11?s=96&d=mm&r=g","caption":"admin"},"url":"https:\/\/www.other-news.info\/noticias\/author\/admin\/"}]}},"_links":{"self":[{"href":"https:\/\/www.other-news.info\/noticias\/wp-json\/wp\/v2\/posts\/24892","targetHints":{"allow":["GET"]}}],"collection":[{"href":"https:\/\/www.other-news.info\/noticias\/wp-json\/wp\/v2\/posts"}],"about":[{"href":"https:\/\/www.other-news.info\/noticias\/wp-json\/wp\/v2\/types\/post"}],"author":[{"embeddable":true,"href":"https:\/\/www.other-news.info\/noticias\/wp-json\/wp\/v2\/users\/2"}],"replies":[{"embeddable":true,"href":"https:\/\/www.other-news.info\/noticias\/wp-json\/wp\/v2\/comments?post=24892"}],"version-history":[{"count":1,"href":"https:\/\/www.other-news.info\/noticias\/wp-json\/wp\/v2\/posts\/24892\/revisions"}],"predecessor-version":[{"id":24893,"href":"https:\/\/www.other-news.info\/noticias\/wp-json\/wp\/v2\/posts\/24892\/revisions\/24893"}],"wp:attachment":[{"href":"https:\/\/www.other-news.info\/noticias\/wp-json\/wp\/v2\/media?parent=24892"}],"wp:term":[{"taxonomy":"category","embeddable":true,"href":"https:\/\/www.other-news.info\/noticias\/wp-json\/wp\/v2\/categories?post=24892"},{"taxonomy":"post_tag","embeddable":true,"href":"https:\/\/www.other-news.info\/noticias\/wp-json\/wp\/v2\/tags?post=24892"}],"curies":[{"name":"wp","href":"https:\/\/api.w.org\/{rel}","templated":true}]}}