{"id":24894,"date":"2025-07-08T17:19:58","date_gmt":"2025-07-08T15:19:58","guid":{"rendered":"https:\/\/www.other-news.info\/noticias\/?p=24894"},"modified":"2025-07-08T17:19:58","modified_gmt":"2025-07-08T15:19:58","slug":"trump-candidato-al-nobel-de-la-paz-cuando-el-mundo-camina-del-reves","status":"publish","type":"post","link":"https:\/\/www.other-news.info\/noticias\/trump-candidato-al-nobel-de-la-paz-cuando-el-mundo-camina-del-reves\/","title":{"rendered":"Trump, candidato al Nobel de la Paz: cuando el mundo camina del rev\u00e9s"},"content":{"rendered":"\n<p class=\"wp-block-paragraph\"><strong>Editorial \/ An\u00e1lisis &#8211; Mundiario<\/strong><\/p>\n\n\n\n<p class=\"wp-block-paragraph\"><em>El gesto no es una an\u00e9cdota diplom\u00e1tica, sino el emblema de una deriva pol\u00edtica preocupante. Netanyahu no acudi\u00f3 a Washington a apaciguar, sino a consolidar un proyecto: la reconfiguraci\u00f3n del conflicto palestino-israel\u00ed bajo un relato de paz autoritaria.<\/em><\/p>\n\n\n\n<p class=\"wp-block-paragraph\">Si alguien necesitaba una nueva se\u00f1al de que vivimos en tiempos dislocados, que preste atenci\u00f3n a lo que ha ocurrido en Washington. En plena ofensiva militar israel\u00ed sobre Gaza, con m\u00e1s de 57.000 muertos palestinos, campos de desplazados que se asemejan a prisiones al aire libre, y un plan para expulsar a la poblaci\u00f3n gazat\u00ed en marcha, Benjam\u00edn Netanyahu ha decidido que es el momento ideal para nominar a Donald Trump al Premio Nobel de la Paz.<\/p>\n\n\n\n<p class=\"wp-block-paragraph\">S\u00ed, han le\u00eddo bien: Trump, el presidente que propuso convertir Gaza en una&nbsp;<em>riviera<\/em>&nbsp;de lujo tras expulsar a su poblaci\u00f3n \u2013un plan que recuerda peligrosamente a una limpieza \u00e9tnica envuelta en papel de regalo inmobiliario\u2013, ha sido postulado como s\u00edmbolo de la concordia mundial. La carta, entregada en mano por el propio Netanyahu en una cena en la Casa Blanca, es la fotograf\u00eda exacta de este mundo patas arriba en el que el lenguaje y la realidad ya no se cruzan ni por casualidad.<\/p>\n\n\n\n<p class=\"wp-block-paragraph\">El gesto no es una an\u00e9cdota diplom\u00e1tica, sino el emblema de una deriva pol\u00edtica preocupante. Netanyahu no acudi\u00f3 a Washington a apaciguar, sino a consolidar un proyecto: la reconfiguraci\u00f3n del conflicto palestino-israel\u00ed bajo un relato de paz autoritaria. Una paz sin palestinos, o con ellos confinados en campos controlados militarmente, eufem\u00edsticamente llamados&nbsp;<em>ciudades humanitarias<\/em>, como el que Israel planea construir en las ruinas de Rafah para encerrar a 600.000 personas. Una paz basada en la fuerza, el desplazamiento masivo y la deshumanizaci\u00f3n.<\/p>\n\n\n\n<p class=\"wp-block-paragraph\">Mientras la Casa Blanca hablaba de tregua y negociaciones, el primer ministro israel\u00ed dejaba claro que no habr\u00e1 reconocimiento del Estado palestino. Habr\u00e1, en todo caso, una paz dise\u00f1ada unilateralmente: \u201ccon aquellos que no quieren destruirnos\u201d, dijo, como si toda una poblaci\u00f3n civil pudiera ser colectivamente considerada enemiga. Y todo esto, con la bendici\u00f3n expl\u00edcita de Trump, quien aprovech\u00f3 el encuentro para vender un supuesto avance diplom\u00e1tico que no es m\u00e1s que un pulso por capitalizar cualquier alto el fuego como una victoria personal.<\/p>\n\n\n\n<p class=\"wp-block-paragraph\"><strong>Ceremonia de lo absurdo<\/strong><\/p>\n\n\n\n<p class=\"wp-block-paragraph\">El mismo Trump que bombarde\u00f3 instalaciones nucleares iran\u00edes hace apenas unos d\u00edas \u2013rompiendo una doctrina de contenci\u00f3n de m\u00e1s de cuatro d\u00e9cadas\u2013&nbsp;se presenta ahora como arquitecto de la paz regional. El mismo Trump que avala campos de reclusi\u00f3n humanitaria y sue\u00f1a con proyectos inmobiliarios donde hoy solo hay ruinas y muerte, recibe ahora el respaldo de Netanyahu para un premio que deber\u00eda simbolizar lo opuesto a su pol\u00edtica exterior.<\/p>\n\n\n\n<p class=\"wp-block-paragraph\">La l\u00f3gica que subyace a esta ceremonia de lo absurdo es perversa pero transparente: quien impone el orden a trav\u00e9s de la fuerza, quien domina sin fisuras, quien desplaza poblaciones enteras con ayuda de consultoras, fondos y think tanks, es hoy visto como constructor de paz. Lo es, claro, en el sentido de la paz del silencio, de la sumisi\u00f3n y de la invisibilidad del otro. Una paz sin justicia, sin igualdad y sin derechos humanos. Una paz que no incomoda al poder, porque es el poder quien la define.<\/p>\n\n\n\n<p class=\"wp-block-paragraph\">El caso de Gaza no es s\u00f3lo una tragedia humanitaria, es el laboratorio de un nuevo modelo de gesti\u00f3n del conflicto global: el del despojo organizado con barniz tecnocr\u00e1tico. Con presupuestos millonarios, alianzas internacionales y propaganda diplom\u00e1tica. Mientras Human Rights Watch alerta de cr\u00edmenes de guerra y Naciones Unidas repite que no hay zonas seguras para los civiles en la Franja, Netanyahu y Trump hablan de oportunidades, de futuro, de desarrollo. En sus discursos, las bombas se convierten en puentes, y las prisiones, en urbanizaciones de lujo.<\/p>\n\n\n\n<p class=\"wp-block-paragraph\"><strong>Categor\u00edas morales&nbsp;erosionadas<\/strong><\/p>\n\n\n\n<p class=\"wp-block-paragraph\">La farsa alcanza su cl\u00edmax con la candidatura al Nobel. No es solo que insulte a la memoria de quienes han luchado \u2013y luchan\u2013&nbsp;verdaderamente por la paz. Es que revela hasta qu\u00e9 punto las categor\u00edas morales han sido erosionadas por una pol\u00edtica internacional que premia el cinismo eficaz sobre la justicia genuina.<\/p>\n\n\n\n<p class=\"wp-block-paragraph\">Quiz\u00e1 lo m\u00e1s inquietante de todo no sea la propuesta en s\u00ed, sino la posibilidad real de que prospere. Porque ya no basta con denunciar la distorsi\u00f3n: vivimos en un tiempo en que lo distorsionado puede ser validado, institucionalizado y celebrado. En este mundo al rev\u00e9s, quien destruye, construye; quien oprime, lidera; quien expulsa, promete futuro. Y as\u00ed, mientras Gaza sangra, Netanyahu sonr\u00ede y Trump sue\u00f1a con su estatuilla. Una imagen que, por grotesca, deber\u00eda bastarnos para despertar. Pero, como en toda pesadilla que se vuelve costumbre, ya no todos estamos dispuestos a abrir los ojos.<\/p>\n\n\n\n<p class=\"wp-block-paragraph\">\u2026\u2026\u2026.<\/p>\n","protected":false},"excerpt":{"rendered":"<p>Editorial \/ An\u00e1lisis &#8211; Mundiario El gesto no es una an\u00e9cdota diplom\u00e1tica, sino el emblema de una deriva pol\u00edtica preocupante. Netanyahu no acudi\u00f3 a Washington a apaciguar, sino a consolidar un proyecto: la reconfiguraci\u00f3n del conflicto palestino-israel\u00ed bajo un relato de paz\u2026<\/p>\n","protected":false},"author":2,"featured_media":0,"comment_status":"closed","ping_status":"open","sticky":false,"template":"","format":"standard","meta":{"footnotes":""},"categories":[1],"tags":[],"class_list":["post-24894","post","type-post","status-publish","format-standard","hentry","category-other-news"],"yoast_head":"<!-- This site is optimized with the Yoast SEO plugin v16.7 - https:\/\/yoast.com\/wordpress\/plugins\/seo\/ -->\n<title>Trump, candidato al Nobel de la Paz: cuando el mundo camina del rev\u00e9s - Other News - Voz en contra de la corriente<\/title>\n<meta name=\"robots\" content=\"index, follow, max-snippet:-1, max-image-preview:large, max-video-preview:-1\" \/>\n<link rel=\"canonical\" href=\"https:\/\/www.other-news.info\/noticias\/trump-candidato-al-nobel-de-la-paz-cuando-el-mundo-camina-del-reves\/\" \/>\n<meta property=\"og:locale\" content=\"es_ES\" \/>\n<meta property=\"og:type\" content=\"article\" \/>\n<meta property=\"og:title\" content=\"Trump, candidato al Nobel de la Paz: cuando el mundo camina del rev\u00e9s - Other News - Voz en contra de la corriente\" \/>\n<meta property=\"og:description\" content=\"Editorial \/ An\u00e1lisis - Mundiario El gesto no es una an\u00e9cdota diplom\u00e1tica, sino el emblema de una deriva pol\u00edtica preocupante. Netanyahu no acudi\u00f3 a Washington a apaciguar, sino a consolidar un proyecto: la reconfiguraci\u00f3n del conflicto palestino-israel\u00ed bajo un relato de paz\u2026\" \/>\n<meta property=\"og:url\" content=\"https:\/\/www.other-news.info\/noticias\/trump-candidato-al-nobel-de-la-paz-cuando-el-mundo-camina-del-reves\/\" \/>\n<meta property=\"og:site_name\" content=\"Other News - Voz en contra de la corriente\" \/>\n<meta property=\"article:published_time\" content=\"2025-07-08T15:19:58+00:00\" \/>\n<meta name=\"twitter:card\" content=\"summary_large_image\" \/>\n<meta name=\"twitter:label1\" content=\"Escrito por\" \/>\n\t<meta name=\"twitter:data1\" content=\"admin\" \/>\n\t<meta name=\"twitter:label2\" content=\"Tiempo de lectura\" \/>\n\t<meta name=\"twitter:data2\" content=\"4 minutos\" \/>\n<script type=\"application\/ld+json\" class=\"yoast-schema-graph\">{\"@context\":\"https:\/\/schema.org\",\"@graph\":[{\"@type\":\"WebSite\",\"@id\":\"https:\/\/www.other-news.info\/noticias\/#website\",\"url\":\"https:\/\/www.other-news.info\/noticias\/\",\"name\":\"Other News - Voz en contra de la corriente\",\"description\":\"Voz en contra de la corriente\",\"potentialAction\":[{\"@type\":\"SearchAction\",\"target\":{\"@type\":\"EntryPoint\",\"urlTemplate\":\"https:\/\/www.other-news.info\/noticias\/?s={search_term_string}\"},\"query-input\":\"required name=search_term_string\"}],\"inLanguage\":\"es\"},{\"@type\":\"WebPage\",\"@id\":\"https:\/\/www.other-news.info\/noticias\/trump-candidato-al-nobel-de-la-paz-cuando-el-mundo-camina-del-reves\/#webpage\",\"url\":\"https:\/\/www.other-news.info\/noticias\/trump-candidato-al-nobel-de-la-paz-cuando-el-mundo-camina-del-reves\/\",\"name\":\"Trump, candidato al Nobel de la Paz: cuando el mundo camina del rev\\u00e9s - Other News - Voz en contra de la corriente\",\"isPartOf\":{\"@id\":\"https:\/\/www.other-news.info\/noticias\/#website\"},\"datePublished\":\"2025-07-08T15:19:58+00:00\",\"dateModified\":\"2025-07-08T15:19:58+00:00\",\"author\":{\"@id\":\"https:\/\/www.other-news.info\/noticias\/#\/schema\/person\/dd0ead9df8654b02034c4da003b9991b\"},\"breadcrumb\":{\"@id\":\"https:\/\/www.other-news.info\/noticias\/trump-candidato-al-nobel-de-la-paz-cuando-el-mundo-camina-del-reves\/#breadcrumb\"},\"inLanguage\":\"es\",\"potentialAction\":[{\"@type\":\"ReadAction\",\"target\":[\"https:\/\/www.other-news.info\/noticias\/trump-candidato-al-nobel-de-la-paz-cuando-el-mundo-camina-del-reves\/\"]}]},{\"@type\":\"BreadcrumbList\",\"@id\":\"https:\/\/www.other-news.info\/noticias\/trump-candidato-al-nobel-de-la-paz-cuando-el-mundo-camina-del-reves\/#breadcrumb\",\"itemListElement\":[{\"@type\":\"ListItem\",\"position\":1,\"name\":\"Home\",\"item\":\"https:\/\/www.other-news.info\/noticias\/\"},{\"@type\":\"ListItem\",\"position\":2,\"name\":\"Trump, candidato al Nobel de la Paz: cuando el mundo camina del rev\\u00e9s\"}]},{\"@type\":\"Person\",\"@id\":\"https:\/\/www.other-news.info\/noticias\/#\/schema\/person\/dd0ead9df8654b02034c4da003b9991b\",\"name\":\"admin\",\"image\":{\"@type\":\"ImageObject\",\"@id\":\"https:\/\/www.other-news.info\/noticias\/#personlogo\",\"inLanguage\":\"es\",\"url\":\"https:\/\/secure.gravatar.com\/avatar\/e67344401a27ff9f91b2b48296aaa8fb9186ac51a3404ed4bdfbe790b6a9ee11?s=96&d=mm&r=g\",\"contentUrl\":\"https:\/\/secure.gravatar.com\/avatar\/e67344401a27ff9f91b2b48296aaa8fb9186ac51a3404ed4bdfbe790b6a9ee11?s=96&d=mm&r=g\",\"caption\":\"admin\"},\"url\":\"https:\/\/www.other-news.info\/noticias\/author\/admin\/\"}]}<\/script>\n<!-- \/ Yoast SEO plugin. -->","yoast_head_json":{"title":"Trump, candidato al Nobel de la Paz: cuando el mundo camina del rev\u00e9s - Other News - Voz en contra de la corriente","robots":{"index":"index","follow":"follow","max-snippet":"max-snippet:-1","max-image-preview":"max-image-preview:large","max-video-preview":"max-video-preview:-1"},"canonical":"https:\/\/www.other-news.info\/noticias\/trump-candidato-al-nobel-de-la-paz-cuando-el-mundo-camina-del-reves\/","og_locale":"es_ES","og_type":"article","og_title":"Trump, candidato al Nobel de la Paz: cuando el mundo camina del rev\u00e9s - Other News - Voz en contra de la corriente","og_description":"Editorial \/ An\u00e1lisis - Mundiario El gesto no es una an\u00e9cdota diplom\u00e1tica, sino el emblema de una deriva pol\u00edtica preocupante. Netanyahu no acudi\u00f3 a Washington a apaciguar, sino a consolidar un proyecto: la reconfiguraci\u00f3n del conflicto palestino-israel\u00ed bajo un relato de paz\u2026","og_url":"https:\/\/www.other-news.info\/noticias\/trump-candidato-al-nobel-de-la-paz-cuando-el-mundo-camina-del-reves\/","og_site_name":"Other News - Voz en contra de la corriente","article_published_time":"2025-07-08T15:19:58+00:00","twitter_card":"summary_large_image","twitter_misc":{"Escrito por":"admin","Tiempo de lectura":"4 minutos"},"schema":{"@context":"https:\/\/schema.org","@graph":[{"@type":"WebSite","@id":"https:\/\/www.other-news.info\/noticias\/#website","url":"https:\/\/www.other-news.info\/noticias\/","name":"Other News - Voz en contra de la corriente","description":"Voz en contra de la corriente","potentialAction":[{"@type":"SearchAction","target":{"@type":"EntryPoint","urlTemplate":"https:\/\/www.other-news.info\/noticias\/?s={search_term_string}"},"query-input":"required name=search_term_string"}],"inLanguage":"es"},{"@type":"WebPage","@id":"https:\/\/www.other-news.info\/noticias\/trump-candidato-al-nobel-de-la-paz-cuando-el-mundo-camina-del-reves\/#webpage","url":"https:\/\/www.other-news.info\/noticias\/trump-candidato-al-nobel-de-la-paz-cuando-el-mundo-camina-del-reves\/","name":"Trump, candidato al Nobel de la Paz: cuando el mundo camina del rev\u00e9s - Other News - Voz en contra de la corriente","isPartOf":{"@id":"https:\/\/www.other-news.info\/noticias\/#website"},"datePublished":"2025-07-08T15:19:58+00:00","dateModified":"2025-07-08T15:19:58+00:00","author":{"@id":"https:\/\/www.other-news.info\/noticias\/#\/schema\/person\/dd0ead9df8654b02034c4da003b9991b"},"breadcrumb":{"@id":"https:\/\/www.other-news.info\/noticias\/trump-candidato-al-nobel-de-la-paz-cuando-el-mundo-camina-del-reves\/#breadcrumb"},"inLanguage":"es","potentialAction":[{"@type":"ReadAction","target":["https:\/\/www.other-news.info\/noticias\/trump-candidato-al-nobel-de-la-paz-cuando-el-mundo-camina-del-reves\/"]}]},{"@type":"BreadcrumbList","@id":"https:\/\/www.other-news.info\/noticias\/trump-candidato-al-nobel-de-la-paz-cuando-el-mundo-camina-del-reves\/#breadcrumb","itemListElement":[{"@type":"ListItem","position":1,"name":"Home","item":"https:\/\/www.other-news.info\/noticias\/"},{"@type":"ListItem","position":2,"name":"Trump, candidato al Nobel de la Paz: cuando el mundo camina del rev\u00e9s"}]},{"@type":"Person","@id":"https:\/\/www.other-news.info\/noticias\/#\/schema\/person\/dd0ead9df8654b02034c4da003b9991b","name":"admin","image":{"@type":"ImageObject","@id":"https:\/\/www.other-news.info\/noticias\/#personlogo","inLanguage":"es","url":"https:\/\/secure.gravatar.com\/avatar\/e67344401a27ff9f91b2b48296aaa8fb9186ac51a3404ed4bdfbe790b6a9ee11?s=96&d=mm&r=g","contentUrl":"https:\/\/secure.gravatar.com\/avatar\/e67344401a27ff9f91b2b48296aaa8fb9186ac51a3404ed4bdfbe790b6a9ee11?s=96&d=mm&r=g","caption":"admin"},"url":"https:\/\/www.other-news.info\/noticias\/author\/admin\/"}]}},"_links":{"self":[{"href":"https:\/\/www.other-news.info\/noticias\/wp-json\/wp\/v2\/posts\/24894","targetHints":{"allow":["GET"]}}],"collection":[{"href":"https:\/\/www.other-news.info\/noticias\/wp-json\/wp\/v2\/posts"}],"about":[{"href":"https:\/\/www.other-news.info\/noticias\/wp-json\/wp\/v2\/types\/post"}],"author":[{"embeddable":true,"href":"https:\/\/www.other-news.info\/noticias\/wp-json\/wp\/v2\/users\/2"}],"replies":[{"embeddable":true,"href":"https:\/\/www.other-news.info\/noticias\/wp-json\/wp\/v2\/comments?post=24894"}],"version-history":[{"count":1,"href":"https:\/\/www.other-news.info\/noticias\/wp-json\/wp\/v2\/posts\/24894\/revisions"}],"predecessor-version":[{"id":24895,"href":"https:\/\/www.other-news.info\/noticias\/wp-json\/wp\/v2\/posts\/24894\/revisions\/24895"}],"wp:attachment":[{"href":"https:\/\/www.other-news.info\/noticias\/wp-json\/wp\/v2\/media?parent=24894"}],"wp:term":[{"taxonomy":"category","embeddable":true,"href":"https:\/\/www.other-news.info\/noticias\/wp-json\/wp\/v2\/categories?post=24894"},{"taxonomy":"post_tag","embeddable":true,"href":"https:\/\/www.other-news.info\/noticias\/wp-json\/wp\/v2\/tags?post=24894"}],"curies":[{"name":"wp","href":"https:\/\/api.w.org\/{rel}","templated":true}]}}