{"id":24898,"date":"2025-07-09T17:38:59","date_gmt":"2025-07-09T15:38:59","guid":{"rendered":"https:\/\/www.other-news.info\/noticias\/?p=24898"},"modified":"2025-07-09T17:39:00","modified_gmt":"2025-07-09T15:39:00","slug":"europa-sumisa-a-trump-o-coopera-con-brics","status":"publish","type":"post","link":"https:\/\/www.other-news.info\/noticias\/europa-sumisa-a-trump-o-coopera-con-brics\/","title":{"rendered":"Europa, sumisa a Trump o coopera con BRICS"},"content":{"rendered":"\n<p class=\"wp-block-paragraph\"><strong>Por Eduardo Madro\u00f1al Pedraza* &#8211; Mundiario<\/strong><\/p>\n\n\n\n<p class=\"wp-block-paragraph\"><em>Donald Trump ha vuelto a encender las alarmas en Europa al lanzar una advertencia: impondr\u00e1 un arancel del 10% a los pa\u00edses europeos que mantengan lazos econ\u00f3micos con los BRICS.<\/em><\/p>\n\n\n\n<p class=\"wp-block-paragraph\">En el soberbio ataque continuo de Trump a sus \u201cqueridos aliados\u201d ha lanzado una muy significativa amenaza de fondo, \u201ccastigar\u00e1\u201d con un&nbsp;<a href=\"https:\/\/www.google.com\/url?client=internal-element-cse&amp;cx=017566137222422066133:hwevsk5_qm0&amp;q=https:\/\/www.mundiario.com\/articulo\/economia\/trump-amenaza-aranceles-10-paises-alineados-brics\/20250707220825349724.html&amp;sa=U&amp;ved=2ahUKEwjs7ve1iKyOAxUjGbkGHZe0MbsQFnoECAYQAg&amp;usg=AOvVaw2EwaAInbzjfhckGltgK-px&amp;fexp=72986053,72986052\">10% de aranceles adicional a los pa\u00edses europeos<\/a>&nbsp;que cooperen econ\u00f3micamente con los pa\u00edses que integran&nbsp;<a href=\"https:\/\/www.google.com\/url?client=internal-element-cse&amp;cx=017566137222422066133:hwevsk5_qm0&amp;q=https:\/\/www.mundiario.com\/articulo\/internacional\/cumbre-brics-rio-ausencias-que-pesan-cohesion-entredicho\/20250707062546349672.html&amp;sa=U&amp;ved=2ahUKEwjbk7OsiKyOAxUTBLkGHdvsGX8QFnoECAUQAg&amp;usg=AOvVaw3-SfagD5sB0qhImtlfN7sR&amp;fexp=72986053,72986052\" target=\"_blank\" rel=\"noreferrer noopener\">los BRICS<\/a>. En ese ficticio lenguaje consabido de Trump, que encarna a Humpty Dumpty, \u201cla cuesti\u00f3n es saber qui\u00e9n es el que manda\u201d, amenaza a cualquier pa\u00eds que se alinee con las \u201cpol\u00edticas antiestadounidenses de los BRICS\u201d.<\/p>\n\n\n\n<p class=\"wp-block-paragraph\">Con la superpotencia en su ocaso generando conmociones en la situaci\u00f3n econ\u00f3mica mundial y acelerando la desintegraci\u00f3n de los avances en el orden internacional, el resto del mundo deposita grandes esperanzas en los BRICS, que ayudan a estabilizar el mundo turbulento que fomenta Estados Unidos (EE UU) e inyectan la tan necesaria certidumbre en el desarrollo global.<\/p>\n\n\n\n<p class=\"wp-block-paragraph\"><strong>La pol\u00edtica exterior de Trump<\/strong><\/p>\n\n\n\n<p class=\"wp-block-paragraph\">Sus objetivos son frenar como sea el avance de China, de los BRICS y de los pa\u00edses del Tercer Mundo, llamado tambi\u00e9n Sur Global; mantener la posici\u00f3n global de EE UU en el terreno militar, econ\u00f3mico, pol\u00edtico y territorial; y atar a\u00fan m\u00e1s en corto a los pa\u00edses dominados, en especial los europeos, imponi\u00e9ndoles un grado mayor de vasallaje y saqueo.<\/p>\n\n\n\n<p class=\"wp-block-paragraph\">Solamente as\u00ed se entiende la pol\u00edtica de Washington tratando de imponer una suerte de dictadura mundial, donde los intereses de la superpotencia se imponen por encima de cualquier cosa, sin aceptar l\u00edmites, amenazando la paz, la democracia y el bienestar. Y dando lugar a alianzas antes impensables, como la que ahora une a Trump con Putin, integrantes junto a Netanyahu de un aut\u00e9ntico \u201cTr\u00edo de la Muerte\u201d.<\/p>\n\n\n\n<p class=\"wp-block-paragraph\"><strong>Las europeas clases dominantes dominadas<\/strong><\/p>\n\n\n\n<p class=\"wp-block-paragraph\">La Uni\u00f3n Europea no tiene ning\u00fan futuro pr\u00f3spero en un mundo en transici\u00f3n entre unipolar y multipolar. la m\u00e1xima autoridad financiera y monetaria de la UE ha repetido p\u00fablicamente lo que p\u00fablicamente Trump nos exige, que nos dejemos saquear mucho m\u00e1s en lo econ\u00f3mico, es decir, mucho m\u00e1s empobrecimiento para los pueblos.<\/p>\n\n\n\n<p class=\"wp-block-paragraph\">No es al servicio de los intereses de los pa\u00edses y pueblos europeos. Al contrario, EE UU necesita imperiosamente m\u00e1s tributos de sus \u201caliados\u201d europeos en lo econ\u00f3mico y m\u00e1s carne de ca\u00f1\u00f3n de los pueblos en lo militar, para poder resistir frente a un nuevo mundo multipolar.<\/p>\n\n\n\n<p class=\"wp-block-paragraph\">Ay, la UE ya tiene su enemigo dentro, su \u201caliado\u201d imperial -con sus \u201cpatriotas trumpistas\u201d europeos, y sus sirvientes en las instituciones europeas-, pero, en verdad, lo venenoso y corrosivo son los sumisos sectores de las burgues\u00edas monopolistas europeas entregadas a EE UU. \u00bfPara qu\u00e9 necesitamos otro enemigo principal si el \u201caliado m\u00e1s fuerte\u201d es nuestro due\u00f1o y se\u00f1or?<\/p>\n\n\n\n<p class=\"wp-block-paragraph\"><strong>Los BRICS, otro mundo es posible<\/strong><\/p>\n\n\n\n<p class=\"wp-block-paragraph\">Este bloque geopol\u00edtico del Sur Global representa hoy el 40% del PIB global y en sus pa\u00edses miembros viven 3.609 millones de personas, casi la mitad de la poblaci\u00f3n del mundo. Y la 17.\u00aa Cumbre de los BRICS que se acaba de celebrar en R\u00edo de Janeiro, Brasil, ha tenido como lema el \u00abfortalecimiento de la cooperaci\u00f3n del Sur Global para una gobernanza m\u00e1s inclusiva y sostenible\u00bb.<\/p>\n\n\n\n<p class=\"wp-block-paragraph\">\u201cSi la gobernanza internacional no refleja la nueva realidad multipolar del siglo XXI, corresponde a los BRICS ayudar a ponerla al d\u00eda\u201d, ha dicho Lula en su intervenci\u00f3n, en la que tambi\u00e9n destac\u00f3 el fracaso de las guerras lideradas por EE UU en Oriente Medio.<\/p>\n\n\n\n<p class=\"wp-block-paragraph\">Frente a foros como el G-7 y el G-20 paralizados por divisiones ante los ataques de Trump, los BRICS se presentan como un refugio para la diplomacia multilateral en medio de conflictos violentos y guerras comerciales. La expansi\u00f3n del bloque ha a\u00f1adido peso diplom\u00e1tico a la reuni\u00f3n, que aspira a representar a las naciones en desarrollo del Sur Global.<\/p>\n\n\n\n<p class=\"wp-block-paragraph\"><strong>El nuevo Movimiento de Pa\u00edses No Alineados<\/strong><\/p>\n\n\n\n<p class=\"wp-block-paragraph\">El presidente de Brasil, Lula da Silva, ha destacado la coincidencia de los BRICS con el Movimiento de Pa\u00edses No Alineados, un grupo de naciones en desarrollo que se mantuvieron independientes del dominio de Estados Unidos y la Uni\u00f3n Sovi\u00e9tica durante la Guerra Fr\u00eda. \u201cLos BRICS son herederos del Movimiento de Pa\u00edses No Alineados\u201d, dijo Lula. \u201cCon el multilateralismo bajo ataque, nuestra autonom\u00eda vuelve a estar en juego\u201d.<\/p>\n\n\n\n<p class=\"wp-block-paragraph\"><strong>Los BRICS muestran la voz creciente del Sur Global<\/strong><\/p>\n\n\n\n<p class=\"wp-block-paragraph\">Los BRICS trabajan en unidad con los pa\u00edses en desarrollo para promover un mundo multipolar equitativo y ordenado, as\u00ed como una globalizaci\u00f3n econ\u00f3mica universalmente beneficiosa e inclusiva, y brindar mayor certidumbre y estabilidad al mundo.<\/p>\n\n\n\n<p class=\"wp-block-paragraph\">La reciente cumbre ha sido la primera reuni\u00f3n ampliada de los BRICS que incluye a los nuevos pa\u00edses socios, que, si bien incrementa el peso e influencia colectivos del grupo, tambi\u00e9n enfrenta desaf\u00edos en su coordinaci\u00f3n interna y las presiones externas que buscan dividirlos.<\/p>\n\n\n\n<p class=\"wp-block-paragraph\"><em>*Eduardo Madro\u00f1al Pedraza, colaborador de MUNDIARIO, es licenciado en Psicolog\u00eda. Es profesor de instituto por oposici\u00f3n en la especialidad de ingl\u00e9s y autor de tres libros de poemas, el \u00faltimo de estos titulado Anomal\u00edas. Colabora en diversas publicaciones en formato digital e impreso.&nbsp;<\/em><\/p>\n\n\n\n<p class=\"wp-block-paragraph\">Leer tambi\u00e9n:&nbsp;<a href=\"https:\/\/www.diario-red.com\/articulo\/internacional\/claves-cumbre-brics\/20250708102717050674.html\" target=\"_blank\" rel=\"noreferrer noopener\">https:\/\/www.diario-red.com\/articulo\/internacional\/claves-cumbre-brics\/20250708102717050674.html<\/a><\/p>\n","protected":false},"excerpt":{"rendered":"<p>Por Eduardo Madro\u00f1al Pedraza* &#8211; Mundiario Donald Trump ha vuelto a encender las alarmas en Europa al lanzar una advertencia: impondr\u00e1 un arancel del 10% a los pa\u00edses europeos que mantengan lazos econ\u00f3micos con los BRICS. En el soberbio ataque continuo de Trump a sus \u201cqueridos\u2026<\/p>\n","protected":false},"author":2,"featured_media":0,"comment_status":"closed","ping_status":"open","sticky":false,"template":"","format":"standard","meta":{"footnotes":""},"categories":[1],"tags":[],"class_list":["post-24898","post","type-post","status-publish","format-standard","hentry","category-other-news"],"yoast_head":"<!-- This site is optimized with the Yoast SEO plugin v16.7 - https:\/\/yoast.com\/wordpress\/plugins\/seo\/ -->\n<title>Europa, sumisa a Trump o coopera con BRICS - Other News - Voz en contra de la corriente<\/title>\n<meta name=\"robots\" content=\"index, follow, max-snippet:-1, max-image-preview:large, max-video-preview:-1\" \/>\n<link rel=\"canonical\" href=\"https:\/\/www.other-news.info\/noticias\/europa-sumisa-a-trump-o-coopera-con-brics\/\" \/>\n<meta property=\"og:locale\" content=\"es_ES\" \/>\n<meta property=\"og:type\" content=\"article\" \/>\n<meta property=\"og:title\" content=\"Europa, sumisa a Trump o coopera con BRICS - Other News - Voz en contra de la corriente\" \/>\n<meta property=\"og:description\" content=\"Por Eduardo Madro\u00f1al Pedraza* - Mundiario Donald Trump ha vuelto a encender las alarmas en Europa al lanzar una advertencia: impondr\u00e1 un arancel del 10% a los pa\u00edses europeos que mantengan lazos econ\u00f3micos con los BRICS. En el soberbio ataque continuo de Trump a sus \u201cqueridos\u2026\" \/>\n<meta property=\"og:url\" content=\"https:\/\/www.other-news.info\/noticias\/europa-sumisa-a-trump-o-coopera-con-brics\/\" \/>\n<meta property=\"og:site_name\" content=\"Other News - Voz en contra de la corriente\" \/>\n<meta property=\"article:published_time\" content=\"2025-07-09T15:38:59+00:00\" \/>\n<meta property=\"article:modified_time\" content=\"2025-07-09T15:39:00+00:00\" \/>\n<meta name=\"twitter:card\" content=\"summary_large_image\" \/>\n<meta name=\"twitter:label1\" content=\"Escrito por\" \/>\n\t<meta name=\"twitter:data1\" content=\"admin\" \/>\n\t<meta name=\"twitter:label2\" content=\"Tiempo de lectura\" \/>\n\t<meta name=\"twitter:data2\" content=\"5 minutos\" \/>\n<script type=\"application\/ld+json\" class=\"yoast-schema-graph\">{\"@context\":\"https:\/\/schema.org\",\"@graph\":[{\"@type\":\"WebSite\",\"@id\":\"https:\/\/www.other-news.info\/noticias\/#website\",\"url\":\"https:\/\/www.other-news.info\/noticias\/\",\"name\":\"Other News - Voz en contra de la corriente\",\"description\":\"Voz en contra de la corriente\",\"potentialAction\":[{\"@type\":\"SearchAction\",\"target\":{\"@type\":\"EntryPoint\",\"urlTemplate\":\"https:\/\/www.other-news.info\/noticias\/?s={search_term_string}\"},\"query-input\":\"required name=search_term_string\"}],\"inLanguage\":\"es\"},{\"@type\":\"WebPage\",\"@id\":\"https:\/\/www.other-news.info\/noticias\/europa-sumisa-a-trump-o-coopera-con-brics\/#webpage\",\"url\":\"https:\/\/www.other-news.info\/noticias\/europa-sumisa-a-trump-o-coopera-con-brics\/\",\"name\":\"Europa, sumisa a Trump o coopera con BRICS - Other News - Voz en contra de la corriente\",\"isPartOf\":{\"@id\":\"https:\/\/www.other-news.info\/noticias\/#website\"},\"datePublished\":\"2025-07-09T15:38:59+00:00\",\"dateModified\":\"2025-07-09T15:39:00+00:00\",\"author\":{\"@id\":\"https:\/\/www.other-news.info\/noticias\/#\/schema\/person\/dd0ead9df8654b02034c4da003b9991b\"},\"breadcrumb\":{\"@id\":\"https:\/\/www.other-news.info\/noticias\/europa-sumisa-a-trump-o-coopera-con-brics\/#breadcrumb\"},\"inLanguage\":\"es\",\"potentialAction\":[{\"@type\":\"ReadAction\",\"target\":[\"https:\/\/www.other-news.info\/noticias\/europa-sumisa-a-trump-o-coopera-con-brics\/\"]}]},{\"@type\":\"BreadcrumbList\",\"@id\":\"https:\/\/www.other-news.info\/noticias\/europa-sumisa-a-trump-o-coopera-con-brics\/#breadcrumb\",\"itemListElement\":[{\"@type\":\"ListItem\",\"position\":1,\"name\":\"Home\",\"item\":\"https:\/\/www.other-news.info\/noticias\/\"},{\"@type\":\"ListItem\",\"position\":2,\"name\":\"Europa, sumisa a Trump o coopera con BRICS\"}]},{\"@type\":\"Person\",\"@id\":\"https:\/\/www.other-news.info\/noticias\/#\/schema\/person\/dd0ead9df8654b02034c4da003b9991b\",\"name\":\"admin\",\"image\":{\"@type\":\"ImageObject\",\"@id\":\"https:\/\/www.other-news.info\/noticias\/#personlogo\",\"inLanguage\":\"es\",\"url\":\"https:\/\/secure.gravatar.com\/avatar\/e67344401a27ff9f91b2b48296aaa8fb9186ac51a3404ed4bdfbe790b6a9ee11?s=96&d=mm&r=g\",\"contentUrl\":\"https:\/\/secure.gravatar.com\/avatar\/e67344401a27ff9f91b2b48296aaa8fb9186ac51a3404ed4bdfbe790b6a9ee11?s=96&d=mm&r=g\",\"caption\":\"admin\"},\"url\":\"https:\/\/www.other-news.info\/noticias\/author\/admin\/\"}]}<\/script>\n<!-- \/ Yoast SEO plugin. -->","yoast_head_json":{"title":"Europa, sumisa a Trump o coopera con BRICS - Other News - Voz en contra de la corriente","robots":{"index":"index","follow":"follow","max-snippet":"max-snippet:-1","max-image-preview":"max-image-preview:large","max-video-preview":"max-video-preview:-1"},"canonical":"https:\/\/www.other-news.info\/noticias\/europa-sumisa-a-trump-o-coopera-con-brics\/","og_locale":"es_ES","og_type":"article","og_title":"Europa, sumisa a Trump o coopera con BRICS - Other News - Voz en contra de la corriente","og_description":"Por Eduardo Madro\u00f1al Pedraza* - Mundiario Donald Trump ha vuelto a encender las alarmas en Europa al lanzar una advertencia: impondr\u00e1 un arancel del 10% a los pa\u00edses europeos que mantengan lazos econ\u00f3micos con los BRICS. En el soberbio ataque continuo de Trump a sus \u201cqueridos\u2026","og_url":"https:\/\/www.other-news.info\/noticias\/europa-sumisa-a-trump-o-coopera-con-brics\/","og_site_name":"Other News - Voz en contra de la corriente","article_published_time":"2025-07-09T15:38:59+00:00","article_modified_time":"2025-07-09T15:39:00+00:00","twitter_card":"summary_large_image","twitter_misc":{"Escrito por":"admin","Tiempo de lectura":"5 minutos"},"schema":{"@context":"https:\/\/schema.org","@graph":[{"@type":"WebSite","@id":"https:\/\/www.other-news.info\/noticias\/#website","url":"https:\/\/www.other-news.info\/noticias\/","name":"Other News - Voz en contra de la corriente","description":"Voz en contra de la corriente","potentialAction":[{"@type":"SearchAction","target":{"@type":"EntryPoint","urlTemplate":"https:\/\/www.other-news.info\/noticias\/?s={search_term_string}"},"query-input":"required name=search_term_string"}],"inLanguage":"es"},{"@type":"WebPage","@id":"https:\/\/www.other-news.info\/noticias\/europa-sumisa-a-trump-o-coopera-con-brics\/#webpage","url":"https:\/\/www.other-news.info\/noticias\/europa-sumisa-a-trump-o-coopera-con-brics\/","name":"Europa, sumisa a Trump o coopera con BRICS - Other News - Voz en contra de la corriente","isPartOf":{"@id":"https:\/\/www.other-news.info\/noticias\/#website"},"datePublished":"2025-07-09T15:38:59+00:00","dateModified":"2025-07-09T15:39:00+00:00","author":{"@id":"https:\/\/www.other-news.info\/noticias\/#\/schema\/person\/dd0ead9df8654b02034c4da003b9991b"},"breadcrumb":{"@id":"https:\/\/www.other-news.info\/noticias\/europa-sumisa-a-trump-o-coopera-con-brics\/#breadcrumb"},"inLanguage":"es","potentialAction":[{"@type":"ReadAction","target":["https:\/\/www.other-news.info\/noticias\/europa-sumisa-a-trump-o-coopera-con-brics\/"]}]},{"@type":"BreadcrumbList","@id":"https:\/\/www.other-news.info\/noticias\/europa-sumisa-a-trump-o-coopera-con-brics\/#breadcrumb","itemListElement":[{"@type":"ListItem","position":1,"name":"Home","item":"https:\/\/www.other-news.info\/noticias\/"},{"@type":"ListItem","position":2,"name":"Europa, sumisa a Trump o coopera con BRICS"}]},{"@type":"Person","@id":"https:\/\/www.other-news.info\/noticias\/#\/schema\/person\/dd0ead9df8654b02034c4da003b9991b","name":"admin","image":{"@type":"ImageObject","@id":"https:\/\/www.other-news.info\/noticias\/#personlogo","inLanguage":"es","url":"https:\/\/secure.gravatar.com\/avatar\/e67344401a27ff9f91b2b48296aaa8fb9186ac51a3404ed4bdfbe790b6a9ee11?s=96&d=mm&r=g","contentUrl":"https:\/\/secure.gravatar.com\/avatar\/e67344401a27ff9f91b2b48296aaa8fb9186ac51a3404ed4bdfbe790b6a9ee11?s=96&d=mm&r=g","caption":"admin"},"url":"https:\/\/www.other-news.info\/noticias\/author\/admin\/"}]}},"_links":{"self":[{"href":"https:\/\/www.other-news.info\/noticias\/wp-json\/wp\/v2\/posts\/24898","targetHints":{"allow":["GET"]}}],"collection":[{"href":"https:\/\/www.other-news.info\/noticias\/wp-json\/wp\/v2\/posts"}],"about":[{"href":"https:\/\/www.other-news.info\/noticias\/wp-json\/wp\/v2\/types\/post"}],"author":[{"embeddable":true,"href":"https:\/\/www.other-news.info\/noticias\/wp-json\/wp\/v2\/users\/2"}],"replies":[{"embeddable":true,"href":"https:\/\/www.other-news.info\/noticias\/wp-json\/wp\/v2\/comments?post=24898"}],"version-history":[{"count":1,"href":"https:\/\/www.other-news.info\/noticias\/wp-json\/wp\/v2\/posts\/24898\/revisions"}],"predecessor-version":[{"id":24899,"href":"https:\/\/www.other-news.info\/noticias\/wp-json\/wp\/v2\/posts\/24898\/revisions\/24899"}],"wp:attachment":[{"href":"https:\/\/www.other-news.info\/noticias\/wp-json\/wp\/v2\/media?parent=24898"}],"wp:term":[{"taxonomy":"category","embeddable":true,"href":"https:\/\/www.other-news.info\/noticias\/wp-json\/wp\/v2\/categories?post=24898"},{"taxonomy":"post_tag","embeddable":true,"href":"https:\/\/www.other-news.info\/noticias\/wp-json\/wp\/v2\/tags?post=24898"}],"curies":[{"name":"wp","href":"https:\/\/api.w.org\/{rel}","templated":true}]}}