{"id":24900,"date":"2025-07-10T17:21:03","date_gmt":"2025-07-10T15:21:03","guid":{"rendered":"https:\/\/www.other-news.info\/noticias\/?p=24900"},"modified":"2025-07-10T17:21:04","modified_gmt":"2025-07-10T15:21:04","slug":"no-hay-alternativa-al-multilateralismo","status":"publish","type":"post","link":"https:\/\/www.other-news.info\/noticias\/no-hay-alternativa-al-multilateralismo\/","title":{"rendered":"No hay alternativa al multilateralismo"},"content":{"rendered":"\n<p class=\"wp-block-paragraph\"><strong>Por Luiz In\u00e1cio Lula da Silva* &#8211; La Jornada<\/strong><\/p>\n\n\n\n<p class=\"wp-block-paragraph\">El a\u00f1o 2025 deber\u00eda ser un momento de celebraci\u00f3n, dedicado a los 80 a\u00f1os de existencia de la Organizaci\u00f3n de Naciones Unidas (ONU). Pero corre el riesgo de pasar a la historia como el a\u00f1o en que colaps\u00f3 el orden internacional construido a partir de 1945.&nbsp;<\/p>\n\n\n\n<p class=\"wp-block-paragraph\">Las grietas ya eran visibles. Desde las invasiones de Irak y Afganist\u00e1n, la intervenci\u00f3n en Libia y la guerra en Ucrania, algunos miembros permanentes del Consejo de Seguridad han banalizado el uso ilegal de la fuerza. La omisi\u00f3n ante el genocidio en Gaza representa una negaci\u00f3n de los valores m\u00e1s fundamentales de la humanidad. La incapacidad para superar las diferencias fomenta una nueva escalada de violencia en Medio Oriente, cuyo cap\u00edtulo m\u00e1s reciente incluye el ataque a Ir\u00e1n.&nbsp;<\/p>\n\n\n\n<p class=\"wp-block-paragraph\">La ley del m\u00e1s fuerte tambi\u00e9n amenaza el sistema multilateral de comercio. Los aranceles masivos desorganizan las cadenas de valor y lanzan la econom\u00eda mundial a una espiral de precios altos y estancamiento. La Organizaci\u00f3n Mundial del Comercio ha sido vaciada y nadie recuerda ya la Ronda de Desarrollo de Doha.&nbsp;<\/p>\n\n\n\n<p class=\"wp-block-paragraph\">El colapso financiero de 2008 puso en evidencia el fracaso de la globalizaci\u00f3n neoliberal, pero el mundo sigui\u00f3 atado a la receta de la austeridad. La decisi\u00f3n de rescatar a los ultrarricos y a las grandes corporaciones a costa de los ciudadanos comunes y de los peque\u00f1os negocios profundiz\u00f3 las desigualdades. En los \u00faltimos 10 a\u00f1os, los 33.9 billones de d\u00f3lares acumulados por el uno por ciento m\u00e1s rico del planeta equivalen a 22 veces los recursos necesarios para erradicar la pobreza en el mundo.&nbsp;<\/p>\n\n\n\n<p class=\"wp-block-paragraph\">El estrangulamiento de la capacidad de acci\u00f3n del Estado ha llevado al descr\u00e9dito de las instituciones. La insatisfacci\u00f3n se ha convertido en terreno f\u00e9rtil para las narrativas extremistas que amenazan la democracia y promueven el odio como proyecto pol\u00edtico.&nbsp;<\/p>\n\n\n\n<p class=\"wp-block-paragraph\">Muchos pa\u00edses han recortado programas de cooperaci\u00f3n en lugar de redoblar esfuerzos para alcanzar los Objetivos de Desarrollo Sostenible hasta 2030. Los recursos son insuficientes, su costo es elevado, el acceso es burocr\u00e1tico y las condiciones impuestas no respetan las realidades locales.&nbsp;<\/p>\n\n\n\n<p class=\"wp-block-paragraph\">No se trata de caridad, sino de corregir disparidades que tienen ra\u00edces en siglos de explotaci\u00f3n, injerencia y violencia contra los pueblos de Am\u00e9rica Latina y el Caribe, \u00c1frica y Asia. En un mundo con un PIB combinado de m\u00e1s de 100 billones de d\u00f3lares, es inaceptable que m\u00e1s de 700 millones de personas sigan pasando hambre y viviendo sin electricidad ni agua potable.&nbsp;<\/p>\n\n\n\n<p class=\"wp-block-paragraph\">Los pa\u00edses ricos son los principales responsables hist\u00f3ricos de las emisiones de carbono, pero ser\u00e1n los pa\u00edses m\u00e1s pobres los que m\u00e1s sufrir\u00e1n por el cambio clim\u00e1tico. El a\u00f1o 2024 fue el m\u00e1s caluroso de la historia, lo que demuestra que la realidad avanza m\u00e1s r\u00e1pido que el Acuerdo de Par\u00eds. Las obligaciones vinculantes del Protocolo de Kioto fueron remplazadas por compromisos voluntarios, y las promesas de financiamiento hechas en la COP15 de Copenhague \u2013que preve\u00edan 100 mil millones de d\u00f3lares anuales\u2013 nunca se concretaron. El reciente aumento del gasto militar anunciado por la OTAN hace que esa posibilidad sea a\u00fan m\u00e1s remota.&nbsp;<\/p>\n\n\n\n<p class=\"wp-block-paragraph\">Los ataques a las instituciones internacionales ignoran los beneficios concretos que el sistema multilateral ha aportado a la vida de las personas. Si hoy la viruela est\u00e1 erradicada, la capa de ozono preservada y los derechos laborales a\u00fan se mantienen en gran parte del mundo, es gracias al esfuerzo de estas instituciones.&nbsp;<\/p>\n\n\n\n<p class=\"wp-block-paragraph\">En tiempos de creciente polarizaci\u00f3n, expresiones como \u201cdesglobalizaci\u00f3n\u201d se han vuelto comunes. Pero es imposible \u201cdesplanetizar\u201d nuestra vida en com\u00fan. No existen muros lo suficientemente altos como para preservar islas de paz y prosperidad rodeadas de violencia y miseria.&nbsp;<\/p>\n\n\n\n<p class=\"wp-block-paragraph\">El mundo actual es muy distinto al de 1945. Han surgido nuevas fuerzas y se han impuesto nuevos desaf\u00edos. Si las organizaciones internacionales parecen ineficaces, es porque su estructura ya no refleja la realidad actual. Las acciones unilaterales y excluyentes se agravan ante el vac\u00edo de liderazgo colectivo. La soluci\u00f3n a la crisis del multilateralismo no es abandonarlo, sino refundarlo sobre bases m\u00e1s justas e inclusivas.&nbsp;<\/p>\n\n\n\n<p class=\"wp-block-paragraph\">Esta es la comprensi\u00f3n que Brasil \u2013cuya vocaci\u00f3n siempre ha sido la de contribuir a la cooperaci\u00f3n entre las naciones\u2013 demostr\u00f3 durante su presidencia del G-20 el a\u00f1o pasado, y contin\u00faa demostrando este a\u00f1o en las presidencias del BRICS y la COP30: la de que es posible encontrar convergencias incluso en escenarios adversos.&nbsp;<\/p>\n\n\n\n<p class=\"wp-block-paragraph\">Es urgente insistir en la diplomacia y refundar las estructuras de un verdadero multilateralismo, capaz de responder a los clamores de una humanidad que teme por su futuro. S\u00f3lo as\u00ed dejaremos de ser testigos pasivos del aumento de la desigualdad, de la insensatez de las guerras y de la destrucci\u00f3n de nuestro propio planeta.&nbsp;<\/p>\n\n\n\n<p class=\"wp-block-paragraph\"><em>*Luiz In\u00e1cio Lula da Silva, Presidente de la Rep\u00fablica Federativa de Brasil.<\/em><\/p>\n\n\n\n<p class=\"wp-block-paragraph\">Leer tambi\u00e9n:&nbsp;<a href=\"https:\/\/www.france24.com\/es\/am%C3%A9rica-latina\/20250709-choque-frontal-de-ee-uu-y-brasil-trump-anuncia-aranceles-del-50-y-lula-arremete-por-v%C3%ADa-diplom%C3%A1tica\" target=\"_blank\" rel=\"noreferrer noopener\">https:\/\/www.france24.com\/es\/am%C3%A9rica-latina\/20250709-choque-frontal-de-ee-uu-y-brasil-trump-anuncia-aranceles-del-50-y-lula-arremete-por-v%C3%ADa-diplom%C3%A1tica<\/a><\/p>\n","protected":false},"excerpt":{"rendered":"<p>Por Luiz In\u00e1cio Lula da Silva* &#8211; La Jornada El a\u00f1o 2025 deber\u00eda ser un momento de celebraci\u00f3n, dedicado a los 80 a\u00f1os de existencia de la Organizaci\u00f3n de Naciones Unidas (ONU). Pero corre el riesgo de pasar a la historia como el a\u00f1o en que colaps\u00f3 el orden internacional\u2026<\/p>\n","protected":false},"author":2,"featured_media":0,"comment_status":"closed","ping_status":"open","sticky":false,"template":"","format":"standard","meta":{"footnotes":""},"categories":[1],"tags":[],"class_list":["post-24900","post","type-post","status-publish","format-standard","hentry","category-other-news"],"yoast_head":"<!-- This site is optimized with the Yoast SEO plugin v16.7 - https:\/\/yoast.com\/wordpress\/plugins\/seo\/ -->\n<title>No hay alternativa al multilateralismo - Other News - Voz en contra de la corriente<\/title>\n<meta name=\"robots\" content=\"index, follow, max-snippet:-1, max-image-preview:large, max-video-preview:-1\" \/>\n<link rel=\"canonical\" href=\"https:\/\/www.other-news.info\/noticias\/no-hay-alternativa-al-multilateralismo\/\" \/>\n<meta property=\"og:locale\" content=\"es_ES\" \/>\n<meta property=\"og:type\" content=\"article\" \/>\n<meta property=\"og:title\" content=\"No hay alternativa al multilateralismo - Other News - Voz en contra de la corriente\" \/>\n<meta property=\"og:description\" content=\"Por Luiz In\u00e1cio Lula da Silva* - La Jornada El a\u00f1o 2025 deber\u00eda ser un momento de celebraci\u00f3n, dedicado a los 80 a\u00f1os de existencia de la Organizaci\u00f3n de Naciones Unidas (ONU). Pero corre el riesgo de pasar a la historia como el a\u00f1o en que colaps\u00f3 el orden internacional\u2026\" \/>\n<meta property=\"og:url\" content=\"https:\/\/www.other-news.info\/noticias\/no-hay-alternativa-al-multilateralismo\/\" \/>\n<meta property=\"og:site_name\" content=\"Other News - Voz en contra de la corriente\" \/>\n<meta property=\"article:published_time\" content=\"2025-07-10T15:21:03+00:00\" \/>\n<meta property=\"article:modified_time\" content=\"2025-07-10T15:21:04+00:00\" \/>\n<meta name=\"twitter:card\" content=\"summary_large_image\" \/>\n<meta name=\"twitter:label1\" content=\"Escrito por\" \/>\n\t<meta name=\"twitter:data1\" content=\"admin\" \/>\n\t<meta name=\"twitter:label2\" content=\"Tiempo de lectura\" \/>\n\t<meta name=\"twitter:data2\" content=\"4 minutos\" \/>\n<script type=\"application\/ld+json\" class=\"yoast-schema-graph\">{\"@context\":\"https:\/\/schema.org\",\"@graph\":[{\"@type\":\"WebSite\",\"@id\":\"https:\/\/www.other-news.info\/noticias\/#website\",\"url\":\"https:\/\/www.other-news.info\/noticias\/\",\"name\":\"Other News - Voz en contra de la corriente\",\"description\":\"Voz en contra de la corriente\",\"potentialAction\":[{\"@type\":\"SearchAction\",\"target\":{\"@type\":\"EntryPoint\",\"urlTemplate\":\"https:\/\/www.other-news.info\/noticias\/?s={search_term_string}\"},\"query-input\":\"required name=search_term_string\"}],\"inLanguage\":\"es\"},{\"@type\":\"WebPage\",\"@id\":\"https:\/\/www.other-news.info\/noticias\/no-hay-alternativa-al-multilateralismo\/#webpage\",\"url\":\"https:\/\/www.other-news.info\/noticias\/no-hay-alternativa-al-multilateralismo\/\",\"name\":\"No hay alternativa al multilateralismo - Other News - Voz en contra de la corriente\",\"isPartOf\":{\"@id\":\"https:\/\/www.other-news.info\/noticias\/#website\"},\"datePublished\":\"2025-07-10T15:21:03+00:00\",\"dateModified\":\"2025-07-10T15:21:04+00:00\",\"author\":{\"@id\":\"https:\/\/www.other-news.info\/noticias\/#\/schema\/person\/dd0ead9df8654b02034c4da003b9991b\"},\"breadcrumb\":{\"@id\":\"https:\/\/www.other-news.info\/noticias\/no-hay-alternativa-al-multilateralismo\/#breadcrumb\"},\"inLanguage\":\"es\",\"potentialAction\":[{\"@type\":\"ReadAction\",\"target\":[\"https:\/\/www.other-news.info\/noticias\/no-hay-alternativa-al-multilateralismo\/\"]}]},{\"@type\":\"BreadcrumbList\",\"@id\":\"https:\/\/www.other-news.info\/noticias\/no-hay-alternativa-al-multilateralismo\/#breadcrumb\",\"itemListElement\":[{\"@type\":\"ListItem\",\"position\":1,\"name\":\"Home\",\"item\":\"https:\/\/www.other-news.info\/noticias\/\"},{\"@type\":\"ListItem\",\"position\":2,\"name\":\"No hay alternativa al multilateralismo\"}]},{\"@type\":\"Person\",\"@id\":\"https:\/\/www.other-news.info\/noticias\/#\/schema\/person\/dd0ead9df8654b02034c4da003b9991b\",\"name\":\"admin\",\"image\":{\"@type\":\"ImageObject\",\"@id\":\"https:\/\/www.other-news.info\/noticias\/#personlogo\",\"inLanguage\":\"es\",\"url\":\"https:\/\/secure.gravatar.com\/avatar\/e67344401a27ff9f91b2b48296aaa8fb9186ac51a3404ed4bdfbe790b6a9ee11?s=96&d=mm&r=g\",\"contentUrl\":\"https:\/\/secure.gravatar.com\/avatar\/e67344401a27ff9f91b2b48296aaa8fb9186ac51a3404ed4bdfbe790b6a9ee11?s=96&d=mm&r=g\",\"caption\":\"admin\"},\"url\":\"https:\/\/www.other-news.info\/noticias\/author\/admin\/\"}]}<\/script>\n<!-- \/ Yoast SEO plugin. -->","yoast_head_json":{"title":"No hay alternativa al multilateralismo - Other News - Voz en contra de la corriente","robots":{"index":"index","follow":"follow","max-snippet":"max-snippet:-1","max-image-preview":"max-image-preview:large","max-video-preview":"max-video-preview:-1"},"canonical":"https:\/\/www.other-news.info\/noticias\/no-hay-alternativa-al-multilateralismo\/","og_locale":"es_ES","og_type":"article","og_title":"No hay alternativa al multilateralismo - Other News - Voz en contra de la corriente","og_description":"Por Luiz In\u00e1cio Lula da Silva* - La Jornada El a\u00f1o 2025 deber\u00eda ser un momento de celebraci\u00f3n, dedicado a los 80 a\u00f1os de existencia de la Organizaci\u00f3n de Naciones Unidas (ONU). Pero corre el riesgo de pasar a la historia como el a\u00f1o en que colaps\u00f3 el orden internacional\u2026","og_url":"https:\/\/www.other-news.info\/noticias\/no-hay-alternativa-al-multilateralismo\/","og_site_name":"Other News - Voz en contra de la corriente","article_published_time":"2025-07-10T15:21:03+00:00","article_modified_time":"2025-07-10T15:21:04+00:00","twitter_card":"summary_large_image","twitter_misc":{"Escrito por":"admin","Tiempo de lectura":"4 minutos"},"schema":{"@context":"https:\/\/schema.org","@graph":[{"@type":"WebSite","@id":"https:\/\/www.other-news.info\/noticias\/#website","url":"https:\/\/www.other-news.info\/noticias\/","name":"Other News - Voz en contra de la corriente","description":"Voz en contra de la corriente","potentialAction":[{"@type":"SearchAction","target":{"@type":"EntryPoint","urlTemplate":"https:\/\/www.other-news.info\/noticias\/?s={search_term_string}"},"query-input":"required name=search_term_string"}],"inLanguage":"es"},{"@type":"WebPage","@id":"https:\/\/www.other-news.info\/noticias\/no-hay-alternativa-al-multilateralismo\/#webpage","url":"https:\/\/www.other-news.info\/noticias\/no-hay-alternativa-al-multilateralismo\/","name":"No hay alternativa al multilateralismo - Other News - Voz en contra de la corriente","isPartOf":{"@id":"https:\/\/www.other-news.info\/noticias\/#website"},"datePublished":"2025-07-10T15:21:03+00:00","dateModified":"2025-07-10T15:21:04+00:00","author":{"@id":"https:\/\/www.other-news.info\/noticias\/#\/schema\/person\/dd0ead9df8654b02034c4da003b9991b"},"breadcrumb":{"@id":"https:\/\/www.other-news.info\/noticias\/no-hay-alternativa-al-multilateralismo\/#breadcrumb"},"inLanguage":"es","potentialAction":[{"@type":"ReadAction","target":["https:\/\/www.other-news.info\/noticias\/no-hay-alternativa-al-multilateralismo\/"]}]},{"@type":"BreadcrumbList","@id":"https:\/\/www.other-news.info\/noticias\/no-hay-alternativa-al-multilateralismo\/#breadcrumb","itemListElement":[{"@type":"ListItem","position":1,"name":"Home","item":"https:\/\/www.other-news.info\/noticias\/"},{"@type":"ListItem","position":2,"name":"No hay alternativa al multilateralismo"}]},{"@type":"Person","@id":"https:\/\/www.other-news.info\/noticias\/#\/schema\/person\/dd0ead9df8654b02034c4da003b9991b","name":"admin","image":{"@type":"ImageObject","@id":"https:\/\/www.other-news.info\/noticias\/#personlogo","inLanguage":"es","url":"https:\/\/secure.gravatar.com\/avatar\/e67344401a27ff9f91b2b48296aaa8fb9186ac51a3404ed4bdfbe790b6a9ee11?s=96&d=mm&r=g","contentUrl":"https:\/\/secure.gravatar.com\/avatar\/e67344401a27ff9f91b2b48296aaa8fb9186ac51a3404ed4bdfbe790b6a9ee11?s=96&d=mm&r=g","caption":"admin"},"url":"https:\/\/www.other-news.info\/noticias\/author\/admin\/"}]}},"_links":{"self":[{"href":"https:\/\/www.other-news.info\/noticias\/wp-json\/wp\/v2\/posts\/24900","targetHints":{"allow":["GET"]}}],"collection":[{"href":"https:\/\/www.other-news.info\/noticias\/wp-json\/wp\/v2\/posts"}],"about":[{"href":"https:\/\/www.other-news.info\/noticias\/wp-json\/wp\/v2\/types\/post"}],"author":[{"embeddable":true,"href":"https:\/\/www.other-news.info\/noticias\/wp-json\/wp\/v2\/users\/2"}],"replies":[{"embeddable":true,"href":"https:\/\/www.other-news.info\/noticias\/wp-json\/wp\/v2\/comments?post=24900"}],"version-history":[{"count":1,"href":"https:\/\/www.other-news.info\/noticias\/wp-json\/wp\/v2\/posts\/24900\/revisions"}],"predecessor-version":[{"id":24901,"href":"https:\/\/www.other-news.info\/noticias\/wp-json\/wp\/v2\/posts\/24900\/revisions\/24901"}],"wp:attachment":[{"href":"https:\/\/www.other-news.info\/noticias\/wp-json\/wp\/v2\/media?parent=24900"}],"wp:term":[{"taxonomy":"category","embeddable":true,"href":"https:\/\/www.other-news.info\/noticias\/wp-json\/wp\/v2\/categories?post=24900"},{"taxonomy":"post_tag","embeddable":true,"href":"https:\/\/www.other-news.info\/noticias\/wp-json\/wp\/v2\/tags?post=24900"}],"curies":[{"name":"wp","href":"https:\/\/api.w.org\/{rel}","templated":true}]}}