{"id":24905,"date":"2025-07-11T17:34:09","date_gmt":"2025-07-11T15:34:09","guid":{"rendered":"https:\/\/www.other-news.info\/noticias\/?p=24905"},"modified":"2025-07-11T17:37:07","modified_gmt":"2025-07-11T15:37:07","slug":"srebrenica-30-anos-del-mayor-genocidio-en-europa-desde-el-holocausto-nazi","status":"publish","type":"post","link":"https:\/\/www.other-news.info\/noticias\/srebrenica-30-anos-del-mayor-genocidio-en-europa-desde-el-holocausto-nazi\/","title":{"rendered":"Srebrenica: 30 a\u00f1os del mayor genocidio en Europa desde el holocausto nazi"},"content":{"rendered":"\n<p class=\"wp-block-paragraph\"><strong>Por Alberto Mesas* &#8211; Contexto y Acci\u00f3n (CTXT)&nbsp;<\/strong><\/p>\n\n\n\n<p class=\"wp-block-paragraph\"><em>Tres d\u00e9cadas despu\u00e9s, en Bosnia sigue abierta la pugna entre quienes intentan reivindicar la memoria de la masacre y sus v\u00edctimas, y quienes la niegan y glorifican a los criminales que la perpetraron.<\/em><\/p>\n\n\n\n<p class=\"wp-block-paragraph\">Es 11 de julio. Como cada a\u00f1o, al cementerio de Poto\u010dari han llegado miles de personas que contemplan mudas y con la vista baja la procesi\u00f3n a pulso de varios ata\u00fades cubiertos con una tela verde \u2013el color favorito del profeta Mahoma, seg\u00fan el islam\u2013. La multitud se arrodilla y reza ante los f\u00e9retros dispuestos en hilera en el suelo, a unos pocos metros de las fosas excavadas en la tierra que van a recibirlos.&nbsp;<\/p>\n\n\n\n<p class=\"wp-block-paragraph\">Dispersos por el recinto tambi\u00e9n hay dolientes que zigzaguean entre las tumbas blancas protegi\u00e9ndose con paraguas del sol del verano. Cuando encuentran la de su ser querido acarician la piedra pulida del monolito y cuelgan pa\u00f1uelos, o dejan flores, velas y mensajes escritos. Las emociones est\u00e1n a flor de piel y los sollozos y las l\u00e1grimas se escapan de las bocas y los ojos cerrados.&nbsp;<\/p>\n\n\n\n<p class=\"wp-block-paragraph\">Dentro de cada ata\u00fad verde y de cada l\u00e1pida blanca yacen los restos que se han podido identificar y reunir de algunos de los m\u00e1s de 8.000 hombres y ni\u00f1os musulmanes asesinados en la vecina Srebrenica en 1995. Fue el genocidio m\u00e1s grande que ha tenido lugar en suelo europeo desde el holocausto nazi.<\/p>\n\n\n\n<p class=\"wp-block-paragraph\">Desde 2003, en los actos de conmemoraci\u00f3n de Poto\u010dari se entierran nuevos restos de v\u00edctimas identificadas mediante pruebas de ADN. Tambi\u00e9n se lee la d\u017euma \u2013una oraci\u00f3n\u2013 en memoria de las v\u00edctimas, y otros muchos peregrinan durante varios d\u00edas por la Mar\u0161 Mira (la Marcha de la Paz) entre Nezuk y el cementerio memorial, m\u00e1s de 100 kil\u00f3metros que recrean la ruta de escape de los supervivientes del genocidio que consiguieron huir de la artiller\u00eda serbobosnia.<\/p>\n\n\n\n<p class=\"wp-block-paragraph\">En todo este trabajo hay una instituci\u00f3n clave, el&nbsp;<a href=\"https:\/\/srebrenicamemorial.org\/en\" target=\"_blank\" rel=\"noreferrer noopener\">Centro Memorial de Srebrenica<\/a>, que lleva m\u00e1s de dos d\u00e9cadas trabajando para forjar alianzas con grupos de v\u00edctimas del genocidio, intentando unificar la fuerza de sus demandas. En el Centro aseguran que su misi\u00f3n y prop\u00f3sito siguen siendo los mismos que en su fundaci\u00f3n, tambi\u00e9n en 2003: \u201cPreservar la memoria de las v\u00edctimas del genocidio y educar sobre la importancia de la paz, la tolerancia y los derechos humanos\u201d. \u201cNuestra promesa a los seres queridos que hemos perdido es que seguiremos contando su historia\u201d, recalcan.<\/p>\n\n\n\n<p class=\"wp-block-paragraph\"><strong>Ocurri\u00f3 en una \u201czona segura\u201d<\/strong><\/p>\n\n\n\n<p class=\"wp-block-paragraph\">En 1992 Bosnia tambi\u00e9n quer\u00eda ser un pa\u00eds independiente como sus vecinas Eslovenia y Croacia, pero el refer\u00e9ndum de autodeterminaci\u00f3n recibi\u00f3 la violenta oposici\u00f3n de la reci\u00e9n autoproclamada&nbsp;<a href=\"https:\/\/ctxt.es\/es\/20181003\/Politica\/22061\/bosnia-herzegovina-milorad-dodik-republica-srpska-paz-de-dayton-balcanes-putin-marc-casals.htm\" target=\"_blank\" rel=\"noreferrer noopener\">Rep\u00fablica Srpska&nbsp;<\/a>(la Rep\u00fablica serbia de Bosnia), un rechazo encabezado pol\u00edticamente por su presidente, Radovan Karad\u017ei\u0107. La guerra estall\u00f3 unas pocas semanas despu\u00e9s, y gran parte del territorio oriental del pa\u00eds qued\u00f3 r\u00e1pidamente cercado por el avance del ej\u00e9rcito serbobosnio (VRS), liderado por Ratko Mladi\u0107. A \u00e9l se unieron milicias y grupos paramilitares ultranacionalistas y supremacistas serbios como los Tigres de Arkan, que a su paso iban arrasando aldeas de poblaci\u00f3n musulmana, asesinando a familias enteras, prendi\u00e9ndole fuego a sus casas y violando a mujeres y ni\u00f1as.<\/p>\n\n\n\n<p class=\"wp-block-paragraph\">Srebrenica fue uno de esos muchos enclaves del noroeste del pa\u00eds que sufrieron el asedio de las tropas serbobosnias. Durante tres a\u00f1os, miles de civiles convivieron con cortes de electricidad, bloqueo de suministros, falta de atenci\u00f3n m\u00e9dica y ataques continuos. Ante este escenario, en 1993 el Consejo de Seguridad de la ONU aprob\u00f3&nbsp;<a href=\"https:\/\/undocs.org\/S\/RES\/819(1993)\" target=\"_blank\" rel=\"noreferrer noopener\">una resoluci\u00f3n<\/a>&nbsp;que declaraba Srebrenica \u201czona segura\u201d libre de ataques, y habilit\u00f3 una base militar en Poto\u010dari que estar\u00eda custodiada por cascos azules de Naciones Unidas.&nbsp;<\/p>\n\n\n\n<p class=\"wp-block-paragraph\">Sin embargo, sobre el terreno esa promesa de seguridad se tradujo \u00fanicamente en un peque\u00f1o batall\u00f3n neerland\u00e9s de soldados mal equipados, escasos de recursos, sujetos a una cadena de mando fragmentada y llena de trabas burocr\u00e1ticas, y que no ten\u00edan capacidad real de disuasi\u00f3n militar. Aprovechando esta circunstancia, en julio de 1995 Mladi\u0107 lanz\u00f3 una ofensiva final sobre Srebrenica. Durante d\u00edas, los serbobosnios rodearon y bombardearon la ciudad, mientras miles de refugiados buscaban amparo en las inmediaciones de la base de Poto\u010dari. Las peticiones de apoyo a\u00e9reo para intentar frenar el avance de Mladi\u0107 se retrasaron o directamente fueron ignoradas por el alto mando.<\/p>\n\n\n\n<p class=\"wp-block-paragraph\">El 11 de julio, y sin apenas resistencia, el VRS entr\u00f3 y tom\u00f3 Srebrenica. Frente a varias c\u00e1maras de televisi\u00f3n de medios internacionales,&nbsp;<a href=\"https:\/\/www.youtube.com\/watch?v=QfInjlNoT4Q&amp;pp=ygUXcmF0a28gbWxhZGljIHNyZWJyZW5pY2E%3D\" target=\"_blank\" rel=\"noreferrer noopener\">Mladi\u0107 se pase\u00f3 por las calles de la ciudad<\/a>&nbsp;repartiendo chocolate y caramelos a los ni\u00f1os, y prometiendo que ning\u00fan civil resultar\u00eda herido. No obstante, las c\u00e1maras tambi\u00e9n captaron parte de su verdadera intenci\u00f3n cuando declar\u00f3: \u201cRegalemos la Srebrenica serbia al pueblo serbio. Ha llegado el momento de vengarnos de los turcos [en referencia a los bosnios musulmanes]\u201d.<\/p>\n\n\n\n<p class=\"wp-block-paragraph\">En ese momento, lejos de las c\u00e1maras, los soldados serbobosnios se dirig\u00edan hacia Poto\u010dari, donde unas 30.000 personas, en su mayor\u00eda mujeres, ni\u00f1os y ancianos, intentaban refugiarse en la base de la ONU. Los cascos azules, desbordados por las circunstancias, solo pudieron ver c\u00f3mo en medio del caos las tropas de Mladi\u0107 empezaban a separar a los hombres, y los adolescentes de sus familias, y los obligaban a subir a varios autobuses con el pretexto de interrogarlos acerca su presunta vinculaci\u00f3n con grupos bosnios armados.<\/p>\n\n\n\n<p class=\"wp-block-paragraph\">Desde all\u00ed, los autocares partieron hacia varios lugares controlados por la Rep\u00fablica Srpska \u2013principalmente escuelas, almacenes o hangares\u2013, aunque todos sus ocupantes se dirig\u00edan al mismo destino. A partir del 13 de julio comenzaron las ejecuciones sumarias de los detenidos. En total,&nbsp;<a href=\"https:\/\/www.icty.org\/x\/file\/Outreach\/view_from_hague\/jit_srebrenica_en.pdf\" target=\"_blank\" rel=\"noreferrer noopener\">8.372 personas fueron asesinadas,<\/a>&nbsp;y a\u00fan hoy hay&nbsp;<a href=\"https:\/\/icmp.int\/srebrenica\/\" target=\"_blank\" rel=\"noreferrer noopener\">800 de ellas<\/a>&nbsp;de las que no se han hallado restos o \u00e9stos no se han podido identificar.<\/p>\n\n\n\n<p class=\"wp-block-paragraph\"><strong>Un intento de ocultar los cr\u00edmenes de guerra<\/strong><\/p>\n\n\n\n<p class=\"wp-block-paragraph\">La limpieza \u00e9tnica segu\u00eda un&nbsp;<em>modus operandi<\/em>&nbsp;establecido que se llev\u00f3 a cabo hasta finales de julio. Primero, en su avance, los militares serbobosnios capturaron a civiles desplazados que caminaban entre pueblos y aldeas como Nezuk, la ribera del Jadar o Me\u0111ezi. Muchos de ellos fueron ejecutados y enterrados&nbsp;<em>in situ<\/em>, como sucedi\u00f3 en el valle del Cerska o la presa de Petkovic. A otros los trasladaron a emplazamientos concretos para asesinarlos de manera masiva, como sucedi\u00f3 en la f\u00e1brica de zinc de Poto\u010dari, el almac\u00e9n de Kravica, la granja de Branjevo o las escuelas de Orahovac y Pilica. Los que consiguieron escapar y huyeron corriendo a trav\u00e9s del bosque hacia Tuzla fueron emboscados, ametrallados o atacados con fuego de mortero. Muy pocos lograron sobrevivir.<\/p>\n\n\n\n<p class=\"wp-block-paragraph\">Las excavadoras hicieron el resto. Buscando eludir futuros cargos de cr\u00edmenes de guerra, los hombres de Mladi\u0107 abrieron decenas de fosas comunes para llenarlas de cuerpos. Algunos a\u00fan no hab\u00edan muerto cuando los arrojaron a ellas y los rociaron con cal viva.<\/p>\n\n\n\n<p class=\"wp-block-paragraph\">D\u00edas despu\u00e9s regresaron a varias de esas fosas para volver a exhumar los cad\u00e1veres y diseminarlos por otras tumbas secundarias y terciarias, lo que complic\u00f3 much\u00edsimo los posteriores trabajos de identificaci\u00f3n y agrupamiento de restos. Se llegaron a encontrar partes pertenecientes a una misma persona en fosas separadas por decenas de kil\u00f3metros.<\/p>\n\n\n\n<p class=\"wp-block-paragraph\"><strong>\u2018Fracaso hist\u00f3rico\u2019 de la comunidad internacional<\/strong><\/p>\n\n\n\n<p class=\"wp-block-paragraph\">En los tres a\u00f1os anteriores al genocidio de Srebrenica la guerra en Bosnia ya hab\u00eda dejado m\u00e1s de 100.000 muertos y en torno a&nbsp;<a href=\"https:\/\/www.unhcr.org\/news\/stories\/bosnia-and-herzegovina-welcomes-over-1-million-returnees\" target=\"_blank\" rel=\"noreferrer noopener\">dos millones de desplazados<\/a>. Adem\u00e1s, los episodios de limpieza \u00e9tnica tampoco eran nada nuevo, ya que a lo largo del conflicto fue habitual que en el suroeste las fuerzas croatas asesinaran musulmanes del mismo modo que en el noreste lo hicieron los serbios. Sin embargo, la comunidad internacional estuvo inmersa en una profunda par\u00e1lisis diplom\u00e1tica y estrat\u00e9gica que prolong\u00f3 la guerra y no pudo anticiparse a masacres como la de Srebrenica.&nbsp;<\/p>\n\n\n\n<p class=\"wp-block-paragraph\">En 1999 la propia ONU reconoci\u00f3 en un informe el \u201c<a href=\"https:\/\/docs.un.org\/es\/A\/54\/549\" target=\"_blank\" rel=\"noreferrer noopener\">fracaso hist\u00f3rico<\/a>\u201d de la gesti\u00f3n militar y humanitaria en el enclave. En el texto, el organismo admite que el mando de los cascos azules desplegados en Poto\u010dari solicit\u00f3 hasta cinco veces y sin \u00e9xito que la OTAN diese cobertura a\u00e9rea ante el avance de Mladi\u0107. Tambi\u00e9n reconoce que los soldados de la base no ten\u00edan armas suficientes para repeler a los serbobosnios y tampoco hicieron nada por evitar el inminente genocidio.<\/p>\n\n\n\n<p class=\"wp-block-paragraph\">En cuanto a la Uni\u00f3n Europea, hubo que esperar hasta 2010 para que el Parlamento declarase el 11 julio como D\u00eda de Recuerdo del Genocidio de Srebrenica. Por su parte, la ONU ha tardado casi 30 a\u00f1os en honrar la memoria de las v\u00edctimas con un d\u00eda de conmemoraci\u00f3n. Fue en mayo de 2024 cuando su&nbsp;<a href=\"https:\/\/docs.un.org\/es\/A\/RES\/78\/282\" target=\"_blank\" rel=\"noreferrer noopener\">Asamblea General<\/a>&nbsp;estableci\u00f3 el&nbsp;11 de julio&nbsp;como el D\u00eda Internacional de Reflexi\u00f3n y Conmemoraci\u00f3n del Genocidio de Srebrenica.&nbsp;<\/p>\n\n\n\n<p class=\"wp-block-paragraph\">\u201cHemos ganado una batalla muy importante, la batalla por el reconocimiento internacional\u201d, declaran desde el Centro Memorial. Sin embargo, critican la actitud de algunos sectores pol\u00edticos y sociales serbios: \u201cEstas personas no est\u00e1n participando en el mismo debate. Est\u00e1n manteniendo una conversaci\u00f3n consigo mismos, y siguen anclados en 1995\u201d.<\/p>\n\n\n\n<p class=\"wp-block-paragraph\">El compromiso m\u00e1s serio de la comunidad internacional hacia lo ocurrido en las guerras de los Balcanes fue la creaci\u00f3n del Tribunal Penal Internacional para la antigua Yugoslavia (TPIY, el \u00fanico de estas caracter\u00edsticas desde N\u00faremberg). Durante 24 a\u00f1os (desde 1993 y hasta 2017) la corte celebr\u00f3 m\u00e1s de un centenar de juicios e impuso unas 90 condenas. En el caso concreto de Bosnia y el genocidio en Srebrenica, las condenas m\u00e1s importantes fueron las del expresidente de la Rep\u00fablica Srpska, Radovan Karad\u017ei\u0107 y del l\u00edder del VRS, Ratko Mladi\u0107.&nbsp;<\/p>\n\n\n\n<p class=\"wp-block-paragraph\">El primero fue&nbsp;<a href=\"https:\/\/www.icty.org\/en\/press\/statement-of-the-office-of-the-prosecutor-on-the-conviction-of-radovan-karadzic\" target=\"_blank\" rel=\"noreferrer noopener\">condenado a 40 a\u00f1os de c\u00e1rcel<\/a>&nbsp;por el Tribunal Penal Internacional, pero su defensa recurri\u00f3 la sentencia. En 2019 un tribunal de la ONU revis\u00f3 el caso y lo conden\u00f3 a cadena perpetua. Respecto a Mladi\u0107, desde el principio fue&nbsp;<a href=\"https:\/\/www.icty.org\/en\/press\/icty-convicts-ratko-mladi%C4%87-for-genocide-war-crimes-and-crimes-against-humanity\" target=\"_blank\" rel=\"noreferrer noopener\">condenado a pasar el resto de su vida encarcelado.<\/a>&nbsp;Tambi\u00e9n recurri\u00f3 la sentencia, aunque el mismo tribunal de la ONU la ratific\u00f3 en 2021.<\/p>\n\n\n\n<p class=\"wp-block-paragraph\">Adem\u00e1s de los procesos internacionales, se han celebrado juicios en Bosnia y Herzegovina, Serbia y otros pa\u00edses europeos contra colaboradores de menor rango. Sin embargo, muchas de estas causas han estado politizadas o se han quedado estancadas, especialmente en Serbia, donde el reconocimiento del genocidio sigue siendo motivo de controversia pol\u00edtica. Debido a estos obst\u00e1culos a la justicia transicional, la mayor\u00eda de las v\u00edctimas nunca ha visto a los responsables directos de la muerte de sus familiares sentarse en el banquillo de los acusados.&nbsp;<\/p>\n\n\n\n<p class=\"wp-block-paragraph\"><strong>La negaci\u00f3n aleja la reconciliaci\u00f3n<\/strong><\/p>\n\n\n\n<p class=\"wp-block-paragraph\">\u201cEs algo que no existe\u201d; \u201cun mito fabricado\u201d; \u201cuna tragedia escenificada con la intenci\u00f3n de demonizar a los serbios\u201d. Son algunas afirmaciones sobre el genocidio de Srebrenica que a lo largo de los \u00faltimos a\u00f1os ha ido exhibiendo p\u00fablicamente el actual preside de la Rep\u00fablica Srpska, Milorad Dodik. El l\u00edder serbobosnio tambi\u00e9n ha llegado a asegurar que muchas de las personas enterradas en fosas comunes murieron en combate, y que en el listado oficial de asesinados hay gente viva. Pero el&nbsp;<a href=\"https:\/\/ctxt.es\/es\/20211001\/Culturas\/37581\/marc-casals-la-piedra-permanece-bosnia-sarajevo.htm\" target=\"_blank\" rel=\"noreferrer noopener\">negacionismo<\/a>&nbsp;no solo se limita a declaraciones incendiarias, sino que se ha institucionalizado.<\/p>\n\n\n\n<p class=\"wp-block-paragraph\">Despu\u00e9s de que La Haya probara y sentenciara que en Srebrenica se hab\u00eda cometido un genocidio, el parlamento serbobosnio impuls\u00f3 comisiones de investigaci\u00f3n paralelas para reexaminar las cifras y reinterpretar los hechos, cuestionando el n\u00famero y la identidad de las v\u00edctimas y esparciendo desinformaci\u00f3n. En las calles de Banja Luka, la capital, tambi\u00e9n es habitual ver pintadas que glorifican a Mladi\u0107. Tanto all\u00ed, como en Belgrado y otras partes de Serbia, el criminal es considerado un h\u00e9roe por una parte importante de la poblaci\u00f3n. Esto responde a una estrategia de negaci\u00f3n sistem\u00e1tica por parte de los l\u00edderes pol\u00edticos nacionalistas.&nbsp;<\/p>\n\n\n\n<p class=\"wp-block-paragraph\">Alejandro Esteso P\u00e9rez es polit\u00f3logo experto en los Balcanes. Asegura que esta negaci\u00f3n del genocidio con la que juegan los l\u00edderes serbobosnios \u201ctiene dos vertientes que benefician a ese grupo \u00e9tnico. En primer lugar, es una premisa que ayuda a resarcirse o eximirse de una responsabilidad grupal que los serbios no est\u00e1n dispuestos a asumir. La segunda vertiente versa sobre c\u00f3mo se alimenta esta narrativa, que es clave en la construcci\u00f3n de marcos discursivos que persiguen un efecto determinado en la poblaci\u00f3n y en los votantes\u201d.<\/p>\n\n\n\n<p class=\"wp-block-paragraph\">En muchos municipios bosnios de poblaci\u00f3n mixta, las escuelas&nbsp;<a href=\"https:\/\/www.osce.org\/files\/f\/documents\/6\/0\/448852.pdf\" target=\"_blank\" rel=\"noreferrer noopener\">est\u00e1n segregadas por etnia<\/a>, as\u00ed que los planes de estudio y lo que se estudia en asignaturas como Historia difiere dependiendo de la zona. En la Rep\u00fablica Srpska, muchas generaciones de estudiantes serbios han pasado por el colegio y el instituto sin un solo profesor o libro de texto que les hable sobre las ejecuciones de personas que tuvieron lugar en el patio de su misma escuela o en los bosques que rodean su ciudad natal. La negaci\u00f3n se ha convertido en la ley natural de la coexistencia, y los j\u00f3venes de toda Bosnia crecen sin una memoria compartida.&nbsp;<\/p>\n\n\n\n<p class=\"wp-block-paragraph\">Sin ir m\u00e1s lejos, el alcalde de Srebrenica es&nbsp;<a href=\"https:\/\/www.danas.rs\/vesti\/drustvo\/mladen-grujicic-dete-srebrenice\/\" target=\"_blank\" rel=\"noreferrer noopener\">un nacionalista y negacionista serbio.<\/a>&nbsp;Ostenta el cargo desde 2016, y en la campa\u00f1a electoral lleg\u00f3 a afirmar que el genocidio perpetrado en la ciudad que gobierna \u201ces una historia impuesta y acabar\u00e1 por derrumbarse. Ning\u00fan serbio y la mayor\u00eda de los bosnios [musulmanes] que viven aqu\u00ed creen en la farsa de La Haya\u201d. Al igual que Dodik, tambi\u00e9n asegura que los civiles asesinados en Srebrenica murieron en combate.<\/p>\n\n\n\n<p class=\"wp-block-paragraph\">Esteso P\u00e9rez destaca que \u201clos serbios de Bosnia viven en un contexto pol\u00edtico en el que no se da espacio a la reflexi\u00f3n acerca de si se cometi\u00f3 o no genocidio, porque directamente se tilda de traidor a quien desaf\u00eda esa narrativa oficial\u201d. Adem\u00e1s, el polit\u00f3logo incide en que estas narrativas son muy f\u00e1cilmente manipulables. La opini\u00f3n p\u00fablica es maleable y puede cambiar de parecer en funci\u00f3n de lo que vayan apuntando sus \u00e9lites pol\u00edticas, ya que al final son ellos los que moldean el discurso en funci\u00f3n de lo que les conviene\u201d.&nbsp;<\/p>\n\n\n\n<p class=\"wp-block-paragraph\">La negaci\u00f3n, por tanto, es una postura totalmente refrendada por las instituciones y los representantes pol\u00edticos serbobosnios. Al final, explica Esteso P\u00e9rez, \u201cse trata de perpetuar un paradigma que legitima una pol\u00edtica extractivista y clientelista que se viene practicando durante un mont\u00f3n de a\u00f1os. Un sistema donde la filiaci\u00f3n nacional y \u00e9tnica es el eje y medida de todo. No hay espacio para la transversalidad, ni para la confrontaci\u00f3n de ideas de corte c\u00edvico con las de tipo nacionalista\u201d.<\/p>\n\n\n\n<p class=\"wp-block-paragraph\">Para tratar de combatir la negaci\u00f3n del genocidio y la glorificaci\u00f3n de criminales de guerra, en 2021 el Alto Representante para Bosnia y Herzegovina&nbsp;<a href=\"https:\/\/www.ohr.int\/hrs-decision-on-enacting-the-law-on-amendment-to-the-criminal-code-of-bosnia-and-herzegovina\/\" target=\"_blank\" rel=\"noreferrer noopener\">impuso por decreto una ley<\/a>&nbsp;que los criminaliza. La reacci\u00f3n de los l\u00edderes serbobosnios fue inmediata: boicotearon las instituciones estatales, manifestaron su intenci\u00f3n de no cumplir la nueva ley y redoblaron sus discursos nacionalistas.<\/p>\n\n\n\n<p class=\"wp-block-paragraph\">El pasado mes de abril, el Centro Memorial de Srebrenica present\u00f3 un an\u00e1lisis jur\u00eddico en Sarajevo para abordar los desaf\u00edos en el procesamiento judicial de la negaci\u00f3n del genocidio. \u201cAbogamos por un sistema que permita presentar una denuncia penal por negaci\u00f3n del genocidio, con la expectativa de que esta tenga la mayor probabilidad de ser aceptada. Es inaceptable que desconozcamos qu\u00e9 leyes nos aplican\u201d.<\/p>\n\n\n\n<p class=\"wp-block-paragraph\">Desde la instituci\u00f3n critican que, pese a la reforma penal de 2021 que criminalizaba la negaci\u00f3n, hasta ahora no se hab\u00eda abierto ning\u00fan procedimiento legal contra ning\u00fan negacionista de la limpieza \u00e9tnica de bosnios musulmanes en Srebrenica. En el Centro se\u00f1alan lo que tildan de \u201cinacci\u00f3n judicial\u201d por parte de las instituciones bosnias contra la negaci\u00f3n generalizada en la esfera pol\u00edtica serbobosnia: \u201cEl proyecto genocida no se ha detenido. Lo que ocurri\u00f3 en 1995 fue orquestado al m\u00e1s alto nivel pol\u00edtico y sigue en marcha. Es inaceptable que no sepamos qu\u00e9 leyes nos protegen o que se nos acuse de enterrar huesos de animales en el memorial\u201d.<\/p>\n\n\n\n<p class=\"wp-block-paragraph\">No obstante, y seg\u00fan el \u00faltimo&nbsp;<a href=\"https:\/\/srebrenicamemorial.org\/assets\/photos\/editor\/_MCS_izvjestaj_2023_ENG%20-%20Copy%201.pdf\" target=\"_blank\" rel=\"noreferrer noopener\">informe sobre la negaci\u00f3n del genocidio en Srebrenica<\/a>, en los \u00faltimos a\u00f1os Bosnia y Herzegovina ha presenciado un aumento en los incidentes de negaci\u00f3n del genocidio. Y una de las razones, afirman en el Centro Memorial, es que la negaci\u00f3n no se castig\u00f3 penalmente desde el principio, y durante d\u00e9cadas negar la limpieza \u00e9tnica y las ejecuciones sumarias y masivas en Srebrenica no ha tenido ninguna consecuencia judicial.<\/p>\n\n\n\n<p class=\"wp-block-paragraph\">El negacionismo se ha consolidado como uno de los principales obst\u00e1culos para la reconciliaci\u00f3n. La memoria colectiva en el pa\u00eds est\u00e1 profundamente fragmentada. Los tres principales grupos \u00e9tnicos \u2013bosnios musulmanes, serbios (cristianos ortodoxos) y croatas (cat\u00f3licos)\u2013 conmemoran la guerra y lloran a sus v\u00edctimas de manera separada, erigiendo monumentos y organizando ceremonias que refuerzan narrativas exclusivas. As\u00ed, los monumentos y homenajes se han transformado en extensiones simb\u00f3licas del campo de batalla, donde la lucha por el relato hist\u00f3rico impide que se construya una memoria compartida por todos los bosnios.<\/p>\n\n\n\n<p class=\"wp-block-paragraph\"><strong>Las mujeres de Srebrenica<\/strong><\/p>\n\n\n\n<p class=\"wp-block-paragraph\">El 11 de julio es la fecha m\u00e1s se\u00f1alada en el calendario de conmemoraci\u00f3n del genocidio, pero los actos de homenaje empiezan dos d\u00edas antes. El 9 de julio, un convoy con los restos de las \u00faltimas v\u00edctimas identificadas recorre las avenidas Mariscal Tito y Mula Mustafe Ba\u0161eskije, en el centro de Sarajevo, hasta detenerse delante del edificio de la Presidencia de Bosnia y Herzegovina. All\u00ed, cientos de personas esperan emocionadas. Unos lanzan flores y otros rezan. Dos de los tres presidentes del pa\u00eds (el bosnio y el croata) asisten al acto formando parte del cortejo. El tercero, el serbio, siempre ha estado ausente.<\/p>\n\n\n\n<p class=\"wp-block-paragraph\">Entre la multitud hay, sobre todo, mujeres. Ellas son las que se quedaron viudas y hu\u00e9rfanas, a las que les quitaron a sus hijos y a sus hermanos. Ellas son quienes perdieron a sus seres queridos y las que llevan consigo el dolor desde entonces. Adem\u00e1s, y aunque la masacre ten\u00eda como objetivo el exterminio de los musulmanes \u2013por eso el grueso de las v\u00edctimas son hombres, ni\u00f1os y adolescentes\u2013, en Srebrenica tambi\u00e9n hubo mujeres asesinadas. Hasta ahora se han identificado m\u00e1s de 50. De hecho, la v\u00edctima m\u00e1s joven y la m\u00e1s mayor del genocidio son mujeres. Una es Fatima Muhi\u0107, que naci\u00f3 unos d\u00edas antes de la toma de Srebrenica por el ej\u00e9rcito serbobosnio. La otra es \u0160aha Izmirli\u0107, una mujer de 94 a\u00f1os.<\/p>\n\n\n\n<p class=\"wp-block-paragraph\">No obstante, aqu\u00ed las mujeres no son solo v\u00edctimas, tambi\u00e9n han tomado parte activa en la b\u00fasqueda de justicia y la depuraci\u00f3n de responsabilidades. La organizaci\u00f3n Madres de Srebrenica naci\u00f3 en 2002 con este prop\u00f3sito. Con m\u00e1s de 6.000 integrantes, a lo largo de estas tres d\u00e9cadas han presentado demandas ante tribunales internacionales, logrando, entre otras cosas, que la justicia neerlandesa reconociera la responsabilidad parcial de los Pa\u00edses Bajos en la masacre.<\/p>\n\n\n\n<p class=\"wp-block-paragraph\">Los pol\u00edticos se van, la multitud se dispersa y el convoy echa a andar de nuevo, alej\u00e1ndose despacio rumbo al cementerio de Poto\u010dari. All\u00ed esperan, por fin, la dignidad y el descanso.<\/p>\n\n\n\n<p class=\"wp-block-paragraph\"><em>*Alberto Mesas, periodista por la Universidad Complutense de Madrid especializado en temas sobre migraciones, derechos humanos y Balcanes occidentales.<\/em><\/p>\n","protected":false},"excerpt":{"rendered":"<p>Por Alberto Mesas* &#8211; Contexto y Acci\u00f3n (CTXT)&nbsp; Tres d\u00e9cadas despu\u00e9s, en Bosnia sigue abierta la pugna entre quienes intentan reivindicar la memoria de la masacre y sus v\u00edctimas, y quienes la niegan y glorifican a los criminales que la perpetraron. Es 11 de julio. Como cada\u2026<\/p>\n","protected":false},"author":2,"featured_media":0,"comment_status":"closed","ping_status":"open","sticky":false,"template":"","format":"standard","meta":{"footnotes":""},"categories":[1],"tags":[],"class_list":["post-24905","post","type-post","status-publish","format-standard","hentry","category-other-news"],"yoast_head":"<!-- This site is optimized with the Yoast SEO plugin v16.7 - https:\/\/yoast.com\/wordpress\/plugins\/seo\/ -->\n<title>Srebrenica: 30 a\u00f1os del mayor genocidio en Europa desde el holocausto nazi - Other News - Voz en contra de la corriente<\/title>\n<meta name=\"robots\" content=\"index, follow, max-snippet:-1, max-image-preview:large, max-video-preview:-1\" \/>\n<link rel=\"canonical\" href=\"https:\/\/www.other-news.info\/noticias\/srebrenica-30-anos-del-mayor-genocidio-en-europa-desde-el-holocausto-nazi\/\" \/>\n<meta property=\"og:locale\" content=\"es_ES\" \/>\n<meta property=\"og:type\" content=\"article\" \/>\n<meta property=\"og:title\" content=\"Srebrenica: 30 a\u00f1os del mayor genocidio en Europa desde el holocausto nazi - Other News - Voz en contra de la corriente\" \/>\n<meta property=\"og:description\" content=\"Por Alberto Mesas* - Contexto y Acci\u00f3n (CTXT)&nbsp; Tres d\u00e9cadas despu\u00e9s, en Bosnia sigue abierta la pugna entre quienes intentan reivindicar la memoria de la masacre y sus v\u00edctimas, y quienes la niegan y glorifican a los criminales que la perpetraron. Es 11 de julio. Como cada\u2026\" \/>\n<meta property=\"og:url\" content=\"https:\/\/www.other-news.info\/noticias\/srebrenica-30-anos-del-mayor-genocidio-en-europa-desde-el-holocausto-nazi\/\" \/>\n<meta property=\"og:site_name\" content=\"Other News - Voz en contra de la corriente\" \/>\n<meta property=\"article:published_time\" content=\"2025-07-11T15:34:09+00:00\" \/>\n<meta property=\"article:modified_time\" content=\"2025-07-11T15:37:07+00:00\" \/>\n<meta name=\"twitter:card\" content=\"summary_large_image\" \/>\n<meta name=\"twitter:label1\" content=\"Escrito por\" \/>\n\t<meta name=\"twitter:data1\" content=\"admin\" \/>\n\t<meta name=\"twitter:label2\" content=\"Tiempo de lectura\" \/>\n\t<meta name=\"twitter:data2\" content=\"17 minutos\" \/>\n<script type=\"application\/ld+json\" class=\"yoast-schema-graph\">{\"@context\":\"https:\/\/schema.org\",\"@graph\":[{\"@type\":\"WebSite\",\"@id\":\"https:\/\/www.other-news.info\/noticias\/#website\",\"url\":\"https:\/\/www.other-news.info\/noticias\/\",\"name\":\"Other News - Voz en contra de la corriente\",\"description\":\"Voz en contra de la corriente\",\"potentialAction\":[{\"@type\":\"SearchAction\",\"target\":{\"@type\":\"EntryPoint\",\"urlTemplate\":\"https:\/\/www.other-news.info\/noticias\/?s={search_term_string}\"},\"query-input\":\"required name=search_term_string\"}],\"inLanguage\":\"es\"},{\"@type\":\"WebPage\",\"@id\":\"https:\/\/www.other-news.info\/noticias\/srebrenica-30-anos-del-mayor-genocidio-en-europa-desde-el-holocausto-nazi\/#webpage\",\"url\":\"https:\/\/www.other-news.info\/noticias\/srebrenica-30-anos-del-mayor-genocidio-en-europa-desde-el-holocausto-nazi\/\",\"name\":\"Srebrenica: 30 a\\u00f1os del mayor genocidio en Europa desde el holocausto nazi - Other News - Voz en contra de la corriente\",\"isPartOf\":{\"@id\":\"https:\/\/www.other-news.info\/noticias\/#website\"},\"datePublished\":\"2025-07-11T15:34:09+00:00\",\"dateModified\":\"2025-07-11T15:37:07+00:00\",\"author\":{\"@id\":\"https:\/\/www.other-news.info\/noticias\/#\/schema\/person\/dd0ead9df8654b02034c4da003b9991b\"},\"breadcrumb\":{\"@id\":\"https:\/\/www.other-news.info\/noticias\/srebrenica-30-anos-del-mayor-genocidio-en-europa-desde-el-holocausto-nazi\/#breadcrumb\"},\"inLanguage\":\"es\",\"potentialAction\":[{\"@type\":\"ReadAction\",\"target\":[\"https:\/\/www.other-news.info\/noticias\/srebrenica-30-anos-del-mayor-genocidio-en-europa-desde-el-holocausto-nazi\/\"]}]},{\"@type\":\"BreadcrumbList\",\"@id\":\"https:\/\/www.other-news.info\/noticias\/srebrenica-30-anos-del-mayor-genocidio-en-europa-desde-el-holocausto-nazi\/#breadcrumb\",\"itemListElement\":[{\"@type\":\"ListItem\",\"position\":1,\"name\":\"Home\",\"item\":\"https:\/\/www.other-news.info\/noticias\/\"},{\"@type\":\"ListItem\",\"position\":2,\"name\":\"Srebrenica: 30 a\\u00f1os del mayor genocidio en Europa desde el holocausto nazi\"}]},{\"@type\":\"Person\",\"@id\":\"https:\/\/www.other-news.info\/noticias\/#\/schema\/person\/dd0ead9df8654b02034c4da003b9991b\",\"name\":\"admin\",\"image\":{\"@type\":\"ImageObject\",\"@id\":\"https:\/\/www.other-news.info\/noticias\/#personlogo\",\"inLanguage\":\"es\",\"url\":\"https:\/\/secure.gravatar.com\/avatar\/e67344401a27ff9f91b2b48296aaa8fb9186ac51a3404ed4bdfbe790b6a9ee11?s=96&d=mm&r=g\",\"contentUrl\":\"https:\/\/secure.gravatar.com\/avatar\/e67344401a27ff9f91b2b48296aaa8fb9186ac51a3404ed4bdfbe790b6a9ee11?s=96&d=mm&r=g\",\"caption\":\"admin\"},\"url\":\"https:\/\/www.other-news.info\/noticias\/author\/admin\/\"}]}<\/script>\n<!-- \/ Yoast SEO plugin. -->","yoast_head_json":{"title":"Srebrenica: 30 a\u00f1os del mayor genocidio en Europa desde el holocausto nazi - Other News - Voz en contra de la corriente","robots":{"index":"index","follow":"follow","max-snippet":"max-snippet:-1","max-image-preview":"max-image-preview:large","max-video-preview":"max-video-preview:-1"},"canonical":"https:\/\/www.other-news.info\/noticias\/srebrenica-30-anos-del-mayor-genocidio-en-europa-desde-el-holocausto-nazi\/","og_locale":"es_ES","og_type":"article","og_title":"Srebrenica: 30 a\u00f1os del mayor genocidio en Europa desde el holocausto nazi - Other News - Voz en contra de la corriente","og_description":"Por Alberto Mesas* - Contexto y Acci\u00f3n (CTXT)&nbsp; Tres d\u00e9cadas despu\u00e9s, en Bosnia sigue abierta la pugna entre quienes intentan reivindicar la memoria de la masacre y sus v\u00edctimas, y quienes la niegan y glorifican a los criminales que la perpetraron. Es 11 de julio. Como cada\u2026","og_url":"https:\/\/www.other-news.info\/noticias\/srebrenica-30-anos-del-mayor-genocidio-en-europa-desde-el-holocausto-nazi\/","og_site_name":"Other News - Voz en contra de la corriente","article_published_time":"2025-07-11T15:34:09+00:00","article_modified_time":"2025-07-11T15:37:07+00:00","twitter_card":"summary_large_image","twitter_misc":{"Escrito por":"admin","Tiempo de lectura":"17 minutos"},"schema":{"@context":"https:\/\/schema.org","@graph":[{"@type":"WebSite","@id":"https:\/\/www.other-news.info\/noticias\/#website","url":"https:\/\/www.other-news.info\/noticias\/","name":"Other News - Voz en contra de la corriente","description":"Voz en contra de la corriente","potentialAction":[{"@type":"SearchAction","target":{"@type":"EntryPoint","urlTemplate":"https:\/\/www.other-news.info\/noticias\/?s={search_term_string}"},"query-input":"required name=search_term_string"}],"inLanguage":"es"},{"@type":"WebPage","@id":"https:\/\/www.other-news.info\/noticias\/srebrenica-30-anos-del-mayor-genocidio-en-europa-desde-el-holocausto-nazi\/#webpage","url":"https:\/\/www.other-news.info\/noticias\/srebrenica-30-anos-del-mayor-genocidio-en-europa-desde-el-holocausto-nazi\/","name":"Srebrenica: 30 a\u00f1os del mayor genocidio en Europa desde el holocausto nazi - Other News - Voz en contra de la corriente","isPartOf":{"@id":"https:\/\/www.other-news.info\/noticias\/#website"},"datePublished":"2025-07-11T15:34:09+00:00","dateModified":"2025-07-11T15:37:07+00:00","author":{"@id":"https:\/\/www.other-news.info\/noticias\/#\/schema\/person\/dd0ead9df8654b02034c4da003b9991b"},"breadcrumb":{"@id":"https:\/\/www.other-news.info\/noticias\/srebrenica-30-anos-del-mayor-genocidio-en-europa-desde-el-holocausto-nazi\/#breadcrumb"},"inLanguage":"es","potentialAction":[{"@type":"ReadAction","target":["https:\/\/www.other-news.info\/noticias\/srebrenica-30-anos-del-mayor-genocidio-en-europa-desde-el-holocausto-nazi\/"]}]},{"@type":"BreadcrumbList","@id":"https:\/\/www.other-news.info\/noticias\/srebrenica-30-anos-del-mayor-genocidio-en-europa-desde-el-holocausto-nazi\/#breadcrumb","itemListElement":[{"@type":"ListItem","position":1,"name":"Home","item":"https:\/\/www.other-news.info\/noticias\/"},{"@type":"ListItem","position":2,"name":"Srebrenica: 30 a\u00f1os del mayor genocidio en Europa desde el holocausto nazi"}]},{"@type":"Person","@id":"https:\/\/www.other-news.info\/noticias\/#\/schema\/person\/dd0ead9df8654b02034c4da003b9991b","name":"admin","image":{"@type":"ImageObject","@id":"https:\/\/www.other-news.info\/noticias\/#personlogo","inLanguage":"es","url":"https:\/\/secure.gravatar.com\/avatar\/e67344401a27ff9f91b2b48296aaa8fb9186ac51a3404ed4bdfbe790b6a9ee11?s=96&d=mm&r=g","contentUrl":"https:\/\/secure.gravatar.com\/avatar\/e67344401a27ff9f91b2b48296aaa8fb9186ac51a3404ed4bdfbe790b6a9ee11?s=96&d=mm&r=g","caption":"admin"},"url":"https:\/\/www.other-news.info\/noticias\/author\/admin\/"}]}},"_links":{"self":[{"href":"https:\/\/www.other-news.info\/noticias\/wp-json\/wp\/v2\/posts\/24905","targetHints":{"allow":["GET"]}}],"collection":[{"href":"https:\/\/www.other-news.info\/noticias\/wp-json\/wp\/v2\/posts"}],"about":[{"href":"https:\/\/www.other-news.info\/noticias\/wp-json\/wp\/v2\/types\/post"}],"author":[{"embeddable":true,"href":"https:\/\/www.other-news.info\/noticias\/wp-json\/wp\/v2\/users\/2"}],"replies":[{"embeddable":true,"href":"https:\/\/www.other-news.info\/noticias\/wp-json\/wp\/v2\/comments?post=24905"}],"version-history":[{"count":2,"href":"https:\/\/www.other-news.info\/noticias\/wp-json\/wp\/v2\/posts\/24905\/revisions"}],"predecessor-version":[{"id":24909,"href":"https:\/\/www.other-news.info\/noticias\/wp-json\/wp\/v2\/posts\/24905\/revisions\/24909"}],"wp:attachment":[{"href":"https:\/\/www.other-news.info\/noticias\/wp-json\/wp\/v2\/media?parent=24905"}],"wp:term":[{"taxonomy":"category","embeddable":true,"href":"https:\/\/www.other-news.info\/noticias\/wp-json\/wp\/v2\/categories?post=24905"},{"taxonomy":"post_tag","embeddable":true,"href":"https:\/\/www.other-news.info\/noticias\/wp-json\/wp\/v2\/tags?post=24905"}],"curies":[{"name":"wp","href":"https:\/\/api.w.org\/{rel}","templated":true}]}}