{"id":24911,"date":"2025-07-14T17:30:31","date_gmt":"2025-07-14T15:30:31","guid":{"rendered":"https:\/\/www.other-news.info\/noticias\/?p=24911"},"modified":"2025-07-14T17:32:15","modified_gmt":"2025-07-14T15:32:15","slug":"las-deportaciones-de-trump-benefician-al-gobierno-de-bukele","status":"publish","type":"post","link":"https:\/\/www.other-news.info\/noticias\/las-deportaciones-de-trump-benefician-al-gobierno-de-bukele\/","title":{"rendered":"Las deportaciones de Trump benefician al gobierno de Bukele"},"content":{"rendered":"\n<p class=\"wp-block-paragraph\"><strong>Por&nbsp;Annie Correal*&nbsp;y&nbsp;Pranav Baskar* \u2013 The New York Times<\/strong><\/p>\n\n\n\n<p class=\"wp-block-paragraph\"><em>A cambio de encarcelar a m\u00e1s de 200 deportados, el presidente de El Salvador, Nayib Bukele, se ha convertido en uno de los favoritos del gobierno de Trump.<\/em><\/p>\n\n\n\n<p class=\"wp-block-paragraph\">Para el gobierno estadounidense, enviar a una prisi\u00f3n de El Salvador a los deportados que son acusados de formar parte de pandillas delictivas es una acci\u00f3n que cumple con la promesa del presidente Donald Trump de deportar agresivamente a los migrantes indocumentados y tomar medidas en\u00e9rgicas contra la delincuencia.<\/p>\n\n\n\n<p class=\"wp-block-paragraph\">Para el presidente de El Salvador, Nayib Bukele, las recompensas parecen haber incluido, entre otras cosas, una visita a la Casa Blanca y una calificaci\u00f3n de seguridad en los viajes a su pa\u00eds que es superior a la de Francia.<\/p>\n\n\n\n<p class=\"wp-block-paragraph\">Aunque no se han hecho p\u00fablicos los t\u00e9rminos exactos del acuerdo, es posible que otros dirigentes de todo el mundo est\u00e9n atentos, seg\u00fan afirman los expertos y los abogados especializados en migraci\u00f3n, especialmente mientras el gobierno de Trump busca otros pa\u00edses dispuestos a&nbsp;<a href=\"https:\/\/www.nytimes.com\/2025\/06\/25\/us\/politics\/trump-immigrants-deportations.html\">acoger a migrantes expulsados<\/a>&nbsp;de otras nacionalidades.<\/p>\n\n\n\n<p class=\"wp-block-paragraph\">\u201cOtros dirigentes y pa\u00edses est\u00e1n tratando de emular el acuerdo de Bukele\u201d, dijo Iv\u00e1n Espinoza-Madrigal, director de Lawyers for Civil Rights, grupo con sede en Boston que ha representado a migrantes en demandas contra el gobierno de Trump. Los pa\u00edses \u201clevantan cada vez m\u00e1s la mano para ofrecer voluntariamente sus instalaciones de encarcelamiento y facilitar la deportaci\u00f3n de personas\u201d, a\u00f1adi\u00f3.<\/p>\n\n\n\n<p class=\"wp-block-paragraph\">Una portavoz de la Casa Blanca ha dicho que el gobierno est\u00e1 \u201cagradecido por la colaboraci\u00f3n del presidente Bukele\u201d y por el uso de su prisi\u00f3n de m\u00e1xima seguridad. Y a\u00f1adi\u00f3: \u201cNo hay mejor lugar para estos criminales enfermos e ilegales\u201d.<\/p>\n\n\n\n<p class=\"wp-block-paragraph\"><strong>Regresan los l\u00edderes de la MS-13<\/strong><\/p>\n\n\n\n<p class=\"wp-block-paragraph\">Una&nbsp;<a href=\"https:\/\/www.nytimes.com\/es\/2025\/06\/30\/espanol\/estados-unidos\/trump-bukele-ms-13-el-salvador.html\">investigaci\u00f3n de The New York Times<\/a>&nbsp;descubri\u00f3 que Estados Unidos no solo le pag\u00f3 al gobierno de Bukele&nbsp;<a href=\"https:\/\/www.nytimes.com\/es\/2025\/05\/01\/espanol\/estados-unidos\/el-acuerdo-entre-ee-uu-y-el-salvador-5-conclusiones-de-nuestra-investigacion.html\">unos 5 millones de d\u00f3lares<\/a>&nbsp;para encarcelar a m\u00e1s de 200 deportados venezolanos, sino que a\u00f1adi\u00f3 una prima a petici\u00f3n suya: la devoluci\u00f3n a El Salvador de varios altos dirigentes de la MS-13 bajo custodia estadounidense, algunos de los cuales se cree que ten\u00edan conocimiento de los v\u00ednculos de Bukele con la pandilla.<\/p>\n\n\n\n<p class=\"wp-block-paragraph\">Las autoridades estadounidenses han encontrado pruebas sustanciales de negociaciones secretas entre el gobierno de Bukele y dirigentes de la MS-13, y algunos expertos afirman que Bukele podr\u00eda querer enterrar esas pruebas. El mandatario neg\u00f3 haber pactado con la pandilla, y su gobierno no respondi\u00f3 a una solicitud de comentarios.<\/p>\n\n\n\n<p class=\"wp-block-paragraph\"><strong>Un impulso para el turismo<\/strong><\/p>\n\n\n\n<p class=\"wp-block-paragraph\">En abril, el Departamento de Estado&nbsp;<a href=\"https:\/\/travel.state.gov\/content\/travel\/en\/traveladvisories\/traveladvisories\/el-salvador-travel-advisory.html\" target=\"_blank\" rel=\"noreferrer noopener\">elev\u00f3 la recomendaci\u00f3n de viajes a El Salvador<\/a>&nbsp;a su m\u00e1xima calificaci\u00f3n, citando un \u201cdescenso de los delitos violentos y los asesinatos\u201d.<\/p>\n\n\n\n<p class=\"wp-block-paragraph\">La mejora de la calificaci\u00f3n \u2014<a href=\"https:\/\/travel.state.gov\/content\/travel\/en\/traveladvisories\/traveladvisories\/france-travel-advisory.html\" target=\"_blank\" rel=\"noreferrer noopener\">superior a la de Francia<\/a>\u2014 refleja un giro espectacular para un pa\u00eds que lleg\u00f3 a tener una alta tasa de homicidios y \u201cproblemas significativos en materia de derechos humanos\u201d, seg\u00fan afirm\u00f3 el Departamento de Estado&nbsp;<a href=\"https:\/\/www.state.gov\/wp-content\/uploads\/2024\/02\/528267_EL-SALVADOR-2023-HUMAN-RIGHTS-REPORT.pdf\" target=\"_blank\" rel=\"noreferrer noopener\">en 2023<\/a>.<\/p>\n\n\n\n<p class=\"wp-block-paragraph\">La mejora se produjo poco despu\u00e9s de que El Salvador recibiera a los deportados de Estados Unidos, y despu\u00e9s de que&nbsp;<a href=\"https:\/\/www.nytimes.com\/es\/2025\/02\/04\/espanol\/america-latina\/el-salvador-bukele-marco-rubio.html\">Bukele se reuniera con Marco Rubio<\/a>, el secretario de Estado.<\/p>\n\n\n\n<p class=\"wp-block-paragraph\">Ahilan Arulanantham, del Centro de Derecho y Pol\u00edtica de Inmigraci\u00f3n de la UCLA, dijo que \u201cno hay duda\u201d de que Bukele quer\u00eda la mejora. Afirm\u00f3 que cualquier gobierno \u201cpreferir\u00eda una calificaci\u00f3n que dijera que es seguro viajar\u201d a ese pa\u00eds.<\/p>\n\n\n\n<p class=\"wp-block-paragraph\">Bukele, quien espera que el turismo impulse la econom\u00eda, pregon\u00f3 la noticia y promocion\u00f3&nbsp;<a href=\"https:\/\/x.com\/nayibbukele\/status\/1908693390922838069\" target=\"_blank\" rel=\"noreferrer noopener\">un nuevo destino de surf<\/a>.<\/p>\n\n\n\n<p class=\"wp-block-paragraph\">\u201cAcaba de recibir la estrella de oro de los viajes del Departamento de Estado: nivel 1: el m\u00e1s seguro\u201d,&nbsp;<a href=\"https:\/\/x.com\/nayibbukele\/status\/1909707756682015197?lang=en\" target=\"_blank\" rel=\"noreferrer noopener\">dijo<\/a>.<\/p>\n\n\n\n<p class=\"wp-block-paragraph\"><strong>Estatus de Protecci\u00f3n Temporal<\/strong><\/p>\n\n\n\n<p class=\"wp-block-paragraph\">El gobierno de Trump puso fin recientemente a las protecciones contra la deportaci\u00f3n para inmigrantes de pa\u00edses como&nbsp;<a href=\"https:\/\/www.nytimes.com\/2025\/06\/28\/us\/politics\/trump-deportation-haiti-immigrants.html\">Hait\u00ed<\/a>,&nbsp;<a href=\"https:\/\/www.nytimes.com\/es\/2025\/05\/19\/espanol\/estados-unidos\/corte-suprema-estatus-proteccion-migrantes-venezolanos.html\">Venezuela<\/a>,&nbsp;<a href=\"https:\/\/www.nytimes.com\/2025\/05\/13\/us\/politics\/trump-refugees-white-south-africa-aghanistan.html\">Afganist\u00e1n<\/a>, Honduras y Nicaragua.<\/p>\n\n\n\n<p class=\"wp-block-paragraph\">Pero los migrantes salvadore\u00f1os siguen teniendo el Estatus de Protecci\u00f3n Temporal, que protege a unas&nbsp;<a href=\"https:\/\/www.uscis.gov\/archive\/dhs-publishes-federal-register-notice-extending-temporary-protected-status-for-el-salvador\" target=\"_blank\" rel=\"noreferrer noopener\">200.000 personas<\/a>&nbsp;de la deportaci\u00f3n y les permite trabajar legalmente en Estados Unidos. Los privilegios duran hasta&nbsp;<a href=\"https:\/\/www.uscis.gov\/humanitarian\/temporary-protected-status\/temporary-protected-status-designated-country-el-salvador\" target=\"_blank\" rel=\"noreferrer noopener\">principios de septiembre<\/a>.<\/p>\n\n\n\n<p class=\"wp-block-paragraph\">Los expertos afirman que ese estatus hace que Bukele gane puntos pol\u00edticos en su pa\u00eds, donde las remesas de los familiares residentes en Estados Unidos son vitales para la econom\u00eda.<\/p>\n\n\n\n<p class=\"wp-block-paragraph\"><strong>Las cr\u00edticas silenciadas<\/strong><\/p>\n\n\n\n<p class=\"wp-block-paragraph\">En los \u00faltimos meses, el gobierno de Bukele ha&nbsp;<a href=\"https:\/\/www.nytimes.com\/es\/2022\/04\/28\/espanol\/bukele-pandillas-estado-excepcion.html\">reprimido a\u00fan m\u00e1s las libertades civiles<\/a>, atacando a grupos de la sociedad civil, deteniendo a cr\u00edticos y&nbsp;<a href=\"https:\/\/www.washingtonpost.com\/world\/2025\/05\/18\/bukele-authoritarian-el-faro-salvador\/\" target=\"_blank\" rel=\"noreferrer noopener\">obligando a huir a algunos periodistas destacados<\/a>.<\/p>\n\n\n\n<p class=\"wp-block-paragraph\">Y mientras la&nbsp;<a href=\"https:\/\/www.eeas.europa.eu\/eeas\/el-salvador-statement-spokesperson-foreign-agents-law-and-recent-developments_en\" target=\"_blank\" rel=\"noreferrer noopener\">Uni\u00f3n Europea condenaba<\/a>&nbsp;una nueva ley que otorgaba a su gobierno amplios poderes para silenciar a los disidentes, el gobierno estadounidense permaneci\u00f3 callado.<\/p>\n\n\n\n<p class=\"wp-block-paragraph\">En cambio, el Departamento de Estado acredit\u00f3 en abril que El Salvador proteg\u00eda la libertad de prensa y reforzaba el Estado de derecho.<\/p>\n\n\n\n<p class=\"wp-block-paragraph\"><strong>Atenci\u00f3n y acceso<\/strong><\/p>\n\n\n\n<p class=\"wp-block-paragraph\">Tras la llegada de los deportados a El Salvador, Trump&nbsp;<a href=\"https:\/\/www.nytimes.com\/2025\/04\/14\/us\/politics\/trump-deportations-oval-office.html\">recibi\u00f3 a Bukele en el Despacho Oval<\/a>, halag\u00e1ndolo mientras lo llamaba \u201cPresidente B\u201d.<\/p>\n\n\n\n<p class=\"wp-block-paragraph\">La cooperaci\u00f3n de Bukele \u2014y sus&nbsp;<a href=\"https:\/\/www.nytimes.com\/es\/2025\/03\/19\/espanol\/america-latina\/bukele-carceles-video-trump-dep-venezolanos.html\">im\u00e1genes de deportados con grilletes<\/a>&nbsp;entrando en una prisi\u00f3n construida para terroristas\u2014 tambi\u00e9n gener\u00f3 revuelo, lo que el presidente salvadore\u00f1o ha explotado en su beneficio.<\/p>\n\n\n\n<p class=\"wp-block-paragraph\">La semana pasada,&nbsp;<a href=\"https:\/\/x.com\/nayibbukele\/status\/1939148176881262628?s=46\" target=\"_blank\" rel=\"noreferrer noopener\">discuti\u00f3 en internet<\/a>&nbsp;con un dise\u00f1ador de moda en cuyo desfile de Par\u00eds aparec\u00edan modelos con trajes parecidos a los que usaban los deportados.<\/p>\n\n\n\n<p class=\"wp-block-paragraph\">Bukele tambi\u00e9n se ha convertido en un ejemplo para otros gobiernos, generando al menos un acuerdo, entre El Salvador y&nbsp;<a href=\"https:\/\/ticotimes.net\/2025\/04\/10\/costa-rica-and-el-salvador-team-up-for-high-security-prison-project\" target=\"_blank\" rel=\"noreferrer noopener\">Costa Rica<\/a>, para reproducir all\u00ed su prisi\u00f3n de alta seguridad.<\/p>\n\n\n\n<p class=\"wp-block-paragraph\"><strong>Escrutinio internacional<\/strong><\/p>\n\n\n\n<p class=\"wp-block-paragraph\">El acuerdo de encarcelar a los deportados de Estados Unidos ha suscitado el escrutinio a Bukele, seg\u00fan Douglas Farah, experto en El Salvador que asesor\u00f3 a un grupo de trabajo del Departamento de Justicia dedicado a la MS13.<\/p>\n\n\n\n<p class=\"wp-block-paragraph\">Los familiares han pedido la liberaci\u00f3n de muchos de los deportados venezolanos, afirmando que sus parientes&nbsp;<a href=\"https:\/\/www.nytimes.com\/es\/2025\/04\/15\/espanol\/america-latina\/trump-deportaciones-migrantes.html\">no tienen antecedentes penales<\/a>. Los legisladores dem\u00f3cratas han exigido respuestas sobre el acuerdo. Un deportado retornado ha dicho que fue&nbsp;<a href=\"https:\/\/www.nytimes.com\/es\/2025\/07\/02\/espanol\/estados-unidos\/kilmar-abrego-garcia-torturado-cecot.html\">maltratado<\/a>&nbsp;bajo custodia salvadore\u00f1a.<\/p>\n\n\n\n<p class=\"wp-block-paragraph\">Bukele&nbsp;<a href=\"https:\/\/www.nytimes.com\/es\/2025\/07\/03\/espanol\/estados-unidos\/bukele-abrego-garcia-tortura.html\">ha negado<\/a>&nbsp;esas acusaciones. \u201cMe tiene sin cuidado que me llamen dictador\u201d,&nbsp;<a href=\"https:\/\/www.youtube.com\/watch?v=5gimVU-t8aI\" target=\"_blank\" rel=\"noreferrer noopener\">dijo recientemente<\/a>. \u201cPrefiero que me llamen \u2018dictador\u2019 a ver c\u00f3mo matan a los salvadore\u00f1os en las calles\u201d.<\/p>\n\n\n\n<p class=\"wp-block-paragraph\">Farah dijo que el acuerdo ha generado tensiones. \u201cBukele no hab\u00eda pensado en lo que esto implicar\u00eda para el mundo exterior y para su propio pueblo\u201d, dijo. Por primera vez la imagen de Bukele como salvador de su pa\u00eds se enfrenta a una \u201ccontrapresi\u00f3n\u201d, a\u00f1adi\u00f3.<\/p>\n\n\n\n<p class=\"wp-block-paragraph\"><em>*Annie Correal&nbsp;informa desde Estados Unidos y Am\u00e9rica Latina para el Times.<\/em><\/p>\n\n\n\n<p class=\"wp-block-paragraph\"><em>*Pranav Baskar, reportero internacional para el Times<\/em>.<\/p>\n","protected":false},"excerpt":{"rendered":"<p>Por&nbsp;Annie Correal*&nbsp;y&nbsp;Pranav Baskar* \u2013 The New York Times A cambio de encarcelar a m\u00e1s de 200 deportados, el presidente de El Salvador, Nayib Bukele, se ha convertido en uno de los favoritos del gobierno de Trump. Para el gobierno estadounidense, enviar a una\u2026<\/p>\n","protected":false},"author":2,"featured_media":0,"comment_status":"closed","ping_status":"open","sticky":false,"template":"","format":"standard","meta":{"footnotes":""},"categories":[1],"tags":[],"class_list":["post-24911","post","type-post","status-publish","format-standard","hentry","category-other-news"],"yoast_head":"<!-- This site is optimized with the Yoast SEO plugin v16.7 - https:\/\/yoast.com\/wordpress\/plugins\/seo\/ -->\n<title>Las deportaciones de Trump benefician al gobierno de Bukele - Other News - Voz en contra de la corriente<\/title>\n<meta name=\"robots\" content=\"index, follow, max-snippet:-1, max-image-preview:large, max-video-preview:-1\" \/>\n<link rel=\"canonical\" href=\"https:\/\/www.other-news.info\/noticias\/las-deportaciones-de-trump-benefician-al-gobierno-de-bukele\/\" \/>\n<meta property=\"og:locale\" content=\"es_ES\" \/>\n<meta property=\"og:type\" content=\"article\" \/>\n<meta property=\"og:title\" content=\"Las deportaciones de Trump benefician al gobierno de Bukele - Other News - Voz en contra de la corriente\" \/>\n<meta property=\"og:description\" content=\"Por&nbsp;Annie Correal*&nbsp;y&nbsp;Pranav Baskar* \u2013 The New York Times A cambio de encarcelar a m\u00e1s de 200 deportados, el presidente de El Salvador, Nayib Bukele, se ha convertido en uno de los favoritos del gobierno de Trump. Para el gobierno estadounidense, enviar a una\u2026\" \/>\n<meta property=\"og:url\" content=\"https:\/\/www.other-news.info\/noticias\/las-deportaciones-de-trump-benefician-al-gobierno-de-bukele\/\" \/>\n<meta property=\"og:site_name\" content=\"Other News - Voz en contra de la corriente\" \/>\n<meta property=\"article:published_time\" content=\"2025-07-14T15:30:31+00:00\" \/>\n<meta property=\"article:modified_time\" content=\"2025-07-14T15:32:15+00:00\" \/>\n<meta name=\"twitter:card\" content=\"summary_large_image\" \/>\n<meta name=\"twitter:label1\" content=\"Escrito por\" \/>\n\t<meta name=\"twitter:data1\" content=\"admin\" \/>\n\t<meta name=\"twitter:label2\" content=\"Tiempo de lectura\" \/>\n\t<meta name=\"twitter:data2\" content=\"6 minutos\" \/>\n<script type=\"application\/ld+json\" class=\"yoast-schema-graph\">{\"@context\":\"https:\/\/schema.org\",\"@graph\":[{\"@type\":\"WebSite\",\"@id\":\"https:\/\/www.other-news.info\/noticias\/#website\",\"url\":\"https:\/\/www.other-news.info\/noticias\/\",\"name\":\"Other News - Voz en contra de la corriente\",\"description\":\"Voz en contra de la corriente\",\"potentialAction\":[{\"@type\":\"SearchAction\",\"target\":{\"@type\":\"EntryPoint\",\"urlTemplate\":\"https:\/\/www.other-news.info\/noticias\/?s={search_term_string}\"},\"query-input\":\"required name=search_term_string\"}],\"inLanguage\":\"es\"},{\"@type\":\"WebPage\",\"@id\":\"https:\/\/www.other-news.info\/noticias\/las-deportaciones-de-trump-benefician-al-gobierno-de-bukele\/#webpage\",\"url\":\"https:\/\/www.other-news.info\/noticias\/las-deportaciones-de-trump-benefician-al-gobierno-de-bukele\/\",\"name\":\"Las deportaciones de Trump benefician al gobierno de Bukele - Other News - Voz en contra de la corriente\",\"isPartOf\":{\"@id\":\"https:\/\/www.other-news.info\/noticias\/#website\"},\"datePublished\":\"2025-07-14T15:30:31+00:00\",\"dateModified\":\"2025-07-14T15:32:15+00:00\",\"author\":{\"@id\":\"https:\/\/www.other-news.info\/noticias\/#\/schema\/person\/dd0ead9df8654b02034c4da003b9991b\"},\"breadcrumb\":{\"@id\":\"https:\/\/www.other-news.info\/noticias\/las-deportaciones-de-trump-benefician-al-gobierno-de-bukele\/#breadcrumb\"},\"inLanguage\":\"es\",\"potentialAction\":[{\"@type\":\"ReadAction\",\"target\":[\"https:\/\/www.other-news.info\/noticias\/las-deportaciones-de-trump-benefician-al-gobierno-de-bukele\/\"]}]},{\"@type\":\"BreadcrumbList\",\"@id\":\"https:\/\/www.other-news.info\/noticias\/las-deportaciones-de-trump-benefician-al-gobierno-de-bukele\/#breadcrumb\",\"itemListElement\":[{\"@type\":\"ListItem\",\"position\":1,\"name\":\"Home\",\"item\":\"https:\/\/www.other-news.info\/noticias\/\"},{\"@type\":\"ListItem\",\"position\":2,\"name\":\"Las deportaciones de Trump benefician al gobierno de Bukele\"}]},{\"@type\":\"Person\",\"@id\":\"https:\/\/www.other-news.info\/noticias\/#\/schema\/person\/dd0ead9df8654b02034c4da003b9991b\",\"name\":\"admin\",\"image\":{\"@type\":\"ImageObject\",\"@id\":\"https:\/\/www.other-news.info\/noticias\/#personlogo\",\"inLanguage\":\"es\",\"url\":\"https:\/\/secure.gravatar.com\/avatar\/e67344401a27ff9f91b2b48296aaa8fb9186ac51a3404ed4bdfbe790b6a9ee11?s=96&d=mm&r=g\",\"contentUrl\":\"https:\/\/secure.gravatar.com\/avatar\/e67344401a27ff9f91b2b48296aaa8fb9186ac51a3404ed4bdfbe790b6a9ee11?s=96&d=mm&r=g\",\"caption\":\"admin\"},\"url\":\"https:\/\/www.other-news.info\/noticias\/author\/admin\/\"}]}<\/script>\n<!-- \/ Yoast SEO plugin. -->","yoast_head_json":{"title":"Las deportaciones de Trump benefician al gobierno de Bukele - Other News - Voz en contra de la corriente","robots":{"index":"index","follow":"follow","max-snippet":"max-snippet:-1","max-image-preview":"max-image-preview:large","max-video-preview":"max-video-preview:-1"},"canonical":"https:\/\/www.other-news.info\/noticias\/las-deportaciones-de-trump-benefician-al-gobierno-de-bukele\/","og_locale":"es_ES","og_type":"article","og_title":"Las deportaciones de Trump benefician al gobierno de Bukele - Other News - Voz en contra de la corriente","og_description":"Por&nbsp;Annie Correal*&nbsp;y&nbsp;Pranav Baskar* \u2013 The New York Times A cambio de encarcelar a m\u00e1s de 200 deportados, el presidente de El Salvador, Nayib Bukele, se ha convertido en uno de los favoritos del gobierno de Trump. Para el gobierno estadounidense, enviar a una\u2026","og_url":"https:\/\/www.other-news.info\/noticias\/las-deportaciones-de-trump-benefician-al-gobierno-de-bukele\/","og_site_name":"Other News - Voz en contra de la corriente","article_published_time":"2025-07-14T15:30:31+00:00","article_modified_time":"2025-07-14T15:32:15+00:00","twitter_card":"summary_large_image","twitter_misc":{"Escrito por":"admin","Tiempo de lectura":"6 minutos"},"schema":{"@context":"https:\/\/schema.org","@graph":[{"@type":"WebSite","@id":"https:\/\/www.other-news.info\/noticias\/#website","url":"https:\/\/www.other-news.info\/noticias\/","name":"Other News - Voz en contra de la corriente","description":"Voz en contra de la corriente","potentialAction":[{"@type":"SearchAction","target":{"@type":"EntryPoint","urlTemplate":"https:\/\/www.other-news.info\/noticias\/?s={search_term_string}"},"query-input":"required name=search_term_string"}],"inLanguage":"es"},{"@type":"WebPage","@id":"https:\/\/www.other-news.info\/noticias\/las-deportaciones-de-trump-benefician-al-gobierno-de-bukele\/#webpage","url":"https:\/\/www.other-news.info\/noticias\/las-deportaciones-de-trump-benefician-al-gobierno-de-bukele\/","name":"Las deportaciones de Trump benefician al gobierno de Bukele - Other News - Voz en contra de la corriente","isPartOf":{"@id":"https:\/\/www.other-news.info\/noticias\/#website"},"datePublished":"2025-07-14T15:30:31+00:00","dateModified":"2025-07-14T15:32:15+00:00","author":{"@id":"https:\/\/www.other-news.info\/noticias\/#\/schema\/person\/dd0ead9df8654b02034c4da003b9991b"},"breadcrumb":{"@id":"https:\/\/www.other-news.info\/noticias\/las-deportaciones-de-trump-benefician-al-gobierno-de-bukele\/#breadcrumb"},"inLanguage":"es","potentialAction":[{"@type":"ReadAction","target":["https:\/\/www.other-news.info\/noticias\/las-deportaciones-de-trump-benefician-al-gobierno-de-bukele\/"]}]},{"@type":"BreadcrumbList","@id":"https:\/\/www.other-news.info\/noticias\/las-deportaciones-de-trump-benefician-al-gobierno-de-bukele\/#breadcrumb","itemListElement":[{"@type":"ListItem","position":1,"name":"Home","item":"https:\/\/www.other-news.info\/noticias\/"},{"@type":"ListItem","position":2,"name":"Las deportaciones de Trump benefician al gobierno de Bukele"}]},{"@type":"Person","@id":"https:\/\/www.other-news.info\/noticias\/#\/schema\/person\/dd0ead9df8654b02034c4da003b9991b","name":"admin","image":{"@type":"ImageObject","@id":"https:\/\/www.other-news.info\/noticias\/#personlogo","inLanguage":"es","url":"https:\/\/secure.gravatar.com\/avatar\/e67344401a27ff9f91b2b48296aaa8fb9186ac51a3404ed4bdfbe790b6a9ee11?s=96&d=mm&r=g","contentUrl":"https:\/\/secure.gravatar.com\/avatar\/e67344401a27ff9f91b2b48296aaa8fb9186ac51a3404ed4bdfbe790b6a9ee11?s=96&d=mm&r=g","caption":"admin"},"url":"https:\/\/www.other-news.info\/noticias\/author\/admin\/"}]}},"_links":{"self":[{"href":"https:\/\/www.other-news.info\/noticias\/wp-json\/wp\/v2\/posts\/24911","targetHints":{"allow":["GET"]}}],"collection":[{"href":"https:\/\/www.other-news.info\/noticias\/wp-json\/wp\/v2\/posts"}],"about":[{"href":"https:\/\/www.other-news.info\/noticias\/wp-json\/wp\/v2\/types\/post"}],"author":[{"embeddable":true,"href":"https:\/\/www.other-news.info\/noticias\/wp-json\/wp\/v2\/users\/2"}],"replies":[{"embeddable":true,"href":"https:\/\/www.other-news.info\/noticias\/wp-json\/wp\/v2\/comments?post=24911"}],"version-history":[{"count":2,"href":"https:\/\/www.other-news.info\/noticias\/wp-json\/wp\/v2\/posts\/24911\/revisions"}],"predecessor-version":[{"id":24915,"href":"https:\/\/www.other-news.info\/noticias\/wp-json\/wp\/v2\/posts\/24911\/revisions\/24915"}],"wp:attachment":[{"href":"https:\/\/www.other-news.info\/noticias\/wp-json\/wp\/v2\/media?parent=24911"}],"wp:term":[{"taxonomy":"category","embeddable":true,"href":"https:\/\/www.other-news.info\/noticias\/wp-json\/wp\/v2\/categories?post=24911"},{"taxonomy":"post_tag","embeddable":true,"href":"https:\/\/www.other-news.info\/noticias\/wp-json\/wp\/v2\/tags?post=24911"}],"curies":[{"name":"wp","href":"https:\/\/api.w.org\/{rel}","templated":true}]}}