{"id":24913,"date":"2025-07-14T17:31:01","date_gmt":"2025-07-14T15:31:01","guid":{"rendered":"https:\/\/www.other-news.info\/noticias\/?p=24913"},"modified":"2025-07-14T17:31:02","modified_gmt":"2025-07-14T15:31:02","slug":"trump-militariza-el-discurso-sobre-ucrania-y-traslada-la-factura-a-europa","status":"publish","type":"post","link":"https:\/\/www.other-news.info\/noticias\/trump-militariza-el-discurso-sobre-ucrania-y-traslada-la-factura-a-europa\/","title":{"rendered":"Trump militariza el discurso sobre Ucrania y traslada la factura a Europa"},"content":{"rendered":"\n<p class=\"wp-block-paragraph\"><strong>Por Eva Maldonado* \u2013 Diario16<\/strong><\/p>\n\n\n\n<p class=\"wp-block-paragraph\"><em>El presidente estadounidense anuncia el env\u00edo de misiles Patriot a Kiev y presume de que ser\u00e1 la Uni\u00f3n Europea quien pague la factura, una estrategia que mezcla oportunismo electoral, desinformaci\u00f3n y presi\u00f3n a los aliados.<\/em><\/p>\n\n\n\n<p class=\"wp-block-paragraph\">Donald Trump ha confirmado este domingo el&nbsp;<strong>env\u00edo de sistemas de defensa antia\u00e9rea <\/strong>Patriot a Ucrania, asegurando que&nbsp;Estados Unidos no asumir\u00e1 el coste&nbsp;de esa operaci\u00f3n militar, sino que ser\u00e1&nbsp;la Uni\u00f3n Europea la que financie \u00edntegramente la entrega. El anuncio, previo a la visita del nuevo secretario general de la OTAN, Mark Rutte, marca un&nbsp;giro en el discurso del presidente estadounidense, que en los \u00faltimos meses ha oscilado entre la tibieza con Mosc\u00fa y los desplantes a la Alianza Atl\u00e1ntica. Lejos de un compromiso estrat\u00e9gico s\u00f3lido, Trump vuelve a utilizar el conflicto en Ucrania como&nbsp;herramienta de presi\u00f3n pol\u00edtica y electoral.<\/p>\n\n\n\n<p class=\"wp-block-paragraph\"><strong>Ret\u00f3rica contradictoria y cinismo geopol\u00edtico<\/strong><\/p>\n\n\n\n<p class=\"wp-block-paragraph\">Las declaraciones de Trump ante la prensa han vuelto a poner en evidencia su&nbsp;contradicci\u00f3n sistem\u00e1tica en materia internacional. Mientras afirma sentirse \u00abdecepcionado\u00bb con Vladimir Putin por sus ataques nocturnos a Ucrania, insiste en que Estados Unidos&nbsp;no pagar\u00e1 \u00abni un c\u00e9ntimo\u00bb por los misiles Patriot, cuyo despliegue en el frente oriental de Europa requiere una log\u00edstica, un mantenimiento y una coordinaci\u00f3n altamente costosas.<\/p>\n\n\n\n<p class=\"wp-block-paragraph\">\u201cVan a tener algunos porque necesitan protecci\u00f3n, pero la Uni\u00f3n Europea pagar\u00e1 por ello. Nosotros no vamos a pagar nada\u201d, declar\u00f3,&nbsp;tratando de presentar la ayuda como una muestra de liderazgo altruista cuando en realidad se traduce en una transferencia de responsabilidades a los socios europeos. Este tipo de declaraciones&nbsp;erosionan la cohesi\u00f3n dentro de la OTAN&nbsp;y generan tensiones innecesarias en el seno de una alianza que ya ha tenido que sortear reiteradas amenazas de abandono por parte del propio Trump.<\/p>\n\n\n\n<p class=\"wp-block-paragraph\">Adem\u00e1s, Trump ha intentado en los \u00faltimos d\u00edas&nbsp;reconstruir una narrativa m\u00e1s dura contra Rusia, tras meses de ambig\u00fcedad calculada y gestos que fueron interpretados como gui\u00f1os al Kremlin. Anuncia ahora una&nbsp;\u201cdeclaraci\u00f3n importante\u201d sobre Mosc\u00fa&nbsp;y anticipa un aumento r\u00e9cord en el env\u00edo de armamento a Ucrania, seg\u00fan ha avanzado el senador Lindsey Graham. Pero este endurecimiento, m\u00e1s que reflejo de una convicci\u00f3n geoestrat\u00e9gica,&nbsp;parece obedecer a las exigencias de su propia base pol\u00edtica y al calendario electoral estadounidense.<\/p>\n\n\n\n<p class=\"wp-block-paragraph\"><strong>Europa como escudo econ\u00f3mico y pol\u00edtico<\/strong><\/p>\n\n\n\n<p class=\"wp-block-paragraph\">La estrategia de Trump, basada en el&nbsp;reparto asim\u00e9trico de costes y culpas, pone a la Uni\u00f3n Europea en una posici\u00f3n inc\u00f3moda: asumir la financiaci\u00f3n del armamento que Estados Unidos suministra, mientras asiste a su uso como&nbsp;instrumento de propaganda interna por parte del inquilino de la Casa Blanca. No se trata de una colaboraci\u00f3n entre aliados en pie de igualdad, sino de&nbsp;una instrumentalizaci\u00f3n que socava el principio de corresponsabilidad transatl\u00e1ntica.<\/p>\n\n\n\n<p class=\"wp-block-paragraph\">Bruselas y las principales capitales europeas han reiterado su compromiso con Ucrania, pero cada nuevo gesto de Trump contribuye a&nbsp;minar la confianza mutua y agrandar la brecha entre Europa y Washington.&nbsp;Al mismo tiempo, sus amenazas de imponer&nbsp;aranceles del 500 % a pa\u00edses como China, India o Brasil&nbsp;\u2014por seguir comerciando con Rusia\u2014 suenan m\u00e1s a un acto de intimidaci\u00f3n global que a una pol\u00edtica exterior coherente y multilateral.<\/p>\n\n\n\n<p class=\"wp-block-paragraph\">Si algo ha demostrado la guerra en Ucrania es que&nbsp;la unidad occidental no puede basarse en amenazas, improvisaciones ni chantajes ret\u00f3ricos.&nbsp;La estabilidad internacional requiere previsibilidad, di\u00e1logo y responsabilidad compartida. Justo lo contrario del enfoque err\u00e1tico, populista y&nbsp;profundamente ego\u00edsta&nbsp;que Trump vuelve a desplegar desde la Casa Blanca.<\/p>\n\n\n\n<p class=\"wp-block-paragraph\">El anuncio del env\u00edo de misiles Patriot a Ucrania, bajo la condici\u00f3n de que Europa pague por ellos, no es un gesto de apoyo sincero al pueblo ucraniano, sino&nbsp;una maniobra t\u00e1ctica de un presidente m\u00e1s preocupado por sus encuestas que por la seguridad internacional.&nbsp;Trump no act\u00faa como el l\u00edder del mundo libre, sino como un actor imprevisible que utiliza la geopol\u00edtica como decorado electoral.<\/p>\n\n\n\n<p class=\"wp-block-paragraph\"><em>*Eva Maldonado, redactora en Diario16, asesora de la Presidencia de la Conferencia Eurocentroamericana.<\/em><\/p>\n","protected":false},"excerpt":{"rendered":"<p>Por Eva Maldonado* \u2013 Diario16 El presidente estadounidense anuncia el env\u00edo de misiles Patriot a Kiev y presume de que ser\u00e1 la Uni\u00f3n Europea quien pague la factura, una estrategia que mezcla oportunismo electoral, desinformaci\u00f3n y presi\u00f3n a los aliados. Donald Trump ha\u2026<\/p>\n","protected":false},"author":2,"featured_media":0,"comment_status":"closed","ping_status":"open","sticky":false,"template":"","format":"standard","meta":{"footnotes":""},"categories":[1],"tags":[],"class_list":["post-24913","post","type-post","status-publish","format-standard","hentry","category-other-news"],"yoast_head":"<!-- This site is optimized with the Yoast SEO plugin v16.7 - https:\/\/yoast.com\/wordpress\/plugins\/seo\/ -->\n<title>Trump militariza el discurso sobre Ucrania y traslada la factura a Europa - Other News - Voz en contra de la corriente<\/title>\n<meta name=\"robots\" content=\"index, follow, max-snippet:-1, max-image-preview:large, max-video-preview:-1\" \/>\n<link rel=\"canonical\" href=\"https:\/\/www.other-news.info\/noticias\/trump-militariza-el-discurso-sobre-ucrania-y-traslada-la-factura-a-europa\/\" \/>\n<meta property=\"og:locale\" content=\"es_ES\" \/>\n<meta property=\"og:type\" content=\"article\" \/>\n<meta property=\"og:title\" content=\"Trump militariza el discurso sobre Ucrania y traslada la factura a Europa - Other News - Voz en contra de la corriente\" \/>\n<meta property=\"og:description\" content=\"Por Eva Maldonado* \u2013 Diario16 El presidente estadounidense anuncia el env\u00edo de misiles Patriot a Kiev y presume de que ser\u00e1 la Uni\u00f3n Europea quien pague la factura, una estrategia que mezcla oportunismo electoral, desinformaci\u00f3n y presi\u00f3n a los aliados. Donald Trump ha\u2026\" \/>\n<meta property=\"og:url\" content=\"https:\/\/www.other-news.info\/noticias\/trump-militariza-el-discurso-sobre-ucrania-y-traslada-la-factura-a-europa\/\" \/>\n<meta property=\"og:site_name\" content=\"Other News - Voz en contra de la corriente\" \/>\n<meta property=\"article:published_time\" content=\"2025-07-14T15:31:01+00:00\" \/>\n<meta property=\"article:modified_time\" content=\"2025-07-14T15:31:02+00:00\" \/>\n<meta name=\"twitter:card\" content=\"summary_large_image\" \/>\n<meta name=\"twitter:label1\" content=\"Escrito por\" \/>\n\t<meta name=\"twitter:data1\" content=\"admin\" \/>\n\t<meta name=\"twitter:label2\" content=\"Tiempo de lectura\" \/>\n\t<meta name=\"twitter:data2\" content=\"4 minutos\" \/>\n<script type=\"application\/ld+json\" class=\"yoast-schema-graph\">{\"@context\":\"https:\/\/schema.org\",\"@graph\":[{\"@type\":\"WebSite\",\"@id\":\"https:\/\/www.other-news.info\/noticias\/#website\",\"url\":\"https:\/\/www.other-news.info\/noticias\/\",\"name\":\"Other News - Voz en contra de la corriente\",\"description\":\"Voz en contra de la corriente\",\"potentialAction\":[{\"@type\":\"SearchAction\",\"target\":{\"@type\":\"EntryPoint\",\"urlTemplate\":\"https:\/\/www.other-news.info\/noticias\/?s={search_term_string}\"},\"query-input\":\"required name=search_term_string\"}],\"inLanguage\":\"es\"},{\"@type\":\"WebPage\",\"@id\":\"https:\/\/www.other-news.info\/noticias\/trump-militariza-el-discurso-sobre-ucrania-y-traslada-la-factura-a-europa\/#webpage\",\"url\":\"https:\/\/www.other-news.info\/noticias\/trump-militariza-el-discurso-sobre-ucrania-y-traslada-la-factura-a-europa\/\",\"name\":\"Trump militariza el discurso sobre Ucrania y traslada la factura a Europa - Other News - Voz en contra de la corriente\",\"isPartOf\":{\"@id\":\"https:\/\/www.other-news.info\/noticias\/#website\"},\"datePublished\":\"2025-07-14T15:31:01+00:00\",\"dateModified\":\"2025-07-14T15:31:02+00:00\",\"author\":{\"@id\":\"https:\/\/www.other-news.info\/noticias\/#\/schema\/person\/dd0ead9df8654b02034c4da003b9991b\"},\"breadcrumb\":{\"@id\":\"https:\/\/www.other-news.info\/noticias\/trump-militariza-el-discurso-sobre-ucrania-y-traslada-la-factura-a-europa\/#breadcrumb\"},\"inLanguage\":\"es\",\"potentialAction\":[{\"@type\":\"ReadAction\",\"target\":[\"https:\/\/www.other-news.info\/noticias\/trump-militariza-el-discurso-sobre-ucrania-y-traslada-la-factura-a-europa\/\"]}]},{\"@type\":\"BreadcrumbList\",\"@id\":\"https:\/\/www.other-news.info\/noticias\/trump-militariza-el-discurso-sobre-ucrania-y-traslada-la-factura-a-europa\/#breadcrumb\",\"itemListElement\":[{\"@type\":\"ListItem\",\"position\":1,\"name\":\"Home\",\"item\":\"https:\/\/www.other-news.info\/noticias\/\"},{\"@type\":\"ListItem\",\"position\":2,\"name\":\"Trump militariza el discurso sobre Ucrania y traslada la factura a Europa\"}]},{\"@type\":\"Person\",\"@id\":\"https:\/\/www.other-news.info\/noticias\/#\/schema\/person\/dd0ead9df8654b02034c4da003b9991b\",\"name\":\"admin\",\"image\":{\"@type\":\"ImageObject\",\"@id\":\"https:\/\/www.other-news.info\/noticias\/#personlogo\",\"inLanguage\":\"es\",\"url\":\"https:\/\/secure.gravatar.com\/avatar\/e67344401a27ff9f91b2b48296aaa8fb9186ac51a3404ed4bdfbe790b6a9ee11?s=96&d=mm&r=g\",\"contentUrl\":\"https:\/\/secure.gravatar.com\/avatar\/e67344401a27ff9f91b2b48296aaa8fb9186ac51a3404ed4bdfbe790b6a9ee11?s=96&d=mm&r=g\",\"caption\":\"admin\"},\"url\":\"https:\/\/www.other-news.info\/noticias\/author\/admin\/\"}]}<\/script>\n<!-- \/ Yoast SEO plugin. -->","yoast_head_json":{"title":"Trump militariza el discurso sobre Ucrania y traslada la factura a Europa - Other News - Voz en contra de la corriente","robots":{"index":"index","follow":"follow","max-snippet":"max-snippet:-1","max-image-preview":"max-image-preview:large","max-video-preview":"max-video-preview:-1"},"canonical":"https:\/\/www.other-news.info\/noticias\/trump-militariza-el-discurso-sobre-ucrania-y-traslada-la-factura-a-europa\/","og_locale":"es_ES","og_type":"article","og_title":"Trump militariza el discurso sobre Ucrania y traslada la factura a Europa - Other News - Voz en contra de la corriente","og_description":"Por Eva Maldonado* \u2013 Diario16 El presidente estadounidense anuncia el env\u00edo de misiles Patriot a Kiev y presume de que ser\u00e1 la Uni\u00f3n Europea quien pague la factura, una estrategia que mezcla oportunismo electoral, desinformaci\u00f3n y presi\u00f3n a los aliados. Donald Trump ha\u2026","og_url":"https:\/\/www.other-news.info\/noticias\/trump-militariza-el-discurso-sobre-ucrania-y-traslada-la-factura-a-europa\/","og_site_name":"Other News - Voz en contra de la corriente","article_published_time":"2025-07-14T15:31:01+00:00","article_modified_time":"2025-07-14T15:31:02+00:00","twitter_card":"summary_large_image","twitter_misc":{"Escrito por":"admin","Tiempo de lectura":"4 minutos"},"schema":{"@context":"https:\/\/schema.org","@graph":[{"@type":"WebSite","@id":"https:\/\/www.other-news.info\/noticias\/#website","url":"https:\/\/www.other-news.info\/noticias\/","name":"Other News - Voz en contra de la corriente","description":"Voz en contra de la corriente","potentialAction":[{"@type":"SearchAction","target":{"@type":"EntryPoint","urlTemplate":"https:\/\/www.other-news.info\/noticias\/?s={search_term_string}"},"query-input":"required name=search_term_string"}],"inLanguage":"es"},{"@type":"WebPage","@id":"https:\/\/www.other-news.info\/noticias\/trump-militariza-el-discurso-sobre-ucrania-y-traslada-la-factura-a-europa\/#webpage","url":"https:\/\/www.other-news.info\/noticias\/trump-militariza-el-discurso-sobre-ucrania-y-traslada-la-factura-a-europa\/","name":"Trump militariza el discurso sobre Ucrania y traslada la factura a Europa - Other News - Voz en contra de la corriente","isPartOf":{"@id":"https:\/\/www.other-news.info\/noticias\/#website"},"datePublished":"2025-07-14T15:31:01+00:00","dateModified":"2025-07-14T15:31:02+00:00","author":{"@id":"https:\/\/www.other-news.info\/noticias\/#\/schema\/person\/dd0ead9df8654b02034c4da003b9991b"},"breadcrumb":{"@id":"https:\/\/www.other-news.info\/noticias\/trump-militariza-el-discurso-sobre-ucrania-y-traslada-la-factura-a-europa\/#breadcrumb"},"inLanguage":"es","potentialAction":[{"@type":"ReadAction","target":["https:\/\/www.other-news.info\/noticias\/trump-militariza-el-discurso-sobre-ucrania-y-traslada-la-factura-a-europa\/"]}]},{"@type":"BreadcrumbList","@id":"https:\/\/www.other-news.info\/noticias\/trump-militariza-el-discurso-sobre-ucrania-y-traslada-la-factura-a-europa\/#breadcrumb","itemListElement":[{"@type":"ListItem","position":1,"name":"Home","item":"https:\/\/www.other-news.info\/noticias\/"},{"@type":"ListItem","position":2,"name":"Trump militariza el discurso sobre Ucrania y traslada la factura a Europa"}]},{"@type":"Person","@id":"https:\/\/www.other-news.info\/noticias\/#\/schema\/person\/dd0ead9df8654b02034c4da003b9991b","name":"admin","image":{"@type":"ImageObject","@id":"https:\/\/www.other-news.info\/noticias\/#personlogo","inLanguage":"es","url":"https:\/\/secure.gravatar.com\/avatar\/e67344401a27ff9f91b2b48296aaa8fb9186ac51a3404ed4bdfbe790b6a9ee11?s=96&d=mm&r=g","contentUrl":"https:\/\/secure.gravatar.com\/avatar\/e67344401a27ff9f91b2b48296aaa8fb9186ac51a3404ed4bdfbe790b6a9ee11?s=96&d=mm&r=g","caption":"admin"},"url":"https:\/\/www.other-news.info\/noticias\/author\/admin\/"}]}},"_links":{"self":[{"href":"https:\/\/www.other-news.info\/noticias\/wp-json\/wp\/v2\/posts\/24913","targetHints":{"allow":["GET"]}}],"collection":[{"href":"https:\/\/www.other-news.info\/noticias\/wp-json\/wp\/v2\/posts"}],"about":[{"href":"https:\/\/www.other-news.info\/noticias\/wp-json\/wp\/v2\/types\/post"}],"author":[{"embeddable":true,"href":"https:\/\/www.other-news.info\/noticias\/wp-json\/wp\/v2\/users\/2"}],"replies":[{"embeddable":true,"href":"https:\/\/www.other-news.info\/noticias\/wp-json\/wp\/v2\/comments?post=24913"}],"version-history":[{"count":1,"href":"https:\/\/www.other-news.info\/noticias\/wp-json\/wp\/v2\/posts\/24913\/revisions"}],"predecessor-version":[{"id":24914,"href":"https:\/\/www.other-news.info\/noticias\/wp-json\/wp\/v2\/posts\/24913\/revisions\/24914"}],"wp:attachment":[{"href":"https:\/\/www.other-news.info\/noticias\/wp-json\/wp\/v2\/media?parent=24913"}],"wp:term":[{"taxonomy":"category","embeddable":true,"href":"https:\/\/www.other-news.info\/noticias\/wp-json\/wp\/v2\/categories?post=24913"},{"taxonomy":"post_tag","embeddable":true,"href":"https:\/\/www.other-news.info\/noticias\/wp-json\/wp\/v2\/tags?post=24913"}],"curies":[{"name":"wp","href":"https:\/\/api.w.org\/{rel}","templated":true}]}}