{"id":26889,"date":"2026-07-15T18:05:27","date_gmt":"2026-07-15T16:05:27","guid":{"rendered":"https:\/\/www.other-news.info\/noticias\/?p=26889"},"modified":"2026-07-15T18:09:23","modified_gmt":"2026-07-15T16:09:23","slug":"trump-coordina-la-persecucion-a-la-izquierda-global","status":"publish","type":"post","link":"https:\/\/www.other-news.info\/noticias\/trump-coordina-la-persecucion-a-la-izquierda-global\/","title":{"rendered":"Trump coordina la persecuci\u00f3n a la izquierda global"},"content":{"rendered":"\n<p class=\"wp-block-paragraph\"><strong>Por Daniel Kersffeld* &#8211; P\u00e1gina 12<\/strong><\/p>\n\n\n\n<p class=\"wp-block-paragraph\">El 6 de mayo el gobierno de Donald Trump public\u00f3 el documento Contraterrorism Strategy, en el que, en apenas 16 p\u00e1ginas, se describen las amenazas terroristas m\u00e1s importantes que enfrentan actualmente los Estados Unidos, a la vez que se sugiere <a href=\"https:\/\/www.pagina12.com.ar\/2026\/07\/14\/eeuu-impulsa-un-nuevo-macartismo-contra-la-izquierda\/\">la principal estrategia <\/a>para derrotarlas.<\/p>\n\n\n\n<p class=\"wp-block-paragraph\">Sin mayor desarrollo conceptual, el memor\u00e1ndum distingue entre tres categor\u00edas: el \u201cnarcoterrorismo\u201d, el \u201cterrorismo isl\u00e1mico\u201d y, como gran novedad, el \u201cterrorismo de izquierda\u201d. Los tres integran un \u201cenemigo interno\u201d, considerado como tal a partir de sus invisibles lazos y proyecciones internacionales. Se tratar\u00eda as\u00ed de un \u201cenemigo total\u201d que justificar\u00eda la necesidad de la Casa Blanca por contar con gobiernos aliados en una cruzada internacional contra la izquierda.<\/p>\n\n\n\n<p class=\"wp-block-paragraph\">El principal responsable de esta iniciativa es el periodista y dirigente de origen brit\u00e1nico y h\u00fangaro Sebastian Luk\u00e1cs Gorka, quien tuvo un breve pasaje como asesor adjunto presidencial durante el primer mandato de Trump y que, ya en este segundo per\u00edodo, opera como responsable de la oficina de \u201cContraterrorismo\u201d, bajo la \u00f3rbita de Marco Rubio en el Consejo de Seguridad Nacional.<\/p>\n\n\n\n<p class=\"wp-block-paragraph\">Durante meses, Gorka ha liderado reuniones peri\u00f3dicas sobre contraterrorismo con decenas de funcionarios pertenecientes a las diversas agencias de seguridad estadounidenses. En ese contexto, ha insistido en que se preste mayor atenci\u00f3n a Antifa, as\u00ed como tambi\u00e9n a otros grupos de izquierda, a activistas transg\u00e9nero y a colectivos de migrantes indocumentados provenientes del sur global.<\/p>\n\n\n\n<p class=\"wp-block-paragraph\">Desde la perspectiva de MAGA y del trumpismo, la naturaleza amorfa y fantasmal de la entidad anarquista Antifa posibilita una oscura confluencia entre la paranoia, las teor\u00edas conspirativas y los delirios de la derecha, activados principalmente tras el asesinato del dirigente juvenil Charlie Kirk en septiembre de 2025. Bajo esta mirada, no solo no existir\u00edan los \u201clobos solitarios\u201d, sino que todas las organizaciones de izquierda o actores individuales estar\u00edan conectados e, incluso, coordinados desde un comando central que el gobierno de Trump se propone desarticular y derrotar.<\/p>\n\n\n\n<p class=\"wp-block-paragraph\">La aparici\u00f3n reciente de este memorando no es casual y es una respuesta frente al incremento de la protesta social y al ascenso de la izquierda en el horizonte pol\u00edtico de los Estados Unidos.<\/p>\n\n\n\n<p class=\"wp-block-paragraph\">El creciente rechazo hacia el autoritarismo del gobierno, contra la violencia policial antimigrante comandada por el cuerpo policial ICE, contra la din\u00e1mica actual de deportaciones, frente a las principales pol\u00edticas econ\u00f3micas y ante la pol\u00edtica exterior beligerante implementada por Washington, est\u00e1 motivando diversas acciones ciudadanas, como ocurre actualmente con el \u201cD\u00eda Sin Inmigrantes\u201d, frente a la pol\u00edtica migratoria, y la iniciativa \u201c50501\u201d, ante los recortes estatales, hasta llegar a las multitudinarias demostraciones bautizadas como \u201cNo Kings\u201d.<\/p>\n\n\n\n<p class=\"wp-block-paragraph\">Por otro lado, la publicaci\u00f3n del memorando coincide con el ascenso electoral de la izquierda agrupada en la Democratic Socialists of America (DSA), corriente interna del Partido Dem\u00f3crata que cobr\u00f3 un notable impulso, sobre todo, desde que Zohran Mamdani ganara la elecci\u00f3n primaria celebrada en junio de 2025 para postularse a la alcald\u00eda de Nueva York.<\/p>\n\n\n\n<p class=\"wp-block-paragraph\">La posterior victoria de Mamdani y la sucesi\u00f3n de triunfos de los precandidatos de DSA en la conformaci\u00f3n de las listas legislativas para la contienda de medio t\u00e9rmino, en el pr\u00f3ximo mes de noviembre, no hicieron m\u00e1s que fortalecer las chances electorales de la izquierda, no solo contra el bloque hegem\u00f3nico del Partido Dem\u00f3crata, sino, principalmente, contra el gobierno de Trump.<\/p>\n\n\n\n<p class=\"wp-block-paragraph\">No sorprende que en la delimitaci\u00f3n efectuada en el Memor\u00e1ndum no sea mencionada la ultraderecha como un factor de peligro para el pa\u00eds. Desde las movilizaciones en Charlottesville, Virginia, en 2017, las organizaciones ultranacionalistas crecieron y se multiplicaron hasta convertirse en un factor de poder interno dentro de la corriente trumpista, cuyos dirigentes, comenzando por el primer mandatario, se ocuparon de subestimar o relativizar su impacto pol\u00edtico, como ocurri\u00f3 frente a los desfiles de supremacistas en las celebraciones por el 250\u00b0 aniversario de la independencia, el pasado 4 de julio.<\/p>\n\n\n\n<p class=\"wp-block-paragraph\">Adem\u00e1s, debe considerarse que el propio Gorka mantiene hasta el d\u00eda de hoy vinculaciones aparentemente inquebrantables con Vit\u00e9zi Rend, una organizaci\u00f3n h\u00fangara ultranacionalista de car\u00e1cter antisemita, junto con otros agrupamientos que reivindican abiertamente el nazismo. Esta relaci\u00f3n no solo provoc\u00f3 su salida del primer gobierno de Trump, en agosto de 2017, sino tambi\u00e9n el intento de revocatoria de su ciudadan\u00eda estadounidense por una iniciativa parlamentaria.<\/p>\n\n\n\n<p class=\"wp-block-paragraph\">Hasta ahora, el llamado \u201cterrorismo de izquierda\u201d no hab\u00eda ocupado la atenci\u00f3n del poder pol\u00edtico en los Estados Unidos que, en cambio, hab\u00eda centrado su inter\u00e9s en el terrorismo vinculado al narcotr\u00e1fico, al de origen isl\u00e1mico y, naturalmente, al surgido desde la ultraderecha.<\/p>\n\n\n\n<p class=\"wp-block-paragraph\">Seg\u00fan una investigaci\u00f3n del Instituto Cato, de orientaci\u00f3n libertaria, en los \u00faltimos cincuenta a\u00f1os, excluyendo los atentados del 11-S, el terrorismo de derecha fue ejecutor en Estados Unidos del 63% de las muertes por violencia pol\u00edtica, mientras que solo el 10% provino de la izquierda. En tanto que, desde 2020, ocurrieron 81 muertes por razones pol\u00edticas en el pa\u00eds: la ultraderecha ha sido responsable de m\u00e1s de la mitad de los casos, los islamistas del 21% y, la izquierda, del 22%.<\/p>\n\n\n\n<p class=\"wp-block-paragraph\">Con m\u00e1s de 60 gobiernos invitados, el d\u00eda clave ser\u00e1 este pr\u00f3ximo 16 de julio cuando, a partir de las directivas emanadas del memor\u00e1ndum Contraterrorism Strategy, Marco Rubio intente conformar una alianza neofascista contra la izquierda, con amplio respaldo e impacto internacional.<\/p>\n\n\n\n<p class=\"wp-block-paragraph\">El objetivo central del encuentro en Washington ser\u00e1 la puesta en com\u00fan entre Estados Unidos y los gobiernos asistentes para promover el intercambio de inteligencia y, sobre todo, la cooperaci\u00f3n policial. La reuni\u00f3n es la \u00faltima de una serie de intentos fallidos por conseguir apoyo internacional para la postura de considerar a Antifa como una seria amenaza terrorista de naturaleza global.<\/p>\n\n\n\n<p class=\"wp-block-paragraph\">Pero nada indica que esta vez s\u00ed tendr\u00e1n \u00e9xito: varios gobiernos, europeos y asi\u00e1ticos, han marcado distancia y anunciaron que no enviar\u00e1n representantes al c\u00f3nclave. \u201cEn mi pa\u00eds no existe Antifa\u201d se est\u00e1 convirtiendo en todo un eslogan para eludir una cita de la que ha trascendido muy poco y que, hasta ahora, ha generado m\u00e1s sospechas y rechazos que otra cosa.<\/p>\n\n\n\n<p class=\"wp-block-paragraph\">Adem\u00e1s, el \u00e9nfasis puesto en la reuni\u00f3n ha generado conflictividad entre funcionarios estadounidenses de carrera, as\u00ed como tambi\u00e9n entre diplom\u00e1ticos extranjeros y analistas sobre pol\u00edtica y terrorismo, quienes no consideran que el extremismo de izquierda represente un nivel de amenaza internacional como se plantea hoy desde el Departamento de Estado. Entre algunos trumpistas esclarecidos existe el temor, adem\u00e1s, de que un mecanismo similar podr\u00eda utilizarse contra ellos si es que un pr\u00f3ximo gobierno dem\u00f3crata decide perseguir a dirigentes de ultraderecha.<\/p>\n\n\n\n<p class=\"wp-block-paragraph\">Sin respaldo visible a nivel global, donde s\u00ed resulta factible que Gorka y Rubio tengan un mayor \u00e9xito es entre la corte regional de gobernantes que conforman el actual Escudo de las Am\u00e9ricas, una alianza conformada en Washington en marzo pasado para coordinar acciones conjuntas contra el narcotr\u00e1fico, pero que, sin mayor dificultad, podr\u00eda acomodar sus agendas y lineamientos pol\u00edticos para enfrentar, de com\u00fan acuerdo, a aquellas organizaciones radicales que, de ahora en m\u00e1s, ser\u00edan identificadas como integrantes del terrorismo trasnacional.<\/p>\n\n\n\n<p class=\"wp-block-paragraph\">Incluso frente al extremo de considerar la posibilidad de que un evanescente Antifa tenga presencia en territorio latinoamericano. Algo que hasta el momento no ha sido considerado seriamente por ning\u00fan gobierno de la regi\u00f3n, pero que, de manera s\u00fabita, podr\u00eda cambiar de plano en un oscuro acto de sumisi\u00f3n, bajo el inter\u00e9s por complacer al viejo caudillo de la Casa Blanca y con la finalidad de aumentar la represi\u00f3n contra las izquierdas en un contexto creciente de ajuste y privaciones.<\/p>\n\n\n\n<p class=\"wp-block-paragraph\"><em>*Investigador CONICET &#8211; Universidad Torcuato di Tella.<\/em><\/p>\n\n\n\n<p class=\"wp-block-paragraph\">Leer tambi\u00e9n: <a href=\"https:\/\/www.diario-red.com\/opinion\/maria-teresa-felipe-sosa\/fabrica-enemigo-rubio-terrorismo-izquierda-vieja-gramatica-miedo\/20260714100000072868.html\">https:\/\/www.diario-red.com\/opinion\/maria-teresa-felipe-sosa\/fabrica-enemigo-rubio-terrorismo-izquierda-vieja-gramatica-miedo\/20260714100000072868.html<\/a>&nbsp;<\/p>\n","protected":false},"excerpt":{"rendered":"<p>El gobierno de Trump public\u00f3 una estrategia de contraterrorismo que clasifica al \u00abterrorismo de izquierda\u00bb como amenaza interna, impulsada por Sebastian Gorka, coincidiendo con el ascenso electoral de la izquierda estadounidense y convocando a gobiernos aliados a una cumbre el 16 de julio sin respaldo internacional significativo.<\/p>\n","protected":false},"author":2,"featured_media":26899,"comment_status":"closed","ping_status":"open","sticky":false,"template":"","format":"standard","meta":{"footnotes":""},"categories":[306],"tags":[],"class_list":["post-26889","post","type-post","status-publish","format-standard","has-post-thumbnail","hentry","category-multilateralismo-y-unilateralismo"],"yoast_head":"<!-- This site is optimized with the Yoast SEO plugin v16.7 - https:\/\/yoast.com\/wordpress\/plugins\/seo\/ -->\n<title>Trump coordina la persecuci\u00f3n a la izquierda global - Other News - Voz en contra de la corriente<\/title>\n<meta name=\"robots\" content=\"index, follow, max-snippet:-1, max-image-preview:large, max-video-preview:-1\" \/>\n<link rel=\"canonical\" href=\"https:\/\/www.other-news.info\/noticias\/trump-coordina-la-persecucion-a-la-izquierda-global\/\" \/>\n<meta property=\"og:locale\" content=\"es_ES\" \/>\n<meta property=\"og:type\" content=\"article\" \/>\n<meta property=\"og:title\" content=\"Trump coordina la persecuci\u00f3n a la izquierda global - Other News - Voz en contra de la corriente\" \/>\n<meta property=\"og:description\" content=\"El gobierno de Trump public\u00f3 una estrategia de contraterrorismo que clasifica al &quot;terrorismo de izquierda&quot; como amenaza interna, impulsada por Sebastian Gorka, coincidiendo con el ascenso electoral de la izquierda estadounidense y convocando a gobiernos aliados a una cumbre el 16 de julio sin respaldo internacional significativo.\" \/>\n<meta property=\"og:url\" content=\"https:\/\/www.other-news.info\/noticias\/trump-coordina-la-persecucion-a-la-izquierda-global\/\" \/>\n<meta property=\"og:site_name\" content=\"Other News - Voz en contra de la corriente\" \/>\n<meta property=\"article:published_time\" content=\"2026-07-15T16:05:27+00:00\" \/>\n<meta property=\"article:modified_time\" content=\"2026-07-15T16:09:23+00:00\" \/>\n<meta property=\"og:image\" content=\"https:\/\/www.other-news.info\/noticias\/wp-content\/uploads\/2026\/07\/2021july17-wi-spa-protests-jlacoste_20-scaled.jpg\" \/>\n\t<meta property=\"og:image:width\" content=\"2560\" \/>\n\t<meta property=\"og:image:height\" content=\"1707\" \/>\n<meta name=\"twitter:card\" content=\"summary_large_image\" \/>\n<meta name=\"twitter:label1\" content=\"Escrito por\" \/>\n\t<meta name=\"twitter:data1\" content=\"admin\" \/>\n\t<meta name=\"twitter:label2\" content=\"Tiempo de lectura\" \/>\n\t<meta name=\"twitter:data2\" content=\"7 minutos\" \/>\n<script type=\"application\/ld+json\" class=\"yoast-schema-graph\">{\"@context\":\"https:\/\/schema.org\",\"@graph\":[{\"@type\":\"WebSite\",\"@id\":\"https:\/\/www.other-news.info\/noticias\/#website\",\"url\":\"https:\/\/www.other-news.info\/noticias\/\",\"name\":\"Other News - Voz en contra de la corriente\",\"description\":\"Voz en contra de la corriente\",\"potentialAction\":[{\"@type\":\"SearchAction\",\"target\":{\"@type\":\"EntryPoint\",\"urlTemplate\":\"https:\/\/www.other-news.info\/noticias\/?s={search_term_string}\"},\"query-input\":\"required name=search_term_string\"}],\"inLanguage\":\"es\"},{\"@type\":\"ImageObject\",\"@id\":\"https:\/\/www.other-news.info\/noticias\/trump-coordina-la-persecucion-a-la-izquierda-global\/#primaryimage\",\"inLanguage\":\"es\",\"url\":\"https:\/\/www.other-news.info\/noticias\/wp-content\/uploads\/2026\/07\/2021july17-wi-spa-protests-jlacoste_20-scaled.jpg\",\"contentUrl\":\"https:\/\/www.other-news.info\/noticias\/wp-content\/uploads\/2026\/07\/2021july17-wi-spa-protests-jlacoste_20-scaled.jpg\",\"width\":2560,\"height\":1707,\"caption\":\"Julianna Lacoste \/ Wikimedia Commons (CC BY-SA 4.0)\"},{\"@type\":\"WebPage\",\"@id\":\"https:\/\/www.other-news.info\/noticias\/trump-coordina-la-persecucion-a-la-izquierda-global\/#webpage\",\"url\":\"https:\/\/www.other-news.info\/noticias\/trump-coordina-la-persecucion-a-la-izquierda-global\/\",\"name\":\"Trump coordina la persecuci\\u00f3n a la izquierda global - Other News - Voz en contra de la corriente\",\"isPartOf\":{\"@id\":\"https:\/\/www.other-news.info\/noticias\/#website\"},\"primaryImageOfPage\":{\"@id\":\"https:\/\/www.other-news.info\/noticias\/trump-coordina-la-persecucion-a-la-izquierda-global\/#primaryimage\"},\"datePublished\":\"2026-07-15T16:05:27+00:00\",\"dateModified\":\"2026-07-15T16:09:23+00:00\",\"author\":{\"@id\":\"https:\/\/www.other-news.info\/noticias\/#\/schema\/person\/dd0ead9df8654b02034c4da003b9991b\"},\"breadcrumb\":{\"@id\":\"https:\/\/www.other-news.info\/noticias\/trump-coordina-la-persecucion-a-la-izquierda-global\/#breadcrumb\"},\"inLanguage\":\"es\",\"potentialAction\":[{\"@type\":\"ReadAction\",\"target\":[\"https:\/\/www.other-news.info\/noticias\/trump-coordina-la-persecucion-a-la-izquierda-global\/\"]}]},{\"@type\":\"BreadcrumbList\",\"@id\":\"https:\/\/www.other-news.info\/noticias\/trump-coordina-la-persecucion-a-la-izquierda-global\/#breadcrumb\",\"itemListElement\":[{\"@type\":\"ListItem\",\"position\":1,\"name\":\"Home\",\"item\":\"https:\/\/www.other-news.info\/noticias\/\"},{\"@type\":\"ListItem\",\"position\":2,\"name\":\"Trump coordina la persecuci\\u00f3n a la izquierda global\"}]},{\"@type\":\"Person\",\"@id\":\"https:\/\/www.other-news.info\/noticias\/#\/schema\/person\/dd0ead9df8654b02034c4da003b9991b\",\"name\":\"admin\",\"image\":{\"@type\":\"ImageObject\",\"@id\":\"https:\/\/www.other-news.info\/noticias\/#personlogo\",\"inLanguage\":\"es\",\"url\":\"https:\/\/secure.gravatar.com\/avatar\/e67344401a27ff9f91b2b48296aaa8fb9186ac51a3404ed4bdfbe790b6a9ee11?s=96&d=mm&r=g\",\"contentUrl\":\"https:\/\/secure.gravatar.com\/avatar\/e67344401a27ff9f91b2b48296aaa8fb9186ac51a3404ed4bdfbe790b6a9ee11?s=96&d=mm&r=g\",\"caption\":\"admin\"},\"url\":\"https:\/\/www.other-news.info\/noticias\/author\/admin\/\"}]}<\/script>\n<!-- \/ Yoast SEO plugin. -->","yoast_head_json":{"title":"Trump coordina la persecuci\u00f3n a la izquierda global - Other News - Voz en contra de la corriente","robots":{"index":"index","follow":"follow","max-snippet":"max-snippet:-1","max-image-preview":"max-image-preview:large","max-video-preview":"max-video-preview:-1"},"canonical":"https:\/\/www.other-news.info\/noticias\/trump-coordina-la-persecucion-a-la-izquierda-global\/","og_locale":"es_ES","og_type":"article","og_title":"Trump coordina la persecuci\u00f3n a la izquierda global - Other News - Voz en contra de la corriente","og_description":"El gobierno de Trump public\u00f3 una estrategia de contraterrorismo que clasifica al \"terrorismo de izquierda\" como amenaza interna, impulsada por Sebastian Gorka, coincidiendo con el ascenso electoral de la izquierda estadounidense y convocando a gobiernos aliados a una cumbre el 16 de julio sin respaldo internacional significativo.","og_url":"https:\/\/www.other-news.info\/noticias\/trump-coordina-la-persecucion-a-la-izquierda-global\/","og_site_name":"Other News - Voz en contra de la corriente","article_published_time":"2026-07-15T16:05:27+00:00","article_modified_time":"2026-07-15T16:09:23+00:00","og_image":[{"width":2560,"height":1707,"filesize":684342,"url":"https:\/\/www.other-news.info\/noticias\/wp-content\/uploads\/2026\/07\/2021july17-wi-spa-protests-jlacoste_20-scaled.jpg","path":"\/home\/ancrabqe\/public_html\/noticias\/wp-content\/uploads\/2026\/07\/2021july17-wi-spa-protests-jlacoste_20-scaled.jpg","size":"full","id":26899,"alt":"","pixels":4369920,"type":"image\/jpeg"}],"twitter_card":"summary_large_image","twitter_misc":{"Escrito por":"admin","Tiempo de lectura":"7 minutos"},"schema":{"@context":"https:\/\/schema.org","@graph":[{"@type":"WebSite","@id":"https:\/\/www.other-news.info\/noticias\/#website","url":"https:\/\/www.other-news.info\/noticias\/","name":"Other News - Voz en contra de la corriente","description":"Voz en contra de la corriente","potentialAction":[{"@type":"SearchAction","target":{"@type":"EntryPoint","urlTemplate":"https:\/\/www.other-news.info\/noticias\/?s={search_term_string}"},"query-input":"required name=search_term_string"}],"inLanguage":"es"},{"@type":"ImageObject","@id":"https:\/\/www.other-news.info\/noticias\/trump-coordina-la-persecucion-a-la-izquierda-global\/#primaryimage","inLanguage":"es","url":"https:\/\/www.other-news.info\/noticias\/wp-content\/uploads\/2026\/07\/2021july17-wi-spa-protests-jlacoste_20-scaled.jpg","contentUrl":"https:\/\/www.other-news.info\/noticias\/wp-content\/uploads\/2026\/07\/2021july17-wi-spa-protests-jlacoste_20-scaled.jpg","width":2560,"height":1707,"caption":"Julianna Lacoste \/ Wikimedia Commons (CC BY-SA 4.0)"},{"@type":"WebPage","@id":"https:\/\/www.other-news.info\/noticias\/trump-coordina-la-persecucion-a-la-izquierda-global\/#webpage","url":"https:\/\/www.other-news.info\/noticias\/trump-coordina-la-persecucion-a-la-izquierda-global\/","name":"Trump coordina la persecuci\u00f3n a la izquierda global - Other News - Voz en contra de la corriente","isPartOf":{"@id":"https:\/\/www.other-news.info\/noticias\/#website"},"primaryImageOfPage":{"@id":"https:\/\/www.other-news.info\/noticias\/trump-coordina-la-persecucion-a-la-izquierda-global\/#primaryimage"},"datePublished":"2026-07-15T16:05:27+00:00","dateModified":"2026-07-15T16:09:23+00:00","author":{"@id":"https:\/\/www.other-news.info\/noticias\/#\/schema\/person\/dd0ead9df8654b02034c4da003b9991b"},"breadcrumb":{"@id":"https:\/\/www.other-news.info\/noticias\/trump-coordina-la-persecucion-a-la-izquierda-global\/#breadcrumb"},"inLanguage":"es","potentialAction":[{"@type":"ReadAction","target":["https:\/\/www.other-news.info\/noticias\/trump-coordina-la-persecucion-a-la-izquierda-global\/"]}]},{"@type":"BreadcrumbList","@id":"https:\/\/www.other-news.info\/noticias\/trump-coordina-la-persecucion-a-la-izquierda-global\/#breadcrumb","itemListElement":[{"@type":"ListItem","position":1,"name":"Home","item":"https:\/\/www.other-news.info\/noticias\/"},{"@type":"ListItem","position":2,"name":"Trump coordina la persecuci\u00f3n a la izquierda global"}]},{"@type":"Person","@id":"https:\/\/www.other-news.info\/noticias\/#\/schema\/person\/dd0ead9df8654b02034c4da003b9991b","name":"admin","image":{"@type":"ImageObject","@id":"https:\/\/www.other-news.info\/noticias\/#personlogo","inLanguage":"es","url":"https:\/\/secure.gravatar.com\/avatar\/e67344401a27ff9f91b2b48296aaa8fb9186ac51a3404ed4bdfbe790b6a9ee11?s=96&d=mm&r=g","contentUrl":"https:\/\/secure.gravatar.com\/avatar\/e67344401a27ff9f91b2b48296aaa8fb9186ac51a3404ed4bdfbe790b6a9ee11?s=96&d=mm&r=g","caption":"admin"},"url":"https:\/\/www.other-news.info\/noticias\/author\/admin\/"}]}},"_links":{"self":[{"href":"https:\/\/www.other-news.info\/noticias\/wp-json\/wp\/v2\/posts\/26889","targetHints":{"allow":["GET"]}}],"collection":[{"href":"https:\/\/www.other-news.info\/noticias\/wp-json\/wp\/v2\/posts"}],"about":[{"href":"https:\/\/www.other-news.info\/noticias\/wp-json\/wp\/v2\/types\/post"}],"author":[{"embeddable":true,"href":"https:\/\/www.other-news.info\/noticias\/wp-json\/wp\/v2\/users\/2"}],"replies":[{"embeddable":true,"href":"https:\/\/www.other-news.info\/noticias\/wp-json\/wp\/v2\/comments?post=26889"}],"version-history":[{"count":1,"href":"https:\/\/www.other-news.info\/noticias\/wp-json\/wp\/v2\/posts\/26889\/revisions"}],"predecessor-version":[{"id":26891,"href":"https:\/\/www.other-news.info\/noticias\/wp-json\/wp\/v2\/posts\/26889\/revisions\/26891"}],"wp:featuredmedia":[{"embeddable":true,"href":"https:\/\/www.other-news.info\/noticias\/wp-json\/wp\/v2\/media\/26899"}],"wp:attachment":[{"href":"https:\/\/www.other-news.info\/noticias\/wp-json\/wp\/v2\/media?parent=26889"}],"wp:term":[{"taxonomy":"category","embeddable":true,"href":"https:\/\/www.other-news.info\/noticias\/wp-json\/wp\/v2\/categories?post=26889"},{"taxonomy":"post_tag","embeddable":true,"href":"https:\/\/www.other-news.info\/noticias\/wp-json\/wp\/v2\/tags?post=26889"}],"curies":[{"name":"wp","href":"https:\/\/api.w.org\/{rel}","templated":true}]}}