{"id":26933,"date":"2026-07-17T18:18:31","date_gmt":"2026-07-17T16:18:31","guid":{"rendered":"https:\/\/www.other-news.info\/noticias\/?p=26933"},"modified":"2026-07-17T18:22:14","modified_gmt":"2026-07-17T16:22:14","slug":"bajo-el-paraguas-estadounidense","status":"publish","type":"post","link":"https:\/\/www.other-news.info\/noticias\/bajo-el-paraguas-estadounidense\/","title":{"rendered":"Bajo el paraguas estadounidense"},"content":{"rendered":"\n<p class=\"wp-block-paragraph\"><strong>Por Ariela Ruiz Caro* &#8211; El Cohete a la luna<\/strong><\/p>\n\n\n\n<p class=\"wp-block-paragraph\"><em>Colombia fracturada.<\/em><\/p>\n\n\n\n<p class=\"wp-block-paragraph\">Mientras el 4 de julio el Presidente Donald Trump celebraba con un discurso megal\u00f3mano el 250 aniversario de la independencia de Estados Unidos en Washington, el senador colombiano Iv\u00e1n Cepeda, candidato del Pacto Hist\u00f3rico, advert\u00eda, en un mitin en Cali, que no reconocer\u00eda el triunfo del ultraderechista Abelardo de la Espriella si no renunciaba a la ciudadan\u00eda estadounidense, no desist\u00eda de sus promesas de campa\u00f1a de extraditar y perseguir judicialmente al Presidente Gustavo Petro y no se compromet\u00eda a preservar las reformas sociales realizadas por el gobierno. En su discurso, Cepeda lanz\u00f3 la campa\u00f1a para ganar las gobernaciones, alcald\u00edas, asambleas y concejos en las elecciones de octubre de 2027.<\/p>\n\n\n\n<p class=\"wp-block-paragraph\">De la Espriella tiene programado instrumentar un conjunto de medidas que militarizar\u00e1n el pa\u00eds y ser\u00e1n totalmente funcionales a Washington, en contraposici\u00f3n a la vocaci\u00f3n dialoguista, aunque no siempre fuera efectiva para solucionar los conflictos, del todav\u00eda Presidente Petro. No es casualidad que el Presidente electo haya decidido no realizar la ceremonia de investidura presidencial en la plaza Bol\u00edvar o en el Capitolio Nacional, sino en una guarnici\u00f3n militar, ya que, seg\u00fan sus propias palabras, busca rendir un tributo a \u201clos verdaderos h\u00e9roes de la patria: polic\u00edas y soldados\u201d. Es decir, el Tigre, como lo denominan, ha optado por iniciar su mandato rodeado de tanques y tropas y ha dejado de lado el escenario popular de la plaza Bol\u00edvar. Este nivel de confrontaci\u00f3n entre las fuerzas pol\u00edticas que disputaron la votaci\u00f3n el pasado 21 de junio coloca al pa\u00eds en una tensi\u00f3n que podr\u00eda derivar en una convulsi\u00f3n social. De la Espriella ha advertido a Petro que enfrentar\u00e1 con firmeza institucional cualquier intento de desobedecer el mandato popular.&nbsp;<\/p>\n\n\n\n<p class=\"wp-block-paragraph\"><strong>Del reconocimiento del triunfo a la desobediencia civil pac\u00edfica<\/strong><\/p>\n\n\n\n<p class=\"wp-block-paragraph\">El giro radical de la postura de Iv\u00e1n Cepeda durante el mitin en Cali, al declarar que no reconoc\u00eda como Presidente de la Rep\u00fablica a Abelardo de la Espriella, a pesar de que hab\u00eda aceptado su derrota tres d\u00edas despu\u00e9s de la votaci\u00f3n que le dio el triunfo a su rival por una diferencia menor a un punto porcentual (49,6% vs. 48,7%), responde a una estrategia de resistencia legal y pol\u00edtica escalonada, donde separar el plano de los datos electorales del plano de la legitimidad constitucional es la clave.<\/p>\n\n\n\n<p class=\"wp-block-paragraph\">Cepeda argumenta que no existe contradicci\u00f3n en su proceder, pues acept\u00f3 de inmediato el resultado de la votaci\u00f3n como un acto de madurez democr\u00e1tica para evitar brotes de violencia. Sin embargo, sostiene que la aritm\u00e9tica de las urnas no subsana de forma autom\u00e1tica los requisitos constitucionales que el candidato electo debe cumplir para tomar posesi\u00f3n. El giro radical hacia el no reconocimiento deton\u00f3 cuando el equipo de Abelardo de la Espriella confirm\u00f3 el 30 de junio que no renunciar\u00e1 a su ciudadan\u00eda estadounidense. Para Cepeda, gobernar a Colombia bajo un juramento de lealtad vigente a una potencia extranjera viola el art\u00edculo 188 de la Carta Pol\u00edtica (el Presidente simboliza la unidad nacional) y convierte la futura posesi\u00f3n del 7 de agosto en un acto ileg\u00edtimo.&nbsp;<\/p>\n\n\n\n<p class=\"wp-block-paragraph\">Desde un punto de vista estrictamente \u00e9tico y pol\u00edtico, resulta muy dif\u00edcil aceptar que el comandante en jefe de las Fuerzas Militares de Colombia haya jurado, ante otra potencia (Estados Unidos), defender los intereses de ese pa\u00eds \u00abpor encima de cualquier otra fidelidad\u00bb. Para naturalizarse estadounidense, la ley de ese pa\u00eds exige el <em>Oath of Allegiance<\/em> (Juramento de Lealtad). Este juramento dice textualmente que la persona renuncia expresa y absolutamente a toda fidelidad a cualquier pr\u00edncipe, potentado, Estado o soberan\u00eda extranjera de la cual haya sido sujeto.&nbsp;<\/p>\n\n\n\n<p class=\"wp-block-paragraph\">Si De la Espriella hubiera renunciado a su nacionalidad estadounidense, hubiera dejado sin piso a la oposici\u00f3n, pues, como gobernar\u00e1 con fidelidad absoluta a Washington, seg\u00fan sus propias palabras, y con los millones de d\u00f3lares que tiene, la hubiera obtenido nuevamente. Pero se trataba de no ceder ante la oposici\u00f3n de izquierda, mucho menos cuando su narrativa de campa\u00f1a se construy\u00f3 bajo la premisa de restaurar una autoridad firme y vertical. Cepeda tambi\u00e9n exigi\u00f3 que el Tigre aclare si es un \u201cagente\u201d de Estados Unidos, ya que, como abogado defensor penal, defendi\u00f3 a un ex l\u00edder paramilitar que era informante de la Administraci\u00f3n para el Control de Drogas (DEA) de Estados Unidos. Por eso, anunci\u00f3 la \u201cdesobediencia civil contra la violaci\u00f3n de la dignidad nacional\u201d e hizo un llamado a los 12.7 millones de colombianos que votaron por \u00e9l a seguir su ejemplo. Dijo que \u201ccuando la ley, las instituciones o la autoridad entran en conflicto con la conciencia moral, el ciudadano no solo tiene el derecho, sino tambi\u00e9n el deber de resistir pac\u00edficamente, neg\u00e1ndose a colaborar con la injusticia, el oprobio o la opresi\u00f3n\u201d.<\/p>\n\n\n\n<p class=\"wp-block-paragraph\">Iv\u00e1n Cepeda, quien se mantendr\u00e1 como senador en el Congreso, ha pedido que se haga un gran movimiento de afiliaci\u00f3n al Pacto Hist\u00f3rico, como forma de aprovechar el fervor electoral de los \u00faltimos meses. De esta forma pretenden consolidar el Pacto como la m\u00e1xima representaci\u00f3n pol\u00edtica de la izquierda. Reiter\u00f3 que su propuesta es pac\u00edfica y la igual\u00f3 a lo hecho por Nelson Mandela o Martin Luther King y que las acciones ser\u00e1n definidas con las organizaciones sociales. Dijo que el principal enfoque ser\u00e1 desobedecer las leyes y medidas arbitrarias que vayan en contrav\u00eda de la Constituci\u00f3n.&nbsp;<\/p>\n\n\n\n<p class=\"wp-block-paragraph\"><strong>El programa econ\u00f3mico y de seguridad<\/strong><\/p>\n\n\n\n<p class=\"wp-block-paragraph\">La propuesta econ\u00f3mica central del Tigre es parte del plan denominado \u00abPa\u00eds Milagro\u00bb, enfocado en un agresivo modelo pro-mercado y una pol\u00edtica de seguridad de extrema \u00abmano dura\u00bb. En el \u00e1mbito econ\u00f3mico, incluye la austeridad y reducci\u00f3n del Estado al prometer recortar el aparato estatal en un 40%, eliminando cerca de 700.000 puestos p\u00fablicos y fusionando ministerios para ahorrar hasta 7.500 millones de d\u00f3lares anuales (equivalentes a casi el 6% de todo el Presupuesto General de la Naci\u00f3n); reducci\u00f3n de impuestos al sector corporativo y libertades tributarias para incentivar la inversi\u00f3n privada; reactivaci\u00f3n del fracking y alcanzar la meta de duplicar la producci\u00f3n petrolera nacional.&nbsp;<\/p>\n\n\n\n<p class=\"wp-block-paragraph\">En cuanto a la estrategia de defensa y orden p\u00fablico para el periodo 2026-2030, su plan \u00abSeguridad Democr\u00e1tica de Segunda Generaci\u00f3n\u00bb se apoya en una cooperaci\u00f3n directa y profunda con agencias estadounidenses. Los aspectos espec\u00edficos del programa incluyen el intercambio tecnol\u00f3gico y acceso a bases de datos para agilizar los procesos de extradici\u00f3n de cabecillas de bandas criminales y del narcotr\u00e1fico; fortalecimiento de la presencia de la Armada Nacional en el Pac\u00edfico y el Caribe mediante operaciones de interdicci\u00f3n coordinadas estrechamente con el Comando Sur y reanudaci\u00f3n de la erradicaci\u00f3n de cultivos il\u00edcitos mediante el uso de tecnolog\u00edas de precisi\u00f3n aportadas por contratistas de seguridad estadounidenses; cursos de comandos avanzados impartidos por asesores de las Fuerzas Especiales de Estados Unidos<strong>; <\/strong>cancelaci\u00f3n de cualquier proceso de negociaci\u00f3n o tregua con organizaciones armadas ilegales, entre otras. Adem\u00e1s, al estilo Bukele, se construir\u00e1n diez centros penitenciarios de gran magnitud y se autorizar\u00e1n operaciones conjuntas e intercambio militar masivo con la administraci\u00f3n de Donald Trump para combatir el narcotr\u00e1fico.&nbsp;<\/p>\n\n\n\n<p class=\"wp-block-paragraph\">As\u00ed, el secretario de Estado Marco Rubio ha dicho que \u201clos mejores d\u00edas de Colombia est\u00e1n por venir\u201d y emitido un comunicado oficial especificando los tres ejes en los que trabajar\u00e1 la administraci\u00f3n Trump con el nuevo gobierno a partir del 7 de agosto:<\/p>\n\n\n\n<p class=\"wp-block-paragraph\">&#8211; Avanzar fuertemente en la cooperaci\u00f3n de seguridad regional y lucha contra el narcotr\u00e1fico.<\/p>\n\n\n\n<p class=\"wp-block-paragraph\">&#8211; Frenar de manera conjunta la inmigraci\u00f3n ilegal hacia los Estados Unidos.<\/p>\n\n\n\n<p class=\"wp-block-paragraph\">&#8211; Fortalecer de forma prioritaria los lazos econ\u00f3micos y comerciales.<\/p>\n\n\n\n<p class=\"wp-block-paragraph\">Asimismo, el Presidente electo ha confirmado que, a partir del 7 de agosto, Colombia se integrar\u00e1 formalmente al programa de seguridad de la administraci\u00f3n Trump. Esto se vincula de manera directa con la doctrina estrat\u00e9gica de la Casa Blanca, la Gran Am\u00e9rica del Norte, la cual busca redise\u00f1ar el per\u00edmetro de seguridad e influencia econ\u00f3mica estadounidense \u00abdesde Groenlandia hasta el Ecuador\u00bb, posicionando a Colombia como el principal basti\u00f3n defensivo y aliado militar en el norte de Sudam\u00e9rica. Tambi\u00e9n ha anunciado la incorporaci\u00f3n al Escudo de las Am\u00e9ricas, entidad creada en marzo de este a\u00f1o, en la que, seg\u00fan el Presidente Trump, el coraz\u00f3n del acuerdo \u201ces un compromiso de usar fuerza militar letal para destruir los siniestros carteles y redes terroristas de una vez por todas\u201d. Al haberse declarado a los c\u00e1rteles de la droga como organizaciones terroristas, no solo se permite el uso de fuerza letal, sino inclusive operaciones unilaterales en los territorios donde operan. Durante la ceremonia de inauguraci\u00f3n en la que participaron 12 pa\u00edses latinoamericanos, el asesor de Seguridad Nacional, Stephen Miller adelant\u00f3 que Estados Unidos \u201cno ceder\u00e1 ni una pulgada de territorio del hemisferio a sus enemigos o adversarios\u201d, y admiti\u00f3 que el gobierno de Donald Trump est\u00e1 usando \u201cpoder duro, poder militar y fuerza letal para defender la patria americana\u201d.<\/p>\n\n\n\n<p class=\"wp-block-paragraph\">Para los sectores nacionalistas y la oposici\u00f3n de izquierda, este nivel de articulaci\u00f3n es visto como una alarmante p\u00e9rdida de autonom\u00eda y una entrega de la soberan\u00eda nacional a los intereses expansionistas de los Estados Unidos.&nbsp;<\/p>\n\n\n\n<p class=\"wp-block-paragraph\"><strong>La marcha de la resistencia<\/strong><\/p>\n\n\n\n<p class=\"wp-block-paragraph\">El gobierno de De la Espriella se inicia con una ruptura pol\u00edtica y social en el pa\u00eds sin precedentes. El Tigre ha ordenado la suspensi\u00f3n formal del proceso de transici\u00f3n presidencial en las diversas estructuras del Estado debido a que Gustavo Petro declar\u00f3 en sus redes sociales que no reconoce la legitimidad de su triunfo. El todav\u00eda Presidente ya anunci\u00f3 oficialmente que su mandato termina de forma improrrogable el 6 de agosto a las 12 de la noche. Por ende, no le entregar\u00e1 la banda presidencial a su sucesor.&nbsp;<\/p>\n\n\n\n<p class=\"wp-block-paragraph\">Por otro lado, Petro convoc\u00f3 a una gran marcha nacional para el 20 de julio, el d\u00eda de la independencia de Colombia, justo despu\u00e9s del discurso que dio el senador Iv\u00e1n Cepeda en Cali, se\u00f1alando que la movilizaci\u00f3n en las plazas de todo el pa\u00eds servir\u00e1 para \u00abgritar independencia\u00bb, defender la permanencia de las reformas sociales y escuchar su discurso oficial de despedida como jefe de Estado.<\/p>\n\n\n\n<p class=\"wp-block-paragraph\">El objetivo inmediato de la manifestaci\u00f3n es estructurar las bases de resistencia para disputar las elecciones regionales en octubre del pr\u00f3ximo a\u00f1o.&nbsp;<\/p>\n\n\n\n<p class=\"wp-block-paragraph\">En estas circunstancias, De la Espriella asumir\u00e1 el poder el 7 de agosto con una fuerte resistencia civil ya declarada, que dar\u00e1 lugar a un pulso constante entre la calle y el palacio presidencial. Al desconocer la autoridad de las directrices del nuevo Ejecutivo, la oposici\u00f3n acudir\u00e1 a la movilizaci\u00f3n social permanente como principal contrapeso al poder del Estado. Mientras el gobierno electo se prepara para imponer la autoridad del Estado de manera vertical, la oposici\u00f3n se alista para desafiar esa autoridad desde la calle, que dar\u00e1 lugar a un pulso hist\u00f3rico por el control del orden p\u00fablico en Colombia.<\/p>\n\n\n\n<p class=\"wp-block-paragraph\"><em>*Economista por la Universidad Humboldt de Berl\u00edn y cuenta con una maestr\u00eda en Procesos de Integraci\u00f3n Econ\u00f3mica de la Universidad de Buenos Aires. Es analista del Programa de las Am\u00e9ricas para la regi\u00f3n andina y del Cono Sur.<\/em><\/p>\n","protected":false},"excerpt":{"rendered":"<p>El senador colombiano Iv\u00e1n Cepeda anunci\u00f3 desobediencia civil pac\u00edfica contra el presidente electo Abelardo de la Espriella, cuestionando su legitimidad constitucional por mantener ciudadan\u00eda estadounidense y comprometerse con pol\u00edticas militaristas funcionales a Washington, opuestas a las reformas sociales del gobierno Petro.<\/p>\n","protected":false},"author":2,"featured_media":26961,"comment_status":"closed","ping_status":"open","sticky":false,"template":"","format":"standard","meta":{"footnotes":""},"categories":[306],"tags":[],"class_list":["post-26933","post","type-post","status-publish","format-standard","has-post-thumbnail","hentry","category-multilateralismo-y-unilateralismo"],"yoast_head":"<!-- This site is optimized with the Yoast SEO plugin v16.7 - https:\/\/yoast.com\/wordpress\/plugins\/seo\/ -->\n<title>Bajo el paraguas estadounidense - Other News - Voz en contra de la corriente<\/title>\n<meta name=\"robots\" content=\"index, follow, max-snippet:-1, max-image-preview:large, max-video-preview:-1\" \/>\n<link rel=\"canonical\" href=\"https:\/\/www.other-news.info\/noticias\/bajo-el-paraguas-estadounidense\/\" \/>\n<meta property=\"og:locale\" content=\"es_ES\" \/>\n<meta property=\"og:type\" content=\"article\" \/>\n<meta property=\"og:title\" content=\"Bajo el paraguas estadounidense - Other News - Voz en contra de la corriente\" \/>\n<meta property=\"og:description\" content=\"El senador colombiano Iv\u00e1n Cepeda anunci\u00f3 desobediencia civil pac\u00edfica contra el presidente electo Abelardo de la Espriella, cuestionando su legitimidad constitucional por mantener ciudadan\u00eda estadounidense y comprometerse con pol\u00edticas militaristas funcionales a Washington, opuestas a las reformas sociales del gobierno Petro.\" \/>\n<meta property=\"og:url\" content=\"https:\/\/www.other-news.info\/noticias\/bajo-el-paraguas-estadounidense\/\" \/>\n<meta property=\"og:site_name\" content=\"Other News - Voz en contra de la corriente\" \/>\n<meta property=\"article:published_time\" content=\"2026-07-17T16:18:31+00:00\" \/>\n<meta property=\"article:modified_time\" content=\"2026-07-17T16:22:14+00:00\" \/>\n<meta property=\"og:image\" content=\"https:\/\/www.other-news.info\/noticias\/wp-content\/uploads\/2026\/07\/onam-ai-image-1784310669-1024x683.png\" \/>\n\t<meta property=\"og:image:width\" content=\"1024\" \/>\n\t<meta property=\"og:image:height\" content=\"683\" \/>\n<meta name=\"twitter:card\" content=\"summary_large_image\" \/>\n<meta name=\"twitter:label1\" content=\"Escrito por\" \/>\n\t<meta name=\"twitter:data1\" content=\"admin\" \/>\n\t<meta name=\"twitter:label2\" content=\"Tiempo de lectura\" \/>\n\t<meta name=\"twitter:data2\" content=\"10 minutos\" \/>\n<script type=\"application\/ld+json\" class=\"yoast-schema-graph\">{\"@context\":\"https:\/\/schema.org\",\"@graph\":[{\"@type\":\"WebSite\",\"@id\":\"https:\/\/www.other-news.info\/noticias\/#website\",\"url\":\"https:\/\/www.other-news.info\/noticias\/\",\"name\":\"Other News - Voz en contra de la corriente\",\"description\":\"Voz en contra de la corriente\",\"potentialAction\":[{\"@type\":\"SearchAction\",\"target\":{\"@type\":\"EntryPoint\",\"urlTemplate\":\"https:\/\/www.other-news.info\/noticias\/?s={search_term_string}\"},\"query-input\":\"required name=search_term_string\"}],\"inLanguage\":\"es\"},{\"@type\":\"ImageObject\",\"@id\":\"https:\/\/www.other-news.info\/noticias\/bajo-el-paraguas-estadounidense\/#primaryimage\",\"inLanguage\":\"es\",\"url\":\"https:\/\/www.other-news.info\/noticias\/wp-content\/uploads\/2026\/07\/onam-ai-image-1784310669.png\",\"contentUrl\":\"https:\/\/www.other-news.info\/noticias\/wp-content\/uploads\/2026\/07\/onam-ai-image-1784310669.png\",\"width\":1536,\"height\":1024},{\"@type\":\"WebPage\",\"@id\":\"https:\/\/www.other-news.info\/noticias\/bajo-el-paraguas-estadounidense\/#webpage\",\"url\":\"https:\/\/www.other-news.info\/noticias\/bajo-el-paraguas-estadounidense\/\",\"name\":\"Bajo el paraguas estadounidense - Other News - Voz en contra de la corriente\",\"isPartOf\":{\"@id\":\"https:\/\/www.other-news.info\/noticias\/#website\"},\"primaryImageOfPage\":{\"@id\":\"https:\/\/www.other-news.info\/noticias\/bajo-el-paraguas-estadounidense\/#primaryimage\"},\"datePublished\":\"2026-07-17T16:18:31+00:00\",\"dateModified\":\"2026-07-17T16:22:14+00:00\",\"author\":{\"@id\":\"https:\/\/www.other-news.info\/noticias\/#\/schema\/person\/dd0ead9df8654b02034c4da003b9991b\"},\"breadcrumb\":{\"@id\":\"https:\/\/www.other-news.info\/noticias\/bajo-el-paraguas-estadounidense\/#breadcrumb\"},\"inLanguage\":\"es\",\"potentialAction\":[{\"@type\":\"ReadAction\",\"target\":[\"https:\/\/www.other-news.info\/noticias\/bajo-el-paraguas-estadounidense\/\"]}]},{\"@type\":\"BreadcrumbList\",\"@id\":\"https:\/\/www.other-news.info\/noticias\/bajo-el-paraguas-estadounidense\/#breadcrumb\",\"itemListElement\":[{\"@type\":\"ListItem\",\"position\":1,\"name\":\"Home\",\"item\":\"https:\/\/www.other-news.info\/noticias\/\"},{\"@type\":\"ListItem\",\"position\":2,\"name\":\"Bajo el paraguas estadounidense\"}]},{\"@type\":\"Person\",\"@id\":\"https:\/\/www.other-news.info\/noticias\/#\/schema\/person\/dd0ead9df8654b02034c4da003b9991b\",\"name\":\"admin\",\"image\":{\"@type\":\"ImageObject\",\"@id\":\"https:\/\/www.other-news.info\/noticias\/#personlogo\",\"inLanguage\":\"es\",\"url\":\"https:\/\/secure.gravatar.com\/avatar\/e67344401a27ff9f91b2b48296aaa8fb9186ac51a3404ed4bdfbe790b6a9ee11?s=96&d=mm&r=g\",\"contentUrl\":\"https:\/\/secure.gravatar.com\/avatar\/e67344401a27ff9f91b2b48296aaa8fb9186ac51a3404ed4bdfbe790b6a9ee11?s=96&d=mm&r=g\",\"caption\":\"admin\"},\"url\":\"https:\/\/www.other-news.info\/noticias\/author\/admin\/\"}]}<\/script>\n<!-- \/ Yoast SEO plugin. -->","yoast_head_json":{"title":"Bajo el paraguas estadounidense - Other News - Voz en contra de la corriente","robots":{"index":"index","follow":"follow","max-snippet":"max-snippet:-1","max-image-preview":"max-image-preview:large","max-video-preview":"max-video-preview:-1"},"canonical":"https:\/\/www.other-news.info\/noticias\/bajo-el-paraguas-estadounidense\/","og_locale":"es_ES","og_type":"article","og_title":"Bajo el paraguas estadounidense - Other News - Voz en contra de la corriente","og_description":"El senador colombiano Iv\u00e1n Cepeda anunci\u00f3 desobediencia civil pac\u00edfica contra el presidente electo Abelardo de la Espriella, cuestionando su legitimidad constitucional por mantener ciudadan\u00eda estadounidense y comprometerse con pol\u00edticas militaristas funcionales a Washington, opuestas a las reformas sociales del gobierno Petro.","og_url":"https:\/\/www.other-news.info\/noticias\/bajo-el-paraguas-estadounidense\/","og_site_name":"Other News - Voz en contra de la corriente","article_published_time":"2026-07-17T16:18:31+00:00","article_modified_time":"2026-07-17T16:22:14+00:00","og_image":[{"width":1024,"height":683,"filesize":866039,"path":"2026\/07\/onam-ai-image-1784310669-1024x683.png","url":"https:\/\/www.other-news.info\/noticias\/wp-content\/uploads\/2026\/07\/onam-ai-image-1784310669-1024x683.png","size":"large","id":26961,"alt":"","pixels":699392,"type":"image\/png"}],"twitter_card":"summary_large_image","twitter_misc":{"Escrito por":"admin","Tiempo de lectura":"10 minutos"},"schema":{"@context":"https:\/\/schema.org","@graph":[{"@type":"WebSite","@id":"https:\/\/www.other-news.info\/noticias\/#website","url":"https:\/\/www.other-news.info\/noticias\/","name":"Other News - Voz en contra de la corriente","description":"Voz en contra de la corriente","potentialAction":[{"@type":"SearchAction","target":{"@type":"EntryPoint","urlTemplate":"https:\/\/www.other-news.info\/noticias\/?s={search_term_string}"},"query-input":"required name=search_term_string"}],"inLanguage":"es"},{"@type":"ImageObject","@id":"https:\/\/www.other-news.info\/noticias\/bajo-el-paraguas-estadounidense\/#primaryimage","inLanguage":"es","url":"https:\/\/www.other-news.info\/noticias\/wp-content\/uploads\/2026\/07\/onam-ai-image-1784310669.png","contentUrl":"https:\/\/www.other-news.info\/noticias\/wp-content\/uploads\/2026\/07\/onam-ai-image-1784310669.png","width":1536,"height":1024},{"@type":"WebPage","@id":"https:\/\/www.other-news.info\/noticias\/bajo-el-paraguas-estadounidense\/#webpage","url":"https:\/\/www.other-news.info\/noticias\/bajo-el-paraguas-estadounidense\/","name":"Bajo el paraguas estadounidense - Other News - Voz en contra de la corriente","isPartOf":{"@id":"https:\/\/www.other-news.info\/noticias\/#website"},"primaryImageOfPage":{"@id":"https:\/\/www.other-news.info\/noticias\/bajo-el-paraguas-estadounidense\/#primaryimage"},"datePublished":"2026-07-17T16:18:31+00:00","dateModified":"2026-07-17T16:22:14+00:00","author":{"@id":"https:\/\/www.other-news.info\/noticias\/#\/schema\/person\/dd0ead9df8654b02034c4da003b9991b"},"breadcrumb":{"@id":"https:\/\/www.other-news.info\/noticias\/bajo-el-paraguas-estadounidense\/#breadcrumb"},"inLanguage":"es","potentialAction":[{"@type":"ReadAction","target":["https:\/\/www.other-news.info\/noticias\/bajo-el-paraguas-estadounidense\/"]}]},{"@type":"BreadcrumbList","@id":"https:\/\/www.other-news.info\/noticias\/bajo-el-paraguas-estadounidense\/#breadcrumb","itemListElement":[{"@type":"ListItem","position":1,"name":"Home","item":"https:\/\/www.other-news.info\/noticias\/"},{"@type":"ListItem","position":2,"name":"Bajo el paraguas estadounidense"}]},{"@type":"Person","@id":"https:\/\/www.other-news.info\/noticias\/#\/schema\/person\/dd0ead9df8654b02034c4da003b9991b","name":"admin","image":{"@type":"ImageObject","@id":"https:\/\/www.other-news.info\/noticias\/#personlogo","inLanguage":"es","url":"https:\/\/secure.gravatar.com\/avatar\/e67344401a27ff9f91b2b48296aaa8fb9186ac51a3404ed4bdfbe790b6a9ee11?s=96&d=mm&r=g","contentUrl":"https:\/\/secure.gravatar.com\/avatar\/e67344401a27ff9f91b2b48296aaa8fb9186ac51a3404ed4bdfbe790b6a9ee11?s=96&d=mm&r=g","caption":"admin"},"url":"https:\/\/www.other-news.info\/noticias\/author\/admin\/"}]}},"_links":{"self":[{"href":"https:\/\/www.other-news.info\/noticias\/wp-json\/wp\/v2\/posts\/26933","targetHints":{"allow":["GET"]}}],"collection":[{"href":"https:\/\/www.other-news.info\/noticias\/wp-json\/wp\/v2\/posts"}],"about":[{"href":"https:\/\/www.other-news.info\/noticias\/wp-json\/wp\/v2\/types\/post"}],"author":[{"embeddable":true,"href":"https:\/\/www.other-news.info\/noticias\/wp-json\/wp\/v2\/users\/2"}],"replies":[{"embeddable":true,"href":"https:\/\/www.other-news.info\/noticias\/wp-json\/wp\/v2\/comments?post=26933"}],"version-history":[{"count":2,"href":"https:\/\/www.other-news.info\/noticias\/wp-json\/wp\/v2\/posts\/26933\/revisions"}],"predecessor-version":[{"id":26939,"href":"https:\/\/www.other-news.info\/noticias\/wp-json\/wp\/v2\/posts\/26933\/revisions\/26939"}],"wp:featuredmedia":[{"embeddable":true,"href":"https:\/\/www.other-news.info\/noticias\/wp-json\/wp\/v2\/media\/26961"}],"wp:attachment":[{"href":"https:\/\/www.other-news.info\/noticias\/wp-json\/wp\/v2\/media?parent=26933"}],"wp:term":[{"taxonomy":"category","embeddable":true,"href":"https:\/\/www.other-news.info\/noticias\/wp-json\/wp\/v2\/categories?post=26933"},{"taxonomy":"post_tag","embeddable":true,"href":"https:\/\/www.other-news.info\/noticias\/wp-json\/wp\/v2\/tags?post=26933"}],"curies":[{"name":"wp","href":"https:\/\/api.w.org\/{rel}","templated":true}]}}